{"id":3754,"date":"2010-08-19T19:30:06","date_gmt":"2010-08-19T18:30:06","guid":{"rendered":"http:\/\/www.aclanester56.com\/velo\/?p=3754"},"modified":"2010-09-03T15:14:27","modified_gmt":"2010-09-03T14:14:27","slug":"championnat-de-france-de-lavenir-reactions-davant-course-de-warren-barguil","status":"publish","type":"post","link":"https:\/\/www.aclanester56.com\/velo\/championnat-de-france-de-lavenir-reactions-davant-course-de-warren-barguil\/","title":{"rendered":"Championnat de France de l\u2019Avenir : R\u00e9action d\u2019avant-course de Warren Barguil"},"content":{"rendered":"<p>Apr\u00e8s avoir recueilli la r\u00e9action d&rsquo;Anthony MIRA qui participera au championnat de France sur route juniors samedi prochain \u00e0 Brecey dans la Manche, c&rsquo;est au tour de Warren BARGUIL de r\u00e9pondre aux m\u00eames questions. Warren, qui avait ramen\u00e9 \u00e0 son club de l&rsquo;AC Lanester 56, il y a un an, le titre de champion de France juniors conquis \u00e0 Vend\u00f4me, sera l&rsquo;un des favoris dimanche pour le titre dans la cat\u00e9gorie des espoirs (19-22 ans), dans laquelle il d\u00e9barque \u00e0 peine, lui qui n&rsquo;a pas encore 19 ans.<\/p>\n<p><!--more--><\/p>\n<p><br class=\"spacer_\" \/><\/p>\n<p><span style=\"text-decoration: underline\"><strong><em> <\/em><\/strong><\/span><\/p>\n<div id=\"attachment_3760\" style=\"width: 310px\" class=\"wp-caption alignleft\"><a rel=\"attachment wp-att-3760\" href=\"http:\/\/www.aclanester56.com\/velo\/2010\/08\/19\/championnat-de-france-de-lavenir-reactions-davant-course-de-warren-barguil\/warren_barguil_miaout\/\"><img loading=\"lazy\" decoding=\"async\" aria-describedby=\"caption-attachment-3760\" class=\"size-thumbnail wp-image-3760\" src=\"http:\/\/www.aclanester56.com\/velo\/wp-content\/uploads\/2010\/08\/warren_barguil_miAout-300x225.jpg\" alt=\"\" width=\"300\" height=\"225\" srcset=\"https:\/\/www.aclanester56.com\/velo\/wp-content\/uploads\/2010\/08\/warren_barguil_miAout-300x225.jpg 300w, https:\/\/www.aclanester56.com\/velo\/wp-content\/uploads\/2010\/08\/warren_barguil_miAout-800x600.jpg 800w\" sizes=\"auto, (max-width: 300px) 100vw, 300px\" \/><\/a><p id=\"caption-attachment-3760\" class=\"wp-caption-text\">Warren Barguil (AC Lanester 56) vise le titre sur le championnat de France espoirs sur route<\/p><\/div>\n<p><br class=\"spacer_\" \/><\/p>\n<p><strong><em>&#8211; Comment va la forme et comment as-tu pr\u00e9par\u00e9 ce championnat ?<\/em><\/strong><\/p>\n<p><br class=\"spacer_\" \/><\/p>\n<p><strong>Warren <\/strong>: Ma forme actuelle est bonne, m\u00eame si je pense pas qu&rsquo;elle n&rsquo;est pas encore optimale mais elle n&rsquo;en est pas loin &#8230; Je n&rsquo;ai pas vraiment fait de grosse pr\u00e9paration physique pour le \u00ab\u00a0France\u00a0\u00bb, \u00e0 part en participant \u00e0 des grosses courses comme le KBE (Kreiz Breizh Elites) et la Mi-Ao\u00fbt en Bretagne, qui m&rsquo;ont permis de faire des kilom\u00e8tres \u00e0 l&rsquo;allure d&rsquo;un championnat, voire m\u00eame encore plus vite \u00e0 certains moments.<\/p>\n<p><span style=\"text-decoration: underline\"><em><strong>&#8211; As-tu eu des info sur le circuit du championnat ? Quel est ton objectif sur ces championnats de France ?<\/strong><\/em><\/span><\/p>\n<p><span style=\"font-size: x-small\"><span style=\"font-size: small\"><strong>Warren : <\/strong>J&rsquo;ai eu des infos sur le circuit comme quoi il \u00e9tait tout plat. Puis j&rsquo;ai regard\u00e9 une vid\u00e9o sur Internet et j&rsquo;ai constat\u00e9 que, effectivement, le circuit \u00e9tait relativement plat, mais je pense malgr\u00e9 tout qu&rsquo;il va \u00ab\u00a0faire mal\u00a0\u00bb car n&rsquo;oublions pas : ce sont les coureurs qui font la course ! Mon objectif sur ce championnat, c&rsquo;est bien-s\u00fbr de le gagner ! Je n&rsquo;y vais pas pour faire un top 10 &#8230; Je me sens fort mentalement et puis surtout, je sais ce qu&rsquo;est un championnat de France et ce que c&rsquo;est que d&rsquo;\u00eatre champion de France &#8230; Du coup, cela me motive encore plus !<\/span><\/span><\/p>\n<p><span style=\"text-decoration: underline\"><em><strong>&#8211; Tu fais partie d&rsquo;une impressionnante \u00e9quipe de Bretagne . Penses-tu que vous allez tous bien vous entendre pour profiter de votre force collective ?<\/strong><\/em><\/span><\/p>\n<p><strong>Warren : <\/strong>On a une force collective impressionnante mais maintenant, il faudra bien savoir l&rsquo;utiliser ! J&rsquo;espere qu&rsquo;on ne va pas se courir dessus, mais bon, \u00e7a ne reste qu&rsquo;un championnat !<\/p>\n<p><br class=\"spacer_\" \/><\/p>\n<p><br class=\"spacer_\" \/><\/p>\n<p>Nous remercions Warren d&rsquo;avoir pris le temps de r\u00e9pondre \u00e0 nos questions et nous souhaitons \u00e0 Anthony, Warren et Matthieu de r\u00e9aliser de bons championnats !<\/p>\n<p><br class=\"spacer_\" \/><\/p>\n","protected":false},"excerpt":{"rendered":"<p>Apr\u00e8s avoir recueilli la r\u00e9action d&rsquo;Anthony MIRA qui participera au championnat de France sur route juniors samedi prochain \u00e0 Brecey [&hellip;]<\/p>\n","protected":false},"author":14,"featured_media":3760,"comment_status":"open","ping_status":"open","sticky":false,"template":"","format":"standard","meta":{"ngg_post_thumbnail":0,"footnotes":""},"categories":[5,14],"tags":[],"class_list":["post-3754","post","type-post","status-publish","format-standard","has-post-thumbnail","hentry","category-ac-lanester-56","category-actualites-dn"],"yoast_head":"<!-- This site is optimized with the Yoast SEO plugin v27.5 - https:\/\/yoast.com\/product\/yoast-seo-wordpress\/ -->\n<title>Championnat de France de l\u2019Avenir : R\u00e9action d\u2019avant-course de Warren Barguil - Avenir Cycliste Lanester 56<\/title>\n<meta name=\"robots\" content=\"index, follow, max-snippet:-1, max-image-preview:large, max-video-preview:-1\" \/>\n<link rel=\"canonical\" href=\"https:\/\/www.aclanester56.com\/velo\/championnat-de-france-de-lavenir-reactions-davant-course-de-warren-barguil\/\" \/>\n<meta property=\"og:locale\" content=\"fr_FR\" \/>\n<meta property=\"og:type\" content=\"article\" \/>\n<meta property=\"og:title\" content=\"Championnat de France de l\u2019Avenir : R\u00e9action d\u2019avant-course de Warren Barguil - Avenir Cycliste Lanester 56\" \/>\n<meta property=\"og:description\" content=\"Apr\u00e8s avoir recueilli la r\u00e9action d&rsquo;Anthony MIRA qui participera au championnat de France sur route juniors samedi prochain \u00e0 Brecey [&hellip;]\" \/>\n<meta property=\"og:url\" content=\"https:\/\/www.aclanester56.com\/velo\/championnat-de-france-de-lavenir-reactions-davant-course-de-warren-barguil\/\" \/>\n<meta property=\"og:site_name\" content=\"Avenir Cycliste Lanester 56\" \/>\n<meta property=\"article:publisher\" content=\"https:\/\/www.facebook.com\/pages\/AC-Lanester-56\/190286300991242?fref=ts\" \/>\n<meta property=\"article:published_time\" content=\"2010-08-19T18:30:06+00:00\" \/>\n<meta property=\"article:modified_time\" content=\"2010-09-03T14:14:27+00:00\" \/>\n<meta property=\"og:image\" content=\"https:\/\/www.aclanester56.com\/velo\/wp-content\/uploads\/2010\/08\/warren_barguil_miAout.jpg\" \/>\n\t<meta property=\"og:image:width\" content=\"3264\" \/>\n\t<meta property=\"og:image:height\" content=\"2448\" \/>\n\t<meta property=\"og:image:type\" content=\"image\/jpeg\" \/>\n<meta name=\"author\" content=\"Jean-Christophe\" \/>\n<meta name=\"twitter:label1\" content=\"\u00c9crit par\" \/>\n\t<meta name=\"twitter:data1\" content=\"Jean-Christophe\" \/>\n\t<meta name=\"twitter:label2\" content=\"Dur\u00e9e de lecture estim\u00e9e\" \/>\n\t<meta name=\"twitter:data2\" content=\"2 minutes\" \/>\n<script type=\"application\/ld+json\" class=\"yoast-schema-graph\">{\"@context\":\"https:\\\/\\\/schema.org\",\"@graph\":[{\"@type\":\"Article\",\"@id\":\"https:\\\/\\\/www.aclanester56.com\\\/velo\\\/championnat-de-france-de-lavenir-reactions-davant-course-de-warren-barguil\\\/#article\",\"isPartOf\":{\"@id\":\"https:\\\/\\\/www.aclanester56.com\\\/velo\\\/championnat-de-france-de-lavenir-reactions-davant-course-de-warren-barguil\\\/\"},\"author\":{\"name\":\"Jean-Christophe\",\"@id\":\"https:\\\/\\\/www.aclanester56.com\\\/velo\\\/#\\\/schema\\\/person\\\/ca2a44a5fd969e9dd846c72d3b33bc01\"},\"headline\":\"Championnat de France de l\u2019Avenir : R\u00e9action d\u2019avant-course de Warren Barguil\",\"datePublished\":\"2010-08-19T18:30:06+00:00\",\"dateModified\":\"2010-09-03T14:14:27+00:00\",\"mainEntityOfPage\":{\"@id\":\"https:\\\/\\\/www.aclanester56.com\\\/velo\\\/championnat-de-france-de-lavenir-reactions-davant-course-de-warren-barguil\\\/\"},\"wordCount\":410,\"commentCount\":0,\"publisher\":{\"@id\":\"https:\\\/\\\/www.aclanester56.com\\\/velo\\\/#organization\"},\"image\":{\"@id\":\"https:\\\/\\\/www.aclanester56.com\\\/velo\\\/championnat-de-france-de-lavenir-reactions-davant-course-de-warren-barguil\\\/#primaryimage\"},\"thumbnailUrl\":\"https:\\\/\\\/www.aclanester56.com\\\/velo\\\/wp-content\\\/uploads\\\/2010\\\/08\\\/warren_barguil_miAout.jpg\",\"articleSection\":[\"AC LANESTER 56\",\"Actualit\u00e9s DN\"],\"inLanguage\":\"fr-FR\",\"potentialAction\":[{\"@type\":\"CommentAction\",\"name\":\"Comment\",\"target\":[\"https:\\\/\\\/www.aclanester56.com\\\/velo\\\/championnat-de-france-de-lavenir-reactions-davant-course-de-warren-barguil\\\/#respond\"]}]},{\"@type\":\"WebPage\",\"@id\":\"https:\\\/\\\/www.aclanester56.com\\\/velo\\\/championnat-de-france-de-lavenir-reactions-davant-course-de-warren-barguil\\\/\",\"url\":\"https:\\\/\\\/www.aclanester56.com\\\/velo\\\/championnat-de-france-de-lavenir-reactions-davant-course-de-warren-barguil\\\/\",\"name\":\"Championnat de France de l\u2019Avenir : R\u00e9action d\u2019avant-course de Warren Barguil - Avenir Cycliste Lanester 56\",\"isPartOf\":{\"@id\":\"https:\\\/\\\/www.aclanester56.com\\\/velo\\\/#website\"},\"primaryImageOfPage\":{\"@id\":\"https:\\\/\\\/www.aclanester56.com\\\/velo\\\/championnat-de-france-de-lavenir-reactions-davant-course-de-warren-barguil\\\/#primaryimage\"},\"image\":{\"@id\":\"https:\\\/\\\/www.aclanester56.com\\\/velo\\\/championnat-de-france-de-lavenir-reactions-davant-course-de-warren-barguil\\\/#primaryimage\"},\"thumbnailUrl\":\"https:\\\/\\\/www.aclanester56.com\\\/velo\\\/wp-content\\\/uploads\\\/2010\\\/08\\\/warren_barguil_miAout.jpg\",\"datePublished\":\"2010-08-19T18:30:06+00:00\",\"dateModified\":\"2010-09-03T14:14:27+00:00\",\"inLanguage\":\"fr-FR\",\"potentialAction\":[{\"@type\":\"ReadAction\",\"target\":[\"https:\\\/\\\/www.aclanester56.com\\\/velo\\\/championnat-de-france-de-lavenir-reactions-davant-course-de-warren-barguil\\\/\"]}]},{\"@type\":\"ImageObject\",\"inLanguage\":\"fr-FR\",\"@id\":\"https:\\\/\\\/www.aclanester56.com\\\/velo\\\/championnat-de-france-de-lavenir-reactions-davant-course-de-warren-barguil\\\/#primaryimage\",\"url\":\"https:\\\/\\\/www.aclanester56.com\\\/velo\\\/wp-content\\\/uploads\\\/2010\\\/08\\\/warren_barguil_miAout.jpg\",\"contentUrl\":\"https:\\\/\\\/www.aclanester56.com\\\/velo\\\/wp-content\\\/uploads\\\/2010\\\/08\\\/warren_barguil_miAout.jpg\",\"width\":3264,\"height\":2448,\"caption\":\"Warren Barguil (AC Lanester 56) vise le titre sur le championnat de France espoirs sur route\"},{\"@type\":\"WebSite\",\"@id\":\"https:\\\/\\\/www.aclanester56.com\\\/velo\\\/#website\",\"url\":\"https:\\\/\\\/www.aclanester56.com\\\/velo\\\/\",\"name\":\"Avenir Cycliste Lanester 56\",\"description\":\"Club cycliste de l&#039;AC LANESTER 56\",\"publisher\":{\"@id\":\"https:\\\/\\\/www.aclanester56.com\\\/velo\\\/#organization\"},\"potentialAction\":[{\"@type\":\"SearchAction\",\"target\":{\"@type\":\"EntryPoint\",\"urlTemplate\":\"https:\\\/\\\/www.aclanester56.com\\\/velo\\\/?s={search_term_string}\"},\"query-input\":{\"@type\":\"PropertyValueSpecification\",\"valueRequired\":true,\"valueName\":\"search_term_string\"}}],\"inLanguage\":\"fr-FR\"},{\"@type\":\"Organization\",\"@id\":\"https:\\\/\\\/www.aclanester56.com\\\/velo\\\/#organization\",\"name\":\"Avenir Cycliste Lanester 56\",\"url\":\"https:\\\/\\\/www.aclanester56.com\\\/velo\\\/\",\"logo\":{\"@type\":\"ImageObject\",\"inLanguage\":\"fr-FR\",\"@id\":\"https:\\\/\\\/www.aclanester56.com\\\/velo\\\/#\\\/schema\\\/logo\\\/image\\\/\",\"url\":\"https:\\\/\\\/www.aclanester56.com\\\/velo\\\/wp-content\\\/uploads\\\/2013\\\/04\\\/logo-ACL.jpg\",\"contentUrl\":\"https:\\\/\\\/www.aclanester56.com\\\/velo\\\/wp-content\\\/uploads\\\/2013\\\/04\\\/logo-ACL.jpg\",\"width\":400,\"height\":334,\"caption\":\"Avenir Cycliste Lanester 56\"},\"image\":{\"@id\":\"https:\\\/\\\/www.aclanester56.com\\\/velo\\\/#\\\/schema\\\/logo\\\/image\\\/\"},\"sameAs\":[\"https:\\\/\\\/www.facebook.com\\\/pages\\\/AC-Lanester-56\\\/190286300991242?fref=ts\"]},{\"@type\":\"Person\",\"@id\":\"https:\\\/\\\/www.aclanester56.com\\\/velo\\\/#\\\/schema\\\/person\\\/ca2a44a5fd969e9dd846c72d3b33bc01\",\"name\":\"Jean-Christophe\",\"url\":\"https:\\\/\\\/www.aclanester56.com\\\/velo\\\/author\\\/jeanchristophe\\\/\"}]}<\/script>\n<!-- \/ Yoast SEO plugin. -->","yoast_head_json":{"title":"Championnat de France de l\u2019Avenir : R\u00e9action d\u2019avant-course de Warren Barguil - Avenir Cycliste Lanester 56","robots":{"index":"index","follow":"follow","max-snippet":"max-snippet:-1","max-image-preview":"max-image-preview:large","max-video-preview":"max-video-preview:-1"},"canonical":"https:\/\/www.aclanester56.com\/velo\/championnat-de-france-de-lavenir-reactions-davant-course-de-warren-barguil\/","og_locale":"fr_FR","og_type":"article","og_title":"Championnat de France de l\u2019Avenir : R\u00e9action d\u2019avant-course de Warren Barguil - Avenir Cycliste Lanester 56","og_description":"Apr\u00e8s avoir recueilli la r\u00e9action d&rsquo;Anthony MIRA qui participera au championnat de France sur route juniors samedi prochain \u00e0 Brecey [&hellip;]","og_url":"https:\/\/www.aclanester56.com\/velo\/championnat-de-france-de-lavenir-reactions-davant-course-de-warren-barguil\/","og_site_name":"Avenir Cycliste Lanester 56","article_publisher":"https:\/\/www.facebook.com\/pages\/AC-Lanester-56\/190286300991242?fref=ts","article_published_time":"2010-08-19T18:30:06+00:00","article_modified_time":"2010-09-03T14:14:27+00:00","og_image":[{"width":3264,"height":2448,"url":"https:\/\/www.aclanester56.com\/velo\/wp-content\/uploads\/2010\/08\/warren_barguil_miAout.jpg","type":"image\/jpeg"}],"author":"Jean-Christophe","twitter_misc":{"\u00c9crit par":"Jean-Christophe","Dur\u00e9e de lecture estim\u00e9e":"2 minutes"},"schema":{"@context":"https:\/\/schema.org","@graph":[{"@type":"Article","@id":"https:\/\/www.aclanester56.com\/velo\/championnat-de-france-de-lavenir-reactions-davant-course-de-warren-barguil\/#article","isPartOf":{"@id":"https:\/\/www.aclanester56.com\/velo\/championnat-de-france-de-lavenir-reactions-davant-course-de-warren-barguil\/"},"author":{"name":"Jean-Christophe","@id":"https:\/\/www.aclanester56.com\/velo\/#\/schema\/person\/ca2a44a5fd969e9dd846c72d3b33bc01"},"headline":"Championnat de France de l\u2019Avenir : R\u00e9action d\u2019avant-course de Warren Barguil","datePublished":"2010-08-19T18:30:06+00:00","dateModified":"2010-09-03T14:14:27+00:00","mainEntityOfPage":{"@id":"https:\/\/www.aclanester56.com\/velo\/championnat-de-france-de-lavenir-reactions-davant-course-de-warren-barguil\/"},"wordCount":410,"commentCount":0,"publisher":{"@id":"https:\/\/www.aclanester56.com\/velo\/#organization"},"image":{"@id":"https:\/\/www.aclanester56.com\/velo\/championnat-de-france-de-lavenir-reactions-davant-course-de-warren-barguil\/#primaryimage"},"thumbnailUrl":"https:\/\/www.aclanester56.com\/velo\/wp-content\/uploads\/2010\/08\/warren_barguil_miAout.jpg","articleSection":["AC LANESTER 56","Actualit\u00e9s DN"],"inLanguage":"fr-FR","potentialAction":[{"@type":"CommentAction","name":"Comment","target":["https:\/\/www.aclanester56.com\/velo\/championnat-de-france-de-lavenir-reactions-davant-course-de-warren-barguil\/#respond"]}]},{"@type":"WebPage","@id":"https:\/\/www.aclanester56.com\/velo\/championnat-de-france-de-lavenir-reactions-davant-course-de-warren-barguil\/","url":"https:\/\/www.aclanester56.com\/velo\/championnat-de-france-de-lavenir-reactions-davant-course-de-warren-barguil\/","name":"Championnat de France de l\u2019Avenir : R\u00e9action d\u2019avant-course de Warren Barguil - Avenir Cycliste Lanester 56","isPartOf":{"@id":"https:\/\/www.aclanester56.com\/velo\/#website"},"primaryImageOfPage":{"@id":"https:\/\/www.aclanester56.com\/velo\/championnat-de-france-de-lavenir-reactions-davant-course-de-warren-barguil\/#primaryimage"},"image":{"@id":"https:\/\/www.aclanester56.com\/velo\/championnat-de-france-de-lavenir-reactions-davant-course-de-warren-barguil\/#primaryimage"},"thumbnailUrl":"https:\/\/www.aclanester56.com\/velo\/wp-content\/uploads\/2010\/08\/warren_barguil_miAout.jpg","datePublished":"2010-08-19T18:30:06+00:00","dateModified":"2010-09-03T14:14:27+00:00","inLanguage":"fr-FR","potentialAction":[{"@type":"ReadAction","target":["https:\/\/www.aclanester56.com\/velo\/championnat-de-france-de-lavenir-reactions-davant-course-de-warren-barguil\/"]}]},{"@type":"ImageObject","inLanguage":"fr-FR","@id":"https:\/\/www.aclanester56.com\/velo\/championnat-de-france-de-lavenir-reactions-davant-course-de-warren-barguil\/#primaryimage","url":"https:\/\/www.aclanester56.com\/velo\/wp-content\/uploads\/2010\/08\/warren_barguil_miAout.jpg","contentUrl":"https:\/\/www.aclanester56.com\/velo\/wp-content\/uploads\/2010\/08\/warren_barguil_miAout.jpg","width":3264,"height":2448,"caption":"Warren Barguil (AC Lanester 56) vise le titre sur le championnat de France espoirs sur route"},{"@type":"WebSite","@id":"https:\/\/www.aclanester56.com\/velo\/#website","url":"https:\/\/www.aclanester56.com\/velo\/","name":"Avenir Cycliste Lanester 56","description":"Club cycliste de l&#039;AC LANESTER 56","publisher":{"@id":"https:\/\/www.aclanester56.com\/velo\/#organization"},"potentialAction":[{"@type":"SearchAction","target":{"@type":"EntryPoint","urlTemplate":"https:\/\/www.aclanester56.com\/velo\/?s={search_term_string}"},"query-input":{"@type":"PropertyValueSpecification","valueRequired":true,"valueName":"search_term_string"}}],"inLanguage":"fr-FR"},{"@type":"Organization","@id":"https:\/\/www.aclanester56.com\/velo\/#organization","name":"Avenir Cycliste Lanester 56","url":"https:\/\/www.aclanester56.com\/velo\/","logo":{"@type":"ImageObject","inLanguage":"fr-FR","@id":"https:\/\/www.aclanester56.com\/velo\/#\/schema\/logo\/image\/","url":"https:\/\/www.aclanester56.com\/velo\/wp-content\/uploads\/2013\/04\/logo-ACL.jpg","contentUrl":"https:\/\/www.aclanester56.com\/velo\/wp-content\/uploads\/2013\/04\/logo-ACL.jpg","width":400,"height":334,"caption":"Avenir Cycliste Lanester 56"},"image":{"@id":"https:\/\/www.aclanester56.com\/velo\/#\/schema\/logo\/image\/"},"sameAs":["https:\/\/www.facebook.com\/pages\/AC-Lanester-56\/190286300991242?fref=ts"]},{"@type":"Person","@id":"https:\/\/www.aclanester56.com\/velo\/#\/schema\/person\/ca2a44a5fd969e9dd846c72d3b33bc01","name":"Jean-Christophe","url":"https:\/\/www.aclanester56.com\/velo\/author\/jeanchristophe\/"}]}},"_links":{"self":[{"href":"https:\/\/www.aclanester56.com\/velo\/wp-json\/wp\/v2\/posts\/3754","targetHints":{"allow":["GET"]}}],"collection":[{"href":"https:\/\/www.aclanester56.com\/velo\/wp-json\/wp\/v2\/posts"}],"about":[{"href":"https:\/\/www.aclanester56.com\/velo\/wp-json\/wp\/v2\/types\/post"}],"author":[{"embeddable":true,"href":"https:\/\/www.aclanester56.com\/velo\/wp-json\/wp\/v2\/users\/14"}],"replies":[{"embeddable":true,"href":"https:\/\/www.aclanester56.com\/velo\/wp-json\/wp\/v2\/comments?post=3754"}],"version-history":[{"count":0,"href":"https:\/\/www.aclanester56.com\/velo\/wp-json\/wp\/v2\/posts\/3754\/revisions"}],"wp:featuredmedia":[{"embeddable":true,"href":"https:\/\/www.aclanester56.com\/velo\/wp-json\/wp\/v2\/media\/3760"}],"wp:attachment":[{"href":"https:\/\/www.aclanester56.com\/velo\/wp-json\/wp\/v2\/media?parent=3754"}],"wp:term":[{"taxonomy":"category","embeddable":true,"href":"https:\/\/www.aclanester56.com\/velo\/wp-json\/wp\/v2\/categories?post=3754"},{"taxonomy":"post_tag","embeddable":true,"href":"https:\/\/www.aclanester56.com\/velo\/wp-json\/wp\/v2\/tags?post=3754"}],"curies":[{"name":"wp","href":"https:\/\/api.w.org\/{rel}","templated":true}]}}