{"id":38258,"date":"2018-04-12T08:00:10","date_gmt":"2018-04-12T06:00:10","guid":{"rendered":"https:\/\/www.aclanester56.com\/velo\/?p=38258"},"modified":"2018-04-04T11:48:16","modified_gmt":"2018-04-04T09:48:16","slug":"j-10-avant-le-6eme-circuit-des-jeunes-a-lanester","status":"publish","type":"post","link":"https:\/\/www.aclanester56.com\/velo\/j-10-avant-le-6eme-circuit-des-jeunes-a-lanester\/","title":{"rendered":"J-10 avant le 6\u00e8me Circuit des Jeunes \u00e0 Lanester !"},"content":{"rendered":"<p><!--more--><\/p>\n<p style=\"text-align: justify;\"><a href=\"https:\/\/www.aclanester56.com\/velo\/wp-content\/uploads\/2018\/03\/Affiche-Circuit-des-Jeunes-2018.png\"><img loading=\"lazy\" decoding=\"async\" class=\"alignright size-large wp-image-37824\" src=\"https:\/\/www.aclanester56.com\/velo\/wp-content\/uploads\/2018\/03\/Affiche-Circuit-des-Jeunes-2018-424x600.png\" alt=\"\" width=\"424\" height=\"600\" srcset=\"https:\/\/www.aclanester56.com\/velo\/wp-content\/uploads\/2018\/03\/Affiche-Circuit-des-Jeunes-2018-424x600.png 424w, https:\/\/www.aclanester56.com\/velo\/wp-content\/uploads\/2018\/03\/Affiche-Circuit-des-Jeunes-2018-212x300.png 212w, https:\/\/www.aclanester56.com\/velo\/wp-content\/uploads\/2018\/03\/Affiche-Circuit-des-Jeunes-2018-768x1086.png 768w, https:\/\/www.aclanester56.com\/velo\/wp-content\/uploads\/2018\/03\/Affiche-Circuit-des-Jeunes-2018-318x450.png 318w, https:\/\/www.aclanester56.com\/velo\/wp-content\/uploads\/2018\/03\/Affiche-Circuit-des-Jeunes-2018-71x100.png 71w, https:\/\/www.aclanester56.com\/velo\/wp-content\/uploads\/2018\/03\/Affiche-Circuit-des-Jeunes-2018-600x849.png 600w, https:\/\/www.aclanester56.com\/velo\/wp-content\/uploads\/2018\/03\/Affiche-Circuit-des-Jeunes-2018-1320x1867.png 1320w\" sizes=\"auto, (max-width: 424px) 100vw, 424px\" \/><\/a>L\u2019AVENIR CYCLISTE LANESTER 56 organise \u00e0 Lanester le dimanche 22 avril 2018 la 6<sup>\u00e8me<\/sup> \u00e9dition du CIRCUIT DES JEUNES, destin\u00e9e aux \u00c9coles de cyclisme, aux Minimes et aux Cadets. Warren Barguil, meilleur grimpeur et vainqueur de deux \u00e9tapes du Tour de France 2017 et et licenci\u00e9 \u00e0 l\u2019AC LANESTER 56, sera le parrain de l\u2019\u00e9preuve.<\/p>\n<div style=\"text-align: justify;\">Les \u00e9preuves se disputeront sous le format d\u2019un \u00ab&nbsp;crit\u00e9rium&nbsp;\u00bb sur un circuit court <span class=\"m_-3996992229499511915gmail-il\">de<\/span> 2 Km, pour permettre aux spectateurs <span class=\"m_-3996992229499511915gmail-il\">de<\/span> profiter davantage du spectacle avec <span class=\"m_-3996992229499511915gmail-il\">de<\/span> nombreux passages <span class=\"m_-3996992229499511915gmail-il\">de<\/span> coureurs et une attente faible entre chaque tour. L&rsquo;ann\u00e9e derni\u00e8re, il y avait plus <span class=\"m_-3996992229499511915gmail-il\">de<\/span> 200 participants venant <span class=\"m_-3996992229499511915gmail-il\">de<\/span> toute la Bretagne. Les jeunes coureurs de l&rsquo;AC Lanester 56 seront bien repr\u00e9sent\u00e9s car ils seront environ 35 \u00e0 participer \u00e0 cette \u00e9preuve \u00e0 domicile.<\/div>\n<div style=\"text-align: justify;\">&nbsp;<\/div>\n<div style=\"text-align: justify;\">Le&nbsp;circuit&nbsp;sera identique \u00e0 celui emprunt\u00e9&nbsp;l&rsquo;an pass\u00e9, et l\u2019arriv\u00e9e sera situ\u00e9e en haut <span class=\"m_-3996992229499511915gmail-il\">de<\/span> l\u2019Avenue du 8 mai 1945 \u00e0 Lanester et passera pr\u00e8s <span class=\"m_-3996992229499511915gmail-il\">de jolis sites de la ville, comme<\/span>&nbsp;la Chapelle <span class=\"m_-3996992229499511915gmail-il\">de<\/span> Locunel et du Moulin du Plessis.<\/div>\n<div style=\"text-align: justify;\">&nbsp;<\/div>\n<div style=\"text-align: justify;\">L\u2019entr\u00e9e sera gratuite pour tous et des stands <span class=\"m_-3996992229499511915gmail-il\">de<\/span> restauration et rafra\u00eechissement seront disponibles sur place. L\u2019animation sera assur\u00e9e par le speaker officiel Antoine Michelin.<\/div>\n<p style=\"text-align: justify;\">L&rsquo;acc\u00e8s et la circulation seront r\u00e9glement\u00e9s <span class=\"m_-3996992229499511915gmail-il\">de<\/span> 12H \u00e0 17H30 sur l&rsquo;Avenue du 8 mai 1945, Rue <span class=\"m_-3996992229499511915gmail-il\">de<\/span> Locunel, Rue Germaine Tillion, Route du Rohu et Rue L\u00e9on Blum. <span class=\"m_-3996992229499511915gmail-il\">De<\/span> nombreux signaleurs se chargeront d&rsquo;aider au mieux les riverains dans leurs d\u00e9placements, tout en assurant la s\u00e9curit\u00e9 des jeunes coureurs.<\/p>\n<p><span style=\"text-decoration: underline;\"><strong>Programme et horaires :<\/strong><\/span><br \/>\n<strong> 6\u00e8me Circuit des Jeunes \u00e0 Lanester \u2013 Dimanche 22 avril 2018<\/strong><br \/>\n<span class=\"m_-3996992229499511915gmail-il\">De<\/span> 13H \u00e0 14H : Epreuves Pr\u00e9-licenci\u00e9s, Poussins, Pupilles, Benjamins<br \/>\n14H15 : Minimes (14 tours x 2 Km)<br \/>\n15H15 : Cadets (26 tours x 2 Km)<\/p>\n<p>&nbsp;<\/p>\n","protected":false},"excerpt":{"rendered":"","protected":false},"author":14,"featured_media":38259,"comment_status":"open","ping_status":"open","sticky":false,"template":"","format":"standard","meta":{"ngg_post_thumbnail":0,"footnotes":""},"categories":[5,47,7],"tags":[],"class_list":["post-38258","post","type-post","status-publish","format-standard","has-post-thumbnail","hentry","category-ac-lanester-56","category-circuit-des-jeunes","category-organisations"],"yoast_head":"<!-- This site is optimized with the Yoast SEO plugin v27.5 - https:\/\/yoast.com\/product\/yoast-seo-wordpress\/ -->\n<title>J-10 avant le 6\u00e8me Circuit des Jeunes \u00e0 Lanester ! - Avenir Cycliste Lanester 56<\/title>\n<meta name=\"robots\" content=\"index, follow, max-snippet:-1, max-image-preview:large, max-video-preview:-1\" \/>\n<link rel=\"canonical\" href=\"https:\/\/www.aclanester56.com\/velo\/j-10-avant-le-6eme-circuit-des-jeunes-a-lanester\/\" \/>\n<meta property=\"og:locale\" content=\"fr_FR\" \/>\n<meta property=\"og:type\" content=\"article\" \/>\n<meta property=\"og:title\" content=\"J-10 avant le 6\u00e8me Circuit des Jeunes \u00e0 Lanester ! - Avenir Cycliste Lanester 56\" \/>\n<meta property=\"og:url\" content=\"https:\/\/www.aclanester56.com\/velo\/j-10-avant-le-6eme-circuit-des-jeunes-a-lanester\/\" \/>\n<meta property=\"og:site_name\" content=\"Avenir Cycliste Lanester 56\" \/>\n<meta property=\"article:publisher\" content=\"https:\/\/www.facebook.com\/pages\/AC-Lanester-56\/190286300991242?fref=ts\" \/>\n<meta property=\"article:published_time\" content=\"2018-04-12T06:00:10+00:00\" \/>\n<meta property=\"og:image\" content=\"https:\/\/www.aclanester56.com\/velo\/wp-content\/uploads\/2018\/04\/J-10-site-Copie.png\" \/>\n\t<meta property=\"og:image:width\" content=\"900\" \/>\n\t<meta property=\"og:image:height\" content=\"480\" \/>\n\t<meta property=\"og:image:type\" content=\"image\/png\" \/>\n<meta name=\"author\" content=\"Jean-Christophe\" \/>\n<meta name=\"twitter:label1\" content=\"\u00c9crit par\" \/>\n\t<meta name=\"twitter:data1\" content=\"Jean-Christophe\" \/>\n\t<meta name=\"twitter:label2\" content=\"Dur\u00e9e de lecture estim\u00e9e\" \/>\n\t<meta name=\"twitter:data2\" content=\"1 minute\" \/>\n<script type=\"application\/ld+json\" class=\"yoast-schema-graph\">{\"@context\":\"https:\\\/\\\/schema.org\",\"@graph\":[{\"@type\":\"Article\",\"@id\":\"https:\\\/\\\/www.aclanester56.com\\\/velo\\\/j-10-avant-le-6eme-circuit-des-jeunes-a-lanester\\\/#article\",\"isPartOf\":{\"@id\":\"https:\\\/\\\/www.aclanester56.com\\\/velo\\\/j-10-avant-le-6eme-circuit-des-jeunes-a-lanester\\\/\"},\"author\":{\"name\":\"Jean-Christophe\",\"@id\":\"https:\\\/\\\/www.aclanester56.com\\\/velo\\\/#\\\/schema\\\/person\\\/ca2a44a5fd969e9dd846c72d3b33bc01\"},\"headline\":\"J-10 avant le 6\u00e8me Circuit des Jeunes \u00e0 Lanester !\",\"datePublished\":\"2018-04-12T06:00:10+00:00\",\"mainEntityOfPage\":{\"@id\":\"https:\\\/\\\/www.aclanester56.com\\\/velo\\\/j-10-avant-le-6eme-circuit-des-jeunes-a-lanester\\\/\"},\"wordCount\":298,\"commentCount\":0,\"publisher\":{\"@id\":\"https:\\\/\\\/www.aclanester56.com\\\/velo\\\/#organization\"},\"image\":{\"@id\":\"https:\\\/\\\/www.aclanester56.com\\\/velo\\\/j-10-avant-le-6eme-circuit-des-jeunes-a-lanester\\\/#primaryimage\"},\"thumbnailUrl\":\"https:\\\/\\\/www.aclanester56.com\\\/velo\\\/wp-content\\\/uploads\\\/2018\\\/04\\\/J-10-site-Copie.png\",\"articleSection\":[\"AC LANESTER 56\",\"Le circuit des Jeunes\",\"Les organisations\"],\"inLanguage\":\"fr-FR\",\"potentialAction\":[{\"@type\":\"CommentAction\",\"name\":\"Comment\",\"target\":[\"https:\\\/\\\/www.aclanester56.com\\\/velo\\\/j-10-avant-le-6eme-circuit-des-jeunes-a-lanester\\\/#respond\"]}]},{\"@type\":\"WebPage\",\"@id\":\"https:\\\/\\\/www.aclanester56.com\\\/velo\\\/j-10-avant-le-6eme-circuit-des-jeunes-a-lanester\\\/\",\"url\":\"https:\\\/\\\/www.aclanester56.com\\\/velo\\\/j-10-avant-le-6eme-circuit-des-jeunes-a-lanester\\\/\",\"name\":\"J-10 avant le 6\u00e8me Circuit des Jeunes \u00e0 Lanester ! - Avenir Cycliste Lanester 56\",\"isPartOf\":{\"@id\":\"https:\\\/\\\/www.aclanester56.com\\\/velo\\\/#website\"},\"primaryImageOfPage\":{\"@id\":\"https:\\\/\\\/www.aclanester56.com\\\/velo\\\/j-10-avant-le-6eme-circuit-des-jeunes-a-lanester\\\/#primaryimage\"},\"image\":{\"@id\":\"https:\\\/\\\/www.aclanester56.com\\\/velo\\\/j-10-avant-le-6eme-circuit-des-jeunes-a-lanester\\\/#primaryimage\"},\"thumbnailUrl\":\"https:\\\/\\\/www.aclanester56.com\\\/velo\\\/wp-content\\\/uploads\\\/2018\\\/04\\\/J-10-site-Copie.png\",\"datePublished\":\"2018-04-12T06:00:10+00:00\",\"inLanguage\":\"fr-FR\",\"potentialAction\":[{\"@type\":\"ReadAction\",\"target\":[\"https:\\\/\\\/www.aclanester56.com\\\/velo\\\/j-10-avant-le-6eme-circuit-des-jeunes-a-lanester\\\/\"]}]},{\"@type\":\"ImageObject\",\"inLanguage\":\"fr-FR\",\"@id\":\"https:\\\/\\\/www.aclanester56.com\\\/velo\\\/j-10-avant-le-6eme-circuit-des-jeunes-a-lanester\\\/#primaryimage\",\"url\":\"https:\\\/\\\/www.aclanester56.com\\\/velo\\\/wp-content\\\/uploads\\\/2018\\\/04\\\/J-10-site-Copie.png\",\"contentUrl\":\"https:\\\/\\\/www.aclanester56.com\\\/velo\\\/wp-content\\\/uploads\\\/2018\\\/04\\\/J-10-site-Copie.png\",\"width\":900,\"height\":480},{\"@type\":\"WebSite\",\"@id\":\"https:\\\/\\\/www.aclanester56.com\\\/velo\\\/#website\",\"url\":\"https:\\\/\\\/www.aclanester56.com\\\/velo\\\/\",\"name\":\"Avenir Cycliste Lanester 56\",\"description\":\"Club cycliste de l&#039;AC LANESTER 56\",\"publisher\":{\"@id\":\"https:\\\/\\\/www.aclanester56.com\\\/velo\\\/#organization\"},\"potentialAction\":[{\"@type\":\"SearchAction\",\"target\":{\"@type\":\"EntryPoint\",\"urlTemplate\":\"https:\\\/\\\/www.aclanester56.com\\\/velo\\\/?s={search_term_string}\"},\"query-input\":{\"@type\":\"PropertyValueSpecification\",\"valueRequired\":true,\"valueName\":\"search_term_string\"}}],\"inLanguage\":\"fr-FR\"},{\"@type\":\"Organization\",\"@id\":\"https:\\\/\\\/www.aclanester56.com\\\/velo\\\/#organization\",\"name\":\"Avenir Cycliste Lanester 56\",\"url\":\"https:\\\/\\\/www.aclanester56.com\\\/velo\\\/\",\"logo\":{\"@type\":\"ImageObject\",\"inLanguage\":\"fr-FR\",\"@id\":\"https:\\\/\\\/www.aclanester56.com\\\/velo\\\/#\\\/schema\\\/logo\\\/image\\\/\",\"url\":\"https:\\\/\\\/www.aclanester56.com\\\/velo\\\/wp-content\\\/uploads\\\/2013\\\/04\\\/logo-ACL.jpg\",\"contentUrl\":\"https:\\\/\\\/www.aclanester56.com\\\/velo\\\/wp-content\\\/uploads\\\/2013\\\/04\\\/logo-ACL.jpg\",\"width\":400,\"height\":334,\"caption\":\"Avenir Cycliste Lanester 56\"},\"image\":{\"@id\":\"https:\\\/\\\/www.aclanester56.com\\\/velo\\\/#\\\/schema\\\/logo\\\/image\\\/\"},\"sameAs\":[\"https:\\\/\\\/www.facebook.com\\\/pages\\\/AC-Lanester-56\\\/190286300991242?fref=ts\"]},{\"@type\":\"Person\",\"@id\":\"https:\\\/\\\/www.aclanester56.com\\\/velo\\\/#\\\/schema\\\/person\\\/ca2a44a5fd969e9dd846c72d3b33bc01\",\"name\":\"Jean-Christophe\",\"url\":\"https:\\\/\\\/www.aclanester56.com\\\/velo\\\/author\\\/jeanchristophe\\\/\"}]}<\/script>\n<!-- \/ Yoast SEO plugin. -->","yoast_head_json":{"title":"J-10 avant le 6\u00e8me Circuit des Jeunes \u00e0 Lanester ! - Avenir Cycliste Lanester 56","robots":{"index":"index","follow":"follow","max-snippet":"max-snippet:-1","max-image-preview":"max-image-preview:large","max-video-preview":"max-video-preview:-1"},"canonical":"https:\/\/www.aclanester56.com\/velo\/j-10-avant-le-6eme-circuit-des-jeunes-a-lanester\/","og_locale":"fr_FR","og_type":"article","og_title":"J-10 avant le 6\u00e8me Circuit des Jeunes \u00e0 Lanester ! - Avenir Cycliste Lanester 56","og_url":"https:\/\/www.aclanester56.com\/velo\/j-10-avant-le-6eme-circuit-des-jeunes-a-lanester\/","og_site_name":"Avenir Cycliste Lanester 56","article_publisher":"https:\/\/www.facebook.com\/pages\/AC-Lanester-56\/190286300991242?fref=ts","article_published_time":"2018-04-12T06:00:10+00:00","og_image":[{"width":900,"height":480,"url":"https:\/\/www.aclanester56.com\/velo\/wp-content\/uploads\/2018\/04\/J-10-site-Copie.png","type":"image\/png"}],"author":"Jean-Christophe","twitter_misc":{"\u00c9crit par":"Jean-Christophe","Dur\u00e9e de lecture estim\u00e9e":"1 minute"},"schema":{"@context":"https:\/\/schema.org","@graph":[{"@type":"Article","@id":"https:\/\/www.aclanester56.com\/velo\/j-10-avant-le-6eme-circuit-des-jeunes-a-lanester\/#article","isPartOf":{"@id":"https:\/\/www.aclanester56.com\/velo\/j-10-avant-le-6eme-circuit-des-jeunes-a-lanester\/"},"author":{"name":"Jean-Christophe","@id":"https:\/\/www.aclanester56.com\/velo\/#\/schema\/person\/ca2a44a5fd969e9dd846c72d3b33bc01"},"headline":"J-10 avant le 6\u00e8me Circuit des Jeunes \u00e0 Lanester !","datePublished":"2018-04-12T06:00:10+00:00","mainEntityOfPage":{"@id":"https:\/\/www.aclanester56.com\/velo\/j-10-avant-le-6eme-circuit-des-jeunes-a-lanester\/"},"wordCount":298,"commentCount":0,"publisher":{"@id":"https:\/\/www.aclanester56.com\/velo\/#organization"},"image":{"@id":"https:\/\/www.aclanester56.com\/velo\/j-10-avant-le-6eme-circuit-des-jeunes-a-lanester\/#primaryimage"},"thumbnailUrl":"https:\/\/www.aclanester56.com\/velo\/wp-content\/uploads\/2018\/04\/J-10-site-Copie.png","articleSection":["AC LANESTER 56","Le circuit des Jeunes","Les organisations"],"inLanguage":"fr-FR","potentialAction":[{"@type":"CommentAction","name":"Comment","target":["https:\/\/www.aclanester56.com\/velo\/j-10-avant-le-6eme-circuit-des-jeunes-a-lanester\/#respond"]}]},{"@type":"WebPage","@id":"https:\/\/www.aclanester56.com\/velo\/j-10-avant-le-6eme-circuit-des-jeunes-a-lanester\/","url":"https:\/\/www.aclanester56.com\/velo\/j-10-avant-le-6eme-circuit-des-jeunes-a-lanester\/","name":"J-10 avant le 6\u00e8me Circuit des Jeunes \u00e0 Lanester ! - Avenir Cycliste Lanester 56","isPartOf":{"@id":"https:\/\/www.aclanester56.com\/velo\/#website"},"primaryImageOfPage":{"@id":"https:\/\/www.aclanester56.com\/velo\/j-10-avant-le-6eme-circuit-des-jeunes-a-lanester\/#primaryimage"},"image":{"@id":"https:\/\/www.aclanester56.com\/velo\/j-10-avant-le-6eme-circuit-des-jeunes-a-lanester\/#primaryimage"},"thumbnailUrl":"https:\/\/www.aclanester56.com\/velo\/wp-content\/uploads\/2018\/04\/J-10-site-Copie.png","datePublished":"2018-04-12T06:00:10+00:00","inLanguage":"fr-FR","potentialAction":[{"@type":"ReadAction","target":["https:\/\/www.aclanester56.com\/velo\/j-10-avant-le-6eme-circuit-des-jeunes-a-lanester\/"]}]},{"@type":"ImageObject","inLanguage":"fr-FR","@id":"https:\/\/www.aclanester56.com\/velo\/j-10-avant-le-6eme-circuit-des-jeunes-a-lanester\/#primaryimage","url":"https:\/\/www.aclanester56.com\/velo\/wp-content\/uploads\/2018\/04\/J-10-site-Copie.png","contentUrl":"https:\/\/www.aclanester56.com\/velo\/wp-content\/uploads\/2018\/04\/J-10-site-Copie.png","width":900,"height":480},{"@type":"WebSite","@id":"https:\/\/www.aclanester56.com\/velo\/#website","url":"https:\/\/www.aclanester56.com\/velo\/","name":"Avenir Cycliste Lanester 56","description":"Club cycliste de l&#039;AC LANESTER 56","publisher":{"@id":"https:\/\/www.aclanester56.com\/velo\/#organization"},"potentialAction":[{"@type":"SearchAction","target":{"@type":"EntryPoint","urlTemplate":"https:\/\/www.aclanester56.com\/velo\/?s={search_term_string}"},"query-input":{"@type":"PropertyValueSpecification","valueRequired":true,"valueName":"search_term_string"}}],"inLanguage":"fr-FR"},{"@type":"Organization","@id":"https:\/\/www.aclanester56.com\/velo\/#organization","name":"Avenir Cycliste Lanester 56","url":"https:\/\/www.aclanester56.com\/velo\/","logo":{"@type":"ImageObject","inLanguage":"fr-FR","@id":"https:\/\/www.aclanester56.com\/velo\/#\/schema\/logo\/image\/","url":"https:\/\/www.aclanester56.com\/velo\/wp-content\/uploads\/2013\/04\/logo-ACL.jpg","contentUrl":"https:\/\/www.aclanester56.com\/velo\/wp-content\/uploads\/2013\/04\/logo-ACL.jpg","width":400,"height":334,"caption":"Avenir Cycliste Lanester 56"},"image":{"@id":"https:\/\/www.aclanester56.com\/velo\/#\/schema\/logo\/image\/"},"sameAs":["https:\/\/www.facebook.com\/pages\/AC-Lanester-56\/190286300991242?fref=ts"]},{"@type":"Person","@id":"https:\/\/www.aclanester56.com\/velo\/#\/schema\/person\/ca2a44a5fd969e9dd846c72d3b33bc01","name":"Jean-Christophe","url":"https:\/\/www.aclanester56.com\/velo\/author\/jeanchristophe\/"}]}},"_links":{"self":[{"href":"https:\/\/www.aclanester56.com\/velo\/wp-json\/wp\/v2\/posts\/38258","targetHints":{"allow":["GET"]}}],"collection":[{"href":"https:\/\/www.aclanester56.com\/velo\/wp-json\/wp\/v2\/posts"}],"about":[{"href":"https:\/\/www.aclanester56.com\/velo\/wp-json\/wp\/v2\/types\/post"}],"author":[{"embeddable":true,"href":"https:\/\/www.aclanester56.com\/velo\/wp-json\/wp\/v2\/users\/14"}],"replies":[{"embeddable":true,"href":"https:\/\/www.aclanester56.com\/velo\/wp-json\/wp\/v2\/comments?post=38258"}],"version-history":[{"count":3,"href":"https:\/\/www.aclanester56.com\/velo\/wp-json\/wp\/v2\/posts\/38258\/revisions"}],"predecessor-version":[{"id":38279,"href":"https:\/\/www.aclanester56.com\/velo\/wp-json\/wp\/v2\/posts\/38258\/revisions\/38279"}],"wp:featuredmedia":[{"embeddable":true,"href":"https:\/\/www.aclanester56.com\/velo\/wp-json\/wp\/v2\/media\/38259"}],"wp:attachment":[{"href":"https:\/\/www.aclanester56.com\/velo\/wp-json\/wp\/v2\/media?parent=38258"}],"wp:term":[{"taxonomy":"category","embeddable":true,"href":"https:\/\/www.aclanester56.com\/velo\/wp-json\/wp\/v2\/categories?post=38258"},{"taxonomy":"post_tag","embeddable":true,"href":"https:\/\/www.aclanester56.com\/velo\/wp-json\/wp\/v2\/tags?post=38258"}],"curies":[{"name":"wp","href":"https:\/\/api.w.org\/{rel}","templated":true}]}}