{"id":38412,"date":"2018-04-16T14:07:36","date_gmt":"2018-04-16T12:07:36","guid":{"rendered":"https:\/\/www.aclanester56.com\/velo\/?p=38412"},"modified":"2018-04-16T14:07:36","modified_gmt":"2018-04-16T12:07:36","slug":"resultats-du-week-end-du-15-avril-2018","status":"publish","type":"post","link":"https:\/\/www.aclanester56.com\/velo\/resultats-du-week-end-du-15-avril-2018\/","title":{"rendered":"R\u00e9sultats du week-end du 15 avril 2018"},"content":{"rendered":"<p><!--more--><\/p>\n<p>&nbsp;<\/p>\n<p><span style=\"color: #ff6600;\"><strong>***** Samedi 14 avril 2018 *****<\/strong><\/span><\/p>\n<p><span style=\"text-decoration: underline;\"><strong>Plouzan\u00e9 (Challenge R\u00e9gional Piste) :<\/strong><\/span><\/p>\n<p><strong>Course aux points Juniors :<\/strong><br \/>\nCADORET C\u00e9lestin 2\u00e8me<\/p>\n<p><strong>Keirin Juniors<\/strong><br \/>\nCADORET C\u00e9lestin 10\u00e8me<\/p>\n<p><strong>Course aux points 19ans et + :<\/strong><br \/>\nTEISSEIRE Cl\u00e9ment 8\u00e8me<\/p>\n<p><strong>Keirin 19ans et + :<\/strong><br \/>\nTEISSEIRE Cl\u00e9ment 10\u00e8me<\/p>\n<p><strong>Am\u00e9ricaine 17ans et + :<\/strong><br \/>\nEquipe AC Lanester 56 (CADORET C\u00e9lestin \/ TEISSEIRE Cl\u00e9ment) 4\u00e8me<\/p>\n<p><span style=\"color: #ff6600;\"><strong>***** Dimanche 15 avril 2018 *****<\/strong><\/span><\/p>\n<p><span style=\"text-decoration: underline;\"><strong>Qu\u00e9ven :<\/strong><\/span><\/p>\n<p><strong>Poussins :<\/strong><br \/>\nLE TERRIEN Matis 2\u00e8me<br \/>\nJEGOU Louka 7\u00e8me<br \/>\nLE BELLER Quentin 16\u00e8me<br \/>\nLOEZIC Elies 17\u00e8me<br \/>\nMELLOU GUEGAN K\u00e9\u00e9mo 18\u00e8me<br \/>\nMELLOU GUEGAN Aaron 20\u00e8me<br \/>\nMAHE Adrien 22\u00e8me<\/p>\n<p><strong>Pupilles :<\/strong><br \/>\nCOUGOULAT No\u00e9 4\u00e8me<br \/>\nDUGUE Oscar 13\u00e8me<br \/>\nLE MAREC Pavel 24\u00e8me<br \/>\nCOCHENNEC Fabrice 31\u00e8me<br \/>\nMELLOU GUEGAN Galaad 32\u00e8me<br \/>\nLOEZIC Ya\u00eblle 33\u00e8me<br \/>\nCARRAT Adam 43\u00e8me<\/p>\n<p><strong>Benjamins :<\/strong><br \/>\nLE BOUEDEC Soen 8\u00e8me<br \/>\nLOEZIC Louenn 27\u00e8me<br \/>\nJAFFRE L\u00e9onie 37\u00e8me<br \/>\nBLANC BIHAN Dylan 39\u00e8me<br \/>\nLOUSSOUARN Lucas 40\u00e8me<br \/>\nMELLOU GUEGAN Luun 50\u00e8me<\/p>\n<p><span style=\"text-decoration: underline;\"><strong>Tr\u00e9beurden (Cadets) :<\/strong><\/span><br \/>\nCADORET Th\u00e9otime 6\u00e8me<br \/>\nLE CLEC`H Malo 19\u00e8me<\/p>\n<p><span style=\"text-decoration: underline;\"><strong>St Hilaire-St Florent (Route de l&rsquo;Ouest)<\/strong><\/span><br \/>\n<strong>Cadettes :<\/strong><br \/>\nLE GOURRIEREC Pauline 35\u00e8me<br \/>\nBURGAENTZLEN Eva 72\u00e8me<\/p>\n<p><strong>Juniors Femmes :<\/strong><br \/>\nCORLAY LE BARON Maeva 56\u00e8me<\/p>\n<p><span style=\"text-decoration: underline;\"><strong>S\u00e9vignac<\/strong> <\/span><br \/>\n<strong>Minimes :<\/strong><br \/>\nJOSSO Meddy 12\u00e8me<\/p>\n<p><strong>3\u00e8me Cat &amp; Jun :<\/strong><br \/>\nBERTIN Alexandre 8\u00e8me<\/p>\n<p><span style=\"text-decoration: underline;\"><strong>La Chapelle Gaceline<\/strong> <\/span><br \/>\n<strong>Minimes :<\/strong><br \/>\nLE POUEZARD Joris 32\u00e8me<\/p>\n<p><strong>3\u00e8me Cat &amp; Jun :<\/strong><br \/>\nLE CHENADEC Antoine 3\u00e8me<br \/>\nLE CROM Charles 21\u00e8me<br \/>\nLE CHENADEC Ewen 27\u00e8me<br \/>\nOLLIVIER Quentin 29\u00e8me<br \/>\nCADORET C\u00e9lestin 37\u00e8me<\/p>\n<p><span style=\"text-decoration: underline;\"><strong>Lannilis (3\u00e8me Cat &amp; Jun) :<\/strong><\/span><br \/>\nTEISSEIRE Cl\u00e9ment 52\u00e8me<\/p>\n<p>&nbsp;<\/p>\n","protected":false},"excerpt":{"rendered":"","protected":false},"author":14,"featured_media":38413,"comment_status":"open","ping_status":"open","sticky":false,"template":"","format":"standard","meta":{"ngg_post_thumbnail":0,"footnotes":""},"categories":[5,18,22,24,23],"tags":[],"class_list":["post-38412","post","type-post","status-publish","format-standard","has-post-thumbnail","hentry","category-ac-lanester-56","category-resultats-3eme-categorie","category-resultats-cadets","category-resultats-ecole-de-cyclisme","category-resultats-minimes"],"yoast_head":"<!-- This site is optimized with the Yoast SEO plugin v27.5 - https:\/\/yoast.com\/product\/yoast-seo-wordpress\/ -->\n<title>R\u00e9sultats du week-end du 15 avril 2018 - Avenir Cycliste Lanester 56<\/title>\n<meta name=\"robots\" content=\"index, follow, max-snippet:-1, max-image-preview:large, max-video-preview:-1\" \/>\n<link rel=\"canonical\" href=\"https:\/\/www.aclanester56.com\/velo\/resultats-du-week-end-du-15-avril-2018\/\" \/>\n<meta property=\"og:locale\" content=\"fr_FR\" \/>\n<meta property=\"og:type\" content=\"article\" \/>\n<meta property=\"og:title\" content=\"R\u00e9sultats du week-end du 15 avril 2018 - Avenir Cycliste Lanester 56\" \/>\n<meta property=\"og:url\" content=\"https:\/\/www.aclanester56.com\/velo\/resultats-du-week-end-du-15-avril-2018\/\" \/>\n<meta property=\"og:site_name\" content=\"Avenir Cycliste Lanester 56\" \/>\n<meta property=\"article:publisher\" content=\"https:\/\/www.facebook.com\/pages\/AC-Lanester-56\/190286300991242?fref=ts\" \/>\n<meta property=\"article:published_time\" content=\"2018-04-16T12:07:36+00:00\" \/>\n<meta property=\"og:image\" content=\"https:\/\/www.aclanester56.com\/velo\/wp-content\/uploads\/2018\/04\/R\u00e9sultats-14et15.04-Copie.png\" \/>\n\t<meta property=\"og:image:width\" content=\"900\" \/>\n\t<meta property=\"og:image:height\" content=\"480\" \/>\n\t<meta property=\"og:image:type\" content=\"image\/png\" \/>\n<meta name=\"author\" content=\"Jean-Christophe\" \/>\n<meta name=\"twitter:label1\" content=\"\u00c9crit par\" \/>\n\t<meta name=\"twitter:data1\" content=\"Jean-Christophe\" \/>\n\t<meta name=\"twitter:label2\" content=\"Dur\u00e9e de lecture estim\u00e9e\" \/>\n\t<meta name=\"twitter:data2\" content=\"1 minute\" \/>\n<script type=\"application\/ld+json\" class=\"yoast-schema-graph\">{\"@context\":\"https:\\\/\\\/schema.org\",\"@graph\":[{\"@type\":\"Article\",\"@id\":\"https:\\\/\\\/www.aclanester56.com\\\/velo\\\/resultats-du-week-end-du-15-avril-2018\\\/#article\",\"isPartOf\":{\"@id\":\"https:\\\/\\\/www.aclanester56.com\\\/velo\\\/resultats-du-week-end-du-15-avril-2018\\\/\"},\"author\":{\"name\":\"Jean-Christophe\",\"@id\":\"https:\\\/\\\/www.aclanester56.com\\\/velo\\\/#\\\/schema\\\/person\\\/ca2a44a5fd969e9dd846c72d3b33bc01\"},\"headline\":\"R\u00e9sultats du week-end du 15 avril 2018\",\"datePublished\":\"2018-04-16T12:07:36+00:00\",\"mainEntityOfPage\":{\"@id\":\"https:\\\/\\\/www.aclanester56.com\\\/velo\\\/resultats-du-week-end-du-15-avril-2018\\\/\"},\"wordCount\":224,\"commentCount\":0,\"publisher\":{\"@id\":\"https:\\\/\\\/www.aclanester56.com\\\/velo\\\/#organization\"},\"image\":{\"@id\":\"https:\\\/\\\/www.aclanester56.com\\\/velo\\\/resultats-du-week-end-du-15-avril-2018\\\/#primaryimage\"},\"thumbnailUrl\":\"https:\\\/\\\/www.aclanester56.com\\\/velo\\\/wp-content\\\/uploads\\\/2018\\\/04\\\/R\u00e9sultats-14et15.04-Copie.png\",\"articleSection\":[\"AC LANESTER 56\",\"R\u00e9sultats 3eme cat\u00e9gorie\",\"R\u00e9sultats Cadets\",\"R\u00e9sultats Ecole de cyclisme\",\"R\u00e9sultats Minimes\"],\"inLanguage\":\"fr-FR\",\"potentialAction\":[{\"@type\":\"CommentAction\",\"name\":\"Comment\",\"target\":[\"https:\\\/\\\/www.aclanester56.com\\\/velo\\\/resultats-du-week-end-du-15-avril-2018\\\/#respond\"]}]},{\"@type\":\"WebPage\",\"@id\":\"https:\\\/\\\/www.aclanester56.com\\\/velo\\\/resultats-du-week-end-du-15-avril-2018\\\/\",\"url\":\"https:\\\/\\\/www.aclanester56.com\\\/velo\\\/resultats-du-week-end-du-15-avril-2018\\\/\",\"name\":\"R\u00e9sultats du week-end du 15 avril 2018 - Avenir Cycliste Lanester 56\",\"isPartOf\":{\"@id\":\"https:\\\/\\\/www.aclanester56.com\\\/velo\\\/#website\"},\"primaryImageOfPage\":{\"@id\":\"https:\\\/\\\/www.aclanester56.com\\\/velo\\\/resultats-du-week-end-du-15-avril-2018\\\/#primaryimage\"},\"image\":{\"@id\":\"https:\\\/\\\/www.aclanester56.com\\\/velo\\\/resultats-du-week-end-du-15-avril-2018\\\/#primaryimage\"},\"thumbnailUrl\":\"https:\\\/\\\/www.aclanester56.com\\\/velo\\\/wp-content\\\/uploads\\\/2018\\\/04\\\/R\u00e9sultats-14et15.04-Copie.png\",\"datePublished\":\"2018-04-16T12:07:36+00:00\",\"inLanguage\":\"fr-FR\",\"potentialAction\":[{\"@type\":\"ReadAction\",\"target\":[\"https:\\\/\\\/www.aclanester56.com\\\/velo\\\/resultats-du-week-end-du-15-avril-2018\\\/\"]}]},{\"@type\":\"ImageObject\",\"inLanguage\":\"fr-FR\",\"@id\":\"https:\\\/\\\/www.aclanester56.com\\\/velo\\\/resultats-du-week-end-du-15-avril-2018\\\/#primaryimage\",\"url\":\"https:\\\/\\\/www.aclanester56.com\\\/velo\\\/wp-content\\\/uploads\\\/2018\\\/04\\\/R\u00e9sultats-14et15.04-Copie.png\",\"contentUrl\":\"https:\\\/\\\/www.aclanester56.com\\\/velo\\\/wp-content\\\/uploads\\\/2018\\\/04\\\/R\u00e9sultats-14et15.04-Copie.png\",\"width\":900,\"height\":480},{\"@type\":\"WebSite\",\"@id\":\"https:\\\/\\\/www.aclanester56.com\\\/velo\\\/#website\",\"url\":\"https:\\\/\\\/www.aclanester56.com\\\/velo\\\/\",\"name\":\"Avenir Cycliste Lanester 56\",\"description\":\"Club cycliste de l&#039;AC LANESTER 56\",\"publisher\":{\"@id\":\"https:\\\/\\\/www.aclanester56.com\\\/velo\\\/#organization\"},\"potentialAction\":[{\"@type\":\"SearchAction\",\"target\":{\"@type\":\"EntryPoint\",\"urlTemplate\":\"https:\\\/\\\/www.aclanester56.com\\\/velo\\\/?s={search_term_string}\"},\"query-input\":{\"@type\":\"PropertyValueSpecification\",\"valueRequired\":true,\"valueName\":\"search_term_string\"}}],\"inLanguage\":\"fr-FR\"},{\"@type\":\"Organization\",\"@id\":\"https:\\\/\\\/www.aclanester56.com\\\/velo\\\/#organization\",\"name\":\"Avenir Cycliste Lanester 56\",\"url\":\"https:\\\/\\\/www.aclanester56.com\\\/velo\\\/\",\"logo\":{\"@type\":\"ImageObject\",\"inLanguage\":\"fr-FR\",\"@id\":\"https:\\\/\\\/www.aclanester56.com\\\/velo\\\/#\\\/schema\\\/logo\\\/image\\\/\",\"url\":\"https:\\\/\\\/www.aclanester56.com\\\/velo\\\/wp-content\\\/uploads\\\/2013\\\/04\\\/logo-ACL.jpg\",\"contentUrl\":\"https:\\\/\\\/www.aclanester56.com\\\/velo\\\/wp-content\\\/uploads\\\/2013\\\/04\\\/logo-ACL.jpg\",\"width\":400,\"height\":334,\"caption\":\"Avenir Cycliste Lanester 56\"},\"image\":{\"@id\":\"https:\\\/\\\/www.aclanester56.com\\\/velo\\\/#\\\/schema\\\/logo\\\/image\\\/\"},\"sameAs\":[\"https:\\\/\\\/www.facebook.com\\\/pages\\\/AC-Lanester-56\\\/190286300991242?fref=ts\"]},{\"@type\":\"Person\",\"@id\":\"https:\\\/\\\/www.aclanester56.com\\\/velo\\\/#\\\/schema\\\/person\\\/ca2a44a5fd969e9dd846c72d3b33bc01\",\"name\":\"Jean-Christophe\",\"url\":\"https:\\\/\\\/www.aclanester56.com\\\/velo\\\/author\\\/jeanchristophe\\\/\"}]}<\/script>\n<!-- \/ Yoast SEO plugin. -->","yoast_head_json":{"title":"R\u00e9sultats du week-end du 15 avril 2018 - Avenir Cycliste Lanester 56","robots":{"index":"index","follow":"follow","max-snippet":"max-snippet:-1","max-image-preview":"max-image-preview:large","max-video-preview":"max-video-preview:-1"},"canonical":"https:\/\/www.aclanester56.com\/velo\/resultats-du-week-end-du-15-avril-2018\/","og_locale":"fr_FR","og_type":"article","og_title":"R\u00e9sultats du week-end du 15 avril 2018 - Avenir Cycliste Lanester 56","og_url":"https:\/\/www.aclanester56.com\/velo\/resultats-du-week-end-du-15-avril-2018\/","og_site_name":"Avenir Cycliste Lanester 56","article_publisher":"https:\/\/www.facebook.com\/pages\/AC-Lanester-56\/190286300991242?fref=ts","article_published_time":"2018-04-16T12:07:36+00:00","og_image":[{"width":900,"height":480,"url":"https:\/\/www.aclanester56.com\/velo\/wp-content\/uploads\/2018\/04\/R\u00e9sultats-14et15.04-Copie.png","type":"image\/png"}],"author":"Jean-Christophe","twitter_misc":{"\u00c9crit par":"Jean-Christophe","Dur\u00e9e de lecture estim\u00e9e":"1 minute"},"schema":{"@context":"https:\/\/schema.org","@graph":[{"@type":"Article","@id":"https:\/\/www.aclanester56.com\/velo\/resultats-du-week-end-du-15-avril-2018\/#article","isPartOf":{"@id":"https:\/\/www.aclanester56.com\/velo\/resultats-du-week-end-du-15-avril-2018\/"},"author":{"name":"Jean-Christophe","@id":"https:\/\/www.aclanester56.com\/velo\/#\/schema\/person\/ca2a44a5fd969e9dd846c72d3b33bc01"},"headline":"R\u00e9sultats du week-end du 15 avril 2018","datePublished":"2018-04-16T12:07:36+00:00","mainEntityOfPage":{"@id":"https:\/\/www.aclanester56.com\/velo\/resultats-du-week-end-du-15-avril-2018\/"},"wordCount":224,"commentCount":0,"publisher":{"@id":"https:\/\/www.aclanester56.com\/velo\/#organization"},"image":{"@id":"https:\/\/www.aclanester56.com\/velo\/resultats-du-week-end-du-15-avril-2018\/#primaryimage"},"thumbnailUrl":"https:\/\/www.aclanester56.com\/velo\/wp-content\/uploads\/2018\/04\/R\u00e9sultats-14et15.04-Copie.png","articleSection":["AC LANESTER 56","R\u00e9sultats 3eme cat\u00e9gorie","R\u00e9sultats Cadets","R\u00e9sultats Ecole de cyclisme","R\u00e9sultats Minimes"],"inLanguage":"fr-FR","potentialAction":[{"@type":"CommentAction","name":"Comment","target":["https:\/\/www.aclanester56.com\/velo\/resultats-du-week-end-du-15-avril-2018\/#respond"]}]},{"@type":"WebPage","@id":"https:\/\/www.aclanester56.com\/velo\/resultats-du-week-end-du-15-avril-2018\/","url":"https:\/\/www.aclanester56.com\/velo\/resultats-du-week-end-du-15-avril-2018\/","name":"R\u00e9sultats du week-end du 15 avril 2018 - Avenir Cycliste Lanester 56","isPartOf":{"@id":"https:\/\/www.aclanester56.com\/velo\/#website"},"primaryImageOfPage":{"@id":"https:\/\/www.aclanester56.com\/velo\/resultats-du-week-end-du-15-avril-2018\/#primaryimage"},"image":{"@id":"https:\/\/www.aclanester56.com\/velo\/resultats-du-week-end-du-15-avril-2018\/#primaryimage"},"thumbnailUrl":"https:\/\/www.aclanester56.com\/velo\/wp-content\/uploads\/2018\/04\/R\u00e9sultats-14et15.04-Copie.png","datePublished":"2018-04-16T12:07:36+00:00","inLanguage":"fr-FR","potentialAction":[{"@type":"ReadAction","target":["https:\/\/www.aclanester56.com\/velo\/resultats-du-week-end-du-15-avril-2018\/"]}]},{"@type":"ImageObject","inLanguage":"fr-FR","@id":"https:\/\/www.aclanester56.com\/velo\/resultats-du-week-end-du-15-avril-2018\/#primaryimage","url":"https:\/\/www.aclanester56.com\/velo\/wp-content\/uploads\/2018\/04\/R\u00e9sultats-14et15.04-Copie.png","contentUrl":"https:\/\/www.aclanester56.com\/velo\/wp-content\/uploads\/2018\/04\/R\u00e9sultats-14et15.04-Copie.png","width":900,"height":480},{"@type":"WebSite","@id":"https:\/\/www.aclanester56.com\/velo\/#website","url":"https:\/\/www.aclanester56.com\/velo\/","name":"Avenir Cycliste Lanester 56","description":"Club cycliste de l&#039;AC LANESTER 56","publisher":{"@id":"https:\/\/www.aclanester56.com\/velo\/#organization"},"potentialAction":[{"@type":"SearchAction","target":{"@type":"EntryPoint","urlTemplate":"https:\/\/www.aclanester56.com\/velo\/?s={search_term_string}"},"query-input":{"@type":"PropertyValueSpecification","valueRequired":true,"valueName":"search_term_string"}}],"inLanguage":"fr-FR"},{"@type":"Organization","@id":"https:\/\/www.aclanester56.com\/velo\/#organization","name":"Avenir Cycliste Lanester 56","url":"https:\/\/www.aclanester56.com\/velo\/","logo":{"@type":"ImageObject","inLanguage":"fr-FR","@id":"https:\/\/www.aclanester56.com\/velo\/#\/schema\/logo\/image\/","url":"https:\/\/www.aclanester56.com\/velo\/wp-content\/uploads\/2013\/04\/logo-ACL.jpg","contentUrl":"https:\/\/www.aclanester56.com\/velo\/wp-content\/uploads\/2013\/04\/logo-ACL.jpg","width":400,"height":334,"caption":"Avenir Cycliste Lanester 56"},"image":{"@id":"https:\/\/www.aclanester56.com\/velo\/#\/schema\/logo\/image\/"},"sameAs":["https:\/\/www.facebook.com\/pages\/AC-Lanester-56\/190286300991242?fref=ts"]},{"@type":"Person","@id":"https:\/\/www.aclanester56.com\/velo\/#\/schema\/person\/ca2a44a5fd969e9dd846c72d3b33bc01","name":"Jean-Christophe","url":"https:\/\/www.aclanester56.com\/velo\/author\/jeanchristophe\/"}]}},"_links":{"self":[{"href":"https:\/\/www.aclanester56.com\/velo\/wp-json\/wp\/v2\/posts\/38412","targetHints":{"allow":["GET"]}}],"collection":[{"href":"https:\/\/www.aclanester56.com\/velo\/wp-json\/wp\/v2\/posts"}],"about":[{"href":"https:\/\/www.aclanester56.com\/velo\/wp-json\/wp\/v2\/types\/post"}],"author":[{"embeddable":true,"href":"https:\/\/www.aclanester56.com\/velo\/wp-json\/wp\/v2\/users\/14"}],"replies":[{"embeddable":true,"href":"https:\/\/www.aclanester56.com\/velo\/wp-json\/wp\/v2\/comments?post=38412"}],"version-history":[{"count":2,"href":"https:\/\/www.aclanester56.com\/velo\/wp-json\/wp\/v2\/posts\/38412\/revisions"}],"predecessor-version":[{"id":38415,"href":"https:\/\/www.aclanester56.com\/velo\/wp-json\/wp\/v2\/posts\/38412\/revisions\/38415"}],"wp:featuredmedia":[{"embeddable":true,"href":"https:\/\/www.aclanester56.com\/velo\/wp-json\/wp\/v2\/media\/38413"}],"wp:attachment":[{"href":"https:\/\/www.aclanester56.com\/velo\/wp-json\/wp\/v2\/media?parent=38412"}],"wp:term":[{"taxonomy":"category","embeddable":true,"href":"https:\/\/www.aclanester56.com\/velo\/wp-json\/wp\/v2\/categories?post=38412"},{"taxonomy":"post_tag","embeddable":true,"href":"https:\/\/www.aclanester56.com\/velo\/wp-json\/wp\/v2\/tags?post=38412"}],"curies":[{"name":"wp","href":"https:\/\/api.w.org\/{rel}","templated":true}]}}