{"id":38419,"date":"2018-04-24T12:15:43","date_gmt":"2018-04-24T10:15:43","guid":{"rendered":"https:\/\/www.aclanester56.com\/velo\/?p=38419"},"modified":"2018-04-24T12:19:31","modified_gmt":"2018-04-24T10:19:31","slug":"6eme-circuit-des-jeunes-remerciements","status":"publish","type":"post","link":"https:\/\/www.aclanester56.com\/velo\/6eme-circuit-des-jeunes-remerciements\/","title":{"rendered":"6\u00e8me Circuit des Jeunes &#8211; Remerciements"},"content":{"rendered":"<p><!--more--><\/p>\n<p>&nbsp;<\/p>\n<p style=\"text-align: justify;\"><em><strong>L&rsquo;AC Lanester 56 a organis\u00e9 le dimanche 22 avril dernier le 6\u00e8me Circuit des Jeunes \u00e0 Lanester, qui a r\u00e9uni pr\u00e8s de 250 cyclistes. Le succ\u00e8s de la manifestation est \u00e0 mettre au cr\u00e9dit des jeunes participants, de la Ville de Lanester et des partenaires financiers, logistiques et mat\u00e9riels de l&rsquo;\u00e9preuve, mais \u00e9galement aux nombreux b\u00e9n\u00e9voles qui ont magnifiquement \u0153uvr\u00e9 le jour de l&rsquo;\u00e9preuve et durant plusieurs mois en amont pour que cette journ\u00e9e de v\u00e9lo soit r\u00e9ussie.<\/strong><\/em><\/p>\n<p style=\"text-align: justify;\"><em><strong>Les dirigeants de l&rsquo;AC Lanester 56 tiennent \u00e0 remercier chaleureusement pour leur implication l&rsquo;ensemble de toutes les personnes qui ont contribu\u00e9, par leur savoir-faire et leur bonne humeur, au succ\u00e8s de cette journ\u00e9e.<\/strong><\/em><\/p>\n<p style=\"text-align: justify;\"><em><strong>Nous en profitons \u00e9galement pour remercier le parrain de l&rsquo;\u00e9preuve, notre professionnel Warren Barguil, qui a eu la gentillesse d&rsquo;offrir son maillot, un casque et une paire de gants \u00e0 l&rsquo;organisation, et qui ont fait quelques heureux parmi les spectateurs.<\/strong><\/em><\/p>\n<p style=\"text-align: justify;\"><em><strong>Nous vous associons tous \u00e0 la r\u00e9ussite de cette manifestation, qui a permis \u00e0 nos nombreux jeunes coureurs de l&rsquo;AC Lanester 56 d&rsquo;\u00e9voluer \u00e0 domicile.<\/strong><\/em><\/p>\n<p style=\"text-align: justify;\"><em><strong>Encore merci \u00e0 tous !<\/strong><\/em><\/p>\n<p>&nbsp;<\/p>\n","protected":false},"excerpt":{"rendered":"","protected":false},"author":14,"featured_media":38422,"comment_status":"open","ping_status":"open","sticky":false,"template":"","format":"standard","meta":{"ngg_post_thumbnail":0,"footnotes":""},"categories":[5,47,7],"tags":[],"class_list":["post-38419","post","type-post","status-publish","format-standard","has-post-thumbnail","hentry","category-ac-lanester-56","category-circuit-des-jeunes","category-organisations"],"yoast_head":"<!-- This site is optimized with the Yoast SEO plugin v27.5 - https:\/\/yoast.com\/product\/yoast-seo-wordpress\/ -->\n<title>6\u00e8me Circuit des Jeunes - Remerciements - Avenir Cycliste Lanester 56<\/title>\n<meta name=\"robots\" content=\"index, follow, max-snippet:-1, max-image-preview:large, max-video-preview:-1\" \/>\n<link rel=\"canonical\" href=\"https:\/\/www.aclanester56.com\/velo\/6eme-circuit-des-jeunes-remerciements\/\" \/>\n<meta property=\"og:locale\" content=\"fr_FR\" \/>\n<meta property=\"og:type\" content=\"article\" \/>\n<meta property=\"og:title\" content=\"6\u00e8me Circuit des Jeunes - Remerciements - Avenir Cycliste Lanester 56\" \/>\n<meta property=\"og:url\" content=\"https:\/\/www.aclanester56.com\/velo\/6eme-circuit-des-jeunes-remerciements\/\" \/>\n<meta property=\"og:site_name\" content=\"Avenir Cycliste Lanester 56\" \/>\n<meta property=\"article:publisher\" content=\"https:\/\/www.facebook.com\/pages\/AC-Lanester-56\/190286300991242?fref=ts\" \/>\n<meta property=\"article:published_time\" content=\"2018-04-24T10:15:43+00:00\" \/>\n<meta property=\"article:modified_time\" content=\"2018-04-24T10:19:31+00:00\" \/>\n<meta property=\"og:image\" content=\"https:\/\/www.aclanester56.com\/velo\/wp-content\/uploads\/2018\/04\/CDJ2018-MERCI-Copie-1.png\" \/>\n\t<meta property=\"og:image:width\" content=\"900\" \/>\n\t<meta property=\"og:image:height\" content=\"480\" \/>\n\t<meta property=\"og:image:type\" content=\"image\/png\" \/>\n<meta name=\"author\" content=\"Jean-Christophe\" \/>\n<meta name=\"twitter:label1\" content=\"\u00c9crit par\" \/>\n\t<meta name=\"twitter:data1\" content=\"Jean-Christophe\" \/>\n\t<meta name=\"twitter:label2\" content=\"Dur\u00e9e de lecture estim\u00e9e\" \/>\n\t<meta name=\"twitter:data2\" content=\"1 minute\" \/>\n<script type=\"application\/ld+json\" class=\"yoast-schema-graph\">{\"@context\":\"https:\\\/\\\/schema.org\",\"@graph\":[{\"@type\":\"Article\",\"@id\":\"https:\\\/\\\/www.aclanester56.com\\\/velo\\\/6eme-circuit-des-jeunes-remerciements\\\/#article\",\"isPartOf\":{\"@id\":\"https:\\\/\\\/www.aclanester56.com\\\/velo\\\/6eme-circuit-des-jeunes-remerciements\\\/\"},\"author\":{\"name\":\"Jean-Christophe\",\"@id\":\"https:\\\/\\\/www.aclanester56.com\\\/velo\\\/#\\\/schema\\\/person\\\/ca2a44a5fd969e9dd846c72d3b33bc01\"},\"headline\":\"6\u00e8me Circuit des Jeunes &#8211; Remerciements\",\"datePublished\":\"2018-04-24T10:15:43+00:00\",\"dateModified\":\"2018-04-24T10:19:31+00:00\",\"mainEntityOfPage\":{\"@id\":\"https:\\\/\\\/www.aclanester56.com\\\/velo\\\/6eme-circuit-des-jeunes-remerciements\\\/\"},\"wordCount\":192,\"commentCount\":0,\"publisher\":{\"@id\":\"https:\\\/\\\/www.aclanester56.com\\\/velo\\\/#organization\"},\"image\":{\"@id\":\"https:\\\/\\\/www.aclanester56.com\\\/velo\\\/6eme-circuit-des-jeunes-remerciements\\\/#primaryimage\"},\"thumbnailUrl\":\"https:\\\/\\\/www.aclanester56.com\\\/velo\\\/wp-content\\\/uploads\\\/2018\\\/04\\\/CDJ2018-MERCI-Copie-1.png\",\"articleSection\":[\"AC LANESTER 56\",\"Le circuit des Jeunes\",\"Les organisations\"],\"inLanguage\":\"fr-FR\",\"potentialAction\":[{\"@type\":\"CommentAction\",\"name\":\"Comment\",\"target\":[\"https:\\\/\\\/www.aclanester56.com\\\/velo\\\/6eme-circuit-des-jeunes-remerciements\\\/#respond\"]}]},{\"@type\":\"WebPage\",\"@id\":\"https:\\\/\\\/www.aclanester56.com\\\/velo\\\/6eme-circuit-des-jeunes-remerciements\\\/\",\"url\":\"https:\\\/\\\/www.aclanester56.com\\\/velo\\\/6eme-circuit-des-jeunes-remerciements\\\/\",\"name\":\"6\u00e8me Circuit des Jeunes - Remerciements - Avenir Cycliste Lanester 56\",\"isPartOf\":{\"@id\":\"https:\\\/\\\/www.aclanester56.com\\\/velo\\\/#website\"},\"primaryImageOfPage\":{\"@id\":\"https:\\\/\\\/www.aclanester56.com\\\/velo\\\/6eme-circuit-des-jeunes-remerciements\\\/#primaryimage\"},\"image\":{\"@id\":\"https:\\\/\\\/www.aclanester56.com\\\/velo\\\/6eme-circuit-des-jeunes-remerciements\\\/#primaryimage\"},\"thumbnailUrl\":\"https:\\\/\\\/www.aclanester56.com\\\/velo\\\/wp-content\\\/uploads\\\/2018\\\/04\\\/CDJ2018-MERCI-Copie-1.png\",\"datePublished\":\"2018-04-24T10:15:43+00:00\",\"dateModified\":\"2018-04-24T10:19:31+00:00\",\"inLanguage\":\"fr-FR\",\"potentialAction\":[{\"@type\":\"ReadAction\",\"target\":[\"https:\\\/\\\/www.aclanester56.com\\\/velo\\\/6eme-circuit-des-jeunes-remerciements\\\/\"]}]},{\"@type\":\"ImageObject\",\"inLanguage\":\"fr-FR\",\"@id\":\"https:\\\/\\\/www.aclanester56.com\\\/velo\\\/6eme-circuit-des-jeunes-remerciements\\\/#primaryimage\",\"url\":\"https:\\\/\\\/www.aclanester56.com\\\/velo\\\/wp-content\\\/uploads\\\/2018\\\/04\\\/CDJ2018-MERCI-Copie-1.png\",\"contentUrl\":\"https:\\\/\\\/www.aclanester56.com\\\/velo\\\/wp-content\\\/uploads\\\/2018\\\/04\\\/CDJ2018-MERCI-Copie-1.png\",\"width\":900,\"height\":480},{\"@type\":\"WebSite\",\"@id\":\"https:\\\/\\\/www.aclanester56.com\\\/velo\\\/#website\",\"url\":\"https:\\\/\\\/www.aclanester56.com\\\/velo\\\/\",\"name\":\"Avenir Cycliste Lanester 56\",\"description\":\"Club cycliste de l&#039;AC LANESTER 56\",\"publisher\":{\"@id\":\"https:\\\/\\\/www.aclanester56.com\\\/velo\\\/#organization\"},\"potentialAction\":[{\"@type\":\"SearchAction\",\"target\":{\"@type\":\"EntryPoint\",\"urlTemplate\":\"https:\\\/\\\/www.aclanester56.com\\\/velo\\\/?s={search_term_string}\"},\"query-input\":{\"@type\":\"PropertyValueSpecification\",\"valueRequired\":true,\"valueName\":\"search_term_string\"}}],\"inLanguage\":\"fr-FR\"},{\"@type\":\"Organization\",\"@id\":\"https:\\\/\\\/www.aclanester56.com\\\/velo\\\/#organization\",\"name\":\"Avenir Cycliste Lanester 56\",\"url\":\"https:\\\/\\\/www.aclanester56.com\\\/velo\\\/\",\"logo\":{\"@type\":\"ImageObject\",\"inLanguage\":\"fr-FR\",\"@id\":\"https:\\\/\\\/www.aclanester56.com\\\/velo\\\/#\\\/schema\\\/logo\\\/image\\\/\",\"url\":\"https:\\\/\\\/www.aclanester56.com\\\/velo\\\/wp-content\\\/uploads\\\/2013\\\/04\\\/logo-ACL.jpg\",\"contentUrl\":\"https:\\\/\\\/www.aclanester56.com\\\/velo\\\/wp-content\\\/uploads\\\/2013\\\/04\\\/logo-ACL.jpg\",\"width\":400,\"height\":334,\"caption\":\"Avenir Cycliste Lanester 56\"},\"image\":{\"@id\":\"https:\\\/\\\/www.aclanester56.com\\\/velo\\\/#\\\/schema\\\/logo\\\/image\\\/\"},\"sameAs\":[\"https:\\\/\\\/www.facebook.com\\\/pages\\\/AC-Lanester-56\\\/190286300991242?fref=ts\"]},{\"@type\":\"Person\",\"@id\":\"https:\\\/\\\/www.aclanester56.com\\\/velo\\\/#\\\/schema\\\/person\\\/ca2a44a5fd969e9dd846c72d3b33bc01\",\"name\":\"Jean-Christophe\",\"url\":\"https:\\\/\\\/www.aclanester56.com\\\/velo\\\/author\\\/jeanchristophe\\\/\"}]}<\/script>\n<!-- \/ Yoast SEO plugin. -->","yoast_head_json":{"title":"6\u00e8me Circuit des Jeunes - Remerciements - Avenir Cycliste Lanester 56","robots":{"index":"index","follow":"follow","max-snippet":"max-snippet:-1","max-image-preview":"max-image-preview:large","max-video-preview":"max-video-preview:-1"},"canonical":"https:\/\/www.aclanester56.com\/velo\/6eme-circuit-des-jeunes-remerciements\/","og_locale":"fr_FR","og_type":"article","og_title":"6\u00e8me Circuit des Jeunes - Remerciements - Avenir Cycliste Lanester 56","og_url":"https:\/\/www.aclanester56.com\/velo\/6eme-circuit-des-jeunes-remerciements\/","og_site_name":"Avenir Cycliste Lanester 56","article_publisher":"https:\/\/www.facebook.com\/pages\/AC-Lanester-56\/190286300991242?fref=ts","article_published_time":"2018-04-24T10:15:43+00:00","article_modified_time":"2018-04-24T10:19:31+00:00","og_image":[{"width":900,"height":480,"url":"https:\/\/www.aclanester56.com\/velo\/wp-content\/uploads\/2018\/04\/CDJ2018-MERCI-Copie-1.png","type":"image\/png"}],"author":"Jean-Christophe","twitter_misc":{"\u00c9crit par":"Jean-Christophe","Dur\u00e9e de lecture estim\u00e9e":"1 minute"},"schema":{"@context":"https:\/\/schema.org","@graph":[{"@type":"Article","@id":"https:\/\/www.aclanester56.com\/velo\/6eme-circuit-des-jeunes-remerciements\/#article","isPartOf":{"@id":"https:\/\/www.aclanester56.com\/velo\/6eme-circuit-des-jeunes-remerciements\/"},"author":{"name":"Jean-Christophe","@id":"https:\/\/www.aclanester56.com\/velo\/#\/schema\/person\/ca2a44a5fd969e9dd846c72d3b33bc01"},"headline":"6\u00e8me Circuit des Jeunes &#8211; Remerciements","datePublished":"2018-04-24T10:15:43+00:00","dateModified":"2018-04-24T10:19:31+00:00","mainEntityOfPage":{"@id":"https:\/\/www.aclanester56.com\/velo\/6eme-circuit-des-jeunes-remerciements\/"},"wordCount":192,"commentCount":0,"publisher":{"@id":"https:\/\/www.aclanester56.com\/velo\/#organization"},"image":{"@id":"https:\/\/www.aclanester56.com\/velo\/6eme-circuit-des-jeunes-remerciements\/#primaryimage"},"thumbnailUrl":"https:\/\/www.aclanester56.com\/velo\/wp-content\/uploads\/2018\/04\/CDJ2018-MERCI-Copie-1.png","articleSection":["AC LANESTER 56","Le circuit des Jeunes","Les organisations"],"inLanguage":"fr-FR","potentialAction":[{"@type":"CommentAction","name":"Comment","target":["https:\/\/www.aclanester56.com\/velo\/6eme-circuit-des-jeunes-remerciements\/#respond"]}]},{"@type":"WebPage","@id":"https:\/\/www.aclanester56.com\/velo\/6eme-circuit-des-jeunes-remerciements\/","url":"https:\/\/www.aclanester56.com\/velo\/6eme-circuit-des-jeunes-remerciements\/","name":"6\u00e8me Circuit des Jeunes - Remerciements - Avenir Cycliste Lanester 56","isPartOf":{"@id":"https:\/\/www.aclanester56.com\/velo\/#website"},"primaryImageOfPage":{"@id":"https:\/\/www.aclanester56.com\/velo\/6eme-circuit-des-jeunes-remerciements\/#primaryimage"},"image":{"@id":"https:\/\/www.aclanester56.com\/velo\/6eme-circuit-des-jeunes-remerciements\/#primaryimage"},"thumbnailUrl":"https:\/\/www.aclanester56.com\/velo\/wp-content\/uploads\/2018\/04\/CDJ2018-MERCI-Copie-1.png","datePublished":"2018-04-24T10:15:43+00:00","dateModified":"2018-04-24T10:19:31+00:00","inLanguage":"fr-FR","potentialAction":[{"@type":"ReadAction","target":["https:\/\/www.aclanester56.com\/velo\/6eme-circuit-des-jeunes-remerciements\/"]}]},{"@type":"ImageObject","inLanguage":"fr-FR","@id":"https:\/\/www.aclanester56.com\/velo\/6eme-circuit-des-jeunes-remerciements\/#primaryimage","url":"https:\/\/www.aclanester56.com\/velo\/wp-content\/uploads\/2018\/04\/CDJ2018-MERCI-Copie-1.png","contentUrl":"https:\/\/www.aclanester56.com\/velo\/wp-content\/uploads\/2018\/04\/CDJ2018-MERCI-Copie-1.png","width":900,"height":480},{"@type":"WebSite","@id":"https:\/\/www.aclanester56.com\/velo\/#website","url":"https:\/\/www.aclanester56.com\/velo\/","name":"Avenir Cycliste Lanester 56","description":"Club cycliste de l&#039;AC LANESTER 56","publisher":{"@id":"https:\/\/www.aclanester56.com\/velo\/#organization"},"potentialAction":[{"@type":"SearchAction","target":{"@type":"EntryPoint","urlTemplate":"https:\/\/www.aclanester56.com\/velo\/?s={search_term_string}"},"query-input":{"@type":"PropertyValueSpecification","valueRequired":true,"valueName":"search_term_string"}}],"inLanguage":"fr-FR"},{"@type":"Organization","@id":"https:\/\/www.aclanester56.com\/velo\/#organization","name":"Avenir Cycliste Lanester 56","url":"https:\/\/www.aclanester56.com\/velo\/","logo":{"@type":"ImageObject","inLanguage":"fr-FR","@id":"https:\/\/www.aclanester56.com\/velo\/#\/schema\/logo\/image\/","url":"https:\/\/www.aclanester56.com\/velo\/wp-content\/uploads\/2013\/04\/logo-ACL.jpg","contentUrl":"https:\/\/www.aclanester56.com\/velo\/wp-content\/uploads\/2013\/04\/logo-ACL.jpg","width":400,"height":334,"caption":"Avenir Cycliste Lanester 56"},"image":{"@id":"https:\/\/www.aclanester56.com\/velo\/#\/schema\/logo\/image\/"},"sameAs":["https:\/\/www.facebook.com\/pages\/AC-Lanester-56\/190286300991242?fref=ts"]},{"@type":"Person","@id":"https:\/\/www.aclanester56.com\/velo\/#\/schema\/person\/ca2a44a5fd969e9dd846c72d3b33bc01","name":"Jean-Christophe","url":"https:\/\/www.aclanester56.com\/velo\/author\/jeanchristophe\/"}]}},"_links":{"self":[{"href":"https:\/\/www.aclanester56.com\/velo\/wp-json\/wp\/v2\/posts\/38419","targetHints":{"allow":["GET"]}}],"collection":[{"href":"https:\/\/www.aclanester56.com\/velo\/wp-json\/wp\/v2\/posts"}],"about":[{"href":"https:\/\/www.aclanester56.com\/velo\/wp-json\/wp\/v2\/types\/post"}],"author":[{"embeddable":true,"href":"https:\/\/www.aclanester56.com\/velo\/wp-json\/wp\/v2\/users\/14"}],"replies":[{"embeddable":true,"href":"https:\/\/www.aclanester56.com\/velo\/wp-json\/wp\/v2\/comments?post=38419"}],"version-history":[{"count":2,"href":"https:\/\/www.aclanester56.com\/velo\/wp-json\/wp\/v2\/posts\/38419\/revisions"}],"predecessor-version":[{"id":38423,"href":"https:\/\/www.aclanester56.com\/velo\/wp-json\/wp\/v2\/posts\/38419\/revisions\/38423"}],"wp:featuredmedia":[{"embeddable":true,"href":"https:\/\/www.aclanester56.com\/velo\/wp-json\/wp\/v2\/media\/38422"}],"wp:attachment":[{"href":"https:\/\/www.aclanester56.com\/velo\/wp-json\/wp\/v2\/media?parent=38419"}],"wp:term":[{"taxonomy":"category","embeddable":true,"href":"https:\/\/www.aclanester56.com\/velo\/wp-json\/wp\/v2\/categories?post=38419"},{"taxonomy":"post_tag","embeddable":true,"href":"https:\/\/www.aclanester56.com\/velo\/wp-json\/wp\/v2\/tags?post=38419"}],"curies":[{"name":"wp","href":"https:\/\/api.w.org\/{rel}","templated":true}]}}