{"id":38553,"date":"2018-05-24T10:17:31","date_gmt":"2018-05-24T08:17:31","guid":{"rendered":"https:\/\/www.aclanester56.com\/velo\/?p=38553"},"modified":"2018-05-24T10:20:21","modified_gmt":"2018-05-24T08:20:21","slug":"a-la-rencontre-de-warren-et-des-professionnels-de-lequipe-fortuneo-samsic","status":"publish","type":"post","link":"https:\/\/www.aclanester56.com\/velo\/a-la-rencontre-de-warren-et-des-professionnels-de-lequipe-fortuneo-samsic\/","title":{"rendered":"A la rencontre de Warren et des professionnels de l&rsquo;\u00e9quipe Fortun\u00e9o-Samsic&#8230;"},"content":{"rendered":"<p><!--more--><\/p>\n<p style=\"text-align: justify;\">Ce mercredi 23 mai , une partie de l&rsquo;\u00e9quipe Fortun\u00e9o-Samsic est venue \u00e0 la rencontre des \u00e9coles de cyclisme du Morbihan. Plusieurs jeunes de l&rsquo;AC Lanester 56 ont r\u00e9pondu pr\u00e9sents \u00e0 l&rsquo;invitation de l&rsquo;\u00e9quipe professionnelle.<\/p>\n<p style=\"text-align: justify;\">Quelques photos de cette belle apr\u00e8s-midi (Merci \u00e0 la famille Cougoulat pour les photos) ci-dessous. D&rsquo;autres photos d&rsquo;Anne-Laure Le Terrien sont \u00e9galement partag\u00e9es sur <a href=\"https:\/\/fr-fr.facebook.com\/aclanester56\/\" target=\"_blank\" rel=\"noopener\">notre page Facebook<\/a>.<\/p>\n<p>&nbsp;<\/p>\nngg_shortcode_0_placeholder\n<p>&nbsp;<\/p>\n","protected":false},"excerpt":{"rendered":"","protected":false},"author":2,"featured_media":38554,"comment_status":"open","ping_status":"open","sticky":false,"template":"","format":"standard","meta":{"ngg_post_thumbnail":0,"footnotes":""},"categories":[5],"tags":[],"class_list":["post-38553","post","type-post","status-publish","format-standard","has-post-thumbnail","hentry","category-ac-lanester-56"],"yoast_head":"<!-- This site is optimized with the Yoast SEO plugin v27.5 - https:\/\/yoast.com\/product\/yoast-seo-wordpress\/ -->\n<title>A la rencontre de Warren et des professionnels de l&#039;\u00e9quipe Fortun\u00e9o-Samsic... - Avenir Cycliste Lanester 56<\/title>\n<meta name=\"robots\" content=\"index, follow, max-snippet:-1, max-image-preview:large, max-video-preview:-1\" \/>\n<link rel=\"canonical\" href=\"https:\/\/www.aclanester56.com\/velo\/a-la-rencontre-de-warren-et-des-professionnels-de-lequipe-fortuneo-samsic\/\" \/>\n<meta property=\"og:locale\" content=\"fr_FR\" \/>\n<meta property=\"og:type\" content=\"article\" \/>\n<meta property=\"og:title\" content=\"A la rencontre de Warren et des professionnels de l&#039;\u00e9quipe Fortun\u00e9o-Samsic... - Avenir Cycliste Lanester 56\" \/>\n<meta property=\"og:url\" content=\"https:\/\/www.aclanester56.com\/velo\/a-la-rencontre-de-warren-et-des-professionnels-de-lequipe-fortuneo-samsic\/\" \/>\n<meta property=\"og:site_name\" content=\"Avenir Cycliste Lanester 56\" \/>\n<meta property=\"article:publisher\" content=\"https:\/\/www.facebook.com\/pages\/AC-Lanester-56\/190286300991242?fref=ts\" \/>\n<meta property=\"article:published_time\" content=\"2018-05-24T08:17:31+00:00\" \/>\n<meta property=\"article:modified_time\" content=\"2018-05-24T08:20:21+00:00\" \/>\n<meta property=\"og:image\" content=\"https:\/\/www.aclanester56.com\/velo\/wp-content\/uploads\/2018\/05\/aclanester56-locmine-04.jpg\" \/>\n\t<meta property=\"og:image:width\" content=\"552\" \/>\n\t<meta property=\"og:image:height\" content=\"368\" \/>\n\t<meta property=\"og:image:type\" content=\"image\/jpeg\" \/>\n<meta name=\"author\" content=\"stephane\" \/>\n<meta name=\"twitter:label1\" content=\"\u00c9crit par\" \/>\n\t<meta name=\"twitter:data1\" content=\"stephane\" \/>\n\t<meta name=\"twitter:label2\" content=\"Dur\u00e9e de lecture estim\u00e9e\" \/>\n\t<meta name=\"twitter:data2\" content=\"1 minute\" \/>\n<script type=\"application\/ld+json\" class=\"yoast-schema-graph\">{\"@context\":\"https:\\\/\\\/schema.org\",\"@graph\":[{\"@type\":\"Article\",\"@id\":\"https:\\\/\\\/www.aclanester56.com\\\/velo\\\/a-la-rencontre-de-warren-et-des-professionnels-de-lequipe-fortuneo-samsic\\\/#article\",\"isPartOf\":{\"@id\":\"https:\\\/\\\/www.aclanester56.com\\\/velo\\\/a-la-rencontre-de-warren-et-des-professionnels-de-lequipe-fortuneo-samsic\\\/\"},\"author\":{\"name\":\"stephane\",\"@id\":\"https:\\\/\\\/www.aclanester56.com\\\/velo\\\/#\\\/schema\\\/person\\\/c844661e64a578ca46639cb0ae764de6\"},\"headline\":\"A la rencontre de Warren et des professionnels de l&rsquo;\u00e9quipe Fortun\u00e9o-Samsic&#8230;\",\"datePublished\":\"2018-05-24T08:17:31+00:00\",\"dateModified\":\"2018-05-24T08:20:21+00:00\",\"mainEntityOfPage\":{\"@id\":\"https:\\\/\\\/www.aclanester56.com\\\/velo\\\/a-la-rencontre-de-warren-et-des-professionnels-de-lequipe-fortuneo-samsic\\\/\"},\"wordCount\":133,\"commentCount\":0,\"publisher\":{\"@id\":\"https:\\\/\\\/www.aclanester56.com\\\/velo\\\/#organization\"},\"image\":{\"@id\":\"https:\\\/\\\/www.aclanester56.com\\\/velo\\\/a-la-rencontre-de-warren-et-des-professionnels-de-lequipe-fortuneo-samsic\\\/#primaryimage\"},\"thumbnailUrl\":\"https:\\\/\\\/www.aclanester56.com\\\/velo\\\/wp-content\\\/uploads\\\/2018\\\/05\\\/aclanester56-locmine-04.jpg\",\"articleSection\":[\"AC LANESTER 56\"],\"inLanguage\":\"fr-FR\",\"potentialAction\":[{\"@type\":\"CommentAction\",\"name\":\"Comment\",\"target\":[\"https:\\\/\\\/www.aclanester56.com\\\/velo\\\/a-la-rencontre-de-warren-et-des-professionnels-de-lequipe-fortuneo-samsic\\\/#respond\"]}]},{\"@type\":\"WebPage\",\"@id\":\"https:\\\/\\\/www.aclanester56.com\\\/velo\\\/a-la-rencontre-de-warren-et-des-professionnels-de-lequipe-fortuneo-samsic\\\/\",\"url\":\"https:\\\/\\\/www.aclanester56.com\\\/velo\\\/a-la-rencontre-de-warren-et-des-professionnels-de-lequipe-fortuneo-samsic\\\/\",\"name\":\"A la rencontre de Warren et des professionnels de l'\u00e9quipe Fortun\u00e9o-Samsic... - Avenir Cycliste Lanester 56\",\"isPartOf\":{\"@id\":\"https:\\\/\\\/www.aclanester56.com\\\/velo\\\/#website\"},\"primaryImageOfPage\":{\"@id\":\"https:\\\/\\\/www.aclanester56.com\\\/velo\\\/a-la-rencontre-de-warren-et-des-professionnels-de-lequipe-fortuneo-samsic\\\/#primaryimage\"},\"image\":{\"@id\":\"https:\\\/\\\/www.aclanester56.com\\\/velo\\\/a-la-rencontre-de-warren-et-des-professionnels-de-lequipe-fortuneo-samsic\\\/#primaryimage\"},\"thumbnailUrl\":\"https:\\\/\\\/www.aclanester56.com\\\/velo\\\/wp-content\\\/uploads\\\/2018\\\/05\\\/aclanester56-locmine-04.jpg\",\"datePublished\":\"2018-05-24T08:17:31+00:00\",\"dateModified\":\"2018-05-24T08:20:21+00:00\",\"inLanguage\":\"fr-FR\",\"potentialAction\":[{\"@type\":\"ReadAction\",\"target\":[\"https:\\\/\\\/www.aclanester56.com\\\/velo\\\/a-la-rencontre-de-warren-et-des-professionnels-de-lequipe-fortuneo-samsic\\\/\"]}]},{\"@type\":\"ImageObject\",\"inLanguage\":\"fr-FR\",\"@id\":\"https:\\\/\\\/www.aclanester56.com\\\/velo\\\/a-la-rencontre-de-warren-et-des-professionnels-de-lequipe-fortuneo-samsic\\\/#primaryimage\",\"url\":\"https:\\\/\\\/www.aclanester56.com\\\/velo\\\/wp-content\\\/uploads\\\/2018\\\/05\\\/aclanester56-locmine-04.jpg\",\"contentUrl\":\"https:\\\/\\\/www.aclanester56.com\\\/velo\\\/wp-content\\\/uploads\\\/2018\\\/05\\\/aclanester56-locmine-04.jpg\",\"width\":552,\"height\":368},{\"@type\":\"WebSite\",\"@id\":\"https:\\\/\\\/www.aclanester56.com\\\/velo\\\/#website\",\"url\":\"https:\\\/\\\/www.aclanester56.com\\\/velo\\\/\",\"name\":\"Avenir Cycliste Lanester 56\",\"description\":\"Club cycliste de l&#039;AC LANESTER 56\",\"publisher\":{\"@id\":\"https:\\\/\\\/www.aclanester56.com\\\/velo\\\/#organization\"},\"potentialAction\":[{\"@type\":\"SearchAction\",\"target\":{\"@type\":\"EntryPoint\",\"urlTemplate\":\"https:\\\/\\\/www.aclanester56.com\\\/velo\\\/?s={search_term_string}\"},\"query-input\":{\"@type\":\"PropertyValueSpecification\",\"valueRequired\":true,\"valueName\":\"search_term_string\"}}],\"inLanguage\":\"fr-FR\"},{\"@type\":\"Organization\",\"@id\":\"https:\\\/\\\/www.aclanester56.com\\\/velo\\\/#organization\",\"name\":\"Avenir Cycliste Lanester 56\",\"url\":\"https:\\\/\\\/www.aclanester56.com\\\/velo\\\/\",\"logo\":{\"@type\":\"ImageObject\",\"inLanguage\":\"fr-FR\",\"@id\":\"https:\\\/\\\/www.aclanester56.com\\\/velo\\\/#\\\/schema\\\/logo\\\/image\\\/\",\"url\":\"https:\\\/\\\/www.aclanester56.com\\\/velo\\\/wp-content\\\/uploads\\\/2013\\\/04\\\/logo-ACL.jpg\",\"contentUrl\":\"https:\\\/\\\/www.aclanester56.com\\\/velo\\\/wp-content\\\/uploads\\\/2013\\\/04\\\/logo-ACL.jpg\",\"width\":400,\"height\":334,\"caption\":\"Avenir Cycliste Lanester 56\"},\"image\":{\"@id\":\"https:\\\/\\\/www.aclanester56.com\\\/velo\\\/#\\\/schema\\\/logo\\\/image\\\/\"},\"sameAs\":[\"https:\\\/\\\/www.facebook.com\\\/pages\\\/AC-Lanester-56\\\/190286300991242?fref=ts\"]},{\"@type\":\"Person\",\"@id\":\"https:\\\/\\\/www.aclanester56.com\\\/velo\\\/#\\\/schema\\\/person\\\/c844661e64a578ca46639cb0ae764de6\",\"name\":\"stephane\",\"url\":\"https:\\\/\\\/www.aclanester56.com\\\/velo\\\/author\\\/stephane\\\/\"}]}<\/script>\n<!-- \/ Yoast SEO plugin. -->","yoast_head_json":{"title":"A la rencontre de Warren et des professionnels de l'\u00e9quipe Fortun\u00e9o-Samsic... - Avenir Cycliste Lanester 56","robots":{"index":"index","follow":"follow","max-snippet":"max-snippet:-1","max-image-preview":"max-image-preview:large","max-video-preview":"max-video-preview:-1"},"canonical":"https:\/\/www.aclanester56.com\/velo\/a-la-rencontre-de-warren-et-des-professionnels-de-lequipe-fortuneo-samsic\/","og_locale":"fr_FR","og_type":"article","og_title":"A la rencontre de Warren et des professionnels de l'\u00e9quipe Fortun\u00e9o-Samsic... - Avenir Cycliste Lanester 56","og_url":"https:\/\/www.aclanester56.com\/velo\/a-la-rencontre-de-warren-et-des-professionnels-de-lequipe-fortuneo-samsic\/","og_site_name":"Avenir Cycliste Lanester 56","article_publisher":"https:\/\/www.facebook.com\/pages\/AC-Lanester-56\/190286300991242?fref=ts","article_published_time":"2018-05-24T08:17:31+00:00","article_modified_time":"2018-05-24T08:20:21+00:00","og_image":[{"width":552,"height":368,"url":"https:\/\/www.aclanester56.com\/velo\/wp-content\/uploads\/2018\/05\/aclanester56-locmine-04.jpg","type":"image\/jpeg"}],"author":"stephane","twitter_misc":{"\u00c9crit par":"stephane","Dur\u00e9e de lecture estim\u00e9e":"1 minute"},"schema":{"@context":"https:\/\/schema.org","@graph":[{"@type":"Article","@id":"https:\/\/www.aclanester56.com\/velo\/a-la-rencontre-de-warren-et-des-professionnels-de-lequipe-fortuneo-samsic\/#article","isPartOf":{"@id":"https:\/\/www.aclanester56.com\/velo\/a-la-rencontre-de-warren-et-des-professionnels-de-lequipe-fortuneo-samsic\/"},"author":{"name":"stephane","@id":"https:\/\/www.aclanester56.com\/velo\/#\/schema\/person\/c844661e64a578ca46639cb0ae764de6"},"headline":"A la rencontre de Warren et des professionnels de l&rsquo;\u00e9quipe Fortun\u00e9o-Samsic&#8230;","datePublished":"2018-05-24T08:17:31+00:00","dateModified":"2018-05-24T08:20:21+00:00","mainEntityOfPage":{"@id":"https:\/\/www.aclanester56.com\/velo\/a-la-rencontre-de-warren-et-des-professionnels-de-lequipe-fortuneo-samsic\/"},"wordCount":133,"commentCount":0,"publisher":{"@id":"https:\/\/www.aclanester56.com\/velo\/#organization"},"image":{"@id":"https:\/\/www.aclanester56.com\/velo\/a-la-rencontre-de-warren-et-des-professionnels-de-lequipe-fortuneo-samsic\/#primaryimage"},"thumbnailUrl":"https:\/\/www.aclanester56.com\/velo\/wp-content\/uploads\/2018\/05\/aclanester56-locmine-04.jpg","articleSection":["AC LANESTER 56"],"inLanguage":"fr-FR","potentialAction":[{"@type":"CommentAction","name":"Comment","target":["https:\/\/www.aclanester56.com\/velo\/a-la-rencontre-de-warren-et-des-professionnels-de-lequipe-fortuneo-samsic\/#respond"]}]},{"@type":"WebPage","@id":"https:\/\/www.aclanester56.com\/velo\/a-la-rencontre-de-warren-et-des-professionnels-de-lequipe-fortuneo-samsic\/","url":"https:\/\/www.aclanester56.com\/velo\/a-la-rencontre-de-warren-et-des-professionnels-de-lequipe-fortuneo-samsic\/","name":"A la rencontre de Warren et des professionnels de l'\u00e9quipe Fortun\u00e9o-Samsic... - Avenir Cycliste Lanester 56","isPartOf":{"@id":"https:\/\/www.aclanester56.com\/velo\/#website"},"primaryImageOfPage":{"@id":"https:\/\/www.aclanester56.com\/velo\/a-la-rencontre-de-warren-et-des-professionnels-de-lequipe-fortuneo-samsic\/#primaryimage"},"image":{"@id":"https:\/\/www.aclanester56.com\/velo\/a-la-rencontre-de-warren-et-des-professionnels-de-lequipe-fortuneo-samsic\/#primaryimage"},"thumbnailUrl":"https:\/\/www.aclanester56.com\/velo\/wp-content\/uploads\/2018\/05\/aclanester56-locmine-04.jpg","datePublished":"2018-05-24T08:17:31+00:00","dateModified":"2018-05-24T08:20:21+00:00","inLanguage":"fr-FR","potentialAction":[{"@type":"ReadAction","target":["https:\/\/www.aclanester56.com\/velo\/a-la-rencontre-de-warren-et-des-professionnels-de-lequipe-fortuneo-samsic\/"]}]},{"@type":"ImageObject","inLanguage":"fr-FR","@id":"https:\/\/www.aclanester56.com\/velo\/a-la-rencontre-de-warren-et-des-professionnels-de-lequipe-fortuneo-samsic\/#primaryimage","url":"https:\/\/www.aclanester56.com\/velo\/wp-content\/uploads\/2018\/05\/aclanester56-locmine-04.jpg","contentUrl":"https:\/\/www.aclanester56.com\/velo\/wp-content\/uploads\/2018\/05\/aclanester56-locmine-04.jpg","width":552,"height":368},{"@type":"WebSite","@id":"https:\/\/www.aclanester56.com\/velo\/#website","url":"https:\/\/www.aclanester56.com\/velo\/","name":"Avenir Cycliste Lanester 56","description":"Club cycliste de l&#039;AC LANESTER 56","publisher":{"@id":"https:\/\/www.aclanester56.com\/velo\/#organization"},"potentialAction":[{"@type":"SearchAction","target":{"@type":"EntryPoint","urlTemplate":"https:\/\/www.aclanester56.com\/velo\/?s={search_term_string}"},"query-input":{"@type":"PropertyValueSpecification","valueRequired":true,"valueName":"search_term_string"}}],"inLanguage":"fr-FR"},{"@type":"Organization","@id":"https:\/\/www.aclanester56.com\/velo\/#organization","name":"Avenir Cycliste Lanester 56","url":"https:\/\/www.aclanester56.com\/velo\/","logo":{"@type":"ImageObject","inLanguage":"fr-FR","@id":"https:\/\/www.aclanester56.com\/velo\/#\/schema\/logo\/image\/","url":"https:\/\/www.aclanester56.com\/velo\/wp-content\/uploads\/2013\/04\/logo-ACL.jpg","contentUrl":"https:\/\/www.aclanester56.com\/velo\/wp-content\/uploads\/2013\/04\/logo-ACL.jpg","width":400,"height":334,"caption":"Avenir Cycliste Lanester 56"},"image":{"@id":"https:\/\/www.aclanester56.com\/velo\/#\/schema\/logo\/image\/"},"sameAs":["https:\/\/www.facebook.com\/pages\/AC-Lanester-56\/190286300991242?fref=ts"]},{"@type":"Person","@id":"https:\/\/www.aclanester56.com\/velo\/#\/schema\/person\/c844661e64a578ca46639cb0ae764de6","name":"stephane","url":"https:\/\/www.aclanester56.com\/velo\/author\/stephane\/"}]}},"_links":{"self":[{"href":"https:\/\/www.aclanester56.com\/velo\/wp-json\/wp\/v2\/posts\/38553","targetHints":{"allow":["GET"]}}],"collection":[{"href":"https:\/\/www.aclanester56.com\/velo\/wp-json\/wp\/v2\/posts"}],"about":[{"href":"https:\/\/www.aclanester56.com\/velo\/wp-json\/wp\/v2\/types\/post"}],"author":[{"embeddable":true,"href":"https:\/\/www.aclanester56.com\/velo\/wp-json\/wp\/v2\/users\/2"}],"replies":[{"embeddable":true,"href":"https:\/\/www.aclanester56.com\/velo\/wp-json\/wp\/v2\/comments?post=38553"}],"version-history":[{"count":3,"href":"https:\/\/www.aclanester56.com\/velo\/wp-json\/wp\/v2\/posts\/38553\/revisions"}],"predecessor-version":[{"id":38562,"href":"https:\/\/www.aclanester56.com\/velo\/wp-json\/wp\/v2\/posts\/38553\/revisions\/38562"}],"wp:featuredmedia":[{"embeddable":true,"href":"https:\/\/www.aclanester56.com\/velo\/wp-json\/wp\/v2\/media\/38554"}],"wp:attachment":[{"href":"https:\/\/www.aclanester56.com\/velo\/wp-json\/wp\/v2\/media?parent=38553"}],"wp:term":[{"taxonomy":"category","embeddable":true,"href":"https:\/\/www.aclanester56.com\/velo\/wp-json\/wp\/v2\/categories?post=38553"},{"taxonomy":"post_tag","embeddable":true,"href":"https:\/\/www.aclanester56.com\/velo\/wp-json\/wp\/v2\/tags?post=38553"}],"curies":[{"name":"wp","href":"https:\/\/api.w.org\/{rel}","templated":true}]}}