{"id":38741,"date":"2018-06-22T15:28:47","date_gmt":"2018-06-22T13:28:47","guid":{"rendered":"https:\/\/www.aclanester56.com\/velo\/?p=38741"},"modified":"2018-06-25T09:23:18","modified_gmt":"2018-06-25T07:23:18","slug":"27eme-edition-du-grand-prix-de-la-ville-de-lanester-le-27-juin-2018","status":"publish","type":"post","link":"https:\/\/www.aclanester56.com\/velo\/27eme-edition-du-grand-prix-de-la-ville-de-lanester-le-27-juin-2018\/","title":{"rendered":"27\u00e8me \u00e9dition du Grand Prix de la Ville de Lanester le 27 juin 2018 : Toutes les infos !"},"content":{"rendered":"<p><!--more--><\/p>\n<div>\n<div>La <strong>27\u00e8me \u00e9dition <\/strong>du traditionnel <strong>Grand Prix Cycliste de la Ville de Lanester<\/strong>, organis\u00e9 par l\u2019AC Lanester 56 du dynamique pr\u00e9sident St\u00e9phane Le Crom et son \u00e9quipe, se d\u00e9roulera le <strong>mercredi 27 juin 2018<\/strong>. Cette \u00e9preuve disput\u00e9e en semi-nocturne et ouverte aux coureurs de 1\u00e8re, 2\u00e8me, 3\u00e8me cat\u00e9gories, Juniors et PC Open, s\u2019annonce une nouvelle fois spectaculaire, tant par le niveau des coureurs attendus que par la distribution des primes qui sera importante.<\/div>\n<\/div>\n<p><span style=\"color: #ff6600;\"><strong>De belles r\u00e9compenses aux animateurs et vainqueurs !<\/strong><\/span><\/p>\n<div>Le d\u00e9part du 27\u00e8me Grand Prix de la Ville de Lanester sera donn\u00e9 le mercredi 27 juin 2018 \u00e0 <strong>19H30<\/strong>. Le peloton s\u2019\u00e9lancera alors pour <strong>99.2 Km <\/strong>(<strong>32 tours x 3.1 Km<\/strong>). L\u2019\u00e9preuve sera richement dot\u00e9e en&nbsp;prix, primes et lots, pris en charge par nos g\u00e9n\u00e9reux partenaires et qui seront distribu\u00e9s tout au long de l\u2019\u00e9preuve pour pimenter la course !<\/div>\n<p><span style=\"color: #ff6600;\"><strong>Une f\u00eate devenue incontournable \u00e0 Lanester !<\/strong><\/span><\/p>\n<div>Plus de <strong>80 b\u00e9n\u00e9voles <\/strong>seront \u00e0 l&rsquo;\u0153uvre ce mercredi pour \u0153uvrer \u00e0 la r\u00e9ussite de la manifestation. Un duo de speakers, Eric J\u00e9go et Antoine Michelin, sera \u00e0 la baguette pour animer ce crit\u00e9rium avec la verve qu\u2019on leur conna\u00eet et faire de cette soir\u00e9e une belle f\u00eate ! Des stands de restauration et de rafra\u00eechissement seront propos\u00e9s sur place.<strong> L\u2019entr\u00e9e est gratuite et libre pour tous<\/strong>.<\/div>\n<p><span style=\"color: #ff6600;\"><strong>Qui pour succ\u00e9der \u00e0 Piotr Zielinski ?<\/strong><\/span><\/p>\n<div>Parmi les coureurs engag\u00e9s, ils devraient \u00eatre <strong>plus de 120 participants <\/strong>\u00e0 pr\u00e9tendre \u00e0 remporter l&rsquo;\u00e9preuve, dont plusieurs coureurs \u00e9voluant en 1\u00e8re division nationale. Le gratin du haut niveau amateur sera l\u00e0, avec notamment le champion de France 2017 Espoirs de Cyclo-Cross Tony P\u00e9riou. L\u2019an pass\u00e9, c\u2019est&nbsp;Piotr Zielinski&nbsp;(VCP Lorient) qui s\u2019\u00e9tait impos\u00e9 \u00e0 l\u2019issue d\u2019une superbe partie de manivelles devant ses compagnons d\u2019\u00e9chapp\u00e9e&nbsp;Aur\u00e9lien Daniel&nbsp;(Team Pays de Dinan) 2\u00e8me et David Chopin&nbsp;(UC Bricquebec) 3\u00e8me. A qui le tour pour l\u2019\u00e9dition 2018 ? Rendez-vous mercredi 27 juin prochain sur <strong>l\u2019Avenue Fran\u00e7ois Mitterrand <\/strong>\u00e0 Lanester, face au magasin Netto,&nbsp;pour conna\u00eetre la r\u00e9ponse !<\/div>\n<div>&nbsp;<\/div>\n<div><span style=\"color: #ff6600;\"><strong>Le circuit<\/strong><\/span><\/div>\n<div>Le circuit emprunte les rues :<\/div>\n<blockquote>\n<div><strong>&#8211; Avenue Fran\u00e7ois Mitterrand<\/strong><\/div>\n<div><strong>&#8211; Rue Jules Guesde<\/strong><\/div>\n<div><strong>&#8211; Rue L\u00e9on Blum<\/strong><\/div>\n<div><strong>&#8211; Avenue Pr\u00e9sident Allende<\/strong><\/div>\n<\/blockquote>\n<div>Le <strong>stationnement <\/strong>sera r\u00e9glement\u00e9 sur le circuit par arr\u00eat\u00e9 \u00e0 partir de <strong>15H30<\/strong>. La <strong>circulation <\/strong>sera interdite \u00e0 partir de <strong>18H30<\/strong> sur le circuit en dehors des zones de traverse donn\u00e9es ci-apr\u00e8s.<\/div>\n<div>&nbsp;<\/div>\n<div>Les seuls points d&rsquo;entr\u00e9e&nbsp;pour rejoindre&nbsp;l&rsquo;int\u00e9rieur du circuit sont :<\/div>\n<blockquote>\n<div><strong>&#8211; l&rsquo;Avenue du G\u00e9n\u00e9ral de Gaulle depuis l&rsquo;Avenue du Colonel Fabien <\/strong><\/div>\n<div><strong>&#8211; l&rsquo;Avenue du G\u00e9n\u00e9ral de Gaulle depuis la rue Abb\u00e9 Langlo, <\/strong><\/div>\n<div><strong>&#8211; l&rsquo;Avenue du 8 mai 1945 vers la rue Jean Le Coutaller<\/strong><\/div>\n<\/blockquote>\n","protected":false},"excerpt":{"rendered":"","protected":false},"author":14,"featured_media":38742,"comment_status":"open","ping_status":"open","sticky":false,"template":"","format":"standard","meta":{"ngg_post_thumbnail":0,"footnotes":""},"categories":[5,9,7],"tags":[],"class_list":["post-38741","post","type-post","status-publish","format-standard","has-post-thumbnail","hentry","category-ac-lanester-56","category-gp-de-la-ville","category-organisations"],"yoast_head":"<!-- This site is optimized with the Yoast SEO plugin v27.5 - https:\/\/yoast.com\/product\/yoast-seo-wordpress\/ -->\n<title>27\u00e8me \u00e9dition du Grand Prix de la Ville de Lanester le 27 juin 2018 : Toutes les infos ! - Avenir Cycliste Lanester 56<\/title>\n<meta name=\"robots\" content=\"index, follow, max-snippet:-1, max-image-preview:large, max-video-preview:-1\" \/>\n<link rel=\"canonical\" href=\"https:\/\/www.aclanester56.com\/velo\/27eme-edition-du-grand-prix-de-la-ville-de-lanester-le-27-juin-2018\/\" \/>\n<meta property=\"og:locale\" content=\"fr_FR\" \/>\n<meta property=\"og:type\" content=\"article\" \/>\n<meta property=\"og:title\" content=\"27\u00e8me \u00e9dition du Grand Prix de la Ville de Lanester le 27 juin 2018 : Toutes les infos ! - Avenir Cycliste Lanester 56\" \/>\n<meta property=\"og:url\" content=\"https:\/\/www.aclanester56.com\/velo\/27eme-edition-du-grand-prix-de-la-ville-de-lanester-le-27-juin-2018\/\" \/>\n<meta property=\"og:site_name\" content=\"Avenir Cycliste Lanester 56\" \/>\n<meta property=\"article:publisher\" content=\"https:\/\/www.facebook.com\/pages\/AC-Lanester-56\/190286300991242?fref=ts\" \/>\n<meta property=\"article:published_time\" content=\"2018-06-22T13:28:47+00:00\" \/>\n<meta property=\"article:modified_time\" content=\"2018-06-25T07:23:18+00:00\" \/>\n<meta property=\"og:image\" content=\"https:\/\/www.aclanester56.com\/velo\/wp-content\/uploads\/2018\/06\/Evenement-Facebook-Copie.png\" \/>\n\t<meta property=\"og:image:width\" content=\"900\" \/>\n\t<meta property=\"og:image:height\" content=\"480\" \/>\n\t<meta property=\"og:image:type\" content=\"image\/png\" \/>\n<meta name=\"author\" content=\"Jean-Christophe\" \/>\n<meta name=\"twitter:label1\" content=\"\u00c9crit par\" \/>\n\t<meta name=\"twitter:data1\" content=\"Jean-Christophe\" \/>\n\t<meta name=\"twitter:label2\" content=\"Dur\u00e9e de lecture estim\u00e9e\" \/>\n\t<meta name=\"twitter:data2\" content=\"2 minutes\" \/>\n<script type=\"application\/ld+json\" class=\"yoast-schema-graph\">{\"@context\":\"https:\\\/\\\/schema.org\",\"@graph\":[{\"@type\":\"Article\",\"@id\":\"https:\\\/\\\/www.aclanester56.com\\\/velo\\\/27eme-edition-du-grand-prix-de-la-ville-de-lanester-le-27-juin-2018\\\/#article\",\"isPartOf\":{\"@id\":\"https:\\\/\\\/www.aclanester56.com\\\/velo\\\/27eme-edition-du-grand-prix-de-la-ville-de-lanester-le-27-juin-2018\\\/\"},\"author\":{\"name\":\"Jean-Christophe\",\"@id\":\"https:\\\/\\\/www.aclanester56.com\\\/velo\\\/#\\\/schema\\\/person\\\/ca2a44a5fd969e9dd846c72d3b33bc01\"},\"headline\":\"27\u00e8me \u00e9dition du Grand Prix de la Ville de Lanester le 27 juin 2018 : Toutes les infos !\",\"datePublished\":\"2018-06-22T13:28:47+00:00\",\"dateModified\":\"2018-06-25T07:23:18+00:00\",\"mainEntityOfPage\":{\"@id\":\"https:\\\/\\\/www.aclanester56.com\\\/velo\\\/27eme-edition-du-grand-prix-de-la-ville-de-lanester-le-27-juin-2018\\\/\"},\"wordCount\":483,\"commentCount\":0,\"publisher\":{\"@id\":\"https:\\\/\\\/www.aclanester56.com\\\/velo\\\/#organization\"},\"image\":{\"@id\":\"https:\\\/\\\/www.aclanester56.com\\\/velo\\\/27eme-edition-du-grand-prix-de-la-ville-de-lanester-le-27-juin-2018\\\/#primaryimage\"},\"thumbnailUrl\":\"https:\\\/\\\/www.aclanester56.com\\\/velo\\\/wp-content\\\/uploads\\\/2018\\\/06\\\/Evenement-Facebook-Copie.png\",\"articleSection\":[\"AC LANESTER 56\",\"Le GP de la Ville\",\"Les organisations\"],\"inLanguage\":\"fr-FR\",\"potentialAction\":[{\"@type\":\"CommentAction\",\"name\":\"Comment\",\"target\":[\"https:\\\/\\\/www.aclanester56.com\\\/velo\\\/27eme-edition-du-grand-prix-de-la-ville-de-lanester-le-27-juin-2018\\\/#respond\"]}]},{\"@type\":\"WebPage\",\"@id\":\"https:\\\/\\\/www.aclanester56.com\\\/velo\\\/27eme-edition-du-grand-prix-de-la-ville-de-lanester-le-27-juin-2018\\\/\",\"url\":\"https:\\\/\\\/www.aclanester56.com\\\/velo\\\/27eme-edition-du-grand-prix-de-la-ville-de-lanester-le-27-juin-2018\\\/\",\"name\":\"27\u00e8me \u00e9dition du Grand Prix de la Ville de Lanester le 27 juin 2018 : Toutes les infos ! - Avenir Cycliste Lanester 56\",\"isPartOf\":{\"@id\":\"https:\\\/\\\/www.aclanester56.com\\\/velo\\\/#website\"},\"primaryImageOfPage\":{\"@id\":\"https:\\\/\\\/www.aclanester56.com\\\/velo\\\/27eme-edition-du-grand-prix-de-la-ville-de-lanester-le-27-juin-2018\\\/#primaryimage\"},\"image\":{\"@id\":\"https:\\\/\\\/www.aclanester56.com\\\/velo\\\/27eme-edition-du-grand-prix-de-la-ville-de-lanester-le-27-juin-2018\\\/#primaryimage\"},\"thumbnailUrl\":\"https:\\\/\\\/www.aclanester56.com\\\/velo\\\/wp-content\\\/uploads\\\/2018\\\/06\\\/Evenement-Facebook-Copie.png\",\"datePublished\":\"2018-06-22T13:28:47+00:00\",\"dateModified\":\"2018-06-25T07:23:18+00:00\",\"inLanguage\":\"fr-FR\",\"potentialAction\":[{\"@type\":\"ReadAction\",\"target\":[\"https:\\\/\\\/www.aclanester56.com\\\/velo\\\/27eme-edition-du-grand-prix-de-la-ville-de-lanester-le-27-juin-2018\\\/\"]}]},{\"@type\":\"ImageObject\",\"inLanguage\":\"fr-FR\",\"@id\":\"https:\\\/\\\/www.aclanester56.com\\\/velo\\\/27eme-edition-du-grand-prix-de-la-ville-de-lanester-le-27-juin-2018\\\/#primaryimage\",\"url\":\"https:\\\/\\\/www.aclanester56.com\\\/velo\\\/wp-content\\\/uploads\\\/2018\\\/06\\\/Evenement-Facebook-Copie.png\",\"contentUrl\":\"https:\\\/\\\/www.aclanester56.com\\\/velo\\\/wp-content\\\/uploads\\\/2018\\\/06\\\/Evenement-Facebook-Copie.png\",\"width\":900,\"height\":480},{\"@type\":\"WebSite\",\"@id\":\"https:\\\/\\\/www.aclanester56.com\\\/velo\\\/#website\",\"url\":\"https:\\\/\\\/www.aclanester56.com\\\/velo\\\/\",\"name\":\"Avenir Cycliste Lanester 56\",\"description\":\"Club cycliste de l&#039;AC LANESTER 56\",\"publisher\":{\"@id\":\"https:\\\/\\\/www.aclanester56.com\\\/velo\\\/#organization\"},\"potentialAction\":[{\"@type\":\"SearchAction\",\"target\":{\"@type\":\"EntryPoint\",\"urlTemplate\":\"https:\\\/\\\/www.aclanester56.com\\\/velo\\\/?s={search_term_string}\"},\"query-input\":{\"@type\":\"PropertyValueSpecification\",\"valueRequired\":true,\"valueName\":\"search_term_string\"}}],\"inLanguage\":\"fr-FR\"},{\"@type\":\"Organization\",\"@id\":\"https:\\\/\\\/www.aclanester56.com\\\/velo\\\/#organization\",\"name\":\"Avenir Cycliste Lanester 56\",\"url\":\"https:\\\/\\\/www.aclanester56.com\\\/velo\\\/\",\"logo\":{\"@type\":\"ImageObject\",\"inLanguage\":\"fr-FR\",\"@id\":\"https:\\\/\\\/www.aclanester56.com\\\/velo\\\/#\\\/schema\\\/logo\\\/image\\\/\",\"url\":\"https:\\\/\\\/www.aclanester56.com\\\/velo\\\/wp-content\\\/uploads\\\/2013\\\/04\\\/logo-ACL.jpg\",\"contentUrl\":\"https:\\\/\\\/www.aclanester56.com\\\/velo\\\/wp-content\\\/uploads\\\/2013\\\/04\\\/logo-ACL.jpg\",\"width\":400,\"height\":334,\"caption\":\"Avenir Cycliste Lanester 56\"},\"image\":{\"@id\":\"https:\\\/\\\/www.aclanester56.com\\\/velo\\\/#\\\/schema\\\/logo\\\/image\\\/\"},\"sameAs\":[\"https:\\\/\\\/www.facebook.com\\\/pages\\\/AC-Lanester-56\\\/190286300991242?fref=ts\"]},{\"@type\":\"Person\",\"@id\":\"https:\\\/\\\/www.aclanester56.com\\\/velo\\\/#\\\/schema\\\/person\\\/ca2a44a5fd969e9dd846c72d3b33bc01\",\"name\":\"Jean-Christophe\",\"url\":\"https:\\\/\\\/www.aclanester56.com\\\/velo\\\/author\\\/jeanchristophe\\\/\"}]}<\/script>\n<!-- \/ Yoast SEO plugin. -->","yoast_head_json":{"title":"27\u00e8me \u00e9dition du Grand Prix de la Ville de Lanester le 27 juin 2018 : Toutes les infos ! - Avenir Cycliste Lanester 56","robots":{"index":"index","follow":"follow","max-snippet":"max-snippet:-1","max-image-preview":"max-image-preview:large","max-video-preview":"max-video-preview:-1"},"canonical":"https:\/\/www.aclanester56.com\/velo\/27eme-edition-du-grand-prix-de-la-ville-de-lanester-le-27-juin-2018\/","og_locale":"fr_FR","og_type":"article","og_title":"27\u00e8me \u00e9dition du Grand Prix de la Ville de Lanester le 27 juin 2018 : Toutes les infos ! - Avenir Cycliste Lanester 56","og_url":"https:\/\/www.aclanester56.com\/velo\/27eme-edition-du-grand-prix-de-la-ville-de-lanester-le-27-juin-2018\/","og_site_name":"Avenir Cycliste Lanester 56","article_publisher":"https:\/\/www.facebook.com\/pages\/AC-Lanester-56\/190286300991242?fref=ts","article_published_time":"2018-06-22T13:28:47+00:00","article_modified_time":"2018-06-25T07:23:18+00:00","og_image":[{"width":900,"height":480,"url":"https:\/\/www.aclanester56.com\/velo\/wp-content\/uploads\/2018\/06\/Evenement-Facebook-Copie.png","type":"image\/png"}],"author":"Jean-Christophe","twitter_misc":{"\u00c9crit par":"Jean-Christophe","Dur\u00e9e de lecture estim\u00e9e":"2 minutes"},"schema":{"@context":"https:\/\/schema.org","@graph":[{"@type":"Article","@id":"https:\/\/www.aclanester56.com\/velo\/27eme-edition-du-grand-prix-de-la-ville-de-lanester-le-27-juin-2018\/#article","isPartOf":{"@id":"https:\/\/www.aclanester56.com\/velo\/27eme-edition-du-grand-prix-de-la-ville-de-lanester-le-27-juin-2018\/"},"author":{"name":"Jean-Christophe","@id":"https:\/\/www.aclanester56.com\/velo\/#\/schema\/person\/ca2a44a5fd969e9dd846c72d3b33bc01"},"headline":"27\u00e8me \u00e9dition du Grand Prix de la Ville de Lanester le 27 juin 2018 : Toutes les infos !","datePublished":"2018-06-22T13:28:47+00:00","dateModified":"2018-06-25T07:23:18+00:00","mainEntityOfPage":{"@id":"https:\/\/www.aclanester56.com\/velo\/27eme-edition-du-grand-prix-de-la-ville-de-lanester-le-27-juin-2018\/"},"wordCount":483,"commentCount":0,"publisher":{"@id":"https:\/\/www.aclanester56.com\/velo\/#organization"},"image":{"@id":"https:\/\/www.aclanester56.com\/velo\/27eme-edition-du-grand-prix-de-la-ville-de-lanester-le-27-juin-2018\/#primaryimage"},"thumbnailUrl":"https:\/\/www.aclanester56.com\/velo\/wp-content\/uploads\/2018\/06\/Evenement-Facebook-Copie.png","articleSection":["AC LANESTER 56","Le GP de la Ville","Les organisations"],"inLanguage":"fr-FR","potentialAction":[{"@type":"CommentAction","name":"Comment","target":["https:\/\/www.aclanester56.com\/velo\/27eme-edition-du-grand-prix-de-la-ville-de-lanester-le-27-juin-2018\/#respond"]}]},{"@type":"WebPage","@id":"https:\/\/www.aclanester56.com\/velo\/27eme-edition-du-grand-prix-de-la-ville-de-lanester-le-27-juin-2018\/","url":"https:\/\/www.aclanester56.com\/velo\/27eme-edition-du-grand-prix-de-la-ville-de-lanester-le-27-juin-2018\/","name":"27\u00e8me \u00e9dition du Grand Prix de la Ville de Lanester le 27 juin 2018 : Toutes les infos ! - Avenir Cycliste Lanester 56","isPartOf":{"@id":"https:\/\/www.aclanester56.com\/velo\/#website"},"primaryImageOfPage":{"@id":"https:\/\/www.aclanester56.com\/velo\/27eme-edition-du-grand-prix-de-la-ville-de-lanester-le-27-juin-2018\/#primaryimage"},"image":{"@id":"https:\/\/www.aclanester56.com\/velo\/27eme-edition-du-grand-prix-de-la-ville-de-lanester-le-27-juin-2018\/#primaryimage"},"thumbnailUrl":"https:\/\/www.aclanester56.com\/velo\/wp-content\/uploads\/2018\/06\/Evenement-Facebook-Copie.png","datePublished":"2018-06-22T13:28:47+00:00","dateModified":"2018-06-25T07:23:18+00:00","inLanguage":"fr-FR","potentialAction":[{"@type":"ReadAction","target":["https:\/\/www.aclanester56.com\/velo\/27eme-edition-du-grand-prix-de-la-ville-de-lanester-le-27-juin-2018\/"]}]},{"@type":"ImageObject","inLanguage":"fr-FR","@id":"https:\/\/www.aclanester56.com\/velo\/27eme-edition-du-grand-prix-de-la-ville-de-lanester-le-27-juin-2018\/#primaryimage","url":"https:\/\/www.aclanester56.com\/velo\/wp-content\/uploads\/2018\/06\/Evenement-Facebook-Copie.png","contentUrl":"https:\/\/www.aclanester56.com\/velo\/wp-content\/uploads\/2018\/06\/Evenement-Facebook-Copie.png","width":900,"height":480},{"@type":"WebSite","@id":"https:\/\/www.aclanester56.com\/velo\/#website","url":"https:\/\/www.aclanester56.com\/velo\/","name":"Avenir Cycliste Lanester 56","description":"Club cycliste de l&#039;AC LANESTER 56","publisher":{"@id":"https:\/\/www.aclanester56.com\/velo\/#organization"},"potentialAction":[{"@type":"SearchAction","target":{"@type":"EntryPoint","urlTemplate":"https:\/\/www.aclanester56.com\/velo\/?s={search_term_string}"},"query-input":{"@type":"PropertyValueSpecification","valueRequired":true,"valueName":"search_term_string"}}],"inLanguage":"fr-FR"},{"@type":"Organization","@id":"https:\/\/www.aclanester56.com\/velo\/#organization","name":"Avenir Cycliste Lanester 56","url":"https:\/\/www.aclanester56.com\/velo\/","logo":{"@type":"ImageObject","inLanguage":"fr-FR","@id":"https:\/\/www.aclanester56.com\/velo\/#\/schema\/logo\/image\/","url":"https:\/\/www.aclanester56.com\/velo\/wp-content\/uploads\/2013\/04\/logo-ACL.jpg","contentUrl":"https:\/\/www.aclanester56.com\/velo\/wp-content\/uploads\/2013\/04\/logo-ACL.jpg","width":400,"height":334,"caption":"Avenir Cycliste Lanester 56"},"image":{"@id":"https:\/\/www.aclanester56.com\/velo\/#\/schema\/logo\/image\/"},"sameAs":["https:\/\/www.facebook.com\/pages\/AC-Lanester-56\/190286300991242?fref=ts"]},{"@type":"Person","@id":"https:\/\/www.aclanester56.com\/velo\/#\/schema\/person\/ca2a44a5fd969e9dd846c72d3b33bc01","name":"Jean-Christophe","url":"https:\/\/www.aclanester56.com\/velo\/author\/jeanchristophe\/"}]}},"_links":{"self":[{"href":"https:\/\/www.aclanester56.com\/velo\/wp-json\/wp\/v2\/posts\/38741","targetHints":{"allow":["GET"]}}],"collection":[{"href":"https:\/\/www.aclanester56.com\/velo\/wp-json\/wp\/v2\/posts"}],"about":[{"href":"https:\/\/www.aclanester56.com\/velo\/wp-json\/wp\/v2\/types\/post"}],"author":[{"embeddable":true,"href":"https:\/\/www.aclanester56.com\/velo\/wp-json\/wp\/v2\/users\/14"}],"replies":[{"embeddable":true,"href":"https:\/\/www.aclanester56.com\/velo\/wp-json\/wp\/v2\/comments?post=38741"}],"version-history":[{"count":2,"href":"https:\/\/www.aclanester56.com\/velo\/wp-json\/wp\/v2\/posts\/38741\/revisions"}],"predecessor-version":[{"id":38764,"href":"https:\/\/www.aclanester56.com\/velo\/wp-json\/wp\/v2\/posts\/38741\/revisions\/38764"}],"wp:featuredmedia":[{"embeddable":true,"href":"https:\/\/www.aclanester56.com\/velo\/wp-json\/wp\/v2\/media\/38742"}],"wp:attachment":[{"href":"https:\/\/www.aclanester56.com\/velo\/wp-json\/wp\/v2\/media?parent=38741"}],"wp:term":[{"taxonomy":"category","embeddable":true,"href":"https:\/\/www.aclanester56.com\/velo\/wp-json\/wp\/v2\/categories?post=38741"},{"taxonomy":"post_tag","embeddable":true,"href":"https:\/\/www.aclanester56.com\/velo\/wp-json\/wp\/v2\/tags?post=38741"}],"curies":[{"name":"wp","href":"https:\/\/api.w.org\/{rel}","templated":true}]}}