{"id":38783,"date":"2018-07-04T00:01:16","date_gmt":"2018-07-03T22:01:16","guid":{"rendered":"https:\/\/www.aclanester56.com\/velo\/?p=38783"},"modified":"2018-07-04T10:02:58","modified_gmt":"2018-07-04T08:02:58","slug":"27eme-grand-prix-cycliste-de-la-ville-de-lanester-les-classements","status":"publish","type":"post","link":"https:\/\/www.aclanester56.com\/velo\/27eme-grand-prix-cycliste-de-la-ville-de-lanester-les-classements\/","title":{"rendered":"27\u00e8me Grand Prix Cycliste de la Ville de Lanester : le classement [MAJ]"},"content":{"rendered":"<p><!--more--><\/p>\n<p><span style=\"text-decoration: underline;\"><strong>Classement [Mis \u00e0 jour le 03-07-2018] :<\/strong><\/span><\/p>\n<p>1 POILVET Ludovic TEAM PAYS DE DINAN<br \/>\n2 DAVID Nicolas CREUSE OXYGENE<br \/>\n3 GUIMARD Benoit VC PAYS DE LORIENT<br \/>\n4 JAMES Owen COTES D&rsquo;ARMOR CYCL.<br \/>\n5 MONNERAIS Baptiste SC MALESTROIT<br \/>\n6 GUILLEMOT Fr\u00e9d\u00e9ric COTES D&rsquo;ARMOR CYCL.<br \/>\n7 LE CAM Brendan TEAM PAYS DE DINAN<br \/>\n8 CARMAN Ben HENNEBONT CYCLISME<br \/>\n9 BALFOUR Stuart COTES D&rsquo;ARMOR CYCL.<br \/>\n10 COQUEN Guillaume HENNEBONT CYCLISME<br \/>\n11 PERIOU Tony VC PAYS DE LOUDEAC<br \/>\n12 TRAVERS Vincent TEAM PAYS DE DINAN<br \/>\n13 JOSSO Thomas HENNEBONT CYCLISME<br \/>\n14 LE BARBIER Lo\u00efc HENNEBONT CYCLISME<br \/>\n15 LE GUEVEL Simon EC QUEVENOISE<br \/>\n16 LESAGE Pierre OC LOCMINE<br \/>\n17 CORDON Paul HENNEBONT CYCLISME<br \/>\n18 LE VESSIER Steven VC LANGUIDIC<br \/>\n19 LE FRESNE Julien UC QUIMPERLOISE<br \/>\n20 LE VIGOUROUX Baptiste VELOCE VANNETAIS CYCL.<br \/>\n21 PRIMAS Nicolas VC PAYS DE LOUDEAC<br \/>\n22 HERVO Gautier UC PAYS DE MORLAIX<br \/>\n23 MASSE Stevan VC PAYS DE LORIENT<br \/>\n24 JEGAT Jordan OC LOCMINE<br \/>\n25 BELLEC Tristan VC AVRANCHES<br \/>\n26 MASSE Cyrille CC ERGUE GABERIC<br \/>\n27 POILVERT Freddy VC PAYS DE LORIENT<br \/>\n28 LE BOUDOUIL Gael UCL HENNEBONT<br \/>\n29 YVEN Kevin HENNEBONT CYCLISME<br \/>\n30 RIVALLAIN Hugo HENNEBONT CYCLISME<br \/>\n31 MAYER Alexandre OC LOCMINE<br \/>\n32 VIGNES Cedric CC ERGUE GABERIC<br \/>\n33 ROBIC Thomas RUN BIKE CLUB 56<br \/>\n34 SINNER Christophe AC LANESTER 56<br \/>\n35 BIENFAIT Vincent VC PAYS DE LORIENT<br \/>\n36 JEANNES Thibault HENNEBONT CYCLISME<br \/>\n37 LE BLEIZ Yohan HENNEBONT CYCLISME<br \/>\n38 RAUD Guillaume VC PAYS DE LORIENT<br \/>\n39 LAUNAY Baptiste AC LANESTER 56<br \/>\n40 DANIEL Aurelien TEAM PAYS DE DINAN<br \/>\n41 LE PORH Yoann VELOCE VANNETAIS CYCLISME<br \/>\n42 LOISEL Romain VELOCE VANNETAIS CYCLISME<br \/>\n43 TANGUY Quentin OC LOCMINE<br \/>\n44 THOMAS Enzo AC LANESTER 56<br \/>\n45 LE GAL Valentin EC PLUVIGNOISE<br \/>\n46 OLLIVIER Quentin AC LANESTER 56<br \/>\n47 CHARLES Enzo VELOCE VANNETAIS CYCLISME<br \/>\n48 ROSELIER Stephane UC PAYS DE JOSSELIN<br \/>\n49 MEAT David VC PAYS DE LOUDEAC<br \/>\n50 KERJEAN Thomas CC BOURG BLANC<br \/>\n51 DREAN Guillaume HENNEBONT CYCLISME<br \/>\n52 ROYE Corentin AC LANESTER 56<br \/>\n53 NIVINOU Ma\u00ebl AC LANESTER 56<br \/>\n54 NICOLLEAU Pierre VS SCAEROIS<br \/>\n55 LE QUEAU Yann CC ERGUE GABERIC<br \/>\n56 DREAN Bruno VELOCE VANNETAIS CYCL.<br \/>\n57 BAUCHER Adrien UC PAYS DE JOSSELIN<br \/>\n58 LE BRETON Jerome TEAM PAYS DE DINAN<br \/>\n59 CHAPELET Sebastien VC PONTIVYEN<br \/>\n60 BERTIN Alexandre AC LANESTER 56<br \/>\n61 GADAL Thomas CC ERGUE GABERIC<br \/>\n62 TANGUY Sylvain VC PAYS DE LORIENT<br \/>\n63 CANEVET Gaetan LEUCEMIE ESPOIR<br \/>\n64 RIACOURT Kevin UCL HENNEBONT<br \/>\n65 THILLOY Franck HENNEBONT CYCLISME<br \/>\n66 LE BAIL Hugo AC LANESTER 56<br \/>\n67 PHILIPPON Johan HENNEBONT CYCLISME<br \/>\n68 LE TERRIEN C\u00e9dric AC LANESTER 56<br \/>\n69 CORBIHAN Nicolas VC LANGUIDIC<br \/>\n70 LE ROY Thomas VS SCAEROIS<br \/>\n71 LOREAU Antoine VC PAYS DE LORIENT<br \/>\n72 GASTINE Joshua UCL HENNEBONT<br \/>\n73 GIGUELAY Fabrice VC LANGUIDIC<br \/>\n74 NEVO Samuel UCL HENNEBONT<br \/>\n75 LE CHENADEC Antoine AC LANESTER 56<br \/>\n76 ROUPSARD Quentin TEAM PAYS DE DINAN<br \/>\n77 BUREL Mickael LEUCEMIE ESPOIR<br \/>\n78 HOURMAN Bastien UC ALREENNE<\/p>\n<p><em>&nbsp;<\/em><\/p>\n","protected":false},"excerpt":{"rendered":"","protected":false},"author":14,"featured_media":38784,"comment_status":"open","ping_status":"open","sticky":false,"template":"","format":"standard","meta":{"ngg_post_thumbnail":0,"footnotes":""},"categories":[5,9,7],"tags":[],"class_list":["post-38783","post","type-post","status-publish","format-standard","has-post-thumbnail","hentry","category-ac-lanester-56","category-gp-de-la-ville","category-organisations"],"yoast_head":"<!-- This site is optimized with the Yoast SEO plugin v27.5 - https:\/\/yoast.com\/product\/yoast-seo-wordpress\/ -->\n<title>27\u00e8me Grand Prix Cycliste de la Ville de Lanester : le classement [MAJ] - Avenir Cycliste Lanester 56<\/title>\n<meta name=\"robots\" content=\"index, follow, max-snippet:-1, max-image-preview:large, max-video-preview:-1\" \/>\n<link rel=\"canonical\" href=\"https:\/\/www.aclanester56.com\/velo\/27eme-grand-prix-cycliste-de-la-ville-de-lanester-les-classements\/\" \/>\n<meta property=\"og:locale\" content=\"fr_FR\" \/>\n<meta property=\"og:type\" content=\"article\" \/>\n<meta property=\"og:title\" content=\"27\u00e8me Grand Prix Cycliste de la Ville de Lanester : le classement [MAJ] - Avenir Cycliste Lanester 56\" \/>\n<meta property=\"og:url\" content=\"https:\/\/www.aclanester56.com\/velo\/27eme-grand-prix-cycliste-de-la-ville-de-lanester-les-classements\/\" \/>\n<meta property=\"og:site_name\" content=\"Avenir Cycliste Lanester 56\" \/>\n<meta property=\"article:publisher\" content=\"https:\/\/www.facebook.com\/pages\/AC-Lanester-56\/190286300991242?fref=ts\" \/>\n<meta property=\"article:published_time\" content=\"2018-07-03T22:01:16+00:00\" \/>\n<meta property=\"article:modified_time\" content=\"2018-07-04T08:02:58+00:00\" \/>\n<meta property=\"og:image\" content=\"https:\/\/www.aclanester56.com\/velo\/wp-content\/uploads\/2018\/06\/Le-classement-Copie.png\" \/>\n\t<meta property=\"og:image:width\" content=\"900\" \/>\n\t<meta property=\"og:image:height\" content=\"480\" \/>\n\t<meta property=\"og:image:type\" content=\"image\/png\" \/>\n<meta name=\"author\" content=\"Jean-Christophe\" \/>\n<meta name=\"twitter:label1\" content=\"\u00c9crit par\" \/>\n\t<meta name=\"twitter:data1\" content=\"Jean-Christophe\" \/>\n\t<meta name=\"twitter:label2\" content=\"Dur\u00e9e de lecture estim\u00e9e\" \/>\n\t<meta name=\"twitter:data2\" content=\"2 minutes\" \/>\n<script type=\"application\/ld+json\" class=\"yoast-schema-graph\">{\"@context\":\"https:\\\/\\\/schema.org\",\"@graph\":[{\"@type\":\"Article\",\"@id\":\"https:\\\/\\\/www.aclanester56.com\\\/velo\\\/27eme-grand-prix-cycliste-de-la-ville-de-lanester-les-classements\\\/#article\",\"isPartOf\":{\"@id\":\"https:\\\/\\\/www.aclanester56.com\\\/velo\\\/27eme-grand-prix-cycliste-de-la-ville-de-lanester-les-classements\\\/\"},\"author\":{\"name\":\"Jean-Christophe\",\"@id\":\"https:\\\/\\\/www.aclanester56.com\\\/velo\\\/#\\\/schema\\\/person\\\/ca2a44a5fd969e9dd846c72d3b33bc01\"},\"headline\":\"27\u00e8me Grand Prix Cycliste de la Ville de Lanester : le classement [MAJ]\",\"datePublished\":\"2018-07-03T22:01:16+00:00\",\"dateModified\":\"2018-07-04T08:02:58+00:00\",\"mainEntityOfPage\":{\"@id\":\"https:\\\/\\\/www.aclanester56.com\\\/velo\\\/27eme-grand-prix-cycliste-de-la-ville-de-lanester-les-classements\\\/\"},\"wordCount\":404,\"commentCount\":0,\"publisher\":{\"@id\":\"https:\\\/\\\/www.aclanester56.com\\\/velo\\\/#organization\"},\"image\":{\"@id\":\"https:\\\/\\\/www.aclanester56.com\\\/velo\\\/27eme-grand-prix-cycliste-de-la-ville-de-lanester-les-classements\\\/#primaryimage\"},\"thumbnailUrl\":\"https:\\\/\\\/www.aclanester56.com\\\/velo\\\/wp-content\\\/uploads\\\/2018\\\/06\\\/Le-classement-Copie.png\",\"articleSection\":[\"AC LANESTER 56\",\"Le GP de la Ville\",\"Les organisations\"],\"inLanguage\":\"fr-FR\",\"potentialAction\":[{\"@type\":\"CommentAction\",\"name\":\"Comment\",\"target\":[\"https:\\\/\\\/www.aclanester56.com\\\/velo\\\/27eme-grand-prix-cycliste-de-la-ville-de-lanester-les-classements\\\/#respond\"]}]},{\"@type\":\"WebPage\",\"@id\":\"https:\\\/\\\/www.aclanester56.com\\\/velo\\\/27eme-grand-prix-cycliste-de-la-ville-de-lanester-les-classements\\\/\",\"url\":\"https:\\\/\\\/www.aclanester56.com\\\/velo\\\/27eme-grand-prix-cycliste-de-la-ville-de-lanester-les-classements\\\/\",\"name\":\"27\u00e8me Grand Prix Cycliste de la Ville de Lanester : le classement [MAJ] - Avenir Cycliste Lanester 56\",\"isPartOf\":{\"@id\":\"https:\\\/\\\/www.aclanester56.com\\\/velo\\\/#website\"},\"primaryImageOfPage\":{\"@id\":\"https:\\\/\\\/www.aclanester56.com\\\/velo\\\/27eme-grand-prix-cycliste-de-la-ville-de-lanester-les-classements\\\/#primaryimage\"},\"image\":{\"@id\":\"https:\\\/\\\/www.aclanester56.com\\\/velo\\\/27eme-grand-prix-cycliste-de-la-ville-de-lanester-les-classements\\\/#primaryimage\"},\"thumbnailUrl\":\"https:\\\/\\\/www.aclanester56.com\\\/velo\\\/wp-content\\\/uploads\\\/2018\\\/06\\\/Le-classement-Copie.png\",\"datePublished\":\"2018-07-03T22:01:16+00:00\",\"dateModified\":\"2018-07-04T08:02:58+00:00\",\"inLanguage\":\"fr-FR\",\"potentialAction\":[{\"@type\":\"ReadAction\",\"target\":[\"https:\\\/\\\/www.aclanester56.com\\\/velo\\\/27eme-grand-prix-cycliste-de-la-ville-de-lanester-les-classements\\\/\"]}]},{\"@type\":\"ImageObject\",\"inLanguage\":\"fr-FR\",\"@id\":\"https:\\\/\\\/www.aclanester56.com\\\/velo\\\/27eme-grand-prix-cycliste-de-la-ville-de-lanester-les-classements\\\/#primaryimage\",\"url\":\"https:\\\/\\\/www.aclanester56.com\\\/velo\\\/wp-content\\\/uploads\\\/2018\\\/06\\\/Le-classement-Copie.png\",\"contentUrl\":\"https:\\\/\\\/www.aclanester56.com\\\/velo\\\/wp-content\\\/uploads\\\/2018\\\/06\\\/Le-classement-Copie.png\",\"width\":900,\"height\":480},{\"@type\":\"WebSite\",\"@id\":\"https:\\\/\\\/www.aclanester56.com\\\/velo\\\/#website\",\"url\":\"https:\\\/\\\/www.aclanester56.com\\\/velo\\\/\",\"name\":\"Avenir Cycliste Lanester 56\",\"description\":\"Club cycliste de l&#039;AC LANESTER 56\",\"publisher\":{\"@id\":\"https:\\\/\\\/www.aclanester56.com\\\/velo\\\/#organization\"},\"potentialAction\":[{\"@type\":\"SearchAction\",\"target\":{\"@type\":\"EntryPoint\",\"urlTemplate\":\"https:\\\/\\\/www.aclanester56.com\\\/velo\\\/?s={search_term_string}\"},\"query-input\":{\"@type\":\"PropertyValueSpecification\",\"valueRequired\":true,\"valueName\":\"search_term_string\"}}],\"inLanguage\":\"fr-FR\"},{\"@type\":\"Organization\",\"@id\":\"https:\\\/\\\/www.aclanester56.com\\\/velo\\\/#organization\",\"name\":\"Avenir Cycliste Lanester 56\",\"url\":\"https:\\\/\\\/www.aclanester56.com\\\/velo\\\/\",\"logo\":{\"@type\":\"ImageObject\",\"inLanguage\":\"fr-FR\",\"@id\":\"https:\\\/\\\/www.aclanester56.com\\\/velo\\\/#\\\/schema\\\/logo\\\/image\\\/\",\"url\":\"https:\\\/\\\/www.aclanester56.com\\\/velo\\\/wp-content\\\/uploads\\\/2013\\\/04\\\/logo-ACL.jpg\",\"contentUrl\":\"https:\\\/\\\/www.aclanester56.com\\\/velo\\\/wp-content\\\/uploads\\\/2013\\\/04\\\/logo-ACL.jpg\",\"width\":400,\"height\":334,\"caption\":\"Avenir Cycliste Lanester 56\"},\"image\":{\"@id\":\"https:\\\/\\\/www.aclanester56.com\\\/velo\\\/#\\\/schema\\\/logo\\\/image\\\/\"},\"sameAs\":[\"https:\\\/\\\/www.facebook.com\\\/pages\\\/AC-Lanester-56\\\/190286300991242?fref=ts\"]},{\"@type\":\"Person\",\"@id\":\"https:\\\/\\\/www.aclanester56.com\\\/velo\\\/#\\\/schema\\\/person\\\/ca2a44a5fd969e9dd846c72d3b33bc01\",\"name\":\"Jean-Christophe\",\"url\":\"https:\\\/\\\/www.aclanester56.com\\\/velo\\\/author\\\/jeanchristophe\\\/\"}]}<\/script>\n<!-- \/ Yoast SEO plugin. -->","yoast_head_json":{"title":"27\u00e8me Grand Prix Cycliste de la Ville de Lanester : le classement [MAJ] - Avenir Cycliste Lanester 56","robots":{"index":"index","follow":"follow","max-snippet":"max-snippet:-1","max-image-preview":"max-image-preview:large","max-video-preview":"max-video-preview:-1"},"canonical":"https:\/\/www.aclanester56.com\/velo\/27eme-grand-prix-cycliste-de-la-ville-de-lanester-les-classements\/","og_locale":"fr_FR","og_type":"article","og_title":"27\u00e8me Grand Prix Cycliste de la Ville de Lanester : le classement [MAJ] - Avenir Cycliste Lanester 56","og_url":"https:\/\/www.aclanester56.com\/velo\/27eme-grand-prix-cycliste-de-la-ville-de-lanester-les-classements\/","og_site_name":"Avenir Cycliste Lanester 56","article_publisher":"https:\/\/www.facebook.com\/pages\/AC-Lanester-56\/190286300991242?fref=ts","article_published_time":"2018-07-03T22:01:16+00:00","article_modified_time":"2018-07-04T08:02:58+00:00","og_image":[{"width":900,"height":480,"url":"https:\/\/www.aclanester56.com\/velo\/wp-content\/uploads\/2018\/06\/Le-classement-Copie.png","type":"image\/png"}],"author":"Jean-Christophe","twitter_misc":{"\u00c9crit par":"Jean-Christophe","Dur\u00e9e de lecture estim\u00e9e":"2 minutes"},"schema":{"@context":"https:\/\/schema.org","@graph":[{"@type":"Article","@id":"https:\/\/www.aclanester56.com\/velo\/27eme-grand-prix-cycliste-de-la-ville-de-lanester-les-classements\/#article","isPartOf":{"@id":"https:\/\/www.aclanester56.com\/velo\/27eme-grand-prix-cycliste-de-la-ville-de-lanester-les-classements\/"},"author":{"name":"Jean-Christophe","@id":"https:\/\/www.aclanester56.com\/velo\/#\/schema\/person\/ca2a44a5fd969e9dd846c72d3b33bc01"},"headline":"27\u00e8me Grand Prix Cycliste de la Ville de Lanester : le classement [MAJ]","datePublished":"2018-07-03T22:01:16+00:00","dateModified":"2018-07-04T08:02:58+00:00","mainEntityOfPage":{"@id":"https:\/\/www.aclanester56.com\/velo\/27eme-grand-prix-cycliste-de-la-ville-de-lanester-les-classements\/"},"wordCount":404,"commentCount":0,"publisher":{"@id":"https:\/\/www.aclanester56.com\/velo\/#organization"},"image":{"@id":"https:\/\/www.aclanester56.com\/velo\/27eme-grand-prix-cycliste-de-la-ville-de-lanester-les-classements\/#primaryimage"},"thumbnailUrl":"https:\/\/www.aclanester56.com\/velo\/wp-content\/uploads\/2018\/06\/Le-classement-Copie.png","articleSection":["AC LANESTER 56","Le GP de la Ville","Les organisations"],"inLanguage":"fr-FR","potentialAction":[{"@type":"CommentAction","name":"Comment","target":["https:\/\/www.aclanester56.com\/velo\/27eme-grand-prix-cycliste-de-la-ville-de-lanester-les-classements\/#respond"]}]},{"@type":"WebPage","@id":"https:\/\/www.aclanester56.com\/velo\/27eme-grand-prix-cycliste-de-la-ville-de-lanester-les-classements\/","url":"https:\/\/www.aclanester56.com\/velo\/27eme-grand-prix-cycliste-de-la-ville-de-lanester-les-classements\/","name":"27\u00e8me Grand Prix Cycliste de la Ville de Lanester : le classement [MAJ] - Avenir Cycliste Lanester 56","isPartOf":{"@id":"https:\/\/www.aclanester56.com\/velo\/#website"},"primaryImageOfPage":{"@id":"https:\/\/www.aclanester56.com\/velo\/27eme-grand-prix-cycliste-de-la-ville-de-lanester-les-classements\/#primaryimage"},"image":{"@id":"https:\/\/www.aclanester56.com\/velo\/27eme-grand-prix-cycliste-de-la-ville-de-lanester-les-classements\/#primaryimage"},"thumbnailUrl":"https:\/\/www.aclanester56.com\/velo\/wp-content\/uploads\/2018\/06\/Le-classement-Copie.png","datePublished":"2018-07-03T22:01:16+00:00","dateModified":"2018-07-04T08:02:58+00:00","inLanguage":"fr-FR","potentialAction":[{"@type":"ReadAction","target":["https:\/\/www.aclanester56.com\/velo\/27eme-grand-prix-cycliste-de-la-ville-de-lanester-les-classements\/"]}]},{"@type":"ImageObject","inLanguage":"fr-FR","@id":"https:\/\/www.aclanester56.com\/velo\/27eme-grand-prix-cycliste-de-la-ville-de-lanester-les-classements\/#primaryimage","url":"https:\/\/www.aclanester56.com\/velo\/wp-content\/uploads\/2018\/06\/Le-classement-Copie.png","contentUrl":"https:\/\/www.aclanester56.com\/velo\/wp-content\/uploads\/2018\/06\/Le-classement-Copie.png","width":900,"height":480},{"@type":"WebSite","@id":"https:\/\/www.aclanester56.com\/velo\/#website","url":"https:\/\/www.aclanester56.com\/velo\/","name":"Avenir Cycliste Lanester 56","description":"Club cycliste de l&#039;AC LANESTER 56","publisher":{"@id":"https:\/\/www.aclanester56.com\/velo\/#organization"},"potentialAction":[{"@type":"SearchAction","target":{"@type":"EntryPoint","urlTemplate":"https:\/\/www.aclanester56.com\/velo\/?s={search_term_string}"},"query-input":{"@type":"PropertyValueSpecification","valueRequired":true,"valueName":"search_term_string"}}],"inLanguage":"fr-FR"},{"@type":"Organization","@id":"https:\/\/www.aclanester56.com\/velo\/#organization","name":"Avenir Cycliste Lanester 56","url":"https:\/\/www.aclanester56.com\/velo\/","logo":{"@type":"ImageObject","inLanguage":"fr-FR","@id":"https:\/\/www.aclanester56.com\/velo\/#\/schema\/logo\/image\/","url":"https:\/\/www.aclanester56.com\/velo\/wp-content\/uploads\/2013\/04\/logo-ACL.jpg","contentUrl":"https:\/\/www.aclanester56.com\/velo\/wp-content\/uploads\/2013\/04\/logo-ACL.jpg","width":400,"height":334,"caption":"Avenir Cycliste Lanester 56"},"image":{"@id":"https:\/\/www.aclanester56.com\/velo\/#\/schema\/logo\/image\/"},"sameAs":["https:\/\/www.facebook.com\/pages\/AC-Lanester-56\/190286300991242?fref=ts"]},{"@type":"Person","@id":"https:\/\/www.aclanester56.com\/velo\/#\/schema\/person\/ca2a44a5fd969e9dd846c72d3b33bc01","name":"Jean-Christophe","url":"https:\/\/www.aclanester56.com\/velo\/author\/jeanchristophe\/"}]}},"_links":{"self":[{"href":"https:\/\/www.aclanester56.com\/velo\/wp-json\/wp\/v2\/posts\/38783","targetHints":{"allow":["GET"]}}],"collection":[{"href":"https:\/\/www.aclanester56.com\/velo\/wp-json\/wp\/v2\/posts"}],"about":[{"href":"https:\/\/www.aclanester56.com\/velo\/wp-json\/wp\/v2\/types\/post"}],"author":[{"embeddable":true,"href":"https:\/\/www.aclanester56.com\/velo\/wp-json\/wp\/v2\/users\/14"}],"replies":[{"embeddable":true,"href":"https:\/\/www.aclanester56.com\/velo\/wp-json\/wp\/v2\/comments?post=38783"}],"version-history":[{"count":3,"href":"https:\/\/www.aclanester56.com\/velo\/wp-json\/wp\/v2\/posts\/38783\/revisions"}],"predecessor-version":[{"id":38797,"href":"https:\/\/www.aclanester56.com\/velo\/wp-json\/wp\/v2\/posts\/38783\/revisions\/38797"}],"wp:featuredmedia":[{"embeddable":true,"href":"https:\/\/www.aclanester56.com\/velo\/wp-json\/wp\/v2\/media\/38784"}],"wp:attachment":[{"href":"https:\/\/www.aclanester56.com\/velo\/wp-json\/wp\/v2\/media?parent=38783"}],"wp:term":[{"taxonomy":"category","embeddable":true,"href":"https:\/\/www.aclanester56.com\/velo\/wp-json\/wp\/v2\/categories?post=38783"},{"taxonomy":"post_tag","embeddable":true,"href":"https:\/\/www.aclanester56.com\/velo\/wp-json\/wp\/v2\/tags?post=38783"}],"curies":[{"name":"wp","href":"https:\/\/api.w.org\/{rel}","templated":true}]}}