{"id":38798,"date":"2018-07-04T14:37:26","date_gmt":"2018-07-04T12:37:26","guid":{"rendered":"https:\/\/www.aclanester56.com\/velo\/?p=38798"},"modified":"2018-07-04T14:37:26","modified_gmt":"2018-07-04T12:37:26","slug":"27eme-grand-prix-cycliste-de-la-ville-de-lanester-remerciements","status":"publish","type":"post","link":"https:\/\/www.aclanester56.com\/velo\/27eme-grand-prix-cycliste-de-la-ville-de-lanester-remerciements\/","title":{"rendered":"27\u00e8me Grand Prix Cycliste de la Ville de Lanester &#8211; Remerciements"},"content":{"rendered":"<p><!--more--><\/p>\n<p>&nbsp;<\/p>\n<p style=\"text-align: justify;\"><em><strong>L&rsquo;AC Lanester 56 tient \u00e0 remercier l&rsquo;ensemble des coureurs qui ont particip\u00e9 au 27\u00e8me Grand Prix de la Ville de Lanester le mercredi 27 juin 2018. <\/strong><\/em><\/p>\n<p style=\"text-align: justify;\"><em><strong>Cette manifestation est possible gr\u00e2ce \u00e0 l&rsquo;ensemble des b\u00e9n\u00e9voles qui ont oeuvr\u00e9 sur cette 27\u00e8me \u00e9dition du Grand Prix de la Ville de Lanester depuis plusieurs semaines et ceux qui ont assur\u00e9 la s\u00e9curit\u00e9 du circuit. Votre pr\u00e9sence et votre aide nous est indispensable pour assurer son bon d\u00e9roulement mais surtout la p\u00e9rennit\u00e9 de cette course. <\/strong><\/em><\/p>\n<p style=\"text-align: justify;\"><em><strong>Nous remercions la Ville de Lanester et l&rsquo;ensemble des services qui sont intervenus et ont soutenu cette organisation.<\/strong><\/em><\/p>\n<p style=\"text-align: justify;\"><em><strong>Nous remercions \u00e9galement nos partenaires pour leur aide financi\u00e8re, mat\u00e9rielle et logistique, qui ont permis la mise en place et la tenue de cette \u00e9preuve. <\/strong><\/em><\/p>\n<p style=\"text-align: justify;\"><em><strong>Votre confiance nous est pr\u00e9cieuse et nous vous en sommes reconnaissants.<\/strong><\/em><\/p>\n<p style=\"text-align: justify;\"><em><strong>Nous f\u00e9licitons notre duo d&rsquo;animateurs, Eric et Antoine, qui ont tenu en haleine les nombreux spectateurs dans le final d&rsquo;une \u00e9preuve dont le spectacle a \u00e9t\u00e9 de toute beaut\u00e9.<\/strong><\/em><\/p>\n<p style=\"text-align: justify;\"><em><strong>La r\u00e9ussite de cette 27\u00e8me \u00e9dition du Grand Prix Cycliste de la Ville de Lanester est l\u2019\u0153uvre de tous. <\/strong><\/em><\/p>\n<p style=\"text-align: justify;\"><em><strong>Un grand MERCI \u00e0 vous tous !<\/strong><\/em><\/p>\n<p>&nbsp;<\/p>\n","protected":false},"excerpt":{"rendered":"","protected":false},"author":14,"featured_media":38801,"comment_status":"open","ping_status":"open","sticky":false,"template":"","format":"standard","meta":{"ngg_post_thumbnail":0,"footnotes":""},"categories":[5,9,7],"tags":[],"class_list":["post-38798","post","type-post","status-publish","format-standard","has-post-thumbnail","hentry","category-ac-lanester-56","category-gp-de-la-ville","category-organisations"],"yoast_head":"<!-- This site is optimized with the Yoast SEO plugin v27.5 - https:\/\/yoast.com\/product\/yoast-seo-wordpress\/ -->\n<title>27\u00e8me Grand Prix Cycliste de la Ville de Lanester - Remerciements - Avenir Cycliste Lanester 56<\/title>\n<meta name=\"robots\" content=\"index, follow, max-snippet:-1, max-image-preview:large, max-video-preview:-1\" \/>\n<link rel=\"canonical\" href=\"https:\/\/www.aclanester56.com\/velo\/27eme-grand-prix-cycliste-de-la-ville-de-lanester-remerciements\/\" \/>\n<meta property=\"og:locale\" content=\"fr_FR\" \/>\n<meta property=\"og:type\" content=\"article\" \/>\n<meta property=\"og:title\" content=\"27\u00e8me Grand Prix Cycliste de la Ville de Lanester - Remerciements - Avenir Cycliste Lanester 56\" \/>\n<meta property=\"og:url\" content=\"https:\/\/www.aclanester56.com\/velo\/27eme-grand-prix-cycliste-de-la-ville-de-lanester-remerciements\/\" \/>\n<meta property=\"og:site_name\" content=\"Avenir Cycliste Lanester 56\" \/>\n<meta property=\"article:publisher\" content=\"https:\/\/www.facebook.com\/pages\/AC-Lanester-56\/190286300991242?fref=ts\" \/>\n<meta property=\"article:published_time\" content=\"2018-07-04T12:37:26+00:00\" \/>\n<meta property=\"og:image\" content=\"https:\/\/www.aclanester56.com\/velo\/wp-content\/uploads\/2018\/07\/GP2018-_-Merci-Copie.png\" \/>\n\t<meta property=\"og:image:width\" content=\"900\" \/>\n\t<meta property=\"og:image:height\" content=\"480\" \/>\n\t<meta property=\"og:image:type\" content=\"image\/png\" \/>\n<meta name=\"author\" content=\"Jean-Christophe\" \/>\n<meta name=\"twitter:label1\" content=\"\u00c9crit par\" \/>\n\t<meta name=\"twitter:data1\" content=\"Jean-Christophe\" \/>\n\t<meta name=\"twitter:label2\" content=\"Dur\u00e9e de lecture estim\u00e9e\" \/>\n\t<meta name=\"twitter:data2\" content=\"1 minute\" \/>\n<script type=\"application\/ld+json\" class=\"yoast-schema-graph\">{\"@context\":\"https:\\\/\\\/schema.org\",\"@graph\":[{\"@type\":\"Article\",\"@id\":\"https:\\\/\\\/www.aclanester56.com\\\/velo\\\/27eme-grand-prix-cycliste-de-la-ville-de-lanester-remerciements\\\/#article\",\"isPartOf\":{\"@id\":\"https:\\\/\\\/www.aclanester56.com\\\/velo\\\/27eme-grand-prix-cycliste-de-la-ville-de-lanester-remerciements\\\/\"},\"author\":{\"name\":\"Jean-Christophe\",\"@id\":\"https:\\\/\\\/www.aclanester56.com\\\/velo\\\/#\\\/schema\\\/person\\\/ca2a44a5fd969e9dd846c72d3b33bc01\"},\"headline\":\"27\u00e8me Grand Prix Cycliste de la Ville de Lanester &#8211; Remerciements\",\"datePublished\":\"2018-07-04T12:37:26+00:00\",\"mainEntityOfPage\":{\"@id\":\"https:\\\/\\\/www.aclanester56.com\\\/velo\\\/27eme-grand-prix-cycliste-de-la-ville-de-lanester-remerciements\\\/\"},\"wordCount\":210,\"commentCount\":0,\"publisher\":{\"@id\":\"https:\\\/\\\/www.aclanester56.com\\\/velo\\\/#organization\"},\"image\":{\"@id\":\"https:\\\/\\\/www.aclanester56.com\\\/velo\\\/27eme-grand-prix-cycliste-de-la-ville-de-lanester-remerciements\\\/#primaryimage\"},\"thumbnailUrl\":\"https:\\\/\\\/www.aclanester56.com\\\/velo\\\/wp-content\\\/uploads\\\/2018\\\/07\\\/GP2018-_-Merci-Copie.png\",\"articleSection\":[\"AC LANESTER 56\",\"Le GP de la Ville\",\"Les organisations\"],\"inLanguage\":\"fr-FR\",\"potentialAction\":[{\"@type\":\"CommentAction\",\"name\":\"Comment\",\"target\":[\"https:\\\/\\\/www.aclanester56.com\\\/velo\\\/27eme-grand-prix-cycliste-de-la-ville-de-lanester-remerciements\\\/#respond\"]}]},{\"@type\":\"WebPage\",\"@id\":\"https:\\\/\\\/www.aclanester56.com\\\/velo\\\/27eme-grand-prix-cycliste-de-la-ville-de-lanester-remerciements\\\/\",\"url\":\"https:\\\/\\\/www.aclanester56.com\\\/velo\\\/27eme-grand-prix-cycliste-de-la-ville-de-lanester-remerciements\\\/\",\"name\":\"27\u00e8me Grand Prix Cycliste de la Ville de Lanester - Remerciements - Avenir Cycliste Lanester 56\",\"isPartOf\":{\"@id\":\"https:\\\/\\\/www.aclanester56.com\\\/velo\\\/#website\"},\"primaryImageOfPage\":{\"@id\":\"https:\\\/\\\/www.aclanester56.com\\\/velo\\\/27eme-grand-prix-cycliste-de-la-ville-de-lanester-remerciements\\\/#primaryimage\"},\"image\":{\"@id\":\"https:\\\/\\\/www.aclanester56.com\\\/velo\\\/27eme-grand-prix-cycliste-de-la-ville-de-lanester-remerciements\\\/#primaryimage\"},\"thumbnailUrl\":\"https:\\\/\\\/www.aclanester56.com\\\/velo\\\/wp-content\\\/uploads\\\/2018\\\/07\\\/GP2018-_-Merci-Copie.png\",\"datePublished\":\"2018-07-04T12:37:26+00:00\",\"inLanguage\":\"fr-FR\",\"potentialAction\":[{\"@type\":\"ReadAction\",\"target\":[\"https:\\\/\\\/www.aclanester56.com\\\/velo\\\/27eme-grand-prix-cycliste-de-la-ville-de-lanester-remerciements\\\/\"]}]},{\"@type\":\"ImageObject\",\"inLanguage\":\"fr-FR\",\"@id\":\"https:\\\/\\\/www.aclanester56.com\\\/velo\\\/27eme-grand-prix-cycliste-de-la-ville-de-lanester-remerciements\\\/#primaryimage\",\"url\":\"https:\\\/\\\/www.aclanester56.com\\\/velo\\\/wp-content\\\/uploads\\\/2018\\\/07\\\/GP2018-_-Merci-Copie.png\",\"contentUrl\":\"https:\\\/\\\/www.aclanester56.com\\\/velo\\\/wp-content\\\/uploads\\\/2018\\\/07\\\/GP2018-_-Merci-Copie.png\",\"width\":900,\"height\":480},{\"@type\":\"WebSite\",\"@id\":\"https:\\\/\\\/www.aclanester56.com\\\/velo\\\/#website\",\"url\":\"https:\\\/\\\/www.aclanester56.com\\\/velo\\\/\",\"name\":\"Avenir Cycliste Lanester 56\",\"description\":\"Club cycliste de l&#039;AC LANESTER 56\",\"publisher\":{\"@id\":\"https:\\\/\\\/www.aclanester56.com\\\/velo\\\/#organization\"},\"potentialAction\":[{\"@type\":\"SearchAction\",\"target\":{\"@type\":\"EntryPoint\",\"urlTemplate\":\"https:\\\/\\\/www.aclanester56.com\\\/velo\\\/?s={search_term_string}\"},\"query-input\":{\"@type\":\"PropertyValueSpecification\",\"valueRequired\":true,\"valueName\":\"search_term_string\"}}],\"inLanguage\":\"fr-FR\"},{\"@type\":\"Organization\",\"@id\":\"https:\\\/\\\/www.aclanester56.com\\\/velo\\\/#organization\",\"name\":\"Avenir Cycliste Lanester 56\",\"url\":\"https:\\\/\\\/www.aclanester56.com\\\/velo\\\/\",\"logo\":{\"@type\":\"ImageObject\",\"inLanguage\":\"fr-FR\",\"@id\":\"https:\\\/\\\/www.aclanester56.com\\\/velo\\\/#\\\/schema\\\/logo\\\/image\\\/\",\"url\":\"https:\\\/\\\/www.aclanester56.com\\\/velo\\\/wp-content\\\/uploads\\\/2013\\\/04\\\/logo-ACL.jpg\",\"contentUrl\":\"https:\\\/\\\/www.aclanester56.com\\\/velo\\\/wp-content\\\/uploads\\\/2013\\\/04\\\/logo-ACL.jpg\",\"width\":400,\"height\":334,\"caption\":\"Avenir Cycliste Lanester 56\"},\"image\":{\"@id\":\"https:\\\/\\\/www.aclanester56.com\\\/velo\\\/#\\\/schema\\\/logo\\\/image\\\/\"},\"sameAs\":[\"https:\\\/\\\/www.facebook.com\\\/pages\\\/AC-Lanester-56\\\/190286300991242?fref=ts\"]},{\"@type\":\"Person\",\"@id\":\"https:\\\/\\\/www.aclanester56.com\\\/velo\\\/#\\\/schema\\\/person\\\/ca2a44a5fd969e9dd846c72d3b33bc01\",\"name\":\"Jean-Christophe\",\"url\":\"https:\\\/\\\/www.aclanester56.com\\\/velo\\\/author\\\/jeanchristophe\\\/\"}]}<\/script>\n<!-- \/ Yoast SEO plugin. -->","yoast_head_json":{"title":"27\u00e8me Grand Prix Cycliste de la Ville de Lanester - Remerciements - Avenir Cycliste Lanester 56","robots":{"index":"index","follow":"follow","max-snippet":"max-snippet:-1","max-image-preview":"max-image-preview:large","max-video-preview":"max-video-preview:-1"},"canonical":"https:\/\/www.aclanester56.com\/velo\/27eme-grand-prix-cycliste-de-la-ville-de-lanester-remerciements\/","og_locale":"fr_FR","og_type":"article","og_title":"27\u00e8me Grand Prix Cycliste de la Ville de Lanester - Remerciements - Avenir Cycliste Lanester 56","og_url":"https:\/\/www.aclanester56.com\/velo\/27eme-grand-prix-cycliste-de-la-ville-de-lanester-remerciements\/","og_site_name":"Avenir Cycliste Lanester 56","article_publisher":"https:\/\/www.facebook.com\/pages\/AC-Lanester-56\/190286300991242?fref=ts","article_published_time":"2018-07-04T12:37:26+00:00","og_image":[{"width":900,"height":480,"url":"https:\/\/www.aclanester56.com\/velo\/wp-content\/uploads\/2018\/07\/GP2018-_-Merci-Copie.png","type":"image\/png"}],"author":"Jean-Christophe","twitter_misc":{"\u00c9crit par":"Jean-Christophe","Dur\u00e9e de lecture estim\u00e9e":"1 minute"},"schema":{"@context":"https:\/\/schema.org","@graph":[{"@type":"Article","@id":"https:\/\/www.aclanester56.com\/velo\/27eme-grand-prix-cycliste-de-la-ville-de-lanester-remerciements\/#article","isPartOf":{"@id":"https:\/\/www.aclanester56.com\/velo\/27eme-grand-prix-cycliste-de-la-ville-de-lanester-remerciements\/"},"author":{"name":"Jean-Christophe","@id":"https:\/\/www.aclanester56.com\/velo\/#\/schema\/person\/ca2a44a5fd969e9dd846c72d3b33bc01"},"headline":"27\u00e8me Grand Prix Cycliste de la Ville de Lanester &#8211; Remerciements","datePublished":"2018-07-04T12:37:26+00:00","mainEntityOfPage":{"@id":"https:\/\/www.aclanester56.com\/velo\/27eme-grand-prix-cycliste-de-la-ville-de-lanester-remerciements\/"},"wordCount":210,"commentCount":0,"publisher":{"@id":"https:\/\/www.aclanester56.com\/velo\/#organization"},"image":{"@id":"https:\/\/www.aclanester56.com\/velo\/27eme-grand-prix-cycliste-de-la-ville-de-lanester-remerciements\/#primaryimage"},"thumbnailUrl":"https:\/\/www.aclanester56.com\/velo\/wp-content\/uploads\/2018\/07\/GP2018-_-Merci-Copie.png","articleSection":["AC LANESTER 56","Le GP de la Ville","Les organisations"],"inLanguage":"fr-FR","potentialAction":[{"@type":"CommentAction","name":"Comment","target":["https:\/\/www.aclanester56.com\/velo\/27eme-grand-prix-cycliste-de-la-ville-de-lanester-remerciements\/#respond"]}]},{"@type":"WebPage","@id":"https:\/\/www.aclanester56.com\/velo\/27eme-grand-prix-cycliste-de-la-ville-de-lanester-remerciements\/","url":"https:\/\/www.aclanester56.com\/velo\/27eme-grand-prix-cycliste-de-la-ville-de-lanester-remerciements\/","name":"27\u00e8me Grand Prix Cycliste de la Ville de Lanester - Remerciements - Avenir Cycliste Lanester 56","isPartOf":{"@id":"https:\/\/www.aclanester56.com\/velo\/#website"},"primaryImageOfPage":{"@id":"https:\/\/www.aclanester56.com\/velo\/27eme-grand-prix-cycliste-de-la-ville-de-lanester-remerciements\/#primaryimage"},"image":{"@id":"https:\/\/www.aclanester56.com\/velo\/27eme-grand-prix-cycliste-de-la-ville-de-lanester-remerciements\/#primaryimage"},"thumbnailUrl":"https:\/\/www.aclanester56.com\/velo\/wp-content\/uploads\/2018\/07\/GP2018-_-Merci-Copie.png","datePublished":"2018-07-04T12:37:26+00:00","inLanguage":"fr-FR","potentialAction":[{"@type":"ReadAction","target":["https:\/\/www.aclanester56.com\/velo\/27eme-grand-prix-cycliste-de-la-ville-de-lanester-remerciements\/"]}]},{"@type":"ImageObject","inLanguage":"fr-FR","@id":"https:\/\/www.aclanester56.com\/velo\/27eme-grand-prix-cycliste-de-la-ville-de-lanester-remerciements\/#primaryimage","url":"https:\/\/www.aclanester56.com\/velo\/wp-content\/uploads\/2018\/07\/GP2018-_-Merci-Copie.png","contentUrl":"https:\/\/www.aclanester56.com\/velo\/wp-content\/uploads\/2018\/07\/GP2018-_-Merci-Copie.png","width":900,"height":480},{"@type":"WebSite","@id":"https:\/\/www.aclanester56.com\/velo\/#website","url":"https:\/\/www.aclanester56.com\/velo\/","name":"Avenir Cycliste Lanester 56","description":"Club cycliste de l&#039;AC LANESTER 56","publisher":{"@id":"https:\/\/www.aclanester56.com\/velo\/#organization"},"potentialAction":[{"@type":"SearchAction","target":{"@type":"EntryPoint","urlTemplate":"https:\/\/www.aclanester56.com\/velo\/?s={search_term_string}"},"query-input":{"@type":"PropertyValueSpecification","valueRequired":true,"valueName":"search_term_string"}}],"inLanguage":"fr-FR"},{"@type":"Organization","@id":"https:\/\/www.aclanester56.com\/velo\/#organization","name":"Avenir Cycliste Lanester 56","url":"https:\/\/www.aclanester56.com\/velo\/","logo":{"@type":"ImageObject","inLanguage":"fr-FR","@id":"https:\/\/www.aclanester56.com\/velo\/#\/schema\/logo\/image\/","url":"https:\/\/www.aclanester56.com\/velo\/wp-content\/uploads\/2013\/04\/logo-ACL.jpg","contentUrl":"https:\/\/www.aclanester56.com\/velo\/wp-content\/uploads\/2013\/04\/logo-ACL.jpg","width":400,"height":334,"caption":"Avenir Cycliste Lanester 56"},"image":{"@id":"https:\/\/www.aclanester56.com\/velo\/#\/schema\/logo\/image\/"},"sameAs":["https:\/\/www.facebook.com\/pages\/AC-Lanester-56\/190286300991242?fref=ts"]},{"@type":"Person","@id":"https:\/\/www.aclanester56.com\/velo\/#\/schema\/person\/ca2a44a5fd969e9dd846c72d3b33bc01","name":"Jean-Christophe","url":"https:\/\/www.aclanester56.com\/velo\/author\/jeanchristophe\/"}]}},"_links":{"self":[{"href":"https:\/\/www.aclanester56.com\/velo\/wp-json\/wp\/v2\/posts\/38798","targetHints":{"allow":["GET"]}}],"collection":[{"href":"https:\/\/www.aclanester56.com\/velo\/wp-json\/wp\/v2\/posts"}],"about":[{"href":"https:\/\/www.aclanester56.com\/velo\/wp-json\/wp\/v2\/types\/post"}],"author":[{"embeddable":true,"href":"https:\/\/www.aclanester56.com\/velo\/wp-json\/wp\/v2\/users\/14"}],"replies":[{"embeddable":true,"href":"https:\/\/www.aclanester56.com\/velo\/wp-json\/wp\/v2\/comments?post=38798"}],"version-history":[{"count":1,"href":"https:\/\/www.aclanester56.com\/velo\/wp-json\/wp\/v2\/posts\/38798\/revisions"}],"predecessor-version":[{"id":38800,"href":"https:\/\/www.aclanester56.com\/velo\/wp-json\/wp\/v2\/posts\/38798\/revisions\/38800"}],"wp:featuredmedia":[{"embeddable":true,"href":"https:\/\/www.aclanester56.com\/velo\/wp-json\/wp\/v2\/media\/38801"}],"wp:attachment":[{"href":"https:\/\/www.aclanester56.com\/velo\/wp-json\/wp\/v2\/media?parent=38798"}],"wp:term":[{"taxonomy":"category","embeddable":true,"href":"https:\/\/www.aclanester56.com\/velo\/wp-json\/wp\/v2\/categories?post=38798"},{"taxonomy":"post_tag","embeddable":true,"href":"https:\/\/www.aclanester56.com\/velo\/wp-json\/wp\/v2\/tags?post=38798"}],"curies":[{"name":"wp","href":"https:\/\/api.w.org\/{rel}","templated":true}]}}