{"id":39438,"date":"2018-07-12T12:47:37","date_gmt":"2018-07-12T10:47:37","guid":{"rendered":"https:\/\/www.aclanester56.com\/velo\/?p=39438"},"modified":"2018-07-16T16:26:57","modified_gmt":"2018-07-16T14:26:57","slug":"lac-lanester-56-au-tour-de-france-2018-avec-ef-education-first","status":"publish","type":"post","link":"https:\/\/www.aclanester56.com\/velo\/lac-lanester-56-au-tour-de-france-2018-avec-ef-education-first\/","title":{"rendered":"L&rsquo;AC Lanester 56 au Tour de France 2018 avec EF Education First"},"content":{"rendered":"ngg_shortcode_0_placeholder\n<p><!--more--><\/p>\n<p>&nbsp;<\/p>\n<p style=\"text-align: justify;\"><span class=\"im\">Hier matin, mercredi 11 juillet 2018, les coureurs du Tour de France se sont \u00e9lanc\u00e9s pour 203 km de course vers Quimper, au d\u00e9part du centre-ville de Lorient.<\/span><\/p>\n<div style=\"text-align: justify;\">&nbsp;<\/div>\n<div style=\"text-align: justify;\">A cette occasion, <em><strong>EF Education First<\/strong><\/em>, sponsor de l&rsquo;\u00e9quipe professionnelle <em>World Tour<\/em>, a invit\u00e9 les licenci\u00e9s des cat\u00e9gories Jeunes de l&rsquo;Avenir Cycliste Lanester 56 \u00e0 participer \u00e0 une op\u00e9ration sur la route du Tour. Nos jeunes ont \u00e9t\u00e9 habill\u00e9s aux couleurs de l&rsquo;\u00e9quipe et ont re\u00e7u divers cadeaux. Ils ont pu encourager les cyclistes du Tour, et tout particuli\u00e8rement Warren Barguil alias \u00ab\u00a0Wawa\u00a0\u00bb, le professionnel du club. V\u00eatus de rose, une trentaine de nos licenci\u00e9s avaient r\u00e9pondu pr\u00e9sent pour assister \u00e0 cette cinqui\u00e8me \u00e9tape sur la c\u00f4te du Fort Bloqu\u00e9.<\/div>\n<div style=\"text-align: justify;\">&nbsp;<\/div>\n<div style=\"text-align: justify;\">Peu avant le passage de la caravane du Tour et sous les acclamations des milliers de spectateurs pr\u00e9sents, trois jeunes coureurs de l&rsquo;AC Lanester 56 se sont \u00e9lanc\u00e9s sur les 30 premiers et 30 derniers kilom\u00e8tres de cette \u00e9tape au d\u00e9part de Lorient. Pauline Le Gourrierec (cadette), Corentin Roye (junior) et Enzo Thomas (junior) ont partag\u00e9 un beau moment au c\u00f4t\u00e9 de cinq autres jeunes coureurs sur la route du Tour de France !<\/div>\n<div style=\"text-align: justify;\">&nbsp;<\/div>\n<div style=\"text-align: justify;\">Enfin, plusieurs f\u00e9minines de l&rsquo;AC Lanester 56 accompagn\u00e9es de Xavier Teisseire ont pu rouler sur tout le d\u00e9but de l&rsquo;\u00e9tape avec le groupe \u00ab\u00a0Donnons des Elles au v\u00e9lo J-1\u00a0\u00bb, une magnifique initiative destin\u00e9e \u00e0 promouvoir le cyclisme f\u00e9minin et dont les membres parcourent l&rsquo;int\u00e9gralit\u00e9 des \u00e9tapes du Tour de France un jour avant les professionnels. Un grand moment pour nos jeunes licenci\u00e9es !<\/div>\n","protected":false},"excerpt":{"rendered":"<p>\u00a0\u00bb order_by=\u00a0\u00bbsortorder\u00a0\u00bb order_direction=\u00a0\u00bbASC\u00a0\u00bb returns=\u00a0\u00bbincluded\u00a0\u00bb maximum_entity_count=\u00a0\u00bb500&Prime;]<\/p>\n","protected":false},"author":14,"featured_media":39441,"comment_status":"open","ping_status":"open","sticky":false,"template":"","format":"standard","meta":{"ngg_post_thumbnail":0,"footnotes":""},"categories":[5,15],"tags":[],"class_list":["post-39438","post","type-post","status-publish","format-standard","has-post-thumbnail","hentry","category-ac-lanester-56","category-presse-actualites"],"yoast_head":"<!-- This site is optimized with the Yoast SEO plugin v27.5 - https:\/\/yoast.com\/product\/yoast-seo-wordpress\/ -->\n<title>L&#039;AC Lanester 56 au Tour de France 2018 avec EF Education First - Avenir Cycliste Lanester 56<\/title>\n<meta name=\"robots\" content=\"index, follow, max-snippet:-1, max-image-preview:large, max-video-preview:-1\" \/>\n<link rel=\"canonical\" href=\"https:\/\/www.aclanester56.com\/velo\/lac-lanester-56-au-tour-de-france-2018-avec-ef-education-first\/\" \/>\n<meta property=\"og:locale\" content=\"fr_FR\" \/>\n<meta property=\"og:type\" content=\"article\" \/>\n<meta property=\"og:title\" content=\"L&#039;AC Lanester 56 au Tour de France 2018 avec EF Education First - Avenir Cycliste Lanester 56\" \/>\n<meta property=\"og:description\" content=\"\u00a0\u00bb order_by=\u00a0\u00bbsortorder\u00a0\u00bb order_direction=\u00a0\u00bbASC\u00a0\u00bb returns=\u00a0\u00bbincluded\u00a0\u00bb maximum_entity_count=\u00a0\u00bb500&Prime;]\" \/>\n<meta property=\"og:url\" content=\"https:\/\/www.aclanester56.com\/velo\/lac-lanester-56-au-tour-de-france-2018-avec-ef-education-first\/\" \/>\n<meta property=\"og:site_name\" content=\"Avenir Cycliste Lanester 56\" \/>\n<meta property=\"article:publisher\" content=\"https:\/\/www.facebook.com\/pages\/AC-Lanester-56\/190286300991242?fref=ts\" \/>\n<meta property=\"article:published_time\" content=\"2018-07-12T10:47:37+00:00\" \/>\n<meta property=\"article:modified_time\" content=\"2018-07-16T14:26:57+00:00\" \/>\n<meta property=\"og:image\" content=\"https:\/\/www.aclanester56.com\/velo\/wp-content\/uploads\/2018\/07\/36983002_1950233915033979_1686341638017777664_n2.jpg\" \/>\n\t<meta property=\"og:image:width\" content=\"903\" \/>\n\t<meta property=\"og:image:height\" content=\"512\" \/>\n\t<meta property=\"og:image:type\" content=\"image\/jpeg\" \/>\n<meta name=\"author\" content=\"Jean-Christophe\" \/>\n<meta name=\"twitter:label1\" content=\"\u00c9crit par\" \/>\n\t<meta name=\"twitter:data1\" content=\"Jean-Christophe\" \/>\n\t<meta name=\"twitter:label2\" content=\"Dur\u00e9e de lecture estim\u00e9e\" \/>\n\t<meta name=\"twitter:data2\" content=\"2 minutes\" \/>\n<script type=\"application\/ld+json\" class=\"yoast-schema-graph\">{\"@context\":\"https:\\\/\\\/schema.org\",\"@graph\":[{\"@type\":\"Article\",\"@id\":\"https:\\\/\\\/www.aclanester56.com\\\/velo\\\/lac-lanester-56-au-tour-de-france-2018-avec-ef-education-first\\\/#article\",\"isPartOf\":{\"@id\":\"https:\\\/\\\/www.aclanester56.com\\\/velo\\\/lac-lanester-56-au-tour-de-france-2018-avec-ef-education-first\\\/\"},\"author\":{\"name\":\"Jean-Christophe\",\"@id\":\"https:\\\/\\\/www.aclanester56.com\\\/velo\\\/#\\\/schema\\\/person\\\/ca2a44a5fd969e9dd846c72d3b33bc01\"},\"headline\":\"L&rsquo;AC Lanester 56 au Tour de France 2018 avec EF Education First\",\"datePublished\":\"2018-07-12T10:47:37+00:00\",\"dateModified\":\"2018-07-16T14:26:57+00:00\",\"mainEntityOfPage\":{\"@id\":\"https:\\\/\\\/www.aclanester56.com\\\/velo\\\/lac-lanester-56-au-tour-de-france-2018-avec-ef-education-first\\\/\"},\"wordCount\":341,\"commentCount\":0,\"publisher\":{\"@id\":\"https:\\\/\\\/www.aclanester56.com\\\/velo\\\/#organization\"},\"image\":{\"@id\":\"https:\\\/\\\/www.aclanester56.com\\\/velo\\\/lac-lanester-56-au-tour-de-france-2018-avec-ef-education-first\\\/#primaryimage\"},\"thumbnailUrl\":\"https:\\\/\\\/www.aclanester56.com\\\/velo\\\/wp-content\\\/uploads\\\/2018\\\/07\\\/36983002_1950233915033979_1686341638017777664_n2.jpg\",\"articleSection\":[\"AC LANESTER 56\",\"Presse-Actualit\u00e9s\"],\"inLanguage\":\"fr-FR\",\"potentialAction\":[{\"@type\":\"CommentAction\",\"name\":\"Comment\",\"target\":[\"https:\\\/\\\/www.aclanester56.com\\\/velo\\\/lac-lanester-56-au-tour-de-france-2018-avec-ef-education-first\\\/#respond\"]}]},{\"@type\":\"WebPage\",\"@id\":\"https:\\\/\\\/www.aclanester56.com\\\/velo\\\/lac-lanester-56-au-tour-de-france-2018-avec-ef-education-first\\\/\",\"url\":\"https:\\\/\\\/www.aclanester56.com\\\/velo\\\/lac-lanester-56-au-tour-de-france-2018-avec-ef-education-first\\\/\",\"name\":\"L'AC Lanester 56 au Tour de France 2018 avec EF Education First - Avenir Cycliste Lanester 56\",\"isPartOf\":{\"@id\":\"https:\\\/\\\/www.aclanester56.com\\\/velo\\\/#website\"},\"primaryImageOfPage\":{\"@id\":\"https:\\\/\\\/www.aclanester56.com\\\/velo\\\/lac-lanester-56-au-tour-de-france-2018-avec-ef-education-first\\\/#primaryimage\"},\"image\":{\"@id\":\"https:\\\/\\\/www.aclanester56.com\\\/velo\\\/lac-lanester-56-au-tour-de-france-2018-avec-ef-education-first\\\/#primaryimage\"},\"thumbnailUrl\":\"https:\\\/\\\/www.aclanester56.com\\\/velo\\\/wp-content\\\/uploads\\\/2018\\\/07\\\/36983002_1950233915033979_1686341638017777664_n2.jpg\",\"datePublished\":\"2018-07-12T10:47:37+00:00\",\"dateModified\":\"2018-07-16T14:26:57+00:00\",\"inLanguage\":\"fr-FR\",\"potentialAction\":[{\"@type\":\"ReadAction\",\"target\":[\"https:\\\/\\\/www.aclanester56.com\\\/velo\\\/lac-lanester-56-au-tour-de-france-2018-avec-ef-education-first\\\/\"]}]},{\"@type\":\"ImageObject\",\"inLanguage\":\"fr-FR\",\"@id\":\"https:\\\/\\\/www.aclanester56.com\\\/velo\\\/lac-lanester-56-au-tour-de-france-2018-avec-ef-education-first\\\/#primaryimage\",\"url\":\"https:\\\/\\\/www.aclanester56.com\\\/velo\\\/wp-content\\\/uploads\\\/2018\\\/07\\\/36983002_1950233915033979_1686341638017777664_n2.jpg\",\"contentUrl\":\"https:\\\/\\\/www.aclanester56.com\\\/velo\\\/wp-content\\\/uploads\\\/2018\\\/07\\\/36983002_1950233915033979_1686341638017777664_n2.jpg\",\"width\":903,\"height\":512},{\"@type\":\"WebSite\",\"@id\":\"https:\\\/\\\/www.aclanester56.com\\\/velo\\\/#website\",\"url\":\"https:\\\/\\\/www.aclanester56.com\\\/velo\\\/\",\"name\":\"Avenir Cycliste Lanester 56\",\"description\":\"Club cycliste de l&#039;AC LANESTER 56\",\"publisher\":{\"@id\":\"https:\\\/\\\/www.aclanester56.com\\\/velo\\\/#organization\"},\"potentialAction\":[{\"@type\":\"SearchAction\",\"target\":{\"@type\":\"EntryPoint\",\"urlTemplate\":\"https:\\\/\\\/www.aclanester56.com\\\/velo\\\/?s={search_term_string}\"},\"query-input\":{\"@type\":\"PropertyValueSpecification\",\"valueRequired\":true,\"valueName\":\"search_term_string\"}}],\"inLanguage\":\"fr-FR\"},{\"@type\":\"Organization\",\"@id\":\"https:\\\/\\\/www.aclanester56.com\\\/velo\\\/#organization\",\"name\":\"Avenir Cycliste Lanester 56\",\"url\":\"https:\\\/\\\/www.aclanester56.com\\\/velo\\\/\",\"logo\":{\"@type\":\"ImageObject\",\"inLanguage\":\"fr-FR\",\"@id\":\"https:\\\/\\\/www.aclanester56.com\\\/velo\\\/#\\\/schema\\\/logo\\\/image\\\/\",\"url\":\"https:\\\/\\\/www.aclanester56.com\\\/velo\\\/wp-content\\\/uploads\\\/2013\\\/04\\\/logo-ACL.jpg\",\"contentUrl\":\"https:\\\/\\\/www.aclanester56.com\\\/velo\\\/wp-content\\\/uploads\\\/2013\\\/04\\\/logo-ACL.jpg\",\"width\":400,\"height\":334,\"caption\":\"Avenir Cycliste Lanester 56\"},\"image\":{\"@id\":\"https:\\\/\\\/www.aclanester56.com\\\/velo\\\/#\\\/schema\\\/logo\\\/image\\\/\"},\"sameAs\":[\"https:\\\/\\\/www.facebook.com\\\/pages\\\/AC-Lanester-56\\\/190286300991242?fref=ts\"]},{\"@type\":\"Person\",\"@id\":\"https:\\\/\\\/www.aclanester56.com\\\/velo\\\/#\\\/schema\\\/person\\\/ca2a44a5fd969e9dd846c72d3b33bc01\",\"name\":\"Jean-Christophe\",\"url\":\"https:\\\/\\\/www.aclanester56.com\\\/velo\\\/author\\\/jeanchristophe\\\/\"}]}<\/script>\n<!-- \/ Yoast SEO plugin. -->","yoast_head_json":{"title":"L'AC Lanester 56 au Tour de France 2018 avec EF Education First - Avenir Cycliste Lanester 56","robots":{"index":"index","follow":"follow","max-snippet":"max-snippet:-1","max-image-preview":"max-image-preview:large","max-video-preview":"max-video-preview:-1"},"canonical":"https:\/\/www.aclanester56.com\/velo\/lac-lanester-56-au-tour-de-france-2018-avec-ef-education-first\/","og_locale":"fr_FR","og_type":"article","og_title":"L'AC Lanester 56 au Tour de France 2018 avec EF Education First - Avenir Cycliste Lanester 56","og_description":"\u00a0\u00bb order_by=\u00a0\u00bbsortorder\u00a0\u00bb order_direction=\u00a0\u00bbASC\u00a0\u00bb returns=\u00a0\u00bbincluded\u00a0\u00bb maximum_entity_count=\u00a0\u00bb500&Prime;]","og_url":"https:\/\/www.aclanester56.com\/velo\/lac-lanester-56-au-tour-de-france-2018-avec-ef-education-first\/","og_site_name":"Avenir Cycliste Lanester 56","article_publisher":"https:\/\/www.facebook.com\/pages\/AC-Lanester-56\/190286300991242?fref=ts","article_published_time":"2018-07-12T10:47:37+00:00","article_modified_time":"2018-07-16T14:26:57+00:00","og_image":[{"width":903,"height":512,"url":"https:\/\/www.aclanester56.com\/velo\/wp-content\/uploads\/2018\/07\/36983002_1950233915033979_1686341638017777664_n2.jpg","type":"image\/jpeg"}],"author":"Jean-Christophe","twitter_misc":{"\u00c9crit par":"Jean-Christophe","Dur\u00e9e de lecture estim\u00e9e":"2 minutes"},"schema":{"@context":"https:\/\/schema.org","@graph":[{"@type":"Article","@id":"https:\/\/www.aclanester56.com\/velo\/lac-lanester-56-au-tour-de-france-2018-avec-ef-education-first\/#article","isPartOf":{"@id":"https:\/\/www.aclanester56.com\/velo\/lac-lanester-56-au-tour-de-france-2018-avec-ef-education-first\/"},"author":{"name":"Jean-Christophe","@id":"https:\/\/www.aclanester56.com\/velo\/#\/schema\/person\/ca2a44a5fd969e9dd846c72d3b33bc01"},"headline":"L&rsquo;AC Lanester 56 au Tour de France 2018 avec EF Education First","datePublished":"2018-07-12T10:47:37+00:00","dateModified":"2018-07-16T14:26:57+00:00","mainEntityOfPage":{"@id":"https:\/\/www.aclanester56.com\/velo\/lac-lanester-56-au-tour-de-france-2018-avec-ef-education-first\/"},"wordCount":341,"commentCount":0,"publisher":{"@id":"https:\/\/www.aclanester56.com\/velo\/#organization"},"image":{"@id":"https:\/\/www.aclanester56.com\/velo\/lac-lanester-56-au-tour-de-france-2018-avec-ef-education-first\/#primaryimage"},"thumbnailUrl":"https:\/\/www.aclanester56.com\/velo\/wp-content\/uploads\/2018\/07\/36983002_1950233915033979_1686341638017777664_n2.jpg","articleSection":["AC LANESTER 56","Presse-Actualit\u00e9s"],"inLanguage":"fr-FR","potentialAction":[{"@type":"CommentAction","name":"Comment","target":["https:\/\/www.aclanester56.com\/velo\/lac-lanester-56-au-tour-de-france-2018-avec-ef-education-first\/#respond"]}]},{"@type":"WebPage","@id":"https:\/\/www.aclanester56.com\/velo\/lac-lanester-56-au-tour-de-france-2018-avec-ef-education-first\/","url":"https:\/\/www.aclanester56.com\/velo\/lac-lanester-56-au-tour-de-france-2018-avec-ef-education-first\/","name":"L'AC Lanester 56 au Tour de France 2018 avec EF Education First - Avenir Cycliste Lanester 56","isPartOf":{"@id":"https:\/\/www.aclanester56.com\/velo\/#website"},"primaryImageOfPage":{"@id":"https:\/\/www.aclanester56.com\/velo\/lac-lanester-56-au-tour-de-france-2018-avec-ef-education-first\/#primaryimage"},"image":{"@id":"https:\/\/www.aclanester56.com\/velo\/lac-lanester-56-au-tour-de-france-2018-avec-ef-education-first\/#primaryimage"},"thumbnailUrl":"https:\/\/www.aclanester56.com\/velo\/wp-content\/uploads\/2018\/07\/36983002_1950233915033979_1686341638017777664_n2.jpg","datePublished":"2018-07-12T10:47:37+00:00","dateModified":"2018-07-16T14:26:57+00:00","inLanguage":"fr-FR","potentialAction":[{"@type":"ReadAction","target":["https:\/\/www.aclanester56.com\/velo\/lac-lanester-56-au-tour-de-france-2018-avec-ef-education-first\/"]}]},{"@type":"ImageObject","inLanguage":"fr-FR","@id":"https:\/\/www.aclanester56.com\/velo\/lac-lanester-56-au-tour-de-france-2018-avec-ef-education-first\/#primaryimage","url":"https:\/\/www.aclanester56.com\/velo\/wp-content\/uploads\/2018\/07\/36983002_1950233915033979_1686341638017777664_n2.jpg","contentUrl":"https:\/\/www.aclanester56.com\/velo\/wp-content\/uploads\/2018\/07\/36983002_1950233915033979_1686341638017777664_n2.jpg","width":903,"height":512},{"@type":"WebSite","@id":"https:\/\/www.aclanester56.com\/velo\/#website","url":"https:\/\/www.aclanester56.com\/velo\/","name":"Avenir Cycliste Lanester 56","description":"Club cycliste de l&#039;AC LANESTER 56","publisher":{"@id":"https:\/\/www.aclanester56.com\/velo\/#organization"},"potentialAction":[{"@type":"SearchAction","target":{"@type":"EntryPoint","urlTemplate":"https:\/\/www.aclanester56.com\/velo\/?s={search_term_string}"},"query-input":{"@type":"PropertyValueSpecification","valueRequired":true,"valueName":"search_term_string"}}],"inLanguage":"fr-FR"},{"@type":"Organization","@id":"https:\/\/www.aclanester56.com\/velo\/#organization","name":"Avenir Cycliste Lanester 56","url":"https:\/\/www.aclanester56.com\/velo\/","logo":{"@type":"ImageObject","inLanguage":"fr-FR","@id":"https:\/\/www.aclanester56.com\/velo\/#\/schema\/logo\/image\/","url":"https:\/\/www.aclanester56.com\/velo\/wp-content\/uploads\/2013\/04\/logo-ACL.jpg","contentUrl":"https:\/\/www.aclanester56.com\/velo\/wp-content\/uploads\/2013\/04\/logo-ACL.jpg","width":400,"height":334,"caption":"Avenir Cycliste Lanester 56"},"image":{"@id":"https:\/\/www.aclanester56.com\/velo\/#\/schema\/logo\/image\/"},"sameAs":["https:\/\/www.facebook.com\/pages\/AC-Lanester-56\/190286300991242?fref=ts"]},{"@type":"Person","@id":"https:\/\/www.aclanester56.com\/velo\/#\/schema\/person\/ca2a44a5fd969e9dd846c72d3b33bc01","name":"Jean-Christophe","url":"https:\/\/www.aclanester56.com\/velo\/author\/jeanchristophe\/"}]}},"_links":{"self":[{"href":"https:\/\/www.aclanester56.com\/velo\/wp-json\/wp\/v2\/posts\/39438","targetHints":{"allow":["GET"]}}],"collection":[{"href":"https:\/\/www.aclanester56.com\/velo\/wp-json\/wp\/v2\/posts"}],"about":[{"href":"https:\/\/www.aclanester56.com\/velo\/wp-json\/wp\/v2\/types\/post"}],"author":[{"embeddable":true,"href":"https:\/\/www.aclanester56.com\/velo\/wp-json\/wp\/v2\/users\/14"}],"replies":[{"embeddable":true,"href":"https:\/\/www.aclanester56.com\/velo\/wp-json\/wp\/v2\/comments?post=39438"}],"version-history":[{"count":3,"href":"https:\/\/www.aclanester56.com\/velo\/wp-json\/wp\/v2\/posts\/39438\/revisions"}],"predecessor-version":[{"id":39470,"href":"https:\/\/www.aclanester56.com\/velo\/wp-json\/wp\/v2\/posts\/39438\/revisions\/39470"}],"wp:featuredmedia":[{"embeddable":true,"href":"https:\/\/www.aclanester56.com\/velo\/wp-json\/wp\/v2\/media\/39441"}],"wp:attachment":[{"href":"https:\/\/www.aclanester56.com\/velo\/wp-json\/wp\/v2\/media?parent=39438"}],"wp:term":[{"taxonomy":"category","embeddable":true,"href":"https:\/\/www.aclanester56.com\/velo\/wp-json\/wp\/v2\/categories?post=39438"},{"taxonomy":"post_tag","embeddable":true,"href":"https:\/\/www.aclanester56.com\/velo\/wp-json\/wp\/v2\/tags?post=39438"}],"curies":[{"name":"wp","href":"https:\/\/api.w.org\/{rel}","templated":true}]}}