{"id":39488,"date":"2018-09-12T14:49:52","date_gmt":"2018-09-12T12:49:52","guid":{"rendered":"https:\/\/www.aclanester56.com\/velo\/?p=39488"},"modified":"2018-09-13T16:41:00","modified_gmt":"2018-09-13T14:41:00","slug":"les-inscriptions-au-club-pour-la-saison-2018-2019-sont-ouvertes","status":"publish","type":"post","link":"https:\/\/www.aclanester56.com\/velo\/les-inscriptions-au-club-pour-la-saison-2018-2019-sont-ouvertes\/","title":{"rendered":"Journ\u00e9e Portes Ouvertes samedi 15 septembre de 14H \u00e0 16H \u00e0 Kervido"},"content":{"rendered":"<p><!--more--><\/p>\n<p>&nbsp;<\/p>\n<p style=\"text-align: justify;\">Les inscriptions au club pour la saison 2018-2019 sont ouvertes !<\/p>\n<p style=\"text-align: justify;\">Venez nous rencontrer :<br \/>\n&#8211; au <strong>Forum des Associations<\/strong> le <em><strong>samedi 8 septembre 2018<\/strong><\/em> au Quai 9 \u00e0 Lanester<br \/>\n&#8211; lors de la <strong>Journ\u00e9e Portes Ouvertes<\/strong> de l&rsquo;AC Lanester 56 le <em><strong>samedi 15 septembre 2018<\/strong><\/em> au v\u00e9lodrome de Kervido \u00e0 Lanester (d\u00e9monstrations et essais)<\/p>\n<p style=\"text-align: justify;\">Pour recevoir votre dossier d&rsquo;inscription, vous pouvez \u00e9galement nous contacter par mail \u00e0 l&rsquo;adresse suivante : <span style=\"text-decoration: underline;\">contact@aclanester56.com<\/span><\/p>\n<p>&nbsp;<\/p>\n<p><a href=\"https:\/\/www.aclanester56.com\/velo\/wp-content\/uploads\/2018\/07\/Affiche-Portes-ouvertes-20182.jpg\"><img loading=\"lazy\" decoding=\"async\" class=\"aligncenter size-full wp-image-39484\" src=\"https:\/\/www.aclanester56.com\/velo\/wp-content\/uploads\/2018\/07\/Affiche-Portes-ouvertes-20182.jpg\" alt=\"\" width=\"3508\" height=\"4961\" srcset=\"https:\/\/www.aclanester56.com\/velo\/wp-content\/uploads\/2018\/07\/Affiche-Portes-ouvertes-20182.jpg 3508w, https:\/\/www.aclanester56.com\/velo\/wp-content\/uploads\/2018\/07\/Affiche-Portes-ouvertes-20182-212x300.jpg 212w, https:\/\/www.aclanester56.com\/velo\/wp-content\/uploads\/2018\/07\/Affiche-Portes-ouvertes-20182-768x1086.jpg 768w, https:\/\/www.aclanester56.com\/velo\/wp-content\/uploads\/2018\/07\/Affiche-Portes-ouvertes-20182-424x600.jpg 424w, https:\/\/www.aclanester56.com\/velo\/wp-content\/uploads\/2018\/07\/Affiche-Portes-ouvertes-20182-318x450.jpg 318w, https:\/\/www.aclanester56.com\/velo\/wp-content\/uploads\/2018\/07\/Affiche-Portes-ouvertes-20182-71x100.jpg 71w, https:\/\/www.aclanester56.com\/velo\/wp-content\/uploads\/2018\/07\/Affiche-Portes-ouvertes-20182-600x849.jpg 600w, https:\/\/www.aclanester56.com\/velo\/wp-content\/uploads\/2018\/07\/Affiche-Portes-ouvertes-20182-1320x1867.jpg 1320w\" sizes=\"auto, (max-width: 3508px) 100vw, 3508px\" \/><\/a><\/p>\n<p>&nbsp;<\/p>\n","protected":false},"excerpt":{"rendered":"","protected":false},"author":14,"featured_media":39487,"comment_status":"open","ping_status":"open","sticky":false,"template":"","format":"standard","meta":{"ngg_post_thumbnail":0,"footnotes":""},"categories":[5,6],"tags":[],"class_list":["post-39488","post","type-post","status-publish","format-standard","has-post-thumbnail","hentry","category-ac-lanester-56","category-les-rendez-vous"],"yoast_head":"<!-- This site is optimized with the Yoast SEO plugin v27.5 - https:\/\/yoast.com\/product\/yoast-seo-wordpress\/ -->\n<title>Journ\u00e9e Portes Ouvertes samedi 15 septembre de 14H \u00e0 16H \u00e0 Kervido - Avenir Cycliste Lanester 56<\/title>\n<meta name=\"robots\" content=\"index, follow, max-snippet:-1, max-image-preview:large, max-video-preview:-1\" \/>\n<link rel=\"canonical\" href=\"https:\/\/www.aclanester56.com\/velo\/les-inscriptions-au-club-pour-la-saison-2018-2019-sont-ouvertes\/\" \/>\n<meta property=\"og:locale\" content=\"fr_FR\" \/>\n<meta property=\"og:type\" content=\"article\" \/>\n<meta property=\"og:title\" content=\"Journ\u00e9e Portes Ouvertes samedi 15 septembre de 14H \u00e0 16H \u00e0 Kervido - Avenir Cycliste Lanester 56\" \/>\n<meta property=\"og:url\" content=\"https:\/\/www.aclanester56.com\/velo\/les-inscriptions-au-club-pour-la-saison-2018-2019-sont-ouvertes\/\" \/>\n<meta property=\"og:site_name\" content=\"Avenir Cycliste Lanester 56\" \/>\n<meta property=\"article:publisher\" content=\"https:\/\/www.facebook.com\/pages\/AC-Lanester-56\/190286300991242?fref=ts\" \/>\n<meta property=\"article:published_time\" content=\"2018-09-12T12:49:52+00:00\" \/>\n<meta property=\"article:modified_time\" content=\"2018-09-13T14:41:00+00:00\" \/>\n<meta property=\"og:image\" content=\"https:\/\/www.aclanester56.com\/velo\/wp-content\/uploads\/2018\/07\/Affiche-Portes-Ouvertes-2018-site-1.png\" \/>\n\t<meta property=\"og:image:width\" content=\"900\" \/>\n\t<meta property=\"og:image:height\" content=\"480\" \/>\n\t<meta property=\"og:image:type\" content=\"image\/png\" \/>\n<meta name=\"author\" content=\"Jean-Christophe\" \/>\n<meta name=\"twitter:label1\" content=\"\u00c9crit par\" \/>\n\t<meta name=\"twitter:data1\" content=\"Jean-Christophe\" \/>\n<script type=\"application\/ld+json\" class=\"yoast-schema-graph\">{\"@context\":\"https:\\\/\\\/schema.org\",\"@graph\":[{\"@type\":\"Article\",\"@id\":\"https:\\\/\\\/www.aclanester56.com\\\/velo\\\/les-inscriptions-au-club-pour-la-saison-2018-2019-sont-ouvertes\\\/#article\",\"isPartOf\":{\"@id\":\"https:\\\/\\\/www.aclanester56.com\\\/velo\\\/les-inscriptions-au-club-pour-la-saison-2018-2019-sont-ouvertes\\\/\"},\"author\":{\"name\":\"Jean-Christophe\",\"@id\":\"https:\\\/\\\/www.aclanester56.com\\\/velo\\\/#\\\/schema\\\/person\\\/ca2a44a5fd969e9dd846c72d3b33bc01\"},\"headline\":\"Journ\u00e9e Portes Ouvertes samedi 15 septembre de 14H \u00e0 16H \u00e0 Kervido\",\"datePublished\":\"2018-09-12T12:49:52+00:00\",\"dateModified\":\"2018-09-13T14:41:00+00:00\",\"mainEntityOfPage\":{\"@id\":\"https:\\\/\\\/www.aclanester56.com\\\/velo\\\/les-inscriptions-au-club-pour-la-saison-2018-2019-sont-ouvertes\\\/\"},\"wordCount\":78,\"commentCount\":0,\"publisher\":{\"@id\":\"https:\\\/\\\/www.aclanester56.com\\\/velo\\\/#organization\"},\"image\":{\"@id\":\"https:\\\/\\\/www.aclanester56.com\\\/velo\\\/les-inscriptions-au-club-pour-la-saison-2018-2019-sont-ouvertes\\\/#primaryimage\"},\"thumbnailUrl\":\"https:\\\/\\\/www.aclanester56.com\\\/velo\\\/wp-content\\\/uploads\\\/2018\\\/07\\\/Affiche-Portes-Ouvertes-2018-site-1.png\",\"articleSection\":[\"AC LANESTER 56\",\"Les rendez-vous\"],\"inLanguage\":\"fr-FR\",\"potentialAction\":[{\"@type\":\"CommentAction\",\"name\":\"Comment\",\"target\":[\"https:\\\/\\\/www.aclanester56.com\\\/velo\\\/les-inscriptions-au-club-pour-la-saison-2018-2019-sont-ouvertes\\\/#respond\"]}]},{\"@type\":\"WebPage\",\"@id\":\"https:\\\/\\\/www.aclanester56.com\\\/velo\\\/les-inscriptions-au-club-pour-la-saison-2018-2019-sont-ouvertes\\\/\",\"url\":\"https:\\\/\\\/www.aclanester56.com\\\/velo\\\/les-inscriptions-au-club-pour-la-saison-2018-2019-sont-ouvertes\\\/\",\"name\":\"Journ\u00e9e Portes Ouvertes samedi 15 septembre de 14H \u00e0 16H \u00e0 Kervido - Avenir Cycliste Lanester 56\",\"isPartOf\":{\"@id\":\"https:\\\/\\\/www.aclanester56.com\\\/velo\\\/#website\"},\"primaryImageOfPage\":{\"@id\":\"https:\\\/\\\/www.aclanester56.com\\\/velo\\\/les-inscriptions-au-club-pour-la-saison-2018-2019-sont-ouvertes\\\/#primaryimage\"},\"image\":{\"@id\":\"https:\\\/\\\/www.aclanester56.com\\\/velo\\\/les-inscriptions-au-club-pour-la-saison-2018-2019-sont-ouvertes\\\/#primaryimage\"},\"thumbnailUrl\":\"https:\\\/\\\/www.aclanester56.com\\\/velo\\\/wp-content\\\/uploads\\\/2018\\\/07\\\/Affiche-Portes-Ouvertes-2018-site-1.png\",\"datePublished\":\"2018-09-12T12:49:52+00:00\",\"dateModified\":\"2018-09-13T14:41:00+00:00\",\"inLanguage\":\"fr-FR\",\"potentialAction\":[{\"@type\":\"ReadAction\",\"target\":[\"https:\\\/\\\/www.aclanester56.com\\\/velo\\\/les-inscriptions-au-club-pour-la-saison-2018-2019-sont-ouvertes\\\/\"]}]},{\"@type\":\"ImageObject\",\"inLanguage\":\"fr-FR\",\"@id\":\"https:\\\/\\\/www.aclanester56.com\\\/velo\\\/les-inscriptions-au-club-pour-la-saison-2018-2019-sont-ouvertes\\\/#primaryimage\",\"url\":\"https:\\\/\\\/www.aclanester56.com\\\/velo\\\/wp-content\\\/uploads\\\/2018\\\/07\\\/Affiche-Portes-Ouvertes-2018-site-1.png\",\"contentUrl\":\"https:\\\/\\\/www.aclanester56.com\\\/velo\\\/wp-content\\\/uploads\\\/2018\\\/07\\\/Affiche-Portes-Ouvertes-2018-site-1.png\",\"width\":900,\"height\":480},{\"@type\":\"WebSite\",\"@id\":\"https:\\\/\\\/www.aclanester56.com\\\/velo\\\/#website\",\"url\":\"https:\\\/\\\/www.aclanester56.com\\\/velo\\\/\",\"name\":\"Avenir Cycliste Lanester 56\",\"description\":\"Club cycliste de l&#039;AC LANESTER 56\",\"publisher\":{\"@id\":\"https:\\\/\\\/www.aclanester56.com\\\/velo\\\/#organization\"},\"potentialAction\":[{\"@type\":\"SearchAction\",\"target\":{\"@type\":\"EntryPoint\",\"urlTemplate\":\"https:\\\/\\\/www.aclanester56.com\\\/velo\\\/?s={search_term_string}\"},\"query-input\":{\"@type\":\"PropertyValueSpecification\",\"valueRequired\":true,\"valueName\":\"search_term_string\"}}],\"inLanguage\":\"fr-FR\"},{\"@type\":\"Organization\",\"@id\":\"https:\\\/\\\/www.aclanester56.com\\\/velo\\\/#organization\",\"name\":\"Avenir Cycliste Lanester 56\",\"url\":\"https:\\\/\\\/www.aclanester56.com\\\/velo\\\/\",\"logo\":{\"@type\":\"ImageObject\",\"inLanguage\":\"fr-FR\",\"@id\":\"https:\\\/\\\/www.aclanester56.com\\\/velo\\\/#\\\/schema\\\/logo\\\/image\\\/\",\"url\":\"https:\\\/\\\/www.aclanester56.com\\\/velo\\\/wp-content\\\/uploads\\\/2013\\\/04\\\/logo-ACL.jpg\",\"contentUrl\":\"https:\\\/\\\/www.aclanester56.com\\\/velo\\\/wp-content\\\/uploads\\\/2013\\\/04\\\/logo-ACL.jpg\",\"width\":400,\"height\":334,\"caption\":\"Avenir Cycliste Lanester 56\"},\"image\":{\"@id\":\"https:\\\/\\\/www.aclanester56.com\\\/velo\\\/#\\\/schema\\\/logo\\\/image\\\/\"},\"sameAs\":[\"https:\\\/\\\/www.facebook.com\\\/pages\\\/AC-Lanester-56\\\/190286300991242?fref=ts\"]},{\"@type\":\"Person\",\"@id\":\"https:\\\/\\\/www.aclanester56.com\\\/velo\\\/#\\\/schema\\\/person\\\/ca2a44a5fd969e9dd846c72d3b33bc01\",\"name\":\"Jean-Christophe\",\"url\":\"https:\\\/\\\/www.aclanester56.com\\\/velo\\\/author\\\/jeanchristophe\\\/\"}]}<\/script>\n<!-- \/ Yoast SEO plugin. -->","yoast_head_json":{"title":"Journ\u00e9e Portes Ouvertes samedi 15 septembre de 14H \u00e0 16H \u00e0 Kervido - Avenir Cycliste Lanester 56","robots":{"index":"index","follow":"follow","max-snippet":"max-snippet:-1","max-image-preview":"max-image-preview:large","max-video-preview":"max-video-preview:-1"},"canonical":"https:\/\/www.aclanester56.com\/velo\/les-inscriptions-au-club-pour-la-saison-2018-2019-sont-ouvertes\/","og_locale":"fr_FR","og_type":"article","og_title":"Journ\u00e9e Portes Ouvertes samedi 15 septembre de 14H \u00e0 16H \u00e0 Kervido - Avenir Cycliste Lanester 56","og_url":"https:\/\/www.aclanester56.com\/velo\/les-inscriptions-au-club-pour-la-saison-2018-2019-sont-ouvertes\/","og_site_name":"Avenir Cycliste Lanester 56","article_publisher":"https:\/\/www.facebook.com\/pages\/AC-Lanester-56\/190286300991242?fref=ts","article_published_time":"2018-09-12T12:49:52+00:00","article_modified_time":"2018-09-13T14:41:00+00:00","og_image":[{"width":900,"height":480,"url":"https:\/\/www.aclanester56.com\/velo\/wp-content\/uploads\/2018\/07\/Affiche-Portes-Ouvertes-2018-site-1.png","type":"image\/png"}],"author":"Jean-Christophe","twitter_misc":{"\u00c9crit par":"Jean-Christophe"},"schema":{"@context":"https:\/\/schema.org","@graph":[{"@type":"Article","@id":"https:\/\/www.aclanester56.com\/velo\/les-inscriptions-au-club-pour-la-saison-2018-2019-sont-ouvertes\/#article","isPartOf":{"@id":"https:\/\/www.aclanester56.com\/velo\/les-inscriptions-au-club-pour-la-saison-2018-2019-sont-ouvertes\/"},"author":{"name":"Jean-Christophe","@id":"https:\/\/www.aclanester56.com\/velo\/#\/schema\/person\/ca2a44a5fd969e9dd846c72d3b33bc01"},"headline":"Journ\u00e9e Portes Ouvertes samedi 15 septembre de 14H \u00e0 16H \u00e0 Kervido","datePublished":"2018-09-12T12:49:52+00:00","dateModified":"2018-09-13T14:41:00+00:00","mainEntityOfPage":{"@id":"https:\/\/www.aclanester56.com\/velo\/les-inscriptions-au-club-pour-la-saison-2018-2019-sont-ouvertes\/"},"wordCount":78,"commentCount":0,"publisher":{"@id":"https:\/\/www.aclanester56.com\/velo\/#organization"},"image":{"@id":"https:\/\/www.aclanester56.com\/velo\/les-inscriptions-au-club-pour-la-saison-2018-2019-sont-ouvertes\/#primaryimage"},"thumbnailUrl":"https:\/\/www.aclanester56.com\/velo\/wp-content\/uploads\/2018\/07\/Affiche-Portes-Ouvertes-2018-site-1.png","articleSection":["AC LANESTER 56","Les rendez-vous"],"inLanguage":"fr-FR","potentialAction":[{"@type":"CommentAction","name":"Comment","target":["https:\/\/www.aclanester56.com\/velo\/les-inscriptions-au-club-pour-la-saison-2018-2019-sont-ouvertes\/#respond"]}]},{"@type":"WebPage","@id":"https:\/\/www.aclanester56.com\/velo\/les-inscriptions-au-club-pour-la-saison-2018-2019-sont-ouvertes\/","url":"https:\/\/www.aclanester56.com\/velo\/les-inscriptions-au-club-pour-la-saison-2018-2019-sont-ouvertes\/","name":"Journ\u00e9e Portes Ouvertes samedi 15 septembre de 14H \u00e0 16H \u00e0 Kervido - Avenir Cycliste Lanester 56","isPartOf":{"@id":"https:\/\/www.aclanester56.com\/velo\/#website"},"primaryImageOfPage":{"@id":"https:\/\/www.aclanester56.com\/velo\/les-inscriptions-au-club-pour-la-saison-2018-2019-sont-ouvertes\/#primaryimage"},"image":{"@id":"https:\/\/www.aclanester56.com\/velo\/les-inscriptions-au-club-pour-la-saison-2018-2019-sont-ouvertes\/#primaryimage"},"thumbnailUrl":"https:\/\/www.aclanester56.com\/velo\/wp-content\/uploads\/2018\/07\/Affiche-Portes-Ouvertes-2018-site-1.png","datePublished":"2018-09-12T12:49:52+00:00","dateModified":"2018-09-13T14:41:00+00:00","inLanguage":"fr-FR","potentialAction":[{"@type":"ReadAction","target":["https:\/\/www.aclanester56.com\/velo\/les-inscriptions-au-club-pour-la-saison-2018-2019-sont-ouvertes\/"]}]},{"@type":"ImageObject","inLanguage":"fr-FR","@id":"https:\/\/www.aclanester56.com\/velo\/les-inscriptions-au-club-pour-la-saison-2018-2019-sont-ouvertes\/#primaryimage","url":"https:\/\/www.aclanester56.com\/velo\/wp-content\/uploads\/2018\/07\/Affiche-Portes-Ouvertes-2018-site-1.png","contentUrl":"https:\/\/www.aclanester56.com\/velo\/wp-content\/uploads\/2018\/07\/Affiche-Portes-Ouvertes-2018-site-1.png","width":900,"height":480},{"@type":"WebSite","@id":"https:\/\/www.aclanester56.com\/velo\/#website","url":"https:\/\/www.aclanester56.com\/velo\/","name":"Avenir Cycliste Lanester 56","description":"Club cycliste de l&#039;AC LANESTER 56","publisher":{"@id":"https:\/\/www.aclanester56.com\/velo\/#organization"},"potentialAction":[{"@type":"SearchAction","target":{"@type":"EntryPoint","urlTemplate":"https:\/\/www.aclanester56.com\/velo\/?s={search_term_string}"},"query-input":{"@type":"PropertyValueSpecification","valueRequired":true,"valueName":"search_term_string"}}],"inLanguage":"fr-FR"},{"@type":"Organization","@id":"https:\/\/www.aclanester56.com\/velo\/#organization","name":"Avenir Cycliste Lanester 56","url":"https:\/\/www.aclanester56.com\/velo\/","logo":{"@type":"ImageObject","inLanguage":"fr-FR","@id":"https:\/\/www.aclanester56.com\/velo\/#\/schema\/logo\/image\/","url":"https:\/\/www.aclanester56.com\/velo\/wp-content\/uploads\/2013\/04\/logo-ACL.jpg","contentUrl":"https:\/\/www.aclanester56.com\/velo\/wp-content\/uploads\/2013\/04\/logo-ACL.jpg","width":400,"height":334,"caption":"Avenir Cycliste Lanester 56"},"image":{"@id":"https:\/\/www.aclanester56.com\/velo\/#\/schema\/logo\/image\/"},"sameAs":["https:\/\/www.facebook.com\/pages\/AC-Lanester-56\/190286300991242?fref=ts"]},{"@type":"Person","@id":"https:\/\/www.aclanester56.com\/velo\/#\/schema\/person\/ca2a44a5fd969e9dd846c72d3b33bc01","name":"Jean-Christophe","url":"https:\/\/www.aclanester56.com\/velo\/author\/jeanchristophe\/"}]}},"_links":{"self":[{"href":"https:\/\/www.aclanester56.com\/velo\/wp-json\/wp\/v2\/posts\/39488","targetHints":{"allow":["GET"]}}],"collection":[{"href":"https:\/\/www.aclanester56.com\/velo\/wp-json\/wp\/v2\/posts"}],"about":[{"href":"https:\/\/www.aclanester56.com\/velo\/wp-json\/wp\/v2\/types\/post"}],"author":[{"embeddable":true,"href":"https:\/\/www.aclanester56.com\/velo\/wp-json\/wp\/v2\/users\/14"}],"replies":[{"embeddable":true,"href":"https:\/\/www.aclanester56.com\/velo\/wp-json\/wp\/v2\/comments?post=39488"}],"version-history":[{"count":3,"href":"https:\/\/www.aclanester56.com\/velo\/wp-json\/wp\/v2\/posts\/39488\/revisions"}],"predecessor-version":[{"id":39616,"href":"https:\/\/www.aclanester56.com\/velo\/wp-json\/wp\/v2\/posts\/39488\/revisions\/39616"}],"wp:featuredmedia":[{"embeddable":true,"href":"https:\/\/www.aclanester56.com\/velo\/wp-json\/wp\/v2\/media\/39487"}],"wp:attachment":[{"href":"https:\/\/www.aclanester56.com\/velo\/wp-json\/wp\/v2\/media?parent=39488"}],"wp:term":[{"taxonomy":"category","embeddable":true,"href":"https:\/\/www.aclanester56.com\/velo\/wp-json\/wp\/v2\/categories?post=39488"},{"taxonomy":"post_tag","embeddable":true,"href":"https:\/\/www.aclanester56.com\/velo\/wp-json\/wp\/v2\/tags?post=39488"}],"curies":[{"name":"wp","href":"https:\/\/api.w.org\/{rel}","templated":true}]}}