{"id":39871,"date":"2018-11-25T18:09:08","date_gmt":"2018-11-25T16:09:08","guid":{"rendered":"https:\/\/www.aclanester56.com\/velo\/?p=39871"},"modified":"2018-12-06T18:31:00","modified_gmt":"2018-12-06T16:31:00","slug":"axel-laurance-champion-du-morbihan-junior-de-cyclo-cross-a-brandivy","status":"publish","type":"post","link":"https:\/\/www.aclanester56.com\/velo\/axel-laurance-champion-du-morbihan-junior-de-cyclo-cross-a-brandivy\/","title":{"rendered":"Axel Laurance champion du Morbihan Junior de cyclo-cross \u00e0 Brandivy"},"content":{"rendered":"<p><!--more--><\/p>\n<p><em><a href=\"https:\/\/www.aclanester56.com\/velo\/wp-content\/uploads\/2018\/12\/FB_IMG_1544112346576.jpg\"><img loading=\"lazy\" decoding=\"async\" class=\" wp-image-39873 alignright\" src=\"https:\/\/www.aclanester56.com\/velo\/wp-content\/uploads\/2018\/12\/FB_IMG_1544112346576.jpg\" alt=\"\" width=\"360\" height=\"480\" srcset=\"https:\/\/www.aclanester56.com\/velo\/wp-content\/uploads\/2018\/12\/FB_IMG_1544112346576.jpg 720w, https:\/\/www.aclanester56.com\/velo\/wp-content\/uploads\/2018\/12\/FB_IMG_1544112346576-225x300.jpg 225w, https:\/\/www.aclanester56.com\/velo\/wp-content\/uploads\/2018\/12\/FB_IMG_1544112346576-450x600.jpg 450w, https:\/\/www.aclanester56.com\/velo\/wp-content\/uploads\/2018\/12\/FB_IMG_1544112346576-338x450.jpg 338w, https:\/\/www.aclanester56.com\/velo\/wp-content\/uploads\/2018\/12\/FB_IMG_1544112346576-75x100.jpg 75w, https:\/\/www.aclanester56.com\/velo\/wp-content\/uploads\/2018\/12\/FB_IMG_1544112346576-600x800.jpg 600w\" sizes=\"auto, (max-width: 360px) 100vw, 360px\" \/><\/a>Photo : Maelys Relet<\/em><\/p>\n<p>Il tenait vraiment \u00e0 l&#8217;emporter pour remercier les dirigeants de l&rsquo;AC Lanester 56 de leur confiance ! Axel Laurance a remport\u00e9 le titre de champion du Morbihan de cyclo-cross Juniors \u00e0 Brandivy !<\/p>\n<p>Un petit moment sympa \u00e0 signaler : lors de l&rsquo;\u00e9preuve des \u00e9coles de cyclisme le matin, Eli\u00e8s et Yaelle, le petit fr\u00e8re et la grande soeur de la famille Lo\u00ebzic sont tous les deux mont\u00e9 pour la premi\u00e8re fois sur un podium ! Eli\u00e8s et Yaelle terminent chacun 3\u00e8me dans leur cat\u00e9gorie respective. Leur grand fr\u00e8re Louenn termine 28\u00e8me dans la cat\u00e9gorie Minimes.<\/p>\n<p>Bravo \u00e0 tous !<\/p>\n","protected":false},"excerpt":{"rendered":"","protected":false},"author":14,"featured_media":39872,"comment_status":"open","ping_status":"open","sticky":false,"template":"","format":"standard","meta":{"ngg_post_thumbnail":0,"footnotes":""},"categories":[5,28,21],"tags":[],"class_list":["post-39871","post","type-post","status-publish","format-standard","has-post-thumbnail","hentry","category-ac-lanester-56","category-resultats-cyclo-cross","category-resultats-juniors"],"yoast_head":"<!-- This site is optimized with the Yoast SEO plugin v27.5 - https:\/\/yoast.com\/product\/yoast-seo-wordpress\/ -->\n<title>Axel Laurance champion du Morbihan Junior de cyclo-cross \u00e0 Brandivy - Avenir Cycliste Lanester 56<\/title>\n<meta name=\"robots\" content=\"index, follow, max-snippet:-1, max-image-preview:large, max-video-preview:-1\" \/>\n<link rel=\"canonical\" href=\"https:\/\/www.aclanester56.com\/velo\/axel-laurance-champion-du-morbihan-junior-de-cyclo-cross-a-brandivy\/\" \/>\n<meta property=\"og:locale\" content=\"fr_FR\" \/>\n<meta property=\"og:type\" content=\"article\" \/>\n<meta property=\"og:title\" content=\"Axel Laurance champion du Morbihan Junior de cyclo-cross \u00e0 Brandivy - Avenir Cycliste Lanester 56\" \/>\n<meta property=\"og:url\" content=\"https:\/\/www.aclanester56.com\/velo\/axel-laurance-champion-du-morbihan-junior-de-cyclo-cross-a-brandivy\/\" \/>\n<meta property=\"og:site_name\" content=\"Avenir Cycliste Lanester 56\" \/>\n<meta property=\"article:publisher\" content=\"https:\/\/www.facebook.com\/pages\/AC-Lanester-56\/190286300991242?fref=ts\" \/>\n<meta property=\"article:published_time\" content=\"2018-11-25T16:09:08+00:00\" \/>\n<meta property=\"article:modified_time\" content=\"2018-12-06T16:31:00+00:00\" \/>\n<meta property=\"og:image\" content=\"https:\/\/www.aclanester56.com\/velo\/wp-content\/uploads\/2018\/12\/FB_IMG_1544112296380-Copie.jpg\" \/>\n\t<meta property=\"og:image:width\" content=\"900\" \/>\n\t<meta property=\"og:image:height\" content=\"480\" \/>\n\t<meta property=\"og:image:type\" content=\"image\/jpeg\" \/>\n<meta name=\"author\" content=\"Jean-Christophe\" \/>\n<meta name=\"twitter:label1\" content=\"\u00c9crit par\" \/>\n\t<meta name=\"twitter:data1\" content=\"Jean-Christophe\" \/>\n\t<meta name=\"twitter:label2\" content=\"Dur\u00e9e de lecture estim\u00e9e\" \/>\n\t<meta name=\"twitter:data2\" content=\"1 minute\" \/>\n<script type=\"application\/ld+json\" class=\"yoast-schema-graph\">{\"@context\":\"https:\\\/\\\/schema.org\",\"@graph\":[{\"@type\":\"Article\",\"@id\":\"https:\\\/\\\/www.aclanester56.com\\\/velo\\\/axel-laurance-champion-du-morbihan-junior-de-cyclo-cross-a-brandivy\\\/#article\",\"isPartOf\":{\"@id\":\"https:\\\/\\\/www.aclanester56.com\\\/velo\\\/axel-laurance-champion-du-morbihan-junior-de-cyclo-cross-a-brandivy\\\/\"},\"author\":{\"name\":\"Jean-Christophe\",\"@id\":\"https:\\\/\\\/www.aclanester56.com\\\/velo\\\/#\\\/schema\\\/person\\\/ca2a44a5fd969e9dd846c72d3b33bc01\"},\"headline\":\"Axel Laurance champion du Morbihan Junior de cyclo-cross \u00e0 Brandivy\",\"datePublished\":\"2018-11-25T16:09:08+00:00\",\"dateModified\":\"2018-12-06T16:31:00+00:00\",\"mainEntityOfPage\":{\"@id\":\"https:\\\/\\\/www.aclanester56.com\\\/velo\\\/axel-laurance-champion-du-morbihan-junior-de-cyclo-cross-a-brandivy\\\/\"},\"wordCount\":111,\"commentCount\":0,\"publisher\":{\"@id\":\"https:\\\/\\\/www.aclanester56.com\\\/velo\\\/#organization\"},\"image\":{\"@id\":\"https:\\\/\\\/www.aclanester56.com\\\/velo\\\/axel-laurance-champion-du-morbihan-junior-de-cyclo-cross-a-brandivy\\\/#primaryimage\"},\"thumbnailUrl\":\"https:\\\/\\\/www.aclanester56.com\\\/velo\\\/wp-content\\\/uploads\\\/2018\\\/12\\\/FB_IMG_1544112296380-Copie.jpg\",\"articleSection\":[\"AC LANESTER 56\",\"R\u00e9sultats Cyclo-Cross\",\"R\u00e9sultats Juniors\"],\"inLanguage\":\"fr-FR\",\"potentialAction\":[{\"@type\":\"CommentAction\",\"name\":\"Comment\",\"target\":[\"https:\\\/\\\/www.aclanester56.com\\\/velo\\\/axel-laurance-champion-du-morbihan-junior-de-cyclo-cross-a-brandivy\\\/#respond\"]}]},{\"@type\":\"WebPage\",\"@id\":\"https:\\\/\\\/www.aclanester56.com\\\/velo\\\/axel-laurance-champion-du-morbihan-junior-de-cyclo-cross-a-brandivy\\\/\",\"url\":\"https:\\\/\\\/www.aclanester56.com\\\/velo\\\/axel-laurance-champion-du-morbihan-junior-de-cyclo-cross-a-brandivy\\\/\",\"name\":\"Axel Laurance champion du Morbihan Junior de cyclo-cross \u00e0 Brandivy - Avenir Cycliste Lanester 56\",\"isPartOf\":{\"@id\":\"https:\\\/\\\/www.aclanester56.com\\\/velo\\\/#website\"},\"primaryImageOfPage\":{\"@id\":\"https:\\\/\\\/www.aclanester56.com\\\/velo\\\/axel-laurance-champion-du-morbihan-junior-de-cyclo-cross-a-brandivy\\\/#primaryimage\"},\"image\":{\"@id\":\"https:\\\/\\\/www.aclanester56.com\\\/velo\\\/axel-laurance-champion-du-morbihan-junior-de-cyclo-cross-a-brandivy\\\/#primaryimage\"},\"thumbnailUrl\":\"https:\\\/\\\/www.aclanester56.com\\\/velo\\\/wp-content\\\/uploads\\\/2018\\\/12\\\/FB_IMG_1544112296380-Copie.jpg\",\"datePublished\":\"2018-11-25T16:09:08+00:00\",\"dateModified\":\"2018-12-06T16:31:00+00:00\",\"inLanguage\":\"fr-FR\",\"potentialAction\":[{\"@type\":\"ReadAction\",\"target\":[\"https:\\\/\\\/www.aclanester56.com\\\/velo\\\/axel-laurance-champion-du-morbihan-junior-de-cyclo-cross-a-brandivy\\\/\"]}]},{\"@type\":\"ImageObject\",\"inLanguage\":\"fr-FR\",\"@id\":\"https:\\\/\\\/www.aclanester56.com\\\/velo\\\/axel-laurance-champion-du-morbihan-junior-de-cyclo-cross-a-brandivy\\\/#primaryimage\",\"url\":\"https:\\\/\\\/www.aclanester56.com\\\/velo\\\/wp-content\\\/uploads\\\/2018\\\/12\\\/FB_IMG_1544112296380-Copie.jpg\",\"contentUrl\":\"https:\\\/\\\/www.aclanester56.com\\\/velo\\\/wp-content\\\/uploads\\\/2018\\\/12\\\/FB_IMG_1544112296380-Copie.jpg\",\"width\":900,\"height\":480},{\"@type\":\"WebSite\",\"@id\":\"https:\\\/\\\/www.aclanester56.com\\\/velo\\\/#website\",\"url\":\"https:\\\/\\\/www.aclanester56.com\\\/velo\\\/\",\"name\":\"Avenir Cycliste Lanester 56\",\"description\":\"Club cycliste de l&#039;AC LANESTER 56\",\"publisher\":{\"@id\":\"https:\\\/\\\/www.aclanester56.com\\\/velo\\\/#organization\"},\"potentialAction\":[{\"@type\":\"SearchAction\",\"target\":{\"@type\":\"EntryPoint\",\"urlTemplate\":\"https:\\\/\\\/www.aclanester56.com\\\/velo\\\/?s={search_term_string}\"},\"query-input\":{\"@type\":\"PropertyValueSpecification\",\"valueRequired\":true,\"valueName\":\"search_term_string\"}}],\"inLanguage\":\"fr-FR\"},{\"@type\":\"Organization\",\"@id\":\"https:\\\/\\\/www.aclanester56.com\\\/velo\\\/#organization\",\"name\":\"Avenir Cycliste Lanester 56\",\"url\":\"https:\\\/\\\/www.aclanester56.com\\\/velo\\\/\",\"logo\":{\"@type\":\"ImageObject\",\"inLanguage\":\"fr-FR\",\"@id\":\"https:\\\/\\\/www.aclanester56.com\\\/velo\\\/#\\\/schema\\\/logo\\\/image\\\/\",\"url\":\"https:\\\/\\\/www.aclanester56.com\\\/velo\\\/wp-content\\\/uploads\\\/2013\\\/04\\\/logo-ACL.jpg\",\"contentUrl\":\"https:\\\/\\\/www.aclanester56.com\\\/velo\\\/wp-content\\\/uploads\\\/2013\\\/04\\\/logo-ACL.jpg\",\"width\":400,\"height\":334,\"caption\":\"Avenir Cycliste Lanester 56\"},\"image\":{\"@id\":\"https:\\\/\\\/www.aclanester56.com\\\/velo\\\/#\\\/schema\\\/logo\\\/image\\\/\"},\"sameAs\":[\"https:\\\/\\\/www.facebook.com\\\/pages\\\/AC-Lanester-56\\\/190286300991242?fref=ts\"]},{\"@type\":\"Person\",\"@id\":\"https:\\\/\\\/www.aclanester56.com\\\/velo\\\/#\\\/schema\\\/person\\\/ca2a44a5fd969e9dd846c72d3b33bc01\",\"name\":\"Jean-Christophe\",\"url\":\"https:\\\/\\\/www.aclanester56.com\\\/velo\\\/author\\\/jeanchristophe\\\/\"}]}<\/script>\n<!-- \/ Yoast SEO plugin. -->","yoast_head_json":{"title":"Axel Laurance champion du Morbihan Junior de cyclo-cross \u00e0 Brandivy - Avenir Cycliste Lanester 56","robots":{"index":"index","follow":"follow","max-snippet":"max-snippet:-1","max-image-preview":"max-image-preview:large","max-video-preview":"max-video-preview:-1"},"canonical":"https:\/\/www.aclanester56.com\/velo\/axel-laurance-champion-du-morbihan-junior-de-cyclo-cross-a-brandivy\/","og_locale":"fr_FR","og_type":"article","og_title":"Axel Laurance champion du Morbihan Junior de cyclo-cross \u00e0 Brandivy - Avenir Cycliste Lanester 56","og_url":"https:\/\/www.aclanester56.com\/velo\/axel-laurance-champion-du-morbihan-junior-de-cyclo-cross-a-brandivy\/","og_site_name":"Avenir Cycliste Lanester 56","article_publisher":"https:\/\/www.facebook.com\/pages\/AC-Lanester-56\/190286300991242?fref=ts","article_published_time":"2018-11-25T16:09:08+00:00","article_modified_time":"2018-12-06T16:31:00+00:00","og_image":[{"width":900,"height":480,"url":"https:\/\/www.aclanester56.com\/velo\/wp-content\/uploads\/2018\/12\/FB_IMG_1544112296380-Copie.jpg","type":"image\/jpeg"}],"author":"Jean-Christophe","twitter_misc":{"\u00c9crit par":"Jean-Christophe","Dur\u00e9e de lecture estim\u00e9e":"1 minute"},"schema":{"@context":"https:\/\/schema.org","@graph":[{"@type":"Article","@id":"https:\/\/www.aclanester56.com\/velo\/axel-laurance-champion-du-morbihan-junior-de-cyclo-cross-a-brandivy\/#article","isPartOf":{"@id":"https:\/\/www.aclanester56.com\/velo\/axel-laurance-champion-du-morbihan-junior-de-cyclo-cross-a-brandivy\/"},"author":{"name":"Jean-Christophe","@id":"https:\/\/www.aclanester56.com\/velo\/#\/schema\/person\/ca2a44a5fd969e9dd846c72d3b33bc01"},"headline":"Axel Laurance champion du Morbihan Junior de cyclo-cross \u00e0 Brandivy","datePublished":"2018-11-25T16:09:08+00:00","dateModified":"2018-12-06T16:31:00+00:00","mainEntityOfPage":{"@id":"https:\/\/www.aclanester56.com\/velo\/axel-laurance-champion-du-morbihan-junior-de-cyclo-cross-a-brandivy\/"},"wordCount":111,"commentCount":0,"publisher":{"@id":"https:\/\/www.aclanester56.com\/velo\/#organization"},"image":{"@id":"https:\/\/www.aclanester56.com\/velo\/axel-laurance-champion-du-morbihan-junior-de-cyclo-cross-a-brandivy\/#primaryimage"},"thumbnailUrl":"https:\/\/www.aclanester56.com\/velo\/wp-content\/uploads\/2018\/12\/FB_IMG_1544112296380-Copie.jpg","articleSection":["AC LANESTER 56","R\u00e9sultats Cyclo-Cross","R\u00e9sultats Juniors"],"inLanguage":"fr-FR","potentialAction":[{"@type":"CommentAction","name":"Comment","target":["https:\/\/www.aclanester56.com\/velo\/axel-laurance-champion-du-morbihan-junior-de-cyclo-cross-a-brandivy\/#respond"]}]},{"@type":"WebPage","@id":"https:\/\/www.aclanester56.com\/velo\/axel-laurance-champion-du-morbihan-junior-de-cyclo-cross-a-brandivy\/","url":"https:\/\/www.aclanester56.com\/velo\/axel-laurance-champion-du-morbihan-junior-de-cyclo-cross-a-brandivy\/","name":"Axel Laurance champion du Morbihan Junior de cyclo-cross \u00e0 Brandivy - Avenir Cycliste Lanester 56","isPartOf":{"@id":"https:\/\/www.aclanester56.com\/velo\/#website"},"primaryImageOfPage":{"@id":"https:\/\/www.aclanester56.com\/velo\/axel-laurance-champion-du-morbihan-junior-de-cyclo-cross-a-brandivy\/#primaryimage"},"image":{"@id":"https:\/\/www.aclanester56.com\/velo\/axel-laurance-champion-du-morbihan-junior-de-cyclo-cross-a-brandivy\/#primaryimage"},"thumbnailUrl":"https:\/\/www.aclanester56.com\/velo\/wp-content\/uploads\/2018\/12\/FB_IMG_1544112296380-Copie.jpg","datePublished":"2018-11-25T16:09:08+00:00","dateModified":"2018-12-06T16:31:00+00:00","inLanguage":"fr-FR","potentialAction":[{"@type":"ReadAction","target":["https:\/\/www.aclanester56.com\/velo\/axel-laurance-champion-du-morbihan-junior-de-cyclo-cross-a-brandivy\/"]}]},{"@type":"ImageObject","inLanguage":"fr-FR","@id":"https:\/\/www.aclanester56.com\/velo\/axel-laurance-champion-du-morbihan-junior-de-cyclo-cross-a-brandivy\/#primaryimage","url":"https:\/\/www.aclanester56.com\/velo\/wp-content\/uploads\/2018\/12\/FB_IMG_1544112296380-Copie.jpg","contentUrl":"https:\/\/www.aclanester56.com\/velo\/wp-content\/uploads\/2018\/12\/FB_IMG_1544112296380-Copie.jpg","width":900,"height":480},{"@type":"WebSite","@id":"https:\/\/www.aclanester56.com\/velo\/#website","url":"https:\/\/www.aclanester56.com\/velo\/","name":"Avenir Cycliste Lanester 56","description":"Club cycliste de l&#039;AC LANESTER 56","publisher":{"@id":"https:\/\/www.aclanester56.com\/velo\/#organization"},"potentialAction":[{"@type":"SearchAction","target":{"@type":"EntryPoint","urlTemplate":"https:\/\/www.aclanester56.com\/velo\/?s={search_term_string}"},"query-input":{"@type":"PropertyValueSpecification","valueRequired":true,"valueName":"search_term_string"}}],"inLanguage":"fr-FR"},{"@type":"Organization","@id":"https:\/\/www.aclanester56.com\/velo\/#organization","name":"Avenir Cycliste Lanester 56","url":"https:\/\/www.aclanester56.com\/velo\/","logo":{"@type":"ImageObject","inLanguage":"fr-FR","@id":"https:\/\/www.aclanester56.com\/velo\/#\/schema\/logo\/image\/","url":"https:\/\/www.aclanester56.com\/velo\/wp-content\/uploads\/2013\/04\/logo-ACL.jpg","contentUrl":"https:\/\/www.aclanester56.com\/velo\/wp-content\/uploads\/2013\/04\/logo-ACL.jpg","width":400,"height":334,"caption":"Avenir Cycliste Lanester 56"},"image":{"@id":"https:\/\/www.aclanester56.com\/velo\/#\/schema\/logo\/image\/"},"sameAs":["https:\/\/www.facebook.com\/pages\/AC-Lanester-56\/190286300991242?fref=ts"]},{"@type":"Person","@id":"https:\/\/www.aclanester56.com\/velo\/#\/schema\/person\/ca2a44a5fd969e9dd846c72d3b33bc01","name":"Jean-Christophe","url":"https:\/\/www.aclanester56.com\/velo\/author\/jeanchristophe\/"}]}},"_links":{"self":[{"href":"https:\/\/www.aclanester56.com\/velo\/wp-json\/wp\/v2\/posts\/39871","targetHints":{"allow":["GET"]}}],"collection":[{"href":"https:\/\/www.aclanester56.com\/velo\/wp-json\/wp\/v2\/posts"}],"about":[{"href":"https:\/\/www.aclanester56.com\/velo\/wp-json\/wp\/v2\/types\/post"}],"author":[{"embeddable":true,"href":"https:\/\/www.aclanester56.com\/velo\/wp-json\/wp\/v2\/users\/14"}],"replies":[{"embeddable":true,"href":"https:\/\/www.aclanester56.com\/velo\/wp-json\/wp\/v2\/comments?post=39871"}],"version-history":[{"count":1,"href":"https:\/\/www.aclanester56.com\/velo\/wp-json\/wp\/v2\/posts\/39871\/revisions"}],"predecessor-version":[{"id":39874,"href":"https:\/\/www.aclanester56.com\/velo\/wp-json\/wp\/v2\/posts\/39871\/revisions\/39874"}],"wp:featuredmedia":[{"embeddable":true,"href":"https:\/\/www.aclanester56.com\/velo\/wp-json\/wp\/v2\/media\/39872"}],"wp:attachment":[{"href":"https:\/\/www.aclanester56.com\/velo\/wp-json\/wp\/v2\/media?parent=39871"}],"wp:term":[{"taxonomy":"category","embeddable":true,"href":"https:\/\/www.aclanester56.com\/velo\/wp-json\/wp\/v2\/categories?post=39871"},{"taxonomy":"post_tag","embeddable":true,"href":"https:\/\/www.aclanester56.com\/velo\/wp-json\/wp\/v2\/tags?post=39871"}],"curies":[{"name":"wp","href":"https:\/\/api.w.org\/{rel}","templated":true}]}}