{"id":40395,"date":"2019-04-28T21:46:17","date_gmt":"2019-04-28T19:46:17","guid":{"rendered":"https:\/\/www.aclanester56.com\/velo\/?p=40395"},"modified":"2019-04-28T21:47:31","modified_gmt":"2019-04-28T19:47:31","slug":"7eme-circuit-des-jeunes-a-lanester-tous-les-classements","status":"publish","type":"post","link":"https:\/\/www.aclanester56.com\/velo\/7eme-circuit-des-jeunes-a-lanester-tous-les-classements\/","title":{"rendered":"7\u00e8me Circuit des Jeunes \u00e0 Lanester : Tous les classements !"},"content":{"rendered":"<p><!--more--><\/p>\n<p><em>Photo : Anne-Laure Le Terrien<\/em><\/p>\n<p style=\"text-align: justify;\">Le 7\u00e8me Circuit des Jeunes s&rsquo;est d\u00e9roul\u00e9 ce dimanche \u00e0 Lanester et a \u00e9t\u00e9 le th\u00e9\u00e2tre de belles courses tr\u00e8s disput\u00e9es dans toutes les cat\u00e9gories. Retrouvez tous les r\u00e9sultats !<\/p>\n<div><span style=\"text-decoration: underline;\"><strong>Pr\u00e9licenci\u00e9s :&nbsp;<\/strong><\/span> &nbsp; &nbsp; &nbsp; &nbsp;<\/div>\n<div>&nbsp;1 LE BOUQUIN Melvin OC LOCMINE&nbsp; &nbsp; &nbsp; &nbsp;&nbsp;<\/div>\n<div>&nbsp;2 TULOW Nils OC LOCMINE&nbsp; &nbsp; &nbsp; &nbsp;&nbsp;<\/div>\n<div>&nbsp;3 GAMEIRO Sam AC LANESTER 56&nbsp; &nbsp; &nbsp; &nbsp;&nbsp;<\/div>\n<div>&nbsp;4 LATIMIER Stan CC UZELAIS&nbsp; &nbsp; &nbsp; &nbsp;&nbsp;<\/div>\n<div>&nbsp;5 LE MOING Ma\u00ebl UC ALREENNE&nbsp; &nbsp; &nbsp; &nbsp;&nbsp;<\/div>\n<div>&nbsp;6 BELLENGER Romain UCP JOSSELIN&nbsp; &nbsp; &nbsp; &nbsp;&nbsp;<\/div>\n<div>&nbsp;7 LE BELLER Katell AC LANESTER 56&nbsp; &nbsp; &nbsp; &nbsp;&nbsp;<\/div>\n<div>&nbsp; &nbsp; &nbsp; &nbsp; &nbsp; &nbsp;<\/div>\n<div>&nbsp;<span style=\"text-decoration: underline;\"><strong>Pr\u00e9licenci\u00e9s Dames :&nbsp;<\/strong><\/span> &nbsp; &nbsp; &nbsp;&nbsp;<\/div>\n<div>&nbsp;1 LE BELLER Katell AC LANESTER 56&nbsp; &nbsp; &nbsp; &nbsp;&nbsp;<\/div>\n<div>&nbsp; &nbsp; &nbsp; &nbsp; &nbsp; &nbsp;<\/div>\n<div>&nbsp;<span style=\"text-decoration: underline;\"><strong>Poussins :<\/strong><\/span>&nbsp; &nbsp; &nbsp; &nbsp; &nbsp;&nbsp;<\/div>\n<div>&nbsp;1 TOURBAIEWSKI Alexy UC ALREENNE&nbsp; &nbsp; &nbsp; &nbsp;&nbsp;<\/div>\n<div>&nbsp;2 LE SCIELLOUR Valentin UC INGUINIEL&nbsp; &nbsp; &nbsp; &nbsp;&nbsp;<\/div>\n<div>&nbsp;3 LE SCIELLOUR Titouan UC INGUINIEL&nbsp; &nbsp; &nbsp; &nbsp;&nbsp;<\/div>\n<div>&nbsp;4 GUEGAN Na\u00ebl OC LOCMINE&nbsp; &nbsp; &nbsp; &nbsp;&nbsp;<\/div>\n<div>&nbsp;5 BIGOIN Timothe AC LANESTER 56&nbsp; &nbsp; &nbsp; &nbsp;&nbsp;<\/div>\n<div>&nbsp;6 LE MOING Th\u00e9o UC ALREENNE&nbsp; &nbsp; &nbsp; &nbsp;&nbsp;<\/div>\n<div>&nbsp;7 COURRIO Loeiz VC LANGUIDIC&nbsp; &nbsp; &nbsp; &nbsp;&nbsp;<\/div>\n<div>&nbsp;8 LOEZIC Elies AC LANESTER 56&nbsp; &nbsp; &nbsp; &nbsp;&nbsp;<\/div>\n<div>&nbsp;9 LAUBE Louka PLAINTEL VS&nbsp; &nbsp; &nbsp; &nbsp;&nbsp;<\/div>\n<div>&nbsp;10 INQUEL Elouan OC LOCMINE&nbsp; &nbsp; &nbsp; &nbsp;&nbsp;<\/div>\n<div>&nbsp;11 COUGOULAT Leane UCL HENNEBONT&nbsp; &nbsp; &nbsp; &nbsp;&nbsp;<\/div>\n<div>&nbsp;12 LUCAS Etan PLAINTEL VS&nbsp; &nbsp; &nbsp; &nbsp;&nbsp;<\/div>\n<div>&nbsp;13 LE SCOURZIC Gabin UCL Hennebont&nbsp; &nbsp; &nbsp; &nbsp;&nbsp;<\/div>\n<div>&nbsp;14 LOPEZ Mathys UCL HENNEBONT&nbsp; &nbsp; &nbsp; &nbsp;&nbsp;<\/div>\n<div>&nbsp;15 BERTRON AUGEREAU Yanis EC PLUVIGNOISE&nbsp; &nbsp; &nbsp; &nbsp;&nbsp;<\/div>\n<div>&nbsp;16 CHARRIER Yolene AC PAYS DE BAUD&nbsp; &nbsp; &nbsp; &nbsp;&nbsp;<\/div>\n<div>&nbsp;17 GUYOMARD Imanol AC LANESTER56&nbsp; &nbsp; &nbsp; &nbsp;&nbsp;<\/div>\n<div>&nbsp; &nbsp; &nbsp; &nbsp; &nbsp; &nbsp;<\/div>\n<div>&nbsp;<span style=\"text-decoration: underline;\"><strong>Poussins Dames :<\/strong><\/span>&nbsp; &nbsp; &nbsp; &nbsp; &nbsp;<\/div>\n<div>&nbsp;1 COUGOULAT Leane UCL HENNEBONT&nbsp; &nbsp; &nbsp; &nbsp;&nbsp;<\/div>\n<div>&nbsp;2 CHARRIER Yolene AC PAYS DE BAUD&nbsp; &nbsp; &nbsp; &nbsp;&nbsp;<\/div>\n<div>&nbsp; &nbsp; &nbsp; &nbsp; &nbsp; &nbsp;<\/div>\n<div>&nbsp;<span style=\"text-decoration: underline;\"><strong>Pupilles :<\/strong><\/span>&nbsp; &nbsp; &nbsp; &nbsp; &nbsp;&nbsp;<\/div>\n<div>&nbsp;1 BELHADJ Nahel VC PAYS DE LOUDEAC&nbsp; &nbsp; &nbsp; &nbsp;&nbsp;<\/div>\n<div>&nbsp;2 CLOVIS Layann AC QUESTEMBERT&nbsp; &nbsp; &nbsp; &nbsp;&nbsp;<\/div>\n<div>&nbsp;3 LE BOUQUIN Evan OC LOCMINE&nbsp; &nbsp; &nbsp; &nbsp;&nbsp;<\/div>\n<div>&nbsp;4 LUCAS Tom PLAINTEL VS&nbsp; &nbsp; &nbsp; &nbsp;&nbsp;<\/div>\n<div>&nbsp;5 LE MAREC Pavel AC LANESTER 56&nbsp; &nbsp; &nbsp; &nbsp;&nbsp;<\/div>\n<div>&nbsp;6 DUGUE Oscar AC LANESTER 56&nbsp; &nbsp; &nbsp; &nbsp;&nbsp;<\/div>\n<div>&nbsp;7 COCHENNEC Fabrice AC LANESTER 56&nbsp; &nbsp; &nbsp; &nbsp;&nbsp;<\/div>\n<div>&nbsp;8 LE GUILLOUX Lana AC PAYS DE BAUD&nbsp; &nbsp; &nbsp; &nbsp;&nbsp;<\/div>\n<div>&nbsp;9 LE MAITRE Eloise VC PAYS DE LOUDEAC&nbsp; &nbsp; &nbsp; &nbsp;&nbsp;<\/div>\n<div>&nbsp;10 CONTOR Enzo UC INGUINIEL&nbsp; &nbsp; &nbsp; &nbsp;&nbsp;<\/div>\n<div>&nbsp;11 LE NEILLON Rapha\u00ebl EC PLUVIGNOISE&nbsp; &nbsp; &nbsp; &nbsp;&nbsp;<\/div>\n<div>&nbsp;12 MILLET Romain UC INGUINIEL&nbsp; &nbsp; &nbsp; &nbsp;&nbsp;<\/div>\n<div>&nbsp;13 LOEZIC Ya\u00eblle AC LANESTER 56&nbsp; &nbsp; &nbsp; &nbsp;&nbsp;<\/div>\n<div>&nbsp;14 MELLOU GUEGAN Galaad AC LANESTER 56&nbsp; &nbsp; &nbsp; &nbsp;&nbsp;<\/div>\n<div>&nbsp;15 LE PALLEC Leandre OC LOCMINE&nbsp; &nbsp; &nbsp; &nbsp;&nbsp;<\/div>\n<div>&nbsp;16 GIRARD Lou VC LANGUIDIC&nbsp; &nbsp; &nbsp; &nbsp;&nbsp;<\/div>\n<div>&nbsp;17 MOUREAU Pierre HENNEBONT CYCLISME&nbsp; &nbsp; &nbsp; &nbsp;&nbsp;<\/div>\n<div>&nbsp;18 LE GUILLY Martin VC LANGUIDIC&nbsp; &nbsp; &nbsp; &nbsp;&nbsp;<\/div>\n<div>&nbsp;19 GELOEN Camille CC UZELAIS&nbsp; &nbsp; &nbsp; &nbsp;&nbsp;<\/div>\n<div>&nbsp;20 HOREL Ewen AC LANESTER 56&nbsp; &nbsp; &nbsp; &nbsp;&nbsp;<\/div>\n<div>&nbsp;21 OLIERIC Camille VC BELLILOIS&nbsp; &nbsp; &nbsp; &nbsp;&nbsp;<\/div>\n<div>&nbsp;22 BOURIC Eril AC LANESTER 56&nbsp; &nbsp; &nbsp; &nbsp;&nbsp;<\/div>\n<div>&nbsp;23 RIBLER Marine UCL HENNEBONT&nbsp; &nbsp; &nbsp; &nbsp;&nbsp;<\/div>\n<div>&nbsp;24 JEGOU Louka AC LANESTER 56&nbsp; &nbsp; &nbsp; &nbsp;&nbsp;<\/div>\n<div>&nbsp;25 KEROUEDAN Ines OC LOCMINE&nbsp; &nbsp; &nbsp; &nbsp;&nbsp;<\/div>\n<div>&nbsp;26 LE MONNIER Enzo UC ALREENNE&nbsp; &nbsp; &nbsp; &nbsp;&nbsp;<\/div>\n<div>&nbsp;27 VALLEZ Th\u00e9o UC ALREENNE&nbsp; &nbsp; &nbsp; &nbsp;&nbsp;<\/div>\n<div>&nbsp;28 COURRIO Yann VC LANGUIDIC&nbsp; &nbsp; &nbsp; &nbsp;&nbsp;<\/div>\n<div>&nbsp;29 GUIDEAU Paulin UC ALREENNE&nbsp; &nbsp; &nbsp; &nbsp;&nbsp;<\/div>\n<div>&nbsp;30 DUGAST Vianney AC LANESTER 56&nbsp; &nbsp; &nbsp; &nbsp;&nbsp;<\/div>\n<div>&nbsp;31 ANIZAN RAVE Louison AC LANESTER 56&nbsp; &nbsp; &nbsp; &nbsp;&nbsp;<\/div>\n<div>&nbsp;32 LE BELLER Quentin AC LANESTER 56&nbsp; &nbsp; &nbsp; &nbsp;&nbsp;<\/div>\n<div>&nbsp;33 PERESSE Manon EC PLUVIGNOISE&nbsp; &nbsp; &nbsp; &nbsp;&nbsp;<\/div>\n<div>&nbsp;34 JAFFRE Pauline HENNEBONT CYCLISME&nbsp; &nbsp; &nbsp; &nbsp;&nbsp;<\/div>\n<div>&nbsp;35 JOANNIC Marouane AC LANESTER 56&nbsp; &nbsp; &nbsp; &nbsp;&nbsp;<\/div>\n<div>&nbsp;36 MAHE Adrien AC LANESTER 56&nbsp; &nbsp; &nbsp; &nbsp;&nbsp;<\/div>\n<div>&nbsp;37 MELLOU GUEGAN Aaron AC LANESTER 56&nbsp; &nbsp; &nbsp; &nbsp;&nbsp;<\/div>\n<div>&nbsp;38 MELLOU GUEGAN K\u00e9\u00e9mo AC LANESTER 56&nbsp; &nbsp; &nbsp; &nbsp;&nbsp;<\/div>\n<div>&nbsp;39 HONEL Jorann UC ALREENNE&nbsp; &nbsp; &nbsp; &nbsp;&nbsp;<\/div>\n<div>&nbsp;40 LE GAL Angel HENNEBONT CYCLISME&nbsp; &nbsp; &nbsp; &nbsp;&nbsp;<\/div>\n<div>&nbsp;41 MODICOM Matteo AC LANESTER 56&nbsp; &nbsp; &nbsp; &nbsp;&nbsp;<\/div>\n<div>&nbsp; &nbsp; &nbsp; &nbsp; &nbsp; &nbsp;<\/div>\n<div><span style=\"text-decoration: underline;\"><strong>Pupilles Dames :<\/strong><\/span>&nbsp; &nbsp; &nbsp; &nbsp; &nbsp;&nbsp;<\/div>\n<div>&nbsp;1 LE GUILLOUX Lana AC PAYS DE BAUD&nbsp; &nbsp; &nbsp; &nbsp;&nbsp;<\/div>\n<div>&nbsp;2 LE MAITRE Eloise VC PAYS DE LOUDEAC&nbsp; &nbsp; &nbsp; &nbsp;&nbsp;<\/div>\n<div>&nbsp;3 LOEZIC Ya\u00eblle AC LANESTER 56&nbsp; &nbsp; &nbsp; &nbsp;&nbsp;<\/div>\n<div>&nbsp;4 OLIERIC Camille VC BELLILOIS&nbsp; &nbsp; &nbsp; &nbsp;&nbsp;<\/div>\n<div>&nbsp;5 RIBLER Marine UCL HENNEBONT&nbsp; &nbsp; &nbsp; &nbsp;&nbsp;<\/div>\n<div>&nbsp;6 KEROUEDAN Ines OC LOCMINE&nbsp; &nbsp; &nbsp; &nbsp;&nbsp;<\/div>\n<div>&nbsp;7 PERESSE Manon EC PLUVIGNOISE&nbsp; &nbsp; &nbsp; &nbsp;&nbsp;<\/div>\n<div>&nbsp;8 JAFFRE Pauline HENNEBONT CYCLISME&nbsp; &nbsp; &nbsp; &nbsp;&nbsp;<\/div>\n<div>&nbsp;9 LE GAL Angel HENNEBONT CYCLISME&nbsp; &nbsp; &nbsp; &nbsp;&nbsp;<\/div>\n<div>&nbsp; &nbsp; &nbsp; &nbsp; &nbsp; &nbsp;<\/div>\n<div>&nbsp;<span style=\"text-decoration: underline;\"><strong>Benjamins :<\/strong><\/span>&nbsp; &nbsp; &nbsp; &nbsp; &nbsp;&nbsp;<\/div>\n<div>&nbsp;1 KERBARH Yanis AC PAYS DE BAUD&nbsp; &nbsp; &nbsp; &nbsp;&nbsp;<\/div>\n<div>&nbsp;2 GUEGAN Elouen OC LOCMINE&nbsp; &nbsp; &nbsp; &nbsp;&nbsp;<\/div>\n<div>&nbsp;3 GUILLEMET Timothe OC LOCMINE&nbsp; &nbsp; &nbsp; &nbsp;&nbsp;<\/div>\n<div>&nbsp;4 GADZINOWSKI Noah PLAINTEL VS&nbsp; &nbsp; &nbsp; &nbsp;&nbsp;<\/div>\n<div>&nbsp;5 KEROUEDAN Quentin OC LOCMINE&nbsp; &nbsp; &nbsp; &nbsp;&nbsp;<\/div>\n<div>&nbsp;6 TULOW Sacha OC LOCMINE&nbsp; &nbsp; &nbsp; &nbsp;&nbsp;<\/div>\n<div>&nbsp;7 MARCHAND Antonin UC ALREENNE&nbsp; &nbsp; &nbsp; &nbsp;&nbsp;<\/div>\n<div>&nbsp;8 LE GUILLOUX Evan AC PAYS DE BAUD&nbsp; &nbsp; &nbsp; &nbsp;&nbsp;<\/div>\n<div>&nbsp;9 LE CAVIL Kenza EC QUEVENOISE&nbsp; &nbsp; &nbsp; &nbsp;&nbsp;<\/div>\n<div>&nbsp;10 JAN Ewen AC PAYS DE BAUD&nbsp; &nbsp; &nbsp; &nbsp;&nbsp;<\/div>\n<div>&nbsp;11 PERESSE Alan EC PLUVIGNOISE&nbsp; &nbsp; &nbsp; &nbsp;&nbsp;<\/div>\n<div>&nbsp;12 COUGOULAT No\u00e9 AC LANESTER 56&nbsp; &nbsp; &nbsp; &nbsp;&nbsp;<\/div>\n<div>&nbsp;13 LE DEVEHAT Yoann EC QUEVENOISE&nbsp; &nbsp; &nbsp; &nbsp;&nbsp;<\/div>\n<div>&nbsp;14 LATIMIER Yann CC UZELAIS&nbsp; &nbsp; &nbsp; &nbsp;&nbsp;<\/div>\n<div>&nbsp;15 ETIENNE Amaury OC LOCMINE&nbsp; &nbsp; &nbsp; &nbsp;&nbsp;<\/div>\n<div>&nbsp;16 BOURIC Nolan AC LANESTER 56&nbsp; &nbsp; &nbsp; &nbsp;&nbsp;<\/div>\n<div>&nbsp;17 LOUSSOUARN Lucas AC LANESTER 56&nbsp; &nbsp; &nbsp; &nbsp;&nbsp;<\/div>\n<div>&nbsp;18 PIERRE Elouan PLAINTEL VS&nbsp; &nbsp; &nbsp; &nbsp;&nbsp;<\/div>\n<div>&nbsp;19 PHILIPPE Eva EC QUEVENOISE&nbsp; &nbsp; &nbsp; &nbsp;&nbsp;<\/div>\n<div>&nbsp;20 BELLANGER Matheo UCP JOSSELIN&nbsp; &nbsp; &nbsp; &nbsp;&nbsp;<\/div>\n<div>&nbsp;21 JAFFRE L\u00e9onie HENNEBONT CYCLISME&nbsp; &nbsp; &nbsp; &nbsp;&nbsp;<\/div>\n<div>&nbsp;22 BRIEN Enzo OC LOCMINE&nbsp; &nbsp; &nbsp; &nbsp;&nbsp;<\/div>\n<div>&nbsp;23 MOUREAU Gabriel VC BELLILOIS&nbsp; &nbsp; &nbsp; &nbsp;&nbsp;<\/div>\n<div>&nbsp;24 MELLOU GUEGAN Luun AC LANESTER 56&nbsp; &nbsp; &nbsp; &nbsp;&nbsp;<\/div>\n<div>&nbsp;25 MIGNOT Guillaume EC PLUVIGNOISE&nbsp; &nbsp; &nbsp; &nbsp;&nbsp;<\/div>\n<div>&nbsp;26 OLIERIC Manon VC BELLILOIS&nbsp; &nbsp; &nbsp; &nbsp;&nbsp;<\/div>\n<div>&nbsp;27 BORDAS Evan VELOCE VANNETAIS CYCL.&nbsp; &nbsp; &nbsp; &nbsp;&nbsp;<\/div>\n<div>&nbsp;28 DANET Yanis HENNEBONT CYCLISME&nbsp; &nbsp; &nbsp; &nbsp;&nbsp;<\/div>\n<div>&nbsp;29 LE MAITRE Baptiste VC LOUDEAC&nbsp; &nbsp; &nbsp; &nbsp;&nbsp;<\/div>\n<div>&nbsp;30 LHEUREUX Corentin VELOCE VANNETAIS CYCL.&nbsp; &nbsp; &nbsp; &nbsp;&nbsp;<\/div>\n<div>&nbsp;31 LE DEVEHAT Chlo\u00e9 EC QUEVENOISE&nbsp; &nbsp; &nbsp; &nbsp;&nbsp;<\/div>\n<div>&nbsp;32 MURS Kelig EC PLUVIGNOISE&nbsp; &nbsp; &nbsp; &nbsp;&nbsp;<\/div>\n<div>&nbsp;33 RIO Lorine EC PLUVIGNOISE&nbsp; &nbsp; &nbsp; &nbsp;&nbsp;<\/div>\n<div>&nbsp; &nbsp; &nbsp; &nbsp; &nbsp; &nbsp;<\/div>\n<div><span style=\"text-decoration: underline;\"><strong>Benjamins Dames :&nbsp;<\/strong> <\/span>&nbsp; &nbsp; &nbsp; &nbsp;<\/div>\n<div>&nbsp;1 LE CAVIL Kenza EC QUEVENOISE&nbsp; &nbsp; &nbsp; &nbsp;&nbsp;<\/div>\n<div>&nbsp;2 PHILIPPE Eva EC QUEVENOISE&nbsp; &nbsp; &nbsp; &nbsp;&nbsp;<\/div>\n<div>&nbsp;3 JAFFRE L\u00e9onie HENNEBONT CYCLISME&nbsp; &nbsp; &nbsp; &nbsp;&nbsp;<\/div>\n<div>&nbsp;4 MELLOU GUEGAN Luun AC LANESTER 56&nbsp; &nbsp; &nbsp; &nbsp;&nbsp;<\/div>\n<div>&nbsp;5 OLIERIC Manon VC BELLILOIS&nbsp; &nbsp; &nbsp; &nbsp;&nbsp;<\/div>\n<div>&nbsp;6 LE DEVEHAT Chlo\u00e9 EC QUEVENOISE&nbsp; &nbsp; &nbsp; &nbsp;&nbsp;<\/div>\n<div>&nbsp;7 RIO Lorine EC PLUVIGNOISE&nbsp; &nbsp; &nbsp; &nbsp;&nbsp;<\/div>\n<div>&nbsp; &nbsp; &nbsp; &nbsp; &nbsp; &nbsp;<\/div>\n<div><span style=\"text-decoration: underline;\"><strong>Minimes :&nbsp;<\/strong><\/span> &nbsp; &nbsp; &nbsp;<\/div>\n<div>&nbsp;1 JOSSO Meddy AC LANESTER 56&nbsp; &nbsp; &nbsp; &nbsp;&nbsp;<\/div>\n<div>&nbsp;2 PORTUGAL Joris VC BELLILOIS&nbsp; &nbsp; &nbsp; &nbsp;&nbsp;<\/div>\n<div>&nbsp;3 KLEWAIS Tristan OC LOCMINE&nbsp; &nbsp; &nbsp; &nbsp;&nbsp;<\/div>\n<div>&nbsp;4 SINIC Noam UC INGUINIEL&nbsp; &nbsp; &nbsp; &nbsp;&nbsp;<\/div>\n<div>&nbsp;5 OLIVIERO Etienne OC LOCMINE&nbsp; &nbsp; &nbsp; &nbsp;&nbsp;<\/div>\n<div>&nbsp;6 LE HENANF Hugo OC LOCMINE&nbsp; &nbsp; &nbsp; &nbsp;&nbsp;<\/div>\n<div>&nbsp;7 LE CALLONEC Hugo OC LOCMINE&nbsp; &nbsp; &nbsp; &nbsp;&nbsp;<\/div>\n<div>&nbsp;8 HERIQUET Nohan EC QUEVENOISE&nbsp; &nbsp; &nbsp; &nbsp;&nbsp;<\/div>\n<div>&nbsp;9 GUILLAUME Valentin UC PAYS DE JOSSELIN&nbsp; &nbsp; &nbsp; &nbsp;&nbsp;<\/div>\n<div>&nbsp;10 LE GUILLANT Mathis UC ALREENNE&nbsp; &nbsp; &nbsp; &nbsp;&nbsp;<\/div>\n<div>&nbsp;11 BELHADJ Redwan VC PAYS DE LOUDEAC&nbsp; &nbsp; &nbsp; &nbsp;&nbsp;<\/div>\n<div>&nbsp;12 LE GOURRIEREC Kenzo EC PLUVIGNOISE&nbsp; &nbsp; &nbsp; &nbsp;&nbsp;<\/div>\n<div>&nbsp;13 LE CALVE Gautier AC LANESTER 56&nbsp; &nbsp; &nbsp; &nbsp;&nbsp;<\/div>\n<div>&nbsp;14 FURIC Mathis AC LANESTER 56&nbsp; &nbsp; &nbsp; &nbsp;&nbsp;<\/div>\n<div>&nbsp;15 CADORET Baptiste OC LOCMINE&nbsp; &nbsp; &nbsp; &nbsp;&nbsp;<\/div>\n<div>&nbsp;16 THOMAZO HANRION Esteban UC INGUINIEL&nbsp; &nbsp; &nbsp; &nbsp;&nbsp;<\/div>\n<div>&nbsp;17 LE BOUEDEC Soen AC LANESTER 56&nbsp; &nbsp; &nbsp; &nbsp;&nbsp;<\/div>\n<div>&nbsp;18 BIGOIN Nathan AC LANESTER 56&nbsp; &nbsp; &nbsp; &nbsp;&nbsp;<\/div>\n<div>&nbsp;19 CHARRIER Dewi AC PAYS DE BAUD&nbsp; &nbsp; &nbsp; &nbsp;&nbsp;<\/div>\n<div>&nbsp;20 ALLAIN Baptiste OC LOCMINE&nbsp; &nbsp; &nbsp; &nbsp;&nbsp;<\/div>\n<div>&nbsp;21 LEVEQUE Alexandre AC PAYS DE BAUD&nbsp; &nbsp; &nbsp; &nbsp;&nbsp;<\/div>\n<div>&nbsp;22 BREHAMET Titouan AC PAYS DE BAUD&nbsp; &nbsp; &nbsp; &nbsp;&nbsp;<\/div>\n<div>&nbsp;23 MEALLET Alban AC PAYS DE BAUD&nbsp; &nbsp; &nbsp; &nbsp;&nbsp;<\/div>\n<div>&nbsp;24 GREVELLEC Awen AC PAYS DE BAUD&nbsp; &nbsp; &nbsp; &nbsp;&nbsp;<\/div>\n<div>&nbsp;25 GRAS Leo CC ERGUE GABERIC&nbsp; &nbsp; &nbsp; &nbsp;&nbsp;<\/div>\n<div>&nbsp;26 LE CALVE Hugo UC QUIMPERLOISE&nbsp; &nbsp; &nbsp; &nbsp;&nbsp;<\/div>\n<div>&nbsp;27 UHEL JUHEL Kylian AC LANESTER 56&nbsp; &nbsp; &nbsp; &nbsp;&nbsp;<\/div>\n<div>&nbsp;28 MADEC Tom UC ALREENNE&nbsp; &nbsp; &nbsp; &nbsp;&nbsp;<\/div>\n<div>&nbsp;29 LEGOUX Guillaume HENNEBONT CYCLISME&nbsp; &nbsp; &nbsp; &nbsp;&nbsp;<\/div>\n<div>&nbsp;30 LE CROLLER Stan VC LANGUIDIC&nbsp; &nbsp; &nbsp; &nbsp;&nbsp;<\/div>\n<div>&nbsp;31 BAUDET Raphael EC PLUVIGNOISE&nbsp; &nbsp; &nbsp; &nbsp;&nbsp;<\/div>\n<div>&nbsp;32 LE CHENADEC Lilian VC LANGUIDIC&nbsp; &nbsp; &nbsp; &nbsp;&nbsp;<\/div>\n<div>&nbsp;33 RIO Yvann EC PLUVIGNOISE&nbsp; &nbsp; &nbsp; &nbsp;&nbsp;<\/div>\n<div>&nbsp;34 COEFFEC Axel UC ALREENNE&nbsp; &nbsp; &nbsp; &nbsp;&nbsp;<\/div>\n<div>&nbsp;35 ROYE Ethan AC LANESTER 56&nbsp; &nbsp; &nbsp; &nbsp;&nbsp;<\/div>\n<div>&nbsp;36 MURS Ewenn EC PLUVIGNOISE&nbsp; &nbsp; &nbsp; &nbsp;&nbsp;<\/div>\n<div>&nbsp;37 COSTA Enzo EC PLUVIGNOISE&nbsp; &nbsp; &nbsp; &nbsp;&nbsp;<\/div>\n<div>&nbsp;38 LE CUDENNEC Titouan EC PLUVIGNOISE&nbsp; &nbsp; &nbsp; &nbsp;&nbsp;<\/div>\n<div>&nbsp;39 LOEZIC Louenn AC LANESTER 56&nbsp; &nbsp; &nbsp; &nbsp;&nbsp;<\/div>\n<div>&nbsp;40 MEUDEC Corentin HENNEBONT CYCLISME&nbsp; &nbsp; &nbsp; &nbsp;&nbsp;<\/div>\n<div>&nbsp;41 LE BORGNE Cl\u00e9ment AC LANESTER 56&nbsp; &nbsp; &nbsp; &nbsp;&nbsp;<\/div>\n<div>&nbsp; &nbsp; &nbsp; &nbsp; &nbsp; &nbsp;<\/div>\n<div><span style=\"text-decoration: underline;\"><strong>Cadets :<\/strong><\/span>&nbsp;<\/div>\n<div>&nbsp;1 GERMAIN Kylian EC QUEVENOISE&nbsp; &nbsp; &nbsp; &nbsp;&nbsp;<\/div>\n<div>&nbsp;2 LE FRESNE Antoine VS QUIMPEROIS&nbsp; &nbsp; &nbsp; &nbsp;&nbsp;<\/div>\n<div>&nbsp;3 LE PORH Romain VELOCE VANNETAIS CYCL.&nbsp; &nbsp; &nbsp; &nbsp;&nbsp;<\/div>\n<div>&nbsp;4 QUELARD Antonin SC MALESTROIT&nbsp; &nbsp; &nbsp; &nbsp;&nbsp;<\/div>\n<div>&nbsp;5 PERSON KERSUZAN Lucas UC ALREENNE&nbsp; &nbsp; &nbsp; &nbsp;&nbsp;<\/div>\n<div>&nbsp;6 LE NADAN Kenan UC QUIMPERLOISE&nbsp; &nbsp; &nbsp; &nbsp;&nbsp;<\/div>\n<div>&nbsp;7 PERRON Mael VC PONTIVYEN&nbsp; &nbsp; &nbsp; &nbsp;&nbsp;<\/div>\n<div>&nbsp;8 MARREC Alan VS SCAEROIS&nbsp; &nbsp; &nbsp; &nbsp;&nbsp;<\/div>\n<div>&nbsp;9 DE GRAEVE Killian VELOCE VANNETAIS CYCL.&nbsp; &nbsp; &nbsp; &nbsp;&nbsp;<\/div>\n<div>&nbsp;10 LAFOSSE Dorian UC INGUINIEL&nbsp; &nbsp; &nbsp; &nbsp;&nbsp;<\/div>\n<div>&nbsp;11 HOUDU Leo VC PAYS DE LOUDEAC&nbsp; &nbsp; &nbsp; &nbsp;&nbsp;<\/div>\n<div>&nbsp;12 LE DEZ Mael VS SCAEROIS&nbsp; &nbsp; &nbsp; &nbsp;&nbsp;<\/div>\n<div>&nbsp;13 LECLERC Corentin UC INGUINIEL&nbsp; &nbsp; &nbsp; &nbsp;&nbsp;<\/div>\n<div>&nbsp;14 JOUBREL Cyriac AC LANESTER 56&nbsp; &nbsp; &nbsp; &nbsp;&nbsp;<\/div>\n<div>&nbsp;15 MC KAY Shane LORIENT BMX&nbsp; &nbsp; &nbsp; &nbsp;&nbsp;<\/div>\n<div>&nbsp;16 GAUGAIN Antonin AC LANESTER 56&nbsp; &nbsp; &nbsp; &nbsp;&nbsp;<\/div>\n<div>&nbsp;17 CRAPSKY Yann ANGERS CYCLISME&nbsp; &nbsp; &nbsp; &nbsp;&nbsp;<\/div>\n<div>&nbsp;18 MOULIN Pierik CC ERGUE GABERIC&nbsp; &nbsp; &nbsp; &nbsp;&nbsp;<\/div>\n<div>&nbsp;19 FLOC`H Maxime UC QUIMPERLOISE&nbsp; &nbsp; &nbsp; &nbsp;&nbsp;<\/div>\n<div>&nbsp;20 LE CLEC`H Malo AC LANESTER 56&nbsp; &nbsp; &nbsp; &nbsp;&nbsp;<\/div>\n<div>&nbsp;21 LAURENT Mathieu VS QUIMPEROIS&nbsp; &nbsp; &nbsp; &nbsp;&nbsp;<\/div>\n<div>&nbsp;22 CLAVREUL Corentin UC ALREENNE&nbsp; &nbsp; &nbsp; &nbsp;&nbsp;<\/div>\n<div>&nbsp;23 MURS Killian EC PLUVIGNOISE&nbsp; &nbsp; &nbsp; &nbsp;&nbsp;<\/div>\n<div>&nbsp;24 DOCHE Celian AC LANESTER 56&nbsp; &nbsp; &nbsp; &nbsp;&nbsp;<\/div>\n<div>&nbsp;25 NOURY Alexandre UC INGUINIEL&nbsp; &nbsp; &nbsp; &nbsp;&nbsp;<\/div>\n<div>&nbsp;26 JANAS Titouan VELOCE VANNETAIS CYCL.&nbsp; &nbsp; &nbsp; &nbsp;&nbsp;<\/div>\n<div>&nbsp;27 NICOLAS Lucas UC QUIMPERLOISE&nbsp; &nbsp; &nbsp; &nbsp;&nbsp;<\/div>\n<div>&nbsp;28 HONEL Melvyn UC ALREENNE&nbsp; &nbsp; &nbsp; &nbsp;&nbsp;<\/div>\n<div>&nbsp;29 DE GUERDAVID Franck EC QUEVENOISE&nbsp; &nbsp; &nbsp; &nbsp;&nbsp;<\/div>\n<div>&nbsp;30 CHRISTIEN Clement EC QUEVENOISE&nbsp; &nbsp;<\/div>\n<div>&nbsp;<\/div>\n<div>ngg_shortcode_0_placeholder<\/div>\n<div>&nbsp;<\/div>\n","protected":false},"excerpt":{"rendered":"","protected":false},"author":14,"featured_media":40397,"comment_status":"open","ping_status":"open","sticky":false,"template":"","format":"standard","meta":{"ngg_post_thumbnail":0,"footnotes":""},"categories":[5,47,7],"tags":[],"class_list":["post-40395","post","type-post","status-publish","format-standard","has-post-thumbnail","hentry","category-ac-lanester-56","category-circuit-des-jeunes","category-organisations"],"yoast_head":"<!-- This site is optimized with the Yoast SEO plugin v27.4 - https:\/\/yoast.com\/product\/yoast-seo-wordpress\/ -->\n<title>7\u00e8me Circuit des Jeunes \u00e0 Lanester : Tous les classements ! - Avenir Cycliste Lanester 56<\/title>\n<meta name=\"robots\" content=\"index, follow, max-snippet:-1, max-image-preview:large, max-video-preview:-1\" \/>\n<link rel=\"canonical\" href=\"https:\/\/www.aclanester56.com\/velo\/7eme-circuit-des-jeunes-a-lanester-tous-les-classements\/\" \/>\n<meta property=\"og:locale\" content=\"fr_FR\" \/>\n<meta property=\"og:type\" content=\"article\" \/>\n<meta property=\"og:title\" content=\"7\u00e8me Circuit des Jeunes \u00e0 Lanester : Tous les classements ! - Avenir Cycliste Lanester 56\" \/>\n<meta property=\"og:url\" content=\"https:\/\/www.aclanester56.com\/velo\/7eme-circuit-des-jeunes-a-lanester-tous-les-classements\/\" \/>\n<meta property=\"og:site_name\" content=\"Avenir Cycliste Lanester 56\" \/>\n<meta property=\"article:publisher\" content=\"https:\/\/www.facebook.com\/pages\/AC-Lanester-56\/190286300991242?fref=ts\" \/>\n<meta property=\"article:published_time\" content=\"2019-04-28T19:46:17+00:00\" \/>\n<meta property=\"article:modified_time\" content=\"2019-04-28T19:47:31+00:00\" \/>\n<meta property=\"og:image\" content=\"https:\/\/www.aclanester56.com\/velo\/wp-content\/uploads\/2019\/04\/FB_IMG_1556480390765.jpg\" \/>\n\t<meta property=\"og:image:width\" content=\"900\" \/>\n\t<meta property=\"og:image:height\" content=\"480\" \/>\n\t<meta property=\"og:image:type\" content=\"image\/jpeg\" \/>\n<meta name=\"author\" content=\"Jean-Christophe\" \/>\n<meta name=\"twitter:label1\" content=\"\u00c9crit par\" \/>\n\t<meta name=\"twitter:data1\" content=\"Jean-Christophe\" \/>\n\t<meta name=\"twitter:label2\" content=\"Dur\u00e9e de lecture estim\u00e9e\" \/>\n\t<meta name=\"twitter:data2\" content=\"11 minutes\" \/>\n<script type=\"application\/ld+json\" class=\"yoast-schema-graph\">{\"@context\":\"https:\\\/\\\/schema.org\",\"@graph\":[{\"@type\":\"Article\",\"@id\":\"https:\\\/\\\/www.aclanester56.com\\\/velo\\\/7eme-circuit-des-jeunes-a-lanester-tous-les-classements\\\/#article\",\"isPartOf\":{\"@id\":\"https:\\\/\\\/www.aclanester56.com\\\/velo\\\/7eme-circuit-des-jeunes-a-lanester-tous-les-classements\\\/\"},\"author\":{\"name\":\"Jean-Christophe\",\"@id\":\"https:\\\/\\\/www.aclanester56.com\\\/velo\\\/#\\\/schema\\\/person\\\/ca2a44a5fd969e9dd846c72d3b33bc01\"},\"headline\":\"7\u00e8me Circuit des Jeunes \u00e0 Lanester : Tous les classements !\",\"datePublished\":\"2019-04-28T19:46:17+00:00\",\"dateModified\":\"2019-04-28T19:47:31+00:00\",\"mainEntityOfPage\":{\"@id\":\"https:\\\/\\\/www.aclanester56.com\\\/velo\\\/7eme-circuit-des-jeunes-a-lanester-tous-les-classements\\\/\"},\"wordCount\":2171,\"commentCount\":0,\"publisher\":{\"@id\":\"https:\\\/\\\/www.aclanester56.com\\\/velo\\\/#organization\"},\"image\":{\"@id\":\"https:\\\/\\\/www.aclanester56.com\\\/velo\\\/7eme-circuit-des-jeunes-a-lanester-tous-les-classements\\\/#primaryimage\"},\"thumbnailUrl\":\"https:\\\/\\\/www.aclanester56.com\\\/velo\\\/wp-content\\\/uploads\\\/2019\\\/04\\\/FB_IMG_1556480390765.jpg\",\"articleSection\":[\"AC LANESTER 56\",\"Le circuit des Jeunes\",\"Les organisations\"],\"inLanguage\":\"fr-FR\",\"potentialAction\":[{\"@type\":\"CommentAction\",\"name\":\"Comment\",\"target\":[\"https:\\\/\\\/www.aclanester56.com\\\/velo\\\/7eme-circuit-des-jeunes-a-lanester-tous-les-classements\\\/#respond\"]}]},{\"@type\":\"WebPage\",\"@id\":\"https:\\\/\\\/www.aclanester56.com\\\/velo\\\/7eme-circuit-des-jeunes-a-lanester-tous-les-classements\\\/\",\"url\":\"https:\\\/\\\/www.aclanester56.com\\\/velo\\\/7eme-circuit-des-jeunes-a-lanester-tous-les-classements\\\/\",\"name\":\"7\u00e8me Circuit des Jeunes \u00e0 Lanester : Tous les classements ! - Avenir Cycliste Lanester 56\",\"isPartOf\":{\"@id\":\"https:\\\/\\\/www.aclanester56.com\\\/velo\\\/#website\"},\"primaryImageOfPage\":{\"@id\":\"https:\\\/\\\/www.aclanester56.com\\\/velo\\\/7eme-circuit-des-jeunes-a-lanester-tous-les-classements\\\/#primaryimage\"},\"image\":{\"@id\":\"https:\\\/\\\/www.aclanester56.com\\\/velo\\\/7eme-circuit-des-jeunes-a-lanester-tous-les-classements\\\/#primaryimage\"},\"thumbnailUrl\":\"https:\\\/\\\/www.aclanester56.com\\\/velo\\\/wp-content\\\/uploads\\\/2019\\\/04\\\/FB_IMG_1556480390765.jpg\",\"datePublished\":\"2019-04-28T19:46:17+00:00\",\"dateModified\":\"2019-04-28T19:47:31+00:00\",\"inLanguage\":\"fr-FR\",\"potentialAction\":[{\"@type\":\"ReadAction\",\"target\":[\"https:\\\/\\\/www.aclanester56.com\\\/velo\\\/7eme-circuit-des-jeunes-a-lanester-tous-les-classements\\\/\"]}]},{\"@type\":\"ImageObject\",\"inLanguage\":\"fr-FR\",\"@id\":\"https:\\\/\\\/www.aclanester56.com\\\/velo\\\/7eme-circuit-des-jeunes-a-lanester-tous-les-classements\\\/#primaryimage\",\"url\":\"https:\\\/\\\/www.aclanester56.com\\\/velo\\\/wp-content\\\/uploads\\\/2019\\\/04\\\/FB_IMG_1556480390765.jpg\",\"contentUrl\":\"https:\\\/\\\/www.aclanester56.com\\\/velo\\\/wp-content\\\/uploads\\\/2019\\\/04\\\/FB_IMG_1556480390765.jpg\",\"width\":900,\"height\":480},{\"@type\":\"WebSite\",\"@id\":\"https:\\\/\\\/www.aclanester56.com\\\/velo\\\/#website\",\"url\":\"https:\\\/\\\/www.aclanester56.com\\\/velo\\\/\",\"name\":\"Avenir Cycliste Lanester 56\",\"description\":\"Club cycliste de l&#039;AC LANESTER 56\",\"publisher\":{\"@id\":\"https:\\\/\\\/www.aclanester56.com\\\/velo\\\/#organization\"},\"potentialAction\":[{\"@type\":\"SearchAction\",\"target\":{\"@type\":\"EntryPoint\",\"urlTemplate\":\"https:\\\/\\\/www.aclanester56.com\\\/velo\\\/?s={search_term_string}\"},\"query-input\":{\"@type\":\"PropertyValueSpecification\",\"valueRequired\":true,\"valueName\":\"search_term_string\"}}],\"inLanguage\":\"fr-FR\"},{\"@type\":\"Organization\",\"@id\":\"https:\\\/\\\/www.aclanester56.com\\\/velo\\\/#organization\",\"name\":\"Avenir Cycliste Lanester 56\",\"url\":\"https:\\\/\\\/www.aclanester56.com\\\/velo\\\/\",\"logo\":{\"@type\":\"ImageObject\",\"inLanguage\":\"fr-FR\",\"@id\":\"https:\\\/\\\/www.aclanester56.com\\\/velo\\\/#\\\/schema\\\/logo\\\/image\\\/\",\"url\":\"https:\\\/\\\/www.aclanester56.com\\\/velo\\\/wp-content\\\/uploads\\\/2013\\\/04\\\/logo-ACL.jpg\",\"contentUrl\":\"https:\\\/\\\/www.aclanester56.com\\\/velo\\\/wp-content\\\/uploads\\\/2013\\\/04\\\/logo-ACL.jpg\",\"width\":400,\"height\":334,\"caption\":\"Avenir Cycliste Lanester 56\"},\"image\":{\"@id\":\"https:\\\/\\\/www.aclanester56.com\\\/velo\\\/#\\\/schema\\\/logo\\\/image\\\/\"},\"sameAs\":[\"https:\\\/\\\/www.facebook.com\\\/pages\\\/AC-Lanester-56\\\/190286300991242?fref=ts\"]},{\"@type\":\"Person\",\"@id\":\"https:\\\/\\\/www.aclanester56.com\\\/velo\\\/#\\\/schema\\\/person\\\/ca2a44a5fd969e9dd846c72d3b33bc01\",\"name\":\"Jean-Christophe\",\"url\":\"https:\\\/\\\/www.aclanester56.com\\\/velo\\\/author\\\/jeanchristophe\\\/\"}]}<\/script>\n<!-- \/ Yoast SEO plugin. -->","yoast_head_json":{"title":"7\u00e8me Circuit des Jeunes \u00e0 Lanester : Tous les classements ! - Avenir Cycliste Lanester 56","robots":{"index":"index","follow":"follow","max-snippet":"max-snippet:-1","max-image-preview":"max-image-preview:large","max-video-preview":"max-video-preview:-1"},"canonical":"https:\/\/www.aclanester56.com\/velo\/7eme-circuit-des-jeunes-a-lanester-tous-les-classements\/","og_locale":"fr_FR","og_type":"article","og_title":"7\u00e8me Circuit des Jeunes \u00e0 Lanester : Tous les classements ! - Avenir Cycliste Lanester 56","og_url":"https:\/\/www.aclanester56.com\/velo\/7eme-circuit-des-jeunes-a-lanester-tous-les-classements\/","og_site_name":"Avenir Cycliste Lanester 56","article_publisher":"https:\/\/www.facebook.com\/pages\/AC-Lanester-56\/190286300991242?fref=ts","article_published_time":"2019-04-28T19:46:17+00:00","article_modified_time":"2019-04-28T19:47:31+00:00","og_image":[{"width":900,"height":480,"url":"https:\/\/www.aclanester56.com\/velo\/wp-content\/uploads\/2019\/04\/FB_IMG_1556480390765.jpg","type":"image\/jpeg"}],"author":"Jean-Christophe","twitter_misc":{"\u00c9crit par":"Jean-Christophe","Dur\u00e9e de lecture estim\u00e9e":"11 minutes"},"schema":{"@context":"https:\/\/schema.org","@graph":[{"@type":"Article","@id":"https:\/\/www.aclanester56.com\/velo\/7eme-circuit-des-jeunes-a-lanester-tous-les-classements\/#article","isPartOf":{"@id":"https:\/\/www.aclanester56.com\/velo\/7eme-circuit-des-jeunes-a-lanester-tous-les-classements\/"},"author":{"name":"Jean-Christophe","@id":"https:\/\/www.aclanester56.com\/velo\/#\/schema\/person\/ca2a44a5fd969e9dd846c72d3b33bc01"},"headline":"7\u00e8me Circuit des Jeunes \u00e0 Lanester : Tous les classements !","datePublished":"2019-04-28T19:46:17+00:00","dateModified":"2019-04-28T19:47:31+00:00","mainEntityOfPage":{"@id":"https:\/\/www.aclanester56.com\/velo\/7eme-circuit-des-jeunes-a-lanester-tous-les-classements\/"},"wordCount":2171,"commentCount":0,"publisher":{"@id":"https:\/\/www.aclanester56.com\/velo\/#organization"},"image":{"@id":"https:\/\/www.aclanester56.com\/velo\/7eme-circuit-des-jeunes-a-lanester-tous-les-classements\/#primaryimage"},"thumbnailUrl":"https:\/\/www.aclanester56.com\/velo\/wp-content\/uploads\/2019\/04\/FB_IMG_1556480390765.jpg","articleSection":["AC LANESTER 56","Le circuit des Jeunes","Les organisations"],"inLanguage":"fr-FR","potentialAction":[{"@type":"CommentAction","name":"Comment","target":["https:\/\/www.aclanester56.com\/velo\/7eme-circuit-des-jeunes-a-lanester-tous-les-classements\/#respond"]}]},{"@type":"WebPage","@id":"https:\/\/www.aclanester56.com\/velo\/7eme-circuit-des-jeunes-a-lanester-tous-les-classements\/","url":"https:\/\/www.aclanester56.com\/velo\/7eme-circuit-des-jeunes-a-lanester-tous-les-classements\/","name":"7\u00e8me Circuit des Jeunes \u00e0 Lanester : Tous les classements ! - Avenir Cycliste Lanester 56","isPartOf":{"@id":"https:\/\/www.aclanester56.com\/velo\/#website"},"primaryImageOfPage":{"@id":"https:\/\/www.aclanester56.com\/velo\/7eme-circuit-des-jeunes-a-lanester-tous-les-classements\/#primaryimage"},"image":{"@id":"https:\/\/www.aclanester56.com\/velo\/7eme-circuit-des-jeunes-a-lanester-tous-les-classements\/#primaryimage"},"thumbnailUrl":"https:\/\/www.aclanester56.com\/velo\/wp-content\/uploads\/2019\/04\/FB_IMG_1556480390765.jpg","datePublished":"2019-04-28T19:46:17+00:00","dateModified":"2019-04-28T19:47:31+00:00","inLanguage":"fr-FR","potentialAction":[{"@type":"ReadAction","target":["https:\/\/www.aclanester56.com\/velo\/7eme-circuit-des-jeunes-a-lanester-tous-les-classements\/"]}]},{"@type":"ImageObject","inLanguage":"fr-FR","@id":"https:\/\/www.aclanester56.com\/velo\/7eme-circuit-des-jeunes-a-lanester-tous-les-classements\/#primaryimage","url":"https:\/\/www.aclanester56.com\/velo\/wp-content\/uploads\/2019\/04\/FB_IMG_1556480390765.jpg","contentUrl":"https:\/\/www.aclanester56.com\/velo\/wp-content\/uploads\/2019\/04\/FB_IMG_1556480390765.jpg","width":900,"height":480},{"@type":"WebSite","@id":"https:\/\/www.aclanester56.com\/velo\/#website","url":"https:\/\/www.aclanester56.com\/velo\/","name":"Avenir Cycliste Lanester 56","description":"Club cycliste de l&#039;AC LANESTER 56","publisher":{"@id":"https:\/\/www.aclanester56.com\/velo\/#organization"},"potentialAction":[{"@type":"SearchAction","target":{"@type":"EntryPoint","urlTemplate":"https:\/\/www.aclanester56.com\/velo\/?s={search_term_string}"},"query-input":{"@type":"PropertyValueSpecification","valueRequired":true,"valueName":"search_term_string"}}],"inLanguage":"fr-FR"},{"@type":"Organization","@id":"https:\/\/www.aclanester56.com\/velo\/#organization","name":"Avenir Cycliste Lanester 56","url":"https:\/\/www.aclanester56.com\/velo\/","logo":{"@type":"ImageObject","inLanguage":"fr-FR","@id":"https:\/\/www.aclanester56.com\/velo\/#\/schema\/logo\/image\/","url":"https:\/\/www.aclanester56.com\/velo\/wp-content\/uploads\/2013\/04\/logo-ACL.jpg","contentUrl":"https:\/\/www.aclanester56.com\/velo\/wp-content\/uploads\/2013\/04\/logo-ACL.jpg","width":400,"height":334,"caption":"Avenir Cycliste Lanester 56"},"image":{"@id":"https:\/\/www.aclanester56.com\/velo\/#\/schema\/logo\/image\/"},"sameAs":["https:\/\/www.facebook.com\/pages\/AC-Lanester-56\/190286300991242?fref=ts"]},{"@type":"Person","@id":"https:\/\/www.aclanester56.com\/velo\/#\/schema\/person\/ca2a44a5fd969e9dd846c72d3b33bc01","name":"Jean-Christophe","url":"https:\/\/www.aclanester56.com\/velo\/author\/jeanchristophe\/"}]}},"_links":{"self":[{"href":"https:\/\/www.aclanester56.com\/velo\/wp-json\/wp\/v2\/posts\/40395","targetHints":{"allow":["GET"]}}],"collection":[{"href":"https:\/\/www.aclanester56.com\/velo\/wp-json\/wp\/v2\/posts"}],"about":[{"href":"https:\/\/www.aclanester56.com\/velo\/wp-json\/wp\/v2\/types\/post"}],"author":[{"embeddable":true,"href":"https:\/\/www.aclanester56.com\/velo\/wp-json\/wp\/v2\/users\/14"}],"replies":[{"embeddable":true,"href":"https:\/\/www.aclanester56.com\/velo\/wp-json\/wp\/v2\/comments?post=40395"}],"version-history":[{"count":3,"href":"https:\/\/www.aclanester56.com\/velo\/wp-json\/wp\/v2\/posts\/40395\/revisions"}],"predecessor-version":[{"id":40401,"href":"https:\/\/www.aclanester56.com\/velo\/wp-json\/wp\/v2\/posts\/40395\/revisions\/40401"}],"wp:featuredmedia":[{"embeddable":true,"href":"https:\/\/www.aclanester56.com\/velo\/wp-json\/wp\/v2\/media\/40397"}],"wp:attachment":[{"href":"https:\/\/www.aclanester56.com\/velo\/wp-json\/wp\/v2\/media?parent=40395"}],"wp:term":[{"taxonomy":"category","embeddable":true,"href":"https:\/\/www.aclanester56.com\/velo\/wp-json\/wp\/v2\/categories?post=40395"},{"taxonomy":"post_tag","embeddable":true,"href":"https:\/\/www.aclanester56.com\/velo\/wp-json\/wp\/v2\/tags?post=40395"}],"curies":[{"name":"wp","href":"https:\/\/api.w.org\/{rel}","templated":true}]}}