{"id":40409,"date":"2019-05-15T12:13:26","date_gmt":"2019-05-15T10:13:26","guid":{"rendered":"https:\/\/www.aclanester56.com\/velo\/?p=40409"},"modified":"2019-05-15T12:13:26","modified_gmt":"2019-05-15T10:13:26","slug":"resultats-du-week-end-du-11-et-12-mai-2019","status":"publish","type":"post","link":"https:\/\/www.aclanester56.com\/velo\/resultats-du-week-end-du-11-et-12-mai-2019\/","title":{"rendered":"R\u00e9sultats du week-end du 11 et 12 mai 2019"},"content":{"rendered":"<p><!--more--><\/p>\n<p>&nbsp;<\/p>\n<p><span style=\"color: #ff6600;\"><strong>***** Samedi 11 mai 2019 *****<\/strong><\/span><\/p>\n<p><span style=\"text-decoration: underline;\"><strong>Mellac &#8211; Pr\u00e9licenci\u00e9s :<\/strong><\/span><br \/>\nGAMEIRO Sam 3\u00e8me<\/p>\n<p><span style=\"text-decoration: underline;\"><strong>Mellac &#8211; Poussins :<\/strong><\/span><br \/>\nBIGOIN Timothe 13\u00e8me<\/p>\n<p><span style=\"text-decoration: underline;\"><strong>Mellac &#8211; Pupilles :<\/strong><\/span><br \/>\nDUGUE Oscar 2\u00e8me<br \/>\nLE MAREC Pavel 13\u00e8me<br \/>\nJEGOU Louka 15\u00e8me<br \/>\nANIZAN RAVE Louison 25\u00e8me<br \/>\nJOANNIC Marouane 37\u00e8me<\/p>\n<p><span style=\"text-decoration: underline;\"><strong>Mellac &#8211; Benjamins :<\/strong><\/span><br \/>\nLOUSSOUARN Lucas 29\u00e8me<\/p>\n<p><span style=\"text-decoration: underline;\"><strong>Mellac &#8211; Minimes :<\/strong><\/span><br \/>\nLE CALVE Gautier 10\u00e8me<br \/>\nLE BOUEDEC Soen 13\u00e8me<br \/>\nBIGOIN Nathan 21\u00e8me<br \/>\nROYE Ethan 25\u00e8me<\/p>\n<p><span style=\"text-decoration: underline;\"><strong>Mellac &#8211; 3\u00e8me Cat et Juniors :<\/strong><\/span><br \/>\nLAUNAY Baptiste 23\u00e8me<br \/>\nLE TALLEC Anthony 36\u00e8me<\/p>\n<p><span style=\"text-decoration: underline;\"><strong>St Gildas de Rhuys &#8211; Championnat du Morbihan PC D1-D2 :<\/strong><\/span><br \/>\nSIMON Fr\u00e9d\u00e9ric 11\u00e8me<\/p>\n<p><span style=\"text-decoration: underline;\"><strong>St Gildas de Rhuys &#8211; Championnat du Morbihan PC D2 :<\/strong><\/span><br \/>\nMELEUC Richard 3\u00e8me<\/p>\n<p><span style=\"text-decoration: underline;\"><strong>St Gildas de Rhuys &#8211; Championnat du Morbihan PC D3 :<\/strong><\/span><br \/>\nMAHE Vincent 17\u00e8me<\/p>\n<p><span style=\"text-decoration: underline;\"><strong>St Gildas de Rhuys &#8211; Championnat du Morbihan PC D4 :<\/strong><\/span><br \/>\nLE KER Didier 17\u00e8me<\/p>\n<p><span style=\"text-decoration: underline;\"><strong>St Gildas de Rhuys &#8211; Championnat du Morbihan 3\u00e8me Cat :<\/strong><\/span><br \/>\nBALTENWECK Andr\u00e9as 10\u00e8me<br \/>\nLAVOLE Alexis 15\u00e8me<br \/>\nCHANDAVOINE Karl 18\u00e8me<br \/>\nLE GAL Mathieu 22\u00e8me<\/p>\n<p><span style=\"color: #ff6600;\"><strong>***** Dimanche 12 mai 2019 *****<\/strong><\/span><\/p>\n<p><span style=\"text-decoration: underline;\"><strong>Languidic &#8211; Pr\u00e9-licenci\u00e9s :<\/strong><\/span><br \/>\nLE BELLER Katell 7\u00e8me<\/p>\n<p><span style=\"text-decoration: underline;\"><strong>Languidic &#8211; Pupilles 1 :<\/strong><\/span><br \/>\nJEGOU Louka 8\u00e8me<br \/>\nMAHE Adrien 16\u00e8me<br \/>\nLE BELLER Quentin 24\u00e8me<br \/>\nANIZAN RAVE Louison 25\u00e8me<\/p>\n<p><span style=\"text-decoration: underline;\"><strong>Languidic &#8211; Pupilles 2 :<\/strong><\/span><br \/>\nLE MAREC Pavel 5\u00e8me<\/p>\n<p><span style=\"text-decoration: underline;\"><strong>Languidic &#8211; Benjamins 1 :<\/strong><\/span><br \/>\nCOUGOULAT No\u00e9 3\u00e8me<\/p>\n<p><span style=\"text-decoration: underline;\"><strong>Languidic &#8211; Benjamins 2 :<\/strong><\/span><br \/>\nLOUSSOUARN Lucas 11\u00e8me<\/p>\n<p><span style=\"text-decoration: underline;\"><strong>Chavagne &#8211; Minimes :<\/strong><\/span><br \/>\nJOSSO Meddy 12\u00e8me<\/p>\n<p><span style=\"text-decoration: underline;\"><strong>Brech &#8211; 3\u00e8me Cat et Juniors :<\/strong><\/span><br \/>\nLE BAIL Hugo 4\u00e8me<br \/>\nTHOMAS Enzo 21\u00e8me<br \/>\nROUSSEAU Mathys 25\u00e8me<br \/>\nMELEUC Richard 27\u00e8me<\/p>\n<p><span style=\"text-decoration: underline;\"><strong>Brest &#8211; La Route de l&rsquo;Ouest F\u00e9minines :<\/strong><\/span><br \/>\nLE GOURRIEREC Pauline 25\u00e8me (#1 CLM : 30\u00e8me, #2 en Ligne : 26\u00e8me)<\/p>\n<p><span style=\"text-decoration: underline;\"><strong>Penvins Sarzeau &#8211; Pass&rsquo; Cyclisme :<\/strong><\/span><br \/>\nLE KER Didier 27\u00e8me<br \/>\nLOEZIC Yoann 37\u00e8me<\/p>\n<p><span style=\"text-decoration: underline;\"><strong>St Cast le Guildo &#8211; Pass&rsquo; Cyclisme :<\/strong><\/span><br \/>\nLE GOURIEREC R\u00e9gis 33\u00e8me<\/p>\n<p><span style=\"text-decoration: underline;\"><strong>Plumaugat &#8211; 3\u00e8me Cat et Juniors :<\/strong><\/span><br \/>\nCHANDAVOINE Norbert 63\u00e8me<\/p>\n<p><span style=\"text-decoration: underline;\"><strong>Ste Marie &#8211; 2\u00e8me, 3\u00e8me Cat et Juniors :<\/strong><\/span><br \/>\nBRUNEAU Alexis 24\u00e8me<\/p>\n","protected":false},"excerpt":{"rendered":"","protected":false},"author":14,"featured_media":40291,"comment_status":"open","ping_status":"open","sticky":false,"template":"","format":"standard","meta":{"ngg_post_thumbnail":0,"footnotes":""},"categories":[5,19,18,24,21,23,20],"tags":[],"class_list":["post-40409","post","type-post","status-publish","format-standard","has-post-thumbnail","hentry","category-ac-lanester-56","category-resultats-2eme-categorie","category-resultats-3eme-categorie","category-resultats-ecole-de-cyclisme","category-resultats-juniors","category-resultats-minimes","category-resultats-pass-cyclisme"],"yoast_head":"<!-- This site is optimized with the Yoast SEO plugin v27.4 - https:\/\/yoast.com\/product\/yoast-seo-wordpress\/ -->\n<title>R\u00e9sultats du week-end du 11 et 12 mai 2019 - Avenir Cycliste Lanester 56<\/title>\n<meta name=\"robots\" content=\"index, follow, max-snippet:-1, max-image-preview:large, max-video-preview:-1\" \/>\n<link rel=\"canonical\" href=\"https:\/\/www.aclanester56.com\/velo\/resultats-du-week-end-du-11-et-12-mai-2019\/\" \/>\n<meta property=\"og:locale\" content=\"fr_FR\" \/>\n<meta property=\"og:type\" content=\"article\" \/>\n<meta property=\"og:title\" content=\"R\u00e9sultats du week-end du 11 et 12 mai 2019 - Avenir Cycliste Lanester 56\" \/>\n<meta property=\"og:url\" content=\"https:\/\/www.aclanester56.com\/velo\/resultats-du-week-end-du-11-et-12-mai-2019\/\" \/>\n<meta property=\"og:site_name\" content=\"Avenir Cycliste Lanester 56\" \/>\n<meta property=\"article:publisher\" content=\"https:\/\/www.facebook.com\/pages\/AC-Lanester-56\/190286300991242?fref=ts\" \/>\n<meta property=\"article:published_time\" content=\"2019-05-15T10:13:26+00:00\" \/>\n<meta property=\"og:image\" content=\"https:\/\/www.aclanester56.com\/velo\/wp-content\/uploads\/2019\/04\/RESULTATS-Copie-2.png\" \/>\n\t<meta property=\"og:image:width\" content=\"900\" \/>\n\t<meta property=\"og:image:height\" content=\"480\" \/>\n\t<meta property=\"og:image:type\" content=\"image\/png\" \/>\n<meta name=\"author\" content=\"Jean-Christophe\" \/>\n<meta name=\"twitter:label1\" content=\"\u00c9crit par\" \/>\n\t<meta name=\"twitter:data1\" content=\"Jean-Christophe\" \/>\n\t<meta name=\"twitter:label2\" content=\"Dur\u00e9e de lecture estim\u00e9e\" \/>\n\t<meta name=\"twitter:data2\" content=\"1 minute\" \/>\n<script type=\"application\/ld+json\" class=\"yoast-schema-graph\">{\"@context\":\"https:\\\/\\\/schema.org\",\"@graph\":[{\"@type\":\"Article\",\"@id\":\"https:\\\/\\\/www.aclanester56.com\\\/velo\\\/resultats-du-week-end-du-11-et-12-mai-2019\\\/#article\",\"isPartOf\":{\"@id\":\"https:\\\/\\\/www.aclanester56.com\\\/velo\\\/resultats-du-week-end-du-11-et-12-mai-2019\\\/\"},\"author\":{\"name\":\"Jean-Christophe\",\"@id\":\"https:\\\/\\\/www.aclanester56.com\\\/velo\\\/#\\\/schema\\\/person\\\/ca2a44a5fd969e9dd846c72d3b33bc01\"},\"headline\":\"R\u00e9sultats du week-end du 11 et 12 mai 2019\",\"datePublished\":\"2019-05-15T10:13:26+00:00\",\"mainEntityOfPage\":{\"@id\":\"https:\\\/\\\/www.aclanester56.com\\\/velo\\\/resultats-du-week-end-du-11-et-12-mai-2019\\\/\"},\"wordCount\":293,\"commentCount\":0,\"publisher\":{\"@id\":\"https:\\\/\\\/www.aclanester56.com\\\/velo\\\/#organization\"},\"image\":{\"@id\":\"https:\\\/\\\/www.aclanester56.com\\\/velo\\\/resultats-du-week-end-du-11-et-12-mai-2019\\\/#primaryimage\"},\"thumbnailUrl\":\"https:\\\/\\\/www.aclanester56.com\\\/velo\\\/wp-content\\\/uploads\\\/2019\\\/04\\\/RESULTATS-Copie-2.png\",\"articleSection\":[\"AC LANESTER 56\",\"R\u00e9sultats 2eme cat\u00e9gorie\",\"R\u00e9sultats 3eme cat\u00e9gorie\",\"R\u00e9sultats Ecole de cyclisme\",\"R\u00e9sultats Juniors\",\"R\u00e9sultats Minimes\",\"R\u00e9sultats Pass cyclisme\"],\"inLanguage\":\"fr-FR\",\"potentialAction\":[{\"@type\":\"CommentAction\",\"name\":\"Comment\",\"target\":[\"https:\\\/\\\/www.aclanester56.com\\\/velo\\\/resultats-du-week-end-du-11-et-12-mai-2019\\\/#respond\"]}]},{\"@type\":\"WebPage\",\"@id\":\"https:\\\/\\\/www.aclanester56.com\\\/velo\\\/resultats-du-week-end-du-11-et-12-mai-2019\\\/\",\"url\":\"https:\\\/\\\/www.aclanester56.com\\\/velo\\\/resultats-du-week-end-du-11-et-12-mai-2019\\\/\",\"name\":\"R\u00e9sultats du week-end du 11 et 12 mai 2019 - Avenir Cycliste Lanester 56\",\"isPartOf\":{\"@id\":\"https:\\\/\\\/www.aclanester56.com\\\/velo\\\/#website\"},\"primaryImageOfPage\":{\"@id\":\"https:\\\/\\\/www.aclanester56.com\\\/velo\\\/resultats-du-week-end-du-11-et-12-mai-2019\\\/#primaryimage\"},\"image\":{\"@id\":\"https:\\\/\\\/www.aclanester56.com\\\/velo\\\/resultats-du-week-end-du-11-et-12-mai-2019\\\/#primaryimage\"},\"thumbnailUrl\":\"https:\\\/\\\/www.aclanester56.com\\\/velo\\\/wp-content\\\/uploads\\\/2019\\\/04\\\/RESULTATS-Copie-2.png\",\"datePublished\":\"2019-05-15T10:13:26+00:00\",\"inLanguage\":\"fr-FR\",\"potentialAction\":[{\"@type\":\"ReadAction\",\"target\":[\"https:\\\/\\\/www.aclanester56.com\\\/velo\\\/resultats-du-week-end-du-11-et-12-mai-2019\\\/\"]}]},{\"@type\":\"ImageObject\",\"inLanguage\":\"fr-FR\",\"@id\":\"https:\\\/\\\/www.aclanester56.com\\\/velo\\\/resultats-du-week-end-du-11-et-12-mai-2019\\\/#primaryimage\",\"url\":\"https:\\\/\\\/www.aclanester56.com\\\/velo\\\/wp-content\\\/uploads\\\/2019\\\/04\\\/RESULTATS-Copie-2.png\",\"contentUrl\":\"https:\\\/\\\/www.aclanester56.com\\\/velo\\\/wp-content\\\/uploads\\\/2019\\\/04\\\/RESULTATS-Copie-2.png\",\"width\":900,\"height\":480},{\"@type\":\"WebSite\",\"@id\":\"https:\\\/\\\/www.aclanester56.com\\\/velo\\\/#website\",\"url\":\"https:\\\/\\\/www.aclanester56.com\\\/velo\\\/\",\"name\":\"Avenir Cycliste Lanester 56\",\"description\":\"Club cycliste de l&#039;AC LANESTER 56\",\"publisher\":{\"@id\":\"https:\\\/\\\/www.aclanester56.com\\\/velo\\\/#organization\"},\"potentialAction\":[{\"@type\":\"SearchAction\",\"target\":{\"@type\":\"EntryPoint\",\"urlTemplate\":\"https:\\\/\\\/www.aclanester56.com\\\/velo\\\/?s={search_term_string}\"},\"query-input\":{\"@type\":\"PropertyValueSpecification\",\"valueRequired\":true,\"valueName\":\"search_term_string\"}}],\"inLanguage\":\"fr-FR\"},{\"@type\":\"Organization\",\"@id\":\"https:\\\/\\\/www.aclanester56.com\\\/velo\\\/#organization\",\"name\":\"Avenir Cycliste Lanester 56\",\"url\":\"https:\\\/\\\/www.aclanester56.com\\\/velo\\\/\",\"logo\":{\"@type\":\"ImageObject\",\"inLanguage\":\"fr-FR\",\"@id\":\"https:\\\/\\\/www.aclanester56.com\\\/velo\\\/#\\\/schema\\\/logo\\\/image\\\/\",\"url\":\"https:\\\/\\\/www.aclanester56.com\\\/velo\\\/wp-content\\\/uploads\\\/2013\\\/04\\\/logo-ACL.jpg\",\"contentUrl\":\"https:\\\/\\\/www.aclanester56.com\\\/velo\\\/wp-content\\\/uploads\\\/2013\\\/04\\\/logo-ACL.jpg\",\"width\":400,\"height\":334,\"caption\":\"Avenir Cycliste Lanester 56\"},\"image\":{\"@id\":\"https:\\\/\\\/www.aclanester56.com\\\/velo\\\/#\\\/schema\\\/logo\\\/image\\\/\"},\"sameAs\":[\"https:\\\/\\\/www.facebook.com\\\/pages\\\/AC-Lanester-56\\\/190286300991242?fref=ts\"]},{\"@type\":\"Person\",\"@id\":\"https:\\\/\\\/www.aclanester56.com\\\/velo\\\/#\\\/schema\\\/person\\\/ca2a44a5fd969e9dd846c72d3b33bc01\",\"name\":\"Jean-Christophe\",\"url\":\"https:\\\/\\\/www.aclanester56.com\\\/velo\\\/author\\\/jeanchristophe\\\/\"}]}<\/script>\n<!-- \/ Yoast SEO plugin. -->","yoast_head_json":{"title":"R\u00e9sultats du week-end du 11 et 12 mai 2019 - Avenir Cycliste Lanester 56","robots":{"index":"index","follow":"follow","max-snippet":"max-snippet:-1","max-image-preview":"max-image-preview:large","max-video-preview":"max-video-preview:-1"},"canonical":"https:\/\/www.aclanester56.com\/velo\/resultats-du-week-end-du-11-et-12-mai-2019\/","og_locale":"fr_FR","og_type":"article","og_title":"R\u00e9sultats du week-end du 11 et 12 mai 2019 - Avenir Cycliste Lanester 56","og_url":"https:\/\/www.aclanester56.com\/velo\/resultats-du-week-end-du-11-et-12-mai-2019\/","og_site_name":"Avenir Cycliste Lanester 56","article_publisher":"https:\/\/www.facebook.com\/pages\/AC-Lanester-56\/190286300991242?fref=ts","article_published_time":"2019-05-15T10:13:26+00:00","og_image":[{"width":900,"height":480,"url":"https:\/\/www.aclanester56.com\/velo\/wp-content\/uploads\/2019\/04\/RESULTATS-Copie-2.png","type":"image\/png"}],"author":"Jean-Christophe","twitter_misc":{"\u00c9crit par":"Jean-Christophe","Dur\u00e9e de lecture estim\u00e9e":"1 minute"},"schema":{"@context":"https:\/\/schema.org","@graph":[{"@type":"Article","@id":"https:\/\/www.aclanester56.com\/velo\/resultats-du-week-end-du-11-et-12-mai-2019\/#article","isPartOf":{"@id":"https:\/\/www.aclanester56.com\/velo\/resultats-du-week-end-du-11-et-12-mai-2019\/"},"author":{"name":"Jean-Christophe","@id":"https:\/\/www.aclanester56.com\/velo\/#\/schema\/person\/ca2a44a5fd969e9dd846c72d3b33bc01"},"headline":"R\u00e9sultats du week-end du 11 et 12 mai 2019","datePublished":"2019-05-15T10:13:26+00:00","mainEntityOfPage":{"@id":"https:\/\/www.aclanester56.com\/velo\/resultats-du-week-end-du-11-et-12-mai-2019\/"},"wordCount":293,"commentCount":0,"publisher":{"@id":"https:\/\/www.aclanester56.com\/velo\/#organization"},"image":{"@id":"https:\/\/www.aclanester56.com\/velo\/resultats-du-week-end-du-11-et-12-mai-2019\/#primaryimage"},"thumbnailUrl":"https:\/\/www.aclanester56.com\/velo\/wp-content\/uploads\/2019\/04\/RESULTATS-Copie-2.png","articleSection":["AC LANESTER 56","R\u00e9sultats 2eme cat\u00e9gorie","R\u00e9sultats 3eme cat\u00e9gorie","R\u00e9sultats Ecole de cyclisme","R\u00e9sultats Juniors","R\u00e9sultats Minimes","R\u00e9sultats Pass cyclisme"],"inLanguage":"fr-FR","potentialAction":[{"@type":"CommentAction","name":"Comment","target":["https:\/\/www.aclanester56.com\/velo\/resultats-du-week-end-du-11-et-12-mai-2019\/#respond"]}]},{"@type":"WebPage","@id":"https:\/\/www.aclanester56.com\/velo\/resultats-du-week-end-du-11-et-12-mai-2019\/","url":"https:\/\/www.aclanester56.com\/velo\/resultats-du-week-end-du-11-et-12-mai-2019\/","name":"R\u00e9sultats du week-end du 11 et 12 mai 2019 - Avenir Cycliste Lanester 56","isPartOf":{"@id":"https:\/\/www.aclanester56.com\/velo\/#website"},"primaryImageOfPage":{"@id":"https:\/\/www.aclanester56.com\/velo\/resultats-du-week-end-du-11-et-12-mai-2019\/#primaryimage"},"image":{"@id":"https:\/\/www.aclanester56.com\/velo\/resultats-du-week-end-du-11-et-12-mai-2019\/#primaryimage"},"thumbnailUrl":"https:\/\/www.aclanester56.com\/velo\/wp-content\/uploads\/2019\/04\/RESULTATS-Copie-2.png","datePublished":"2019-05-15T10:13:26+00:00","inLanguage":"fr-FR","potentialAction":[{"@type":"ReadAction","target":["https:\/\/www.aclanester56.com\/velo\/resultats-du-week-end-du-11-et-12-mai-2019\/"]}]},{"@type":"ImageObject","inLanguage":"fr-FR","@id":"https:\/\/www.aclanester56.com\/velo\/resultats-du-week-end-du-11-et-12-mai-2019\/#primaryimage","url":"https:\/\/www.aclanester56.com\/velo\/wp-content\/uploads\/2019\/04\/RESULTATS-Copie-2.png","contentUrl":"https:\/\/www.aclanester56.com\/velo\/wp-content\/uploads\/2019\/04\/RESULTATS-Copie-2.png","width":900,"height":480},{"@type":"WebSite","@id":"https:\/\/www.aclanester56.com\/velo\/#website","url":"https:\/\/www.aclanester56.com\/velo\/","name":"Avenir Cycliste Lanester 56","description":"Club cycliste de l&#039;AC LANESTER 56","publisher":{"@id":"https:\/\/www.aclanester56.com\/velo\/#organization"},"potentialAction":[{"@type":"SearchAction","target":{"@type":"EntryPoint","urlTemplate":"https:\/\/www.aclanester56.com\/velo\/?s={search_term_string}"},"query-input":{"@type":"PropertyValueSpecification","valueRequired":true,"valueName":"search_term_string"}}],"inLanguage":"fr-FR"},{"@type":"Organization","@id":"https:\/\/www.aclanester56.com\/velo\/#organization","name":"Avenir Cycliste Lanester 56","url":"https:\/\/www.aclanester56.com\/velo\/","logo":{"@type":"ImageObject","inLanguage":"fr-FR","@id":"https:\/\/www.aclanester56.com\/velo\/#\/schema\/logo\/image\/","url":"https:\/\/www.aclanester56.com\/velo\/wp-content\/uploads\/2013\/04\/logo-ACL.jpg","contentUrl":"https:\/\/www.aclanester56.com\/velo\/wp-content\/uploads\/2013\/04\/logo-ACL.jpg","width":400,"height":334,"caption":"Avenir Cycliste Lanester 56"},"image":{"@id":"https:\/\/www.aclanester56.com\/velo\/#\/schema\/logo\/image\/"},"sameAs":["https:\/\/www.facebook.com\/pages\/AC-Lanester-56\/190286300991242?fref=ts"]},{"@type":"Person","@id":"https:\/\/www.aclanester56.com\/velo\/#\/schema\/person\/ca2a44a5fd969e9dd846c72d3b33bc01","name":"Jean-Christophe","url":"https:\/\/www.aclanester56.com\/velo\/author\/jeanchristophe\/"}]}},"_links":{"self":[{"href":"https:\/\/www.aclanester56.com\/velo\/wp-json\/wp\/v2\/posts\/40409","targetHints":{"allow":["GET"]}}],"collection":[{"href":"https:\/\/www.aclanester56.com\/velo\/wp-json\/wp\/v2\/posts"}],"about":[{"href":"https:\/\/www.aclanester56.com\/velo\/wp-json\/wp\/v2\/types\/post"}],"author":[{"embeddable":true,"href":"https:\/\/www.aclanester56.com\/velo\/wp-json\/wp\/v2\/users\/14"}],"replies":[{"embeddable":true,"href":"https:\/\/www.aclanester56.com\/velo\/wp-json\/wp\/v2\/comments?post=40409"}],"version-history":[{"count":1,"href":"https:\/\/www.aclanester56.com\/velo\/wp-json\/wp\/v2\/posts\/40409\/revisions"}],"predecessor-version":[{"id":40410,"href":"https:\/\/www.aclanester56.com\/velo\/wp-json\/wp\/v2\/posts\/40409\/revisions\/40410"}],"wp:featuredmedia":[{"embeddable":true,"href":"https:\/\/www.aclanester56.com\/velo\/wp-json\/wp\/v2\/media\/40291"}],"wp:attachment":[{"href":"https:\/\/www.aclanester56.com\/velo\/wp-json\/wp\/v2\/media?parent=40409"}],"wp:term":[{"taxonomy":"category","embeddable":true,"href":"https:\/\/www.aclanester56.com\/velo\/wp-json\/wp\/v2\/categories?post=40409"},{"taxonomy":"post_tag","embeddable":true,"href":"https:\/\/www.aclanester56.com\/velo\/wp-json\/wp\/v2\/tags?post=40409"}],"curies":[{"name":"wp","href":"https:\/\/api.w.org\/{rel}","templated":true}]}}