{"id":40478,"date":"2019-06-13T16:43:07","date_gmt":"2019-06-13T14:43:07","guid":{"rendered":"https:\/\/www.aclanester56.com\/velo\/?p=40478"},"modified":"2019-06-17T16:44:56","modified_gmt":"2019-06-17T14:44:56","slug":"lorelei-vachey-championne-de-bretagne-2019-junior-du-500m","status":"publish","type":"post","link":"https:\/\/www.aclanester56.com\/velo\/lorelei-vachey-championne-de-bretagne-2019-junior-du-500m\/","title":{"rendered":"Lorele\u00ef Vachey championne de Bretagne 2019 Junior du 500m"},"content":{"rendered":"<p><!--more--><\/p>\n<p><em>Photo : V\u00e9ronique Le M\u00e9najour.<\/em><\/p>\n<p style=\"text-align: justify;\">La junior 1 de l&rsquo;AC Lanester 56 Lorele\u00ef Vachey a endoss\u00e9 le maillot \u00e0 hermines de championne de Bretagne du 500m, lors des championnats de Bretagne du sprint sur le v\u00e9lodrome de Pordic. Elle termine 2\u00e8me au scratch toutes cat\u00e9gories confondues.<\/p>\n<p style=\"text-align: justify;\">F\u00e9licitations \u00e0 notre championne !<\/p>\n","protected":false},"excerpt":{"rendered":"","protected":false},"author":14,"featured_media":40479,"comment_status":"open","ping_status":"open","sticky":false,"template":"","format":"standard","meta":{"ngg_post_thumbnail":0,"footnotes":""},"categories":[5,74,16,21],"tags":[],"class_list":["post-40478","post","type-post","status-publish","format-standard","has-post-thumbnail","hentry","category-ac-lanester-56","category-piste","category-resultats","category-resultats-juniors"],"yoast_head":"<!-- This site is optimized with the Yoast SEO plugin v27.5 - https:\/\/yoast.com\/product\/yoast-seo-wordpress\/ -->\n<title>Lorele\u00ef Vachey championne de Bretagne 2019 Junior du 500m - Avenir Cycliste Lanester 56<\/title>\n<meta name=\"robots\" content=\"index, follow, max-snippet:-1, max-image-preview:large, max-video-preview:-1\" \/>\n<link rel=\"canonical\" href=\"https:\/\/www.aclanester56.com\/velo\/lorelei-vachey-championne-de-bretagne-2019-junior-du-500m\/\" \/>\n<meta property=\"og:locale\" content=\"fr_FR\" \/>\n<meta property=\"og:type\" content=\"article\" \/>\n<meta property=\"og:title\" content=\"Lorele\u00ef Vachey championne de Bretagne 2019 Junior du 500m - Avenir Cycliste Lanester 56\" \/>\n<meta property=\"og:url\" content=\"https:\/\/www.aclanester56.com\/velo\/lorelei-vachey-championne-de-bretagne-2019-junior-du-500m\/\" \/>\n<meta property=\"og:site_name\" content=\"Avenir Cycliste Lanester 56\" \/>\n<meta property=\"article:publisher\" content=\"https:\/\/www.facebook.com\/pages\/AC-Lanester-56\/190286300991242?fref=ts\" \/>\n<meta property=\"article:published_time\" content=\"2019-06-13T14:43:07+00:00\" \/>\n<meta property=\"article:modified_time\" content=\"2019-06-17T14:44:56+00:00\" \/>\n<meta property=\"og:image\" content=\"https:\/\/www.aclanester56.com\/velo\/wp-content\/uploads\/2019\/06\/FB_IMG_1560780918533-Copie.jpg\" \/>\n\t<meta property=\"og:image:width\" content=\"900\" \/>\n\t<meta property=\"og:image:height\" content=\"480\" \/>\n\t<meta property=\"og:image:type\" content=\"image\/jpeg\" \/>\n<meta name=\"author\" content=\"Jean-Christophe\" \/>\n<meta name=\"twitter:label1\" content=\"\u00c9crit par\" \/>\n\t<meta name=\"twitter:data1\" content=\"Jean-Christophe\" \/>\n<script type=\"application\/ld+json\" class=\"yoast-schema-graph\">{\"@context\":\"https:\\\/\\\/schema.org\",\"@graph\":[{\"@type\":\"Article\",\"@id\":\"https:\\\/\\\/www.aclanester56.com\\\/velo\\\/lorelei-vachey-championne-de-bretagne-2019-junior-du-500m\\\/#article\",\"isPartOf\":{\"@id\":\"https:\\\/\\\/www.aclanester56.com\\\/velo\\\/lorelei-vachey-championne-de-bretagne-2019-junior-du-500m\\\/\"},\"author\":{\"name\":\"Jean-Christophe\",\"@id\":\"https:\\\/\\\/www.aclanester56.com\\\/velo\\\/#\\\/schema\\\/person\\\/ca2a44a5fd969e9dd846c72d3b33bc01\"},\"headline\":\"Lorele\u00ef Vachey championne de Bretagne 2019 Junior du 500m\",\"datePublished\":\"2019-06-13T14:43:07+00:00\",\"dateModified\":\"2019-06-17T14:44:56+00:00\",\"mainEntityOfPage\":{\"@id\":\"https:\\\/\\\/www.aclanester56.com\\\/velo\\\/lorelei-vachey-championne-de-bretagne-2019-junior-du-500m\\\/\"},\"wordCount\":58,\"commentCount\":0,\"publisher\":{\"@id\":\"https:\\\/\\\/www.aclanester56.com\\\/velo\\\/#organization\"},\"image\":{\"@id\":\"https:\\\/\\\/www.aclanester56.com\\\/velo\\\/lorelei-vachey-championne-de-bretagne-2019-junior-du-500m\\\/#primaryimage\"},\"thumbnailUrl\":\"https:\\\/\\\/www.aclanester56.com\\\/velo\\\/wp-content\\\/uploads\\\/2019\\\/06\\\/FB_IMG_1560780918533-Copie.jpg\",\"articleSection\":[\"AC LANESTER 56\",\"Piste\",\"R\u00e9sultats\",\"R\u00e9sultats Juniors\"],\"inLanguage\":\"fr-FR\",\"potentialAction\":[{\"@type\":\"CommentAction\",\"name\":\"Comment\",\"target\":[\"https:\\\/\\\/www.aclanester56.com\\\/velo\\\/lorelei-vachey-championne-de-bretagne-2019-junior-du-500m\\\/#respond\"]}]},{\"@type\":\"WebPage\",\"@id\":\"https:\\\/\\\/www.aclanester56.com\\\/velo\\\/lorelei-vachey-championne-de-bretagne-2019-junior-du-500m\\\/\",\"url\":\"https:\\\/\\\/www.aclanester56.com\\\/velo\\\/lorelei-vachey-championne-de-bretagne-2019-junior-du-500m\\\/\",\"name\":\"Lorele\u00ef Vachey championne de Bretagne 2019 Junior du 500m - Avenir Cycliste Lanester 56\",\"isPartOf\":{\"@id\":\"https:\\\/\\\/www.aclanester56.com\\\/velo\\\/#website\"},\"primaryImageOfPage\":{\"@id\":\"https:\\\/\\\/www.aclanester56.com\\\/velo\\\/lorelei-vachey-championne-de-bretagne-2019-junior-du-500m\\\/#primaryimage\"},\"image\":{\"@id\":\"https:\\\/\\\/www.aclanester56.com\\\/velo\\\/lorelei-vachey-championne-de-bretagne-2019-junior-du-500m\\\/#primaryimage\"},\"thumbnailUrl\":\"https:\\\/\\\/www.aclanester56.com\\\/velo\\\/wp-content\\\/uploads\\\/2019\\\/06\\\/FB_IMG_1560780918533-Copie.jpg\",\"datePublished\":\"2019-06-13T14:43:07+00:00\",\"dateModified\":\"2019-06-17T14:44:56+00:00\",\"inLanguage\":\"fr-FR\",\"potentialAction\":[{\"@type\":\"ReadAction\",\"target\":[\"https:\\\/\\\/www.aclanester56.com\\\/velo\\\/lorelei-vachey-championne-de-bretagne-2019-junior-du-500m\\\/\"]}]},{\"@type\":\"ImageObject\",\"inLanguage\":\"fr-FR\",\"@id\":\"https:\\\/\\\/www.aclanester56.com\\\/velo\\\/lorelei-vachey-championne-de-bretagne-2019-junior-du-500m\\\/#primaryimage\",\"url\":\"https:\\\/\\\/www.aclanester56.com\\\/velo\\\/wp-content\\\/uploads\\\/2019\\\/06\\\/FB_IMG_1560780918533-Copie.jpg\",\"contentUrl\":\"https:\\\/\\\/www.aclanester56.com\\\/velo\\\/wp-content\\\/uploads\\\/2019\\\/06\\\/FB_IMG_1560780918533-Copie.jpg\",\"width\":900,\"height\":480},{\"@type\":\"WebSite\",\"@id\":\"https:\\\/\\\/www.aclanester56.com\\\/velo\\\/#website\",\"url\":\"https:\\\/\\\/www.aclanester56.com\\\/velo\\\/\",\"name\":\"Avenir Cycliste Lanester 56\",\"description\":\"Club cycliste de l&#039;AC LANESTER 56\",\"publisher\":{\"@id\":\"https:\\\/\\\/www.aclanester56.com\\\/velo\\\/#organization\"},\"potentialAction\":[{\"@type\":\"SearchAction\",\"target\":{\"@type\":\"EntryPoint\",\"urlTemplate\":\"https:\\\/\\\/www.aclanester56.com\\\/velo\\\/?s={search_term_string}\"},\"query-input\":{\"@type\":\"PropertyValueSpecification\",\"valueRequired\":true,\"valueName\":\"search_term_string\"}}],\"inLanguage\":\"fr-FR\"},{\"@type\":\"Organization\",\"@id\":\"https:\\\/\\\/www.aclanester56.com\\\/velo\\\/#organization\",\"name\":\"Avenir Cycliste Lanester 56\",\"url\":\"https:\\\/\\\/www.aclanester56.com\\\/velo\\\/\",\"logo\":{\"@type\":\"ImageObject\",\"inLanguage\":\"fr-FR\",\"@id\":\"https:\\\/\\\/www.aclanester56.com\\\/velo\\\/#\\\/schema\\\/logo\\\/image\\\/\",\"url\":\"https:\\\/\\\/www.aclanester56.com\\\/velo\\\/wp-content\\\/uploads\\\/2013\\\/04\\\/logo-ACL.jpg\",\"contentUrl\":\"https:\\\/\\\/www.aclanester56.com\\\/velo\\\/wp-content\\\/uploads\\\/2013\\\/04\\\/logo-ACL.jpg\",\"width\":400,\"height\":334,\"caption\":\"Avenir Cycliste Lanester 56\"},\"image\":{\"@id\":\"https:\\\/\\\/www.aclanester56.com\\\/velo\\\/#\\\/schema\\\/logo\\\/image\\\/\"},\"sameAs\":[\"https:\\\/\\\/www.facebook.com\\\/pages\\\/AC-Lanester-56\\\/190286300991242?fref=ts\"]},{\"@type\":\"Person\",\"@id\":\"https:\\\/\\\/www.aclanester56.com\\\/velo\\\/#\\\/schema\\\/person\\\/ca2a44a5fd969e9dd846c72d3b33bc01\",\"name\":\"Jean-Christophe\",\"url\":\"https:\\\/\\\/www.aclanester56.com\\\/velo\\\/author\\\/jeanchristophe\\\/\"}]}<\/script>\n<!-- \/ Yoast SEO plugin. -->","yoast_head_json":{"title":"Lorele\u00ef Vachey championne de Bretagne 2019 Junior du 500m - Avenir Cycliste Lanester 56","robots":{"index":"index","follow":"follow","max-snippet":"max-snippet:-1","max-image-preview":"max-image-preview:large","max-video-preview":"max-video-preview:-1"},"canonical":"https:\/\/www.aclanester56.com\/velo\/lorelei-vachey-championne-de-bretagne-2019-junior-du-500m\/","og_locale":"fr_FR","og_type":"article","og_title":"Lorele\u00ef Vachey championne de Bretagne 2019 Junior du 500m - Avenir Cycliste Lanester 56","og_url":"https:\/\/www.aclanester56.com\/velo\/lorelei-vachey-championne-de-bretagne-2019-junior-du-500m\/","og_site_name":"Avenir Cycliste Lanester 56","article_publisher":"https:\/\/www.facebook.com\/pages\/AC-Lanester-56\/190286300991242?fref=ts","article_published_time":"2019-06-13T14:43:07+00:00","article_modified_time":"2019-06-17T14:44:56+00:00","og_image":[{"width":900,"height":480,"url":"https:\/\/www.aclanester56.com\/velo\/wp-content\/uploads\/2019\/06\/FB_IMG_1560780918533-Copie.jpg","type":"image\/jpeg"}],"author":"Jean-Christophe","twitter_misc":{"\u00c9crit par":"Jean-Christophe"},"schema":{"@context":"https:\/\/schema.org","@graph":[{"@type":"Article","@id":"https:\/\/www.aclanester56.com\/velo\/lorelei-vachey-championne-de-bretagne-2019-junior-du-500m\/#article","isPartOf":{"@id":"https:\/\/www.aclanester56.com\/velo\/lorelei-vachey-championne-de-bretagne-2019-junior-du-500m\/"},"author":{"name":"Jean-Christophe","@id":"https:\/\/www.aclanester56.com\/velo\/#\/schema\/person\/ca2a44a5fd969e9dd846c72d3b33bc01"},"headline":"Lorele\u00ef Vachey championne de Bretagne 2019 Junior du 500m","datePublished":"2019-06-13T14:43:07+00:00","dateModified":"2019-06-17T14:44:56+00:00","mainEntityOfPage":{"@id":"https:\/\/www.aclanester56.com\/velo\/lorelei-vachey-championne-de-bretagne-2019-junior-du-500m\/"},"wordCount":58,"commentCount":0,"publisher":{"@id":"https:\/\/www.aclanester56.com\/velo\/#organization"},"image":{"@id":"https:\/\/www.aclanester56.com\/velo\/lorelei-vachey-championne-de-bretagne-2019-junior-du-500m\/#primaryimage"},"thumbnailUrl":"https:\/\/www.aclanester56.com\/velo\/wp-content\/uploads\/2019\/06\/FB_IMG_1560780918533-Copie.jpg","articleSection":["AC LANESTER 56","Piste","R\u00e9sultats","R\u00e9sultats Juniors"],"inLanguage":"fr-FR","potentialAction":[{"@type":"CommentAction","name":"Comment","target":["https:\/\/www.aclanester56.com\/velo\/lorelei-vachey-championne-de-bretagne-2019-junior-du-500m\/#respond"]}]},{"@type":"WebPage","@id":"https:\/\/www.aclanester56.com\/velo\/lorelei-vachey-championne-de-bretagne-2019-junior-du-500m\/","url":"https:\/\/www.aclanester56.com\/velo\/lorelei-vachey-championne-de-bretagne-2019-junior-du-500m\/","name":"Lorele\u00ef Vachey championne de Bretagne 2019 Junior du 500m - Avenir Cycliste Lanester 56","isPartOf":{"@id":"https:\/\/www.aclanester56.com\/velo\/#website"},"primaryImageOfPage":{"@id":"https:\/\/www.aclanester56.com\/velo\/lorelei-vachey-championne-de-bretagne-2019-junior-du-500m\/#primaryimage"},"image":{"@id":"https:\/\/www.aclanester56.com\/velo\/lorelei-vachey-championne-de-bretagne-2019-junior-du-500m\/#primaryimage"},"thumbnailUrl":"https:\/\/www.aclanester56.com\/velo\/wp-content\/uploads\/2019\/06\/FB_IMG_1560780918533-Copie.jpg","datePublished":"2019-06-13T14:43:07+00:00","dateModified":"2019-06-17T14:44:56+00:00","inLanguage":"fr-FR","potentialAction":[{"@type":"ReadAction","target":["https:\/\/www.aclanester56.com\/velo\/lorelei-vachey-championne-de-bretagne-2019-junior-du-500m\/"]}]},{"@type":"ImageObject","inLanguage":"fr-FR","@id":"https:\/\/www.aclanester56.com\/velo\/lorelei-vachey-championne-de-bretagne-2019-junior-du-500m\/#primaryimage","url":"https:\/\/www.aclanester56.com\/velo\/wp-content\/uploads\/2019\/06\/FB_IMG_1560780918533-Copie.jpg","contentUrl":"https:\/\/www.aclanester56.com\/velo\/wp-content\/uploads\/2019\/06\/FB_IMG_1560780918533-Copie.jpg","width":900,"height":480},{"@type":"WebSite","@id":"https:\/\/www.aclanester56.com\/velo\/#website","url":"https:\/\/www.aclanester56.com\/velo\/","name":"Avenir Cycliste Lanester 56","description":"Club cycliste de l&#039;AC LANESTER 56","publisher":{"@id":"https:\/\/www.aclanester56.com\/velo\/#organization"},"potentialAction":[{"@type":"SearchAction","target":{"@type":"EntryPoint","urlTemplate":"https:\/\/www.aclanester56.com\/velo\/?s={search_term_string}"},"query-input":{"@type":"PropertyValueSpecification","valueRequired":true,"valueName":"search_term_string"}}],"inLanguage":"fr-FR"},{"@type":"Organization","@id":"https:\/\/www.aclanester56.com\/velo\/#organization","name":"Avenir Cycliste Lanester 56","url":"https:\/\/www.aclanester56.com\/velo\/","logo":{"@type":"ImageObject","inLanguage":"fr-FR","@id":"https:\/\/www.aclanester56.com\/velo\/#\/schema\/logo\/image\/","url":"https:\/\/www.aclanester56.com\/velo\/wp-content\/uploads\/2013\/04\/logo-ACL.jpg","contentUrl":"https:\/\/www.aclanester56.com\/velo\/wp-content\/uploads\/2013\/04\/logo-ACL.jpg","width":400,"height":334,"caption":"Avenir Cycliste Lanester 56"},"image":{"@id":"https:\/\/www.aclanester56.com\/velo\/#\/schema\/logo\/image\/"},"sameAs":["https:\/\/www.facebook.com\/pages\/AC-Lanester-56\/190286300991242?fref=ts"]},{"@type":"Person","@id":"https:\/\/www.aclanester56.com\/velo\/#\/schema\/person\/ca2a44a5fd969e9dd846c72d3b33bc01","name":"Jean-Christophe","url":"https:\/\/www.aclanester56.com\/velo\/author\/jeanchristophe\/"}]}},"_links":{"self":[{"href":"https:\/\/www.aclanester56.com\/velo\/wp-json\/wp\/v2\/posts\/40478","targetHints":{"allow":["GET"]}}],"collection":[{"href":"https:\/\/www.aclanester56.com\/velo\/wp-json\/wp\/v2\/posts"}],"about":[{"href":"https:\/\/www.aclanester56.com\/velo\/wp-json\/wp\/v2\/types\/post"}],"author":[{"embeddable":true,"href":"https:\/\/www.aclanester56.com\/velo\/wp-json\/wp\/v2\/users\/14"}],"replies":[{"embeddable":true,"href":"https:\/\/www.aclanester56.com\/velo\/wp-json\/wp\/v2\/comments?post=40478"}],"version-history":[{"count":1,"href":"https:\/\/www.aclanester56.com\/velo\/wp-json\/wp\/v2\/posts\/40478\/revisions"}],"predecessor-version":[{"id":40480,"href":"https:\/\/www.aclanester56.com\/velo\/wp-json\/wp\/v2\/posts\/40478\/revisions\/40480"}],"wp:featuredmedia":[{"embeddable":true,"href":"https:\/\/www.aclanester56.com\/velo\/wp-json\/wp\/v2\/media\/40479"}],"wp:attachment":[{"href":"https:\/\/www.aclanester56.com\/velo\/wp-json\/wp\/v2\/media?parent=40478"}],"wp:term":[{"taxonomy":"category","embeddable":true,"href":"https:\/\/www.aclanester56.com\/velo\/wp-json\/wp\/v2\/categories?post=40478"},{"taxonomy":"post_tag","embeddable":true,"href":"https:\/\/www.aclanester56.com\/velo\/wp-json\/wp\/v2\/tags?post=40478"}],"curies":[{"name":"wp","href":"https:\/\/api.w.org\/{rel}","templated":true}]}}