{"id":4060,"date":"2010-08-26T14:30:48","date_gmt":"2010-08-26T13:30:48","guid":{"rendered":"http:\/\/www.aclanester56.com\/velo\/?p=4060"},"modified":"2010-09-01T08:21:40","modified_gmt":"2010-09-01T07:21:40","slug":"reaction-de-warren-barguil-de-retour-des-championnats-de-france-espoirs","status":"publish","type":"post","link":"https:\/\/www.aclanester56.com\/velo\/reaction-de-warren-barguil-de-retour-des-championnats-de-france-espoirs\/","title":{"rendered":"R\u00e9action de Warren Barguil, de retour des championnats de France espoirs"},"content":{"rendered":"<p>Nous avons recueilli les propos de Warren Barguil, de retour de Br\u00e9cey o\u00f9 il a particip\u00e9 au Championnat de France espoirs sur route. Il revient avec nous sur sa course et celle de l&rsquo;\u00e9quipe de Bretagne, sur ses contacts avec des \u00e9quipes professionnelles et sur son programme de fin de saison ! Vous pouvez retrouver des photos du championnat de France de l&rsquo;Avenir en cliquant <a href=\"http:\/\/www.aclanester56.com\/velo\/2010\/08\/25\/retour-en-images-sur-les-championnats-de-france-de-lavenir-a-brecey\/\">sur ce lien<\/a>.<\/p>\n<p><!--more--><\/p>\n<p><br class=\"spacer_\" \/><\/p>\n<p><span style=\"text-decoration: underline\"><strong> <\/strong><\/span><\/p>\n<div id=\"attachment_4061\" style=\"width: 224px\" class=\"wp-caption alignleft\"><a href=\"http:\/\/www.aclanester56.com\/velo\/wp-content\/uploads\/2010\/08\/rz_600__actu_3151_5592.jpg\"><img loading=\"lazy\" decoding=\"async\" aria-describedby=\"caption-attachment-4061\" class=\"size-full wp-image-4061\" src=\"http:\/\/www.aclanester56.com\/velo\/wp-content\/uploads\/2010\/08\/rz_600__actu_3151_5592.jpg\" alt=\"\" width=\"214\" height=\"300\" srcset=\"https:\/\/www.aclanester56.com\/velo\/wp-content\/uploads\/2010\/08\/rz_600__actu_3151_5592.jpg 428w, https:\/\/www.aclanester56.com\/velo\/wp-content\/uploads\/2010\/08\/rz_600__actu_3151_5592-214x300.jpg 214w\" sizes=\"auto, (max-width: 214px) 100vw, 214px\" \/><\/a><p id=\"caption-attachment-4061\" class=\"wp-caption-text\">Warren Barguil \u00e0 l&#039;attaque sur le championnat de France espoirs \u00e0 Br\u00e9cey<\/p><\/div>\n<p><strong><span style=\"text-decoration: underline\">&#8211; Raconte nous un peu le d\u00e9roulement de ta course au Championnat de France !<\/span><\/strong><\/p>\n<p><strong>Warren <\/strong>: En fait, le d\u00e9roulement du \u00ab\u00a0France\u00a0\u00bb a \u00e9t\u00e9 tr\u00e8s simple : Aucune difficult\u00e9 donc impossible de faire la diff\u00e9rence ! Je n&rsquo;aime pas trop les parcours comme celui-l\u00e0, mais j&rsquo;ai essay\u00e9 de faire de mon mieux ! Je suis sorti une fois ou deux et je sentais que j&rsquo;\u00e9tais vraiment bien &#8230; Apr\u00e8s, il y a d\u00fb y avoir une mauvaise entente dans la principale \u00e9chapp\u00e9e car on les a\u00a0rattrap\u00e9s,\u00a0puis je perce au plus mauvais moment, \u00e0 5 kms de l&rsquo;arriv\u00e9e, en sachant que vu qu&rsquo;on avait des gars devant pendant la majeure partie de la course, j&rsquo;avais gard\u00e9 sous la p\u00e9dale des forces pour attaquer dans la derni\u00e8re bosse, exactement comme l&rsquo;a fait Geoffrey Soupe qui est un tr\u00e8s beau vainqueur, et qui m\u00e9rite largement ce titre.<\/p>\n<p><strong><span style=\"text-decoration: underline\">&#8211; Qu&rsquo;est-ce qui a manqu\u00e9 \u00e0 l&rsquo;\u00e9quipe de Bretagne, qui avait largement les moyens de s&rsquo;imposer, pour remporter le titre ?<\/span><\/strong><\/p>\n<p><strong>Warren <\/strong>:\u00a0Je n&rsquo;ai rien a dire sur la course de l&rsquo;\u00e9quipe de Bretagne, \u00e9tant donn\u00e9 qu&rsquo;on a couru en \u00e9quipe ! Apr\u00e8s, je ne sais pas ce qu&rsquo;il s&rsquo;est pass\u00e9 devant car je n&rsquo;y \u00e9tais pas. Je pense qu&rsquo;avec l&rsquo;\u00e9quipe de Bretagne, on a vraiment \u00e9t\u00e9 bien pr\u00e9sent d\u00e8s le d\u00e9but de l&rsquo;\u00e9preuve, mais on a perdu la course sur la fin, quand l&rsquo;\u00e9chapp\u00e9e s&rsquo;est fait reprendre, car sinon, je pense qu&rsquo;on serait rentr\u00e9 \u00e0 la maison avec le titre&#8230; Mais bon, c&rsquo;est comme \u00e7a le v\u00e9lo !<\/p>\n<p><span style=\"text-decoration: underline\"><strong>&#8211; A cette p\u00e9riode de la saison, les rumeurs vont bon train : on sait que Bretagne-Schuller a un oeil sur toi &#8230; D&rsquo;autres \u00e9quipes professionnelles se sont-elles manifest\u00e9es ?<\/strong><\/span><\/p>\n<p><strong>Warren <\/strong>:\u00a0Pour l&rsquo;ann\u00e9e prochaine, je ne sais pas encore ce que je ferai car la saison n&rsquo;est pas encore finie ! Je suis toujours Lanest\u00e9rien et je ne pense pas trop au reste, je me concentre seulement sur ma fin de saison&#8230; Oui, j&rsquo;ai quelques contacts avec Bretagne-Schuller et \u00e9galement avec une \u00e9quipe Pro-Tour, mais je ne me prend pas la t\u00eate &#8230; Je pense seulement \u00e0 me faire plaisir sur le v\u00e9lo et avoir des r\u00e9sultats ! Le reste viendra apr\u00e8s &#8230;<\/p>\n<p><span style=\"text-decoration: underline\"><strong>&#8211; Quel est ton programme de fin de saison ?<\/strong><\/span><\/p>\n<p><strong>Warren <\/strong>:\u00a0Mon programme de fin de saison est plut\u00f4t bas\u00e9 sur des classiques comme le Grand Prix de Foug\u00e8res, Paris-Tours, Paris-Conn\u00e9rr\u00e9&#8230; Mais avant cela, il y a l&rsquo;Agglo-Tour ce week-end \u00e0 St-Brieuc, qui est dur, et o\u00f9 j&rsquo;aimerais bien \u00eatre au top, mais on verra !<\/p>\n<p><span style=\"text-decoration: underline\"><strong>&#8211; Un petit mot sur la performance des juniors bretons \u00e0 Br\u00e9cey, qui te succ\u00e8dent pour le titre, et surtout sur ton camarade de l&rsquo;AC Lanester 56 Anthony Mira ?<\/strong><\/span><\/p>\n<p><strong><strong>Warren <\/strong>: <span style=\"font-size: x-small\"><span style=\"font-weight: normal\"><span style=\"font-size: small\">J&rsquo;ai \u00e9t\u00e9 surpris du d\u00e9roulement de la course chez les Juniors, o\u00f9 j&rsquo;ai vu un tr\u00e8s tr\u00e8s bon Maxime Cam : il m&rsquo;a impressionn\u00e9 car c&rsquo;est lui qui a tout dynamit\u00e9 et qui aurait m\u00e9rit\u00e9 beaucoup mieux ! Je pense qu&rsquo;il a fait gagner l&rsquo;\u00e9quipe de bretagne et il y a Le Gac aussi derri\u00e8re, qui a \u00ab\u00a0enterr\u00e9\u00a0\u00bb tous les favoris ! Puis la chute de 30 coureurs au d\u00e9but n&rsquo;a rien arrang\u00e9 ! Je suis content de celui qui me succ\u00e8de : c&rsquo;est un super coureur ! Comme quoi, quand on finit sur le podium de la Classique des Alpes, on est presque champion de France avant l&rsquo;heure (rires) ! (NDLR: Warren avait termin\u00e9 deuxi\u00e8me de la Classique des Alpes 2009 avant de devenir quelques mois plus tard champion de France. Cette ann\u00e9e, le nouveau champion de France avait termin\u00e9 3\u00e8me de la Classique des Alpes 2010 &#8230;).<\/span><\/span><\/span><\/strong><\/p>\n<p><strong><span style=\"font-size: x-small\"><span style=\"font-weight: normal\"><span style=\"font-size: small\">La performance d&rsquo;Anthony, c&rsquo;est vraiment tr\u00e8s bien ! Il s&rsquo;est bien pr\u00e9par\u00e9, il a tr\u00e8s tr\u00e8s bien couru ! Il n&rsquo;a pas fait l&rsquo;effort de trop et il l&rsquo;a fait au bon moment ! Pour le club de Lanester, c&rsquo;est super d&rsquo;avoir un autre podium au championnat de France !<\/span><\/span><\/span><\/strong><\/p>\n<p><br class=\"spacer_\" \/><\/p>\n<p><span style=\"font-size: x-small\"><span style=\"font-size: small\"><em><strong>Nous adressons nos sinc\u00e8res remerciements \u00e0 Warren pour sa disponibilit\u00e9 !<\/strong><\/em><\/span><\/span><\/p>\n<p><span style=\"font-size: x-small\"><span style=\"font-size: small\"><em><strong>La photo de cet article est publi\u00e9e avec l&rsquo;aimable autorisation du service communications du Comit\u00e9 de Bretagne de Cyclisme www.bretagne-cyclisme.com !<\/strong><\/em><\/span><\/span><\/p>\n","protected":false},"excerpt":{"rendered":"<p>Nous avons recueilli les propos de Warren Barguil, de retour de Br\u00e9cey o\u00f9 il a particip\u00e9 au Championnat de France [&hellip;]<\/p>\n","protected":false},"author":14,"featured_media":4061,"comment_status":"open","ping_status":"open","sticky":false,"template":"","format":"standard","meta":{"ngg_post_thumbnail":0,"footnotes":""},"categories":[5,14],"tags":[],"class_list":["post-4060","post","type-post","status-publish","format-standard","has-post-thumbnail","hentry","category-ac-lanester-56","category-actualites-dn"],"yoast_head":"<!-- This site is optimized with the Yoast SEO plugin v27.5 - https:\/\/yoast.com\/product\/yoast-seo-wordpress\/ -->\n<title>R\u00e9action de Warren Barguil, de retour des championnats de France espoirs - Avenir Cycliste Lanester 56<\/title>\n<meta name=\"robots\" content=\"index, follow, max-snippet:-1, max-image-preview:large, max-video-preview:-1\" \/>\n<link rel=\"canonical\" href=\"https:\/\/www.aclanester56.com\/velo\/reaction-de-warren-barguil-de-retour-des-championnats-de-france-espoirs\/\" \/>\n<meta property=\"og:locale\" content=\"fr_FR\" \/>\n<meta property=\"og:type\" content=\"article\" \/>\n<meta property=\"og:title\" content=\"R\u00e9action de Warren Barguil, de retour des championnats de France espoirs - Avenir Cycliste Lanester 56\" \/>\n<meta property=\"og:description\" content=\"Nous avons recueilli les propos de Warren Barguil, de retour de Br\u00e9cey o\u00f9 il a particip\u00e9 au Championnat de France [&hellip;]\" \/>\n<meta property=\"og:url\" content=\"https:\/\/www.aclanester56.com\/velo\/reaction-de-warren-barguil-de-retour-des-championnats-de-france-espoirs\/\" \/>\n<meta property=\"og:site_name\" content=\"Avenir Cycliste Lanester 56\" \/>\n<meta property=\"article:publisher\" content=\"https:\/\/www.facebook.com\/pages\/AC-Lanester-56\/190286300991242?fref=ts\" \/>\n<meta property=\"article:published_time\" content=\"2010-08-26T13:30:48+00:00\" \/>\n<meta property=\"article:modified_time\" content=\"2010-09-01T07:21:40+00:00\" \/>\n<meta property=\"og:image\" content=\"https:\/\/www.aclanester56.com\/velo\/wp-content\/uploads\/2010\/08\/rz_600__actu_3151_5592.jpg\" \/>\n\t<meta property=\"og:image:width\" content=\"428\" \/>\n\t<meta property=\"og:image:height\" content=\"600\" \/>\n\t<meta property=\"og:image:type\" content=\"image\/jpeg\" \/>\n<meta name=\"author\" content=\"Jean-Christophe\" \/>\n<meta name=\"twitter:label1\" content=\"\u00c9crit par\" \/>\n\t<meta name=\"twitter:data1\" content=\"Jean-Christophe\" \/>\n\t<meta name=\"twitter:label2\" content=\"Dur\u00e9e de lecture estim\u00e9e\" \/>\n\t<meta name=\"twitter:data2\" content=\"4 minutes\" \/>\n<script type=\"application\/ld+json\" class=\"yoast-schema-graph\">{\"@context\":\"https:\\\/\\\/schema.org\",\"@graph\":[{\"@type\":\"Article\",\"@id\":\"https:\\\/\\\/www.aclanester56.com\\\/velo\\\/reaction-de-warren-barguil-de-retour-des-championnats-de-france-espoirs\\\/#article\",\"isPartOf\":{\"@id\":\"https:\\\/\\\/www.aclanester56.com\\\/velo\\\/reaction-de-warren-barguil-de-retour-des-championnats-de-france-espoirs\\\/\"},\"author\":{\"name\":\"Jean-Christophe\",\"@id\":\"https:\\\/\\\/www.aclanester56.com\\\/velo\\\/#\\\/schema\\\/person\\\/ca2a44a5fd969e9dd846c72d3b33bc01\"},\"headline\":\"R\u00e9action de Warren Barguil, de retour des championnats de France espoirs\",\"datePublished\":\"2010-08-26T13:30:48+00:00\",\"dateModified\":\"2010-09-01T07:21:40+00:00\",\"mainEntityOfPage\":{\"@id\":\"https:\\\/\\\/www.aclanester56.com\\\/velo\\\/reaction-de-warren-barguil-de-retour-des-championnats-de-france-espoirs\\\/\"},\"wordCount\":798,\"commentCount\":0,\"publisher\":{\"@id\":\"https:\\\/\\\/www.aclanester56.com\\\/velo\\\/#organization\"},\"image\":{\"@id\":\"https:\\\/\\\/www.aclanester56.com\\\/velo\\\/reaction-de-warren-barguil-de-retour-des-championnats-de-france-espoirs\\\/#primaryimage\"},\"thumbnailUrl\":\"https:\\\/\\\/www.aclanester56.com\\\/velo\\\/wp-content\\\/uploads\\\/2010\\\/08\\\/rz_600__actu_3151_5592.jpg\",\"articleSection\":[\"AC LANESTER 56\",\"Actualit\u00e9s DN\"],\"inLanguage\":\"fr-FR\",\"potentialAction\":[{\"@type\":\"CommentAction\",\"name\":\"Comment\",\"target\":[\"https:\\\/\\\/www.aclanester56.com\\\/velo\\\/reaction-de-warren-barguil-de-retour-des-championnats-de-france-espoirs\\\/#respond\"]}]},{\"@type\":\"WebPage\",\"@id\":\"https:\\\/\\\/www.aclanester56.com\\\/velo\\\/reaction-de-warren-barguil-de-retour-des-championnats-de-france-espoirs\\\/\",\"url\":\"https:\\\/\\\/www.aclanester56.com\\\/velo\\\/reaction-de-warren-barguil-de-retour-des-championnats-de-france-espoirs\\\/\",\"name\":\"R\u00e9action de Warren Barguil, de retour des championnats de France espoirs - Avenir Cycliste Lanester 56\",\"isPartOf\":{\"@id\":\"https:\\\/\\\/www.aclanester56.com\\\/velo\\\/#website\"},\"primaryImageOfPage\":{\"@id\":\"https:\\\/\\\/www.aclanester56.com\\\/velo\\\/reaction-de-warren-barguil-de-retour-des-championnats-de-france-espoirs\\\/#primaryimage\"},\"image\":{\"@id\":\"https:\\\/\\\/www.aclanester56.com\\\/velo\\\/reaction-de-warren-barguil-de-retour-des-championnats-de-france-espoirs\\\/#primaryimage\"},\"thumbnailUrl\":\"https:\\\/\\\/www.aclanester56.com\\\/velo\\\/wp-content\\\/uploads\\\/2010\\\/08\\\/rz_600__actu_3151_5592.jpg\",\"datePublished\":\"2010-08-26T13:30:48+00:00\",\"dateModified\":\"2010-09-01T07:21:40+00:00\",\"inLanguage\":\"fr-FR\",\"potentialAction\":[{\"@type\":\"ReadAction\",\"target\":[\"https:\\\/\\\/www.aclanester56.com\\\/velo\\\/reaction-de-warren-barguil-de-retour-des-championnats-de-france-espoirs\\\/\"]}]},{\"@type\":\"ImageObject\",\"inLanguage\":\"fr-FR\",\"@id\":\"https:\\\/\\\/www.aclanester56.com\\\/velo\\\/reaction-de-warren-barguil-de-retour-des-championnats-de-france-espoirs\\\/#primaryimage\",\"url\":\"https:\\\/\\\/www.aclanester56.com\\\/velo\\\/wp-content\\\/uploads\\\/2010\\\/08\\\/rz_600__actu_3151_5592.jpg\",\"contentUrl\":\"https:\\\/\\\/www.aclanester56.com\\\/velo\\\/wp-content\\\/uploads\\\/2010\\\/08\\\/rz_600__actu_3151_5592.jpg\",\"width\":428,\"height\":600,\"caption\":\"Warren Barguil \u00e0 l'attaque sur le championnat de France espoirs \u00e0 Br\u00e9cey\"},{\"@type\":\"WebSite\",\"@id\":\"https:\\\/\\\/www.aclanester56.com\\\/velo\\\/#website\",\"url\":\"https:\\\/\\\/www.aclanester56.com\\\/velo\\\/\",\"name\":\"Avenir Cycliste Lanester 56\",\"description\":\"Club cycliste de l&#039;AC LANESTER 56\",\"publisher\":{\"@id\":\"https:\\\/\\\/www.aclanester56.com\\\/velo\\\/#organization\"},\"potentialAction\":[{\"@type\":\"SearchAction\",\"target\":{\"@type\":\"EntryPoint\",\"urlTemplate\":\"https:\\\/\\\/www.aclanester56.com\\\/velo\\\/?s={search_term_string}\"},\"query-input\":{\"@type\":\"PropertyValueSpecification\",\"valueRequired\":true,\"valueName\":\"search_term_string\"}}],\"inLanguage\":\"fr-FR\"},{\"@type\":\"Organization\",\"@id\":\"https:\\\/\\\/www.aclanester56.com\\\/velo\\\/#organization\",\"name\":\"Avenir Cycliste Lanester 56\",\"url\":\"https:\\\/\\\/www.aclanester56.com\\\/velo\\\/\",\"logo\":{\"@type\":\"ImageObject\",\"inLanguage\":\"fr-FR\",\"@id\":\"https:\\\/\\\/www.aclanester56.com\\\/velo\\\/#\\\/schema\\\/logo\\\/image\\\/\",\"url\":\"https:\\\/\\\/www.aclanester56.com\\\/velo\\\/wp-content\\\/uploads\\\/2013\\\/04\\\/logo-ACL.jpg\",\"contentUrl\":\"https:\\\/\\\/www.aclanester56.com\\\/velo\\\/wp-content\\\/uploads\\\/2013\\\/04\\\/logo-ACL.jpg\",\"width\":400,\"height\":334,\"caption\":\"Avenir Cycliste Lanester 56\"},\"image\":{\"@id\":\"https:\\\/\\\/www.aclanester56.com\\\/velo\\\/#\\\/schema\\\/logo\\\/image\\\/\"},\"sameAs\":[\"https:\\\/\\\/www.facebook.com\\\/pages\\\/AC-Lanester-56\\\/190286300991242?fref=ts\"]},{\"@type\":\"Person\",\"@id\":\"https:\\\/\\\/www.aclanester56.com\\\/velo\\\/#\\\/schema\\\/person\\\/ca2a44a5fd969e9dd846c72d3b33bc01\",\"name\":\"Jean-Christophe\",\"url\":\"https:\\\/\\\/www.aclanester56.com\\\/velo\\\/author\\\/jeanchristophe\\\/\"}]}<\/script>\n<!-- \/ Yoast SEO plugin. -->","yoast_head_json":{"title":"R\u00e9action de Warren Barguil, de retour des championnats de France espoirs - Avenir Cycliste Lanester 56","robots":{"index":"index","follow":"follow","max-snippet":"max-snippet:-1","max-image-preview":"max-image-preview:large","max-video-preview":"max-video-preview:-1"},"canonical":"https:\/\/www.aclanester56.com\/velo\/reaction-de-warren-barguil-de-retour-des-championnats-de-france-espoirs\/","og_locale":"fr_FR","og_type":"article","og_title":"R\u00e9action de Warren Barguil, de retour des championnats de France espoirs - Avenir Cycliste Lanester 56","og_description":"Nous avons recueilli les propos de Warren Barguil, de retour de Br\u00e9cey o\u00f9 il a particip\u00e9 au Championnat de France [&hellip;]","og_url":"https:\/\/www.aclanester56.com\/velo\/reaction-de-warren-barguil-de-retour-des-championnats-de-france-espoirs\/","og_site_name":"Avenir Cycliste Lanester 56","article_publisher":"https:\/\/www.facebook.com\/pages\/AC-Lanester-56\/190286300991242?fref=ts","article_published_time":"2010-08-26T13:30:48+00:00","article_modified_time":"2010-09-01T07:21:40+00:00","og_image":[{"width":428,"height":600,"url":"https:\/\/www.aclanester56.com\/velo\/wp-content\/uploads\/2010\/08\/rz_600__actu_3151_5592.jpg","type":"image\/jpeg"}],"author":"Jean-Christophe","twitter_misc":{"\u00c9crit par":"Jean-Christophe","Dur\u00e9e de lecture estim\u00e9e":"4 minutes"},"schema":{"@context":"https:\/\/schema.org","@graph":[{"@type":"Article","@id":"https:\/\/www.aclanester56.com\/velo\/reaction-de-warren-barguil-de-retour-des-championnats-de-france-espoirs\/#article","isPartOf":{"@id":"https:\/\/www.aclanester56.com\/velo\/reaction-de-warren-barguil-de-retour-des-championnats-de-france-espoirs\/"},"author":{"name":"Jean-Christophe","@id":"https:\/\/www.aclanester56.com\/velo\/#\/schema\/person\/ca2a44a5fd969e9dd846c72d3b33bc01"},"headline":"R\u00e9action de Warren Barguil, de retour des championnats de France espoirs","datePublished":"2010-08-26T13:30:48+00:00","dateModified":"2010-09-01T07:21:40+00:00","mainEntityOfPage":{"@id":"https:\/\/www.aclanester56.com\/velo\/reaction-de-warren-barguil-de-retour-des-championnats-de-france-espoirs\/"},"wordCount":798,"commentCount":0,"publisher":{"@id":"https:\/\/www.aclanester56.com\/velo\/#organization"},"image":{"@id":"https:\/\/www.aclanester56.com\/velo\/reaction-de-warren-barguil-de-retour-des-championnats-de-france-espoirs\/#primaryimage"},"thumbnailUrl":"https:\/\/www.aclanester56.com\/velo\/wp-content\/uploads\/2010\/08\/rz_600__actu_3151_5592.jpg","articleSection":["AC LANESTER 56","Actualit\u00e9s DN"],"inLanguage":"fr-FR","potentialAction":[{"@type":"CommentAction","name":"Comment","target":["https:\/\/www.aclanester56.com\/velo\/reaction-de-warren-barguil-de-retour-des-championnats-de-france-espoirs\/#respond"]}]},{"@type":"WebPage","@id":"https:\/\/www.aclanester56.com\/velo\/reaction-de-warren-barguil-de-retour-des-championnats-de-france-espoirs\/","url":"https:\/\/www.aclanester56.com\/velo\/reaction-de-warren-barguil-de-retour-des-championnats-de-france-espoirs\/","name":"R\u00e9action de Warren Barguil, de retour des championnats de France espoirs - Avenir Cycliste Lanester 56","isPartOf":{"@id":"https:\/\/www.aclanester56.com\/velo\/#website"},"primaryImageOfPage":{"@id":"https:\/\/www.aclanester56.com\/velo\/reaction-de-warren-barguil-de-retour-des-championnats-de-france-espoirs\/#primaryimage"},"image":{"@id":"https:\/\/www.aclanester56.com\/velo\/reaction-de-warren-barguil-de-retour-des-championnats-de-france-espoirs\/#primaryimage"},"thumbnailUrl":"https:\/\/www.aclanester56.com\/velo\/wp-content\/uploads\/2010\/08\/rz_600__actu_3151_5592.jpg","datePublished":"2010-08-26T13:30:48+00:00","dateModified":"2010-09-01T07:21:40+00:00","inLanguage":"fr-FR","potentialAction":[{"@type":"ReadAction","target":["https:\/\/www.aclanester56.com\/velo\/reaction-de-warren-barguil-de-retour-des-championnats-de-france-espoirs\/"]}]},{"@type":"ImageObject","inLanguage":"fr-FR","@id":"https:\/\/www.aclanester56.com\/velo\/reaction-de-warren-barguil-de-retour-des-championnats-de-france-espoirs\/#primaryimage","url":"https:\/\/www.aclanester56.com\/velo\/wp-content\/uploads\/2010\/08\/rz_600__actu_3151_5592.jpg","contentUrl":"https:\/\/www.aclanester56.com\/velo\/wp-content\/uploads\/2010\/08\/rz_600__actu_3151_5592.jpg","width":428,"height":600,"caption":"Warren Barguil \u00e0 l'attaque sur le championnat de France espoirs \u00e0 Br\u00e9cey"},{"@type":"WebSite","@id":"https:\/\/www.aclanester56.com\/velo\/#website","url":"https:\/\/www.aclanester56.com\/velo\/","name":"Avenir Cycliste Lanester 56","description":"Club cycliste de l&#039;AC LANESTER 56","publisher":{"@id":"https:\/\/www.aclanester56.com\/velo\/#organization"},"potentialAction":[{"@type":"SearchAction","target":{"@type":"EntryPoint","urlTemplate":"https:\/\/www.aclanester56.com\/velo\/?s={search_term_string}"},"query-input":{"@type":"PropertyValueSpecification","valueRequired":true,"valueName":"search_term_string"}}],"inLanguage":"fr-FR"},{"@type":"Organization","@id":"https:\/\/www.aclanester56.com\/velo\/#organization","name":"Avenir Cycliste Lanester 56","url":"https:\/\/www.aclanester56.com\/velo\/","logo":{"@type":"ImageObject","inLanguage":"fr-FR","@id":"https:\/\/www.aclanester56.com\/velo\/#\/schema\/logo\/image\/","url":"https:\/\/www.aclanester56.com\/velo\/wp-content\/uploads\/2013\/04\/logo-ACL.jpg","contentUrl":"https:\/\/www.aclanester56.com\/velo\/wp-content\/uploads\/2013\/04\/logo-ACL.jpg","width":400,"height":334,"caption":"Avenir Cycliste Lanester 56"},"image":{"@id":"https:\/\/www.aclanester56.com\/velo\/#\/schema\/logo\/image\/"},"sameAs":["https:\/\/www.facebook.com\/pages\/AC-Lanester-56\/190286300991242?fref=ts"]},{"@type":"Person","@id":"https:\/\/www.aclanester56.com\/velo\/#\/schema\/person\/ca2a44a5fd969e9dd846c72d3b33bc01","name":"Jean-Christophe","url":"https:\/\/www.aclanester56.com\/velo\/author\/jeanchristophe\/"}]}},"_links":{"self":[{"href":"https:\/\/www.aclanester56.com\/velo\/wp-json\/wp\/v2\/posts\/4060","targetHints":{"allow":["GET"]}}],"collection":[{"href":"https:\/\/www.aclanester56.com\/velo\/wp-json\/wp\/v2\/posts"}],"about":[{"href":"https:\/\/www.aclanester56.com\/velo\/wp-json\/wp\/v2\/types\/post"}],"author":[{"embeddable":true,"href":"https:\/\/www.aclanester56.com\/velo\/wp-json\/wp\/v2\/users\/14"}],"replies":[{"embeddable":true,"href":"https:\/\/www.aclanester56.com\/velo\/wp-json\/wp\/v2\/comments?post=4060"}],"version-history":[{"count":0,"href":"https:\/\/www.aclanester56.com\/velo\/wp-json\/wp\/v2\/posts\/4060\/revisions"}],"wp:featuredmedia":[{"embeddable":true,"href":"https:\/\/www.aclanester56.com\/velo\/wp-json\/wp\/v2\/media\/4061"}],"wp:attachment":[{"href":"https:\/\/www.aclanester56.com\/velo\/wp-json\/wp\/v2\/media?parent=4060"}],"wp:term":[{"taxonomy":"category","embeddable":true,"href":"https:\/\/www.aclanester56.com\/velo\/wp-json\/wp\/v2\/categories?post=4060"},{"taxonomy":"post_tag","embeddable":true,"href":"https:\/\/www.aclanester56.com\/velo\/wp-json\/wp\/v2\/tags?post=4060"}],"curies":[{"name":"wp","href":"https:\/\/api.w.org\/{rel}","templated":true}]}}