{"id":40641,"date":"2019-09-02T10:13:43","date_gmt":"2019-09-02T08:13:43","guid":{"rendered":"https:\/\/www.aclanester56.com\/velo\/?p=40641"},"modified":"2019-09-02T10:13:43","modified_gmt":"2019-09-02T08:13:43","slug":"portes-ouvertes-et-nouvelles-inscriptions-2019-2020-le-samedi-7-septembre-a-partir-de-14h","status":"publish","type":"post","link":"https:\/\/www.aclanester56.com\/velo\/portes-ouvertes-et-nouvelles-inscriptions-2019-2020-le-samedi-7-septembre-a-partir-de-14h\/","title":{"rendered":"Portes ouvertes et nouvelles inscriptions 2019\/2020 le samedi 7 septembre \u00e0 partir de 14H"},"content":{"rendered":"<p><!--more--><\/p>\n<p>&nbsp;<\/p>\n<p style=\"text-align: justify;\">Le <strong>samedi 7 septembre 2019<\/strong> de 14H \u00e0 16H au <strong>v\u00e9lodrome de Kervido \u00e0 Lanester<\/strong>, l&rsquo;AC LANESTER 56 ouvre ses portes, dans le cadre de la <a href=\"http:\/\/decouverte-sports-cyclistes.ffc.fr\/\" target=\"_blank\" rel=\"noopener noreferrer\">Journ\u00e9e D\u00e9couverte des Sports Cyclistes organis\u00e9e sous l&rsquo;\u00e9gide de la F\u00e9d\u00e9ration Fran\u00e7aise de Cyclisme<\/a>.<\/p>\n<p style=\"text-align: justify;\">Nous vous proposons de venir nous rencontrer lors de cette journ\u00e9e pour d\u00e9couvrir nos activit\u00e9s, mais \u00e9galement pour vous inscrire si vous le souhaitez ! Nous serons disponibles pour r\u00e9pondre \u00e0 toutes vos questions. Vous pourrez assister \u00e0 des d\u00e9monstrations de l\u2019\u00c9cole de Cyclisme pendant l&rsquo;apr\u00e8s-midi. Les enfants de 6 \u00e0 16 ans peuvent m\u00eame venir avec leur v\u00e9lo pour participer \u00e0 une initiation avec nos jeunes, le port du casque est obligatoire.<\/p>\n<p style=\"text-align: justify;\">N&rsquo;h\u00e9sitez pas \u00e0 nous contacter via notre <a href=\"https:\/\/www.aclanester56.com\/velo\/contactez-nous\/\" target=\"_blank\" rel=\"noopener noreferrer\">formulaire de contact<\/a> si vous avez des questions avant cette journ\u00e9e !<\/p>\n","protected":false},"excerpt":{"rendered":"","protected":false},"author":14,"featured_media":40642,"comment_status":"open","ping_status":"open","sticky":false,"template":"","format":"standard","meta":{"ngg_post_thumbnail":0,"footnotes":""},"categories":[5],"tags":[],"class_list":["post-40641","post","type-post","status-publish","format-standard","has-post-thumbnail","hentry","category-ac-lanester-56"],"yoast_head":"<!-- This site is optimized with the Yoast SEO plugin v27.5 - https:\/\/yoast.com\/product\/yoast-seo-wordpress\/ -->\n<title>Portes ouvertes et nouvelles inscriptions 2019\/2020 le samedi 7 septembre \u00e0 partir de 14H - Avenir Cycliste Lanester 56<\/title>\n<meta name=\"robots\" content=\"index, follow, max-snippet:-1, max-image-preview:large, max-video-preview:-1\" \/>\n<link rel=\"canonical\" href=\"https:\/\/www.aclanester56.com\/velo\/portes-ouvertes-et-nouvelles-inscriptions-2019-2020-le-samedi-7-septembre-a-partir-de-14h\/\" \/>\n<meta property=\"og:locale\" content=\"fr_FR\" \/>\n<meta property=\"og:type\" content=\"article\" \/>\n<meta property=\"og:title\" content=\"Portes ouvertes et nouvelles inscriptions 2019\/2020 le samedi 7 septembre \u00e0 partir de 14H - Avenir Cycliste Lanester 56\" \/>\n<meta property=\"og:url\" content=\"https:\/\/www.aclanester56.com\/velo\/portes-ouvertes-et-nouvelles-inscriptions-2019-2020-le-samedi-7-septembre-a-partir-de-14h\/\" \/>\n<meta property=\"og:site_name\" content=\"Avenir Cycliste Lanester 56\" \/>\n<meta property=\"article:publisher\" content=\"https:\/\/www.facebook.com\/pages\/AC-Lanester-56\/190286300991242?fref=ts\" \/>\n<meta property=\"article:published_time\" content=\"2019-09-02T08:13:43+00:00\" \/>\n<meta property=\"og:image\" content=\"https:\/\/www.aclanester56.com\/velo\/wp-content\/uploads\/2019\/09\/logo.png\" \/>\n\t<meta property=\"og:image:width\" content=\"570\" \/>\n\t<meta property=\"og:image:height\" content=\"272\" \/>\n\t<meta property=\"og:image:type\" content=\"image\/png\" \/>\n<meta name=\"author\" content=\"Jean-Christophe\" \/>\n<meta name=\"twitter:label1\" content=\"\u00c9crit par\" \/>\n\t<meta name=\"twitter:data1\" content=\"Jean-Christophe\" \/>\n\t<meta name=\"twitter:label2\" content=\"Dur\u00e9e de lecture estim\u00e9e\" \/>\n\t<meta name=\"twitter:data2\" content=\"1 minute\" \/>\n<script type=\"application\/ld+json\" class=\"yoast-schema-graph\">{\"@context\":\"https:\\\/\\\/schema.org\",\"@graph\":[{\"@type\":\"Article\",\"@id\":\"https:\\\/\\\/www.aclanester56.com\\\/velo\\\/portes-ouvertes-et-nouvelles-inscriptions-2019-2020-le-samedi-7-septembre-a-partir-de-14h\\\/#article\",\"isPartOf\":{\"@id\":\"https:\\\/\\\/www.aclanester56.com\\\/velo\\\/portes-ouvertes-et-nouvelles-inscriptions-2019-2020-le-samedi-7-septembre-a-partir-de-14h\\\/\"},\"author\":{\"name\":\"Jean-Christophe\",\"@id\":\"https:\\\/\\\/www.aclanester56.com\\\/velo\\\/#\\\/schema\\\/person\\\/ca2a44a5fd969e9dd846c72d3b33bc01\"},\"headline\":\"Portes ouvertes et nouvelles inscriptions 2019\\\/2020 le samedi 7 septembre \u00e0 partir de 14H\",\"datePublished\":\"2019-09-02T08:13:43+00:00\",\"mainEntityOfPage\":{\"@id\":\"https:\\\/\\\/www.aclanester56.com\\\/velo\\\/portes-ouvertes-et-nouvelles-inscriptions-2019-2020-le-samedi-7-septembre-a-partir-de-14h\\\/\"},\"wordCount\":149,\"commentCount\":0,\"publisher\":{\"@id\":\"https:\\\/\\\/www.aclanester56.com\\\/velo\\\/#organization\"},\"image\":{\"@id\":\"https:\\\/\\\/www.aclanester56.com\\\/velo\\\/portes-ouvertes-et-nouvelles-inscriptions-2019-2020-le-samedi-7-septembre-a-partir-de-14h\\\/#primaryimage\"},\"thumbnailUrl\":\"https:\\\/\\\/www.aclanester56.com\\\/velo\\\/wp-content\\\/uploads\\\/2019\\\/09\\\/logo.png\",\"articleSection\":[\"AC LANESTER 56\"],\"inLanguage\":\"fr-FR\",\"potentialAction\":[{\"@type\":\"CommentAction\",\"name\":\"Comment\",\"target\":[\"https:\\\/\\\/www.aclanester56.com\\\/velo\\\/portes-ouvertes-et-nouvelles-inscriptions-2019-2020-le-samedi-7-septembre-a-partir-de-14h\\\/#respond\"]}]},{\"@type\":\"WebPage\",\"@id\":\"https:\\\/\\\/www.aclanester56.com\\\/velo\\\/portes-ouvertes-et-nouvelles-inscriptions-2019-2020-le-samedi-7-septembre-a-partir-de-14h\\\/\",\"url\":\"https:\\\/\\\/www.aclanester56.com\\\/velo\\\/portes-ouvertes-et-nouvelles-inscriptions-2019-2020-le-samedi-7-septembre-a-partir-de-14h\\\/\",\"name\":\"Portes ouvertes et nouvelles inscriptions 2019\\\/2020 le samedi 7 septembre \u00e0 partir de 14H - Avenir Cycliste Lanester 56\",\"isPartOf\":{\"@id\":\"https:\\\/\\\/www.aclanester56.com\\\/velo\\\/#website\"},\"primaryImageOfPage\":{\"@id\":\"https:\\\/\\\/www.aclanester56.com\\\/velo\\\/portes-ouvertes-et-nouvelles-inscriptions-2019-2020-le-samedi-7-septembre-a-partir-de-14h\\\/#primaryimage\"},\"image\":{\"@id\":\"https:\\\/\\\/www.aclanester56.com\\\/velo\\\/portes-ouvertes-et-nouvelles-inscriptions-2019-2020-le-samedi-7-septembre-a-partir-de-14h\\\/#primaryimage\"},\"thumbnailUrl\":\"https:\\\/\\\/www.aclanester56.com\\\/velo\\\/wp-content\\\/uploads\\\/2019\\\/09\\\/logo.png\",\"datePublished\":\"2019-09-02T08:13:43+00:00\",\"inLanguage\":\"fr-FR\",\"potentialAction\":[{\"@type\":\"ReadAction\",\"target\":[\"https:\\\/\\\/www.aclanester56.com\\\/velo\\\/portes-ouvertes-et-nouvelles-inscriptions-2019-2020-le-samedi-7-septembre-a-partir-de-14h\\\/\"]}]},{\"@type\":\"ImageObject\",\"inLanguage\":\"fr-FR\",\"@id\":\"https:\\\/\\\/www.aclanester56.com\\\/velo\\\/portes-ouvertes-et-nouvelles-inscriptions-2019-2020-le-samedi-7-septembre-a-partir-de-14h\\\/#primaryimage\",\"url\":\"https:\\\/\\\/www.aclanester56.com\\\/velo\\\/wp-content\\\/uploads\\\/2019\\\/09\\\/logo.png\",\"contentUrl\":\"https:\\\/\\\/www.aclanester56.com\\\/velo\\\/wp-content\\\/uploads\\\/2019\\\/09\\\/logo.png\",\"width\":570,\"height\":272},{\"@type\":\"WebSite\",\"@id\":\"https:\\\/\\\/www.aclanester56.com\\\/velo\\\/#website\",\"url\":\"https:\\\/\\\/www.aclanester56.com\\\/velo\\\/\",\"name\":\"Avenir Cycliste Lanester 56\",\"description\":\"Club cycliste de l&#039;AC LANESTER 56\",\"publisher\":{\"@id\":\"https:\\\/\\\/www.aclanester56.com\\\/velo\\\/#organization\"},\"potentialAction\":[{\"@type\":\"SearchAction\",\"target\":{\"@type\":\"EntryPoint\",\"urlTemplate\":\"https:\\\/\\\/www.aclanester56.com\\\/velo\\\/?s={search_term_string}\"},\"query-input\":{\"@type\":\"PropertyValueSpecification\",\"valueRequired\":true,\"valueName\":\"search_term_string\"}}],\"inLanguage\":\"fr-FR\"},{\"@type\":\"Organization\",\"@id\":\"https:\\\/\\\/www.aclanester56.com\\\/velo\\\/#organization\",\"name\":\"Avenir Cycliste Lanester 56\",\"url\":\"https:\\\/\\\/www.aclanester56.com\\\/velo\\\/\",\"logo\":{\"@type\":\"ImageObject\",\"inLanguage\":\"fr-FR\",\"@id\":\"https:\\\/\\\/www.aclanester56.com\\\/velo\\\/#\\\/schema\\\/logo\\\/image\\\/\",\"url\":\"https:\\\/\\\/www.aclanester56.com\\\/velo\\\/wp-content\\\/uploads\\\/2013\\\/04\\\/logo-ACL.jpg\",\"contentUrl\":\"https:\\\/\\\/www.aclanester56.com\\\/velo\\\/wp-content\\\/uploads\\\/2013\\\/04\\\/logo-ACL.jpg\",\"width\":400,\"height\":334,\"caption\":\"Avenir Cycliste Lanester 56\"},\"image\":{\"@id\":\"https:\\\/\\\/www.aclanester56.com\\\/velo\\\/#\\\/schema\\\/logo\\\/image\\\/\"},\"sameAs\":[\"https:\\\/\\\/www.facebook.com\\\/pages\\\/AC-Lanester-56\\\/190286300991242?fref=ts\"]},{\"@type\":\"Person\",\"@id\":\"https:\\\/\\\/www.aclanester56.com\\\/velo\\\/#\\\/schema\\\/person\\\/ca2a44a5fd969e9dd846c72d3b33bc01\",\"name\":\"Jean-Christophe\",\"url\":\"https:\\\/\\\/www.aclanester56.com\\\/velo\\\/author\\\/jeanchristophe\\\/\"}]}<\/script>\n<!-- \/ Yoast SEO plugin. -->","yoast_head_json":{"title":"Portes ouvertes et nouvelles inscriptions 2019\/2020 le samedi 7 septembre \u00e0 partir de 14H - Avenir Cycliste Lanester 56","robots":{"index":"index","follow":"follow","max-snippet":"max-snippet:-1","max-image-preview":"max-image-preview:large","max-video-preview":"max-video-preview:-1"},"canonical":"https:\/\/www.aclanester56.com\/velo\/portes-ouvertes-et-nouvelles-inscriptions-2019-2020-le-samedi-7-septembre-a-partir-de-14h\/","og_locale":"fr_FR","og_type":"article","og_title":"Portes ouvertes et nouvelles inscriptions 2019\/2020 le samedi 7 septembre \u00e0 partir de 14H - Avenir Cycliste Lanester 56","og_url":"https:\/\/www.aclanester56.com\/velo\/portes-ouvertes-et-nouvelles-inscriptions-2019-2020-le-samedi-7-septembre-a-partir-de-14h\/","og_site_name":"Avenir Cycliste Lanester 56","article_publisher":"https:\/\/www.facebook.com\/pages\/AC-Lanester-56\/190286300991242?fref=ts","article_published_time":"2019-09-02T08:13:43+00:00","og_image":[{"width":570,"height":272,"url":"https:\/\/www.aclanester56.com\/velo\/wp-content\/uploads\/2019\/09\/logo.png","type":"image\/png"}],"author":"Jean-Christophe","twitter_misc":{"\u00c9crit par":"Jean-Christophe","Dur\u00e9e de lecture estim\u00e9e":"1 minute"},"schema":{"@context":"https:\/\/schema.org","@graph":[{"@type":"Article","@id":"https:\/\/www.aclanester56.com\/velo\/portes-ouvertes-et-nouvelles-inscriptions-2019-2020-le-samedi-7-septembre-a-partir-de-14h\/#article","isPartOf":{"@id":"https:\/\/www.aclanester56.com\/velo\/portes-ouvertes-et-nouvelles-inscriptions-2019-2020-le-samedi-7-septembre-a-partir-de-14h\/"},"author":{"name":"Jean-Christophe","@id":"https:\/\/www.aclanester56.com\/velo\/#\/schema\/person\/ca2a44a5fd969e9dd846c72d3b33bc01"},"headline":"Portes ouvertes et nouvelles inscriptions 2019\/2020 le samedi 7 septembre \u00e0 partir de 14H","datePublished":"2019-09-02T08:13:43+00:00","mainEntityOfPage":{"@id":"https:\/\/www.aclanester56.com\/velo\/portes-ouvertes-et-nouvelles-inscriptions-2019-2020-le-samedi-7-septembre-a-partir-de-14h\/"},"wordCount":149,"commentCount":0,"publisher":{"@id":"https:\/\/www.aclanester56.com\/velo\/#organization"},"image":{"@id":"https:\/\/www.aclanester56.com\/velo\/portes-ouvertes-et-nouvelles-inscriptions-2019-2020-le-samedi-7-septembre-a-partir-de-14h\/#primaryimage"},"thumbnailUrl":"https:\/\/www.aclanester56.com\/velo\/wp-content\/uploads\/2019\/09\/logo.png","articleSection":["AC LANESTER 56"],"inLanguage":"fr-FR","potentialAction":[{"@type":"CommentAction","name":"Comment","target":["https:\/\/www.aclanester56.com\/velo\/portes-ouvertes-et-nouvelles-inscriptions-2019-2020-le-samedi-7-septembre-a-partir-de-14h\/#respond"]}]},{"@type":"WebPage","@id":"https:\/\/www.aclanester56.com\/velo\/portes-ouvertes-et-nouvelles-inscriptions-2019-2020-le-samedi-7-septembre-a-partir-de-14h\/","url":"https:\/\/www.aclanester56.com\/velo\/portes-ouvertes-et-nouvelles-inscriptions-2019-2020-le-samedi-7-septembre-a-partir-de-14h\/","name":"Portes ouvertes et nouvelles inscriptions 2019\/2020 le samedi 7 septembre \u00e0 partir de 14H - Avenir Cycliste Lanester 56","isPartOf":{"@id":"https:\/\/www.aclanester56.com\/velo\/#website"},"primaryImageOfPage":{"@id":"https:\/\/www.aclanester56.com\/velo\/portes-ouvertes-et-nouvelles-inscriptions-2019-2020-le-samedi-7-septembre-a-partir-de-14h\/#primaryimage"},"image":{"@id":"https:\/\/www.aclanester56.com\/velo\/portes-ouvertes-et-nouvelles-inscriptions-2019-2020-le-samedi-7-septembre-a-partir-de-14h\/#primaryimage"},"thumbnailUrl":"https:\/\/www.aclanester56.com\/velo\/wp-content\/uploads\/2019\/09\/logo.png","datePublished":"2019-09-02T08:13:43+00:00","inLanguage":"fr-FR","potentialAction":[{"@type":"ReadAction","target":["https:\/\/www.aclanester56.com\/velo\/portes-ouvertes-et-nouvelles-inscriptions-2019-2020-le-samedi-7-septembre-a-partir-de-14h\/"]}]},{"@type":"ImageObject","inLanguage":"fr-FR","@id":"https:\/\/www.aclanester56.com\/velo\/portes-ouvertes-et-nouvelles-inscriptions-2019-2020-le-samedi-7-septembre-a-partir-de-14h\/#primaryimage","url":"https:\/\/www.aclanester56.com\/velo\/wp-content\/uploads\/2019\/09\/logo.png","contentUrl":"https:\/\/www.aclanester56.com\/velo\/wp-content\/uploads\/2019\/09\/logo.png","width":570,"height":272},{"@type":"WebSite","@id":"https:\/\/www.aclanester56.com\/velo\/#website","url":"https:\/\/www.aclanester56.com\/velo\/","name":"Avenir Cycliste Lanester 56","description":"Club cycliste de l&#039;AC LANESTER 56","publisher":{"@id":"https:\/\/www.aclanester56.com\/velo\/#organization"},"potentialAction":[{"@type":"SearchAction","target":{"@type":"EntryPoint","urlTemplate":"https:\/\/www.aclanester56.com\/velo\/?s={search_term_string}"},"query-input":{"@type":"PropertyValueSpecification","valueRequired":true,"valueName":"search_term_string"}}],"inLanguage":"fr-FR"},{"@type":"Organization","@id":"https:\/\/www.aclanester56.com\/velo\/#organization","name":"Avenir Cycliste Lanester 56","url":"https:\/\/www.aclanester56.com\/velo\/","logo":{"@type":"ImageObject","inLanguage":"fr-FR","@id":"https:\/\/www.aclanester56.com\/velo\/#\/schema\/logo\/image\/","url":"https:\/\/www.aclanester56.com\/velo\/wp-content\/uploads\/2013\/04\/logo-ACL.jpg","contentUrl":"https:\/\/www.aclanester56.com\/velo\/wp-content\/uploads\/2013\/04\/logo-ACL.jpg","width":400,"height":334,"caption":"Avenir Cycliste Lanester 56"},"image":{"@id":"https:\/\/www.aclanester56.com\/velo\/#\/schema\/logo\/image\/"},"sameAs":["https:\/\/www.facebook.com\/pages\/AC-Lanester-56\/190286300991242?fref=ts"]},{"@type":"Person","@id":"https:\/\/www.aclanester56.com\/velo\/#\/schema\/person\/ca2a44a5fd969e9dd846c72d3b33bc01","name":"Jean-Christophe","url":"https:\/\/www.aclanester56.com\/velo\/author\/jeanchristophe\/"}]}},"_links":{"self":[{"href":"https:\/\/www.aclanester56.com\/velo\/wp-json\/wp\/v2\/posts\/40641","targetHints":{"allow":["GET"]}}],"collection":[{"href":"https:\/\/www.aclanester56.com\/velo\/wp-json\/wp\/v2\/posts"}],"about":[{"href":"https:\/\/www.aclanester56.com\/velo\/wp-json\/wp\/v2\/types\/post"}],"author":[{"embeddable":true,"href":"https:\/\/www.aclanester56.com\/velo\/wp-json\/wp\/v2\/users\/14"}],"replies":[{"embeddable":true,"href":"https:\/\/www.aclanester56.com\/velo\/wp-json\/wp\/v2\/comments?post=40641"}],"version-history":[{"count":1,"href":"https:\/\/www.aclanester56.com\/velo\/wp-json\/wp\/v2\/posts\/40641\/revisions"}],"predecessor-version":[{"id":40643,"href":"https:\/\/www.aclanester56.com\/velo\/wp-json\/wp\/v2\/posts\/40641\/revisions\/40643"}],"wp:featuredmedia":[{"embeddable":true,"href":"https:\/\/www.aclanester56.com\/velo\/wp-json\/wp\/v2\/media\/40642"}],"wp:attachment":[{"href":"https:\/\/www.aclanester56.com\/velo\/wp-json\/wp\/v2\/media?parent=40641"}],"wp:term":[{"taxonomy":"category","embeddable":true,"href":"https:\/\/www.aclanester56.com\/velo\/wp-json\/wp\/v2\/categories?post=40641"},{"taxonomy":"post_tag","embeddable":true,"href":"https:\/\/www.aclanester56.com\/velo\/wp-json\/wp\/v2\/tags?post=40641"}],"curies":[{"name":"wp","href":"https:\/\/api.w.org\/{rel}","templated":true}]}}