{"id":40701,"date":"2020-02-08T16:55:20","date_gmt":"2020-02-08T14:55:20","guid":{"rendered":"https:\/\/www.aclanester56.com\/velo\/?p=40701"},"modified":"2020-02-09T10:00:00","modified_gmt":"2020-02-09T08:00:00","slug":"finale-des-samedis-pop-2020-tous-les-classements","status":"publish","type":"post","link":"https:\/\/www.aclanester56.com\/velo\/finale-des-samedis-pop-2020-tous-les-classements\/","title":{"rendered":"Finale des Samedis Pop\u2019 2020 : tous les classements ! [Avec vid\u00e9o et photos]"},"content":{"rendered":"<p><!--more--><\/p>\n<p style=\"text-align: justify;\">La finale des Samedis Pop&rsquo; 2020 s\u2019est d\u00e9roul\u00e9e ce samedi sur l\u2019anneau G\u00e9rard Le Maguer \u00e0 Lanester. Apr\u00e8s les \u00e9preuves de scratch le 11 janvier et les \u00e9preuves de courses aux points le 25 janvier, 47 jeunes coureurs (filles et gar\u00e7ons n\u00e9s entre 2006 et 2009) se sont affront\u00e9s sur \u00e9preuves par \u00e9limination (tous les deux tours, le dernier concurrent passant la ligne est \u00e9limin\u00e9, jusqu&rsquo;\u00e0 ce qu&rsquo;il ne reste plus qu&rsquo;un coureur).<\/p>\n<p style=\"text-align: justify;\">Le spectacle a \u00e9t\u00e9 au rendez-vous avec de belles courses propos\u00e9es par les &nbsp;futurs champions.<\/p>\n<p style=\"text-align: justify;\">Les Samedis Pop&rsquo; 2019 ont rencontr\u00e9 un joli succ\u00e8s populaire avec en moyenne 54 jeunes participants sur chacune des trois manches. L\u2019AC Lanester 56 organise traditionnellement ce rendez-vous avec la collaboration des clubs voisins : on retrouve par exemple r\u00e9guli\u00e8rement Marcel Guianvarc\u2019h (dirigeant de l\u2019UC Inguiniel) \u00e0 l\u2019arbitrage, ou encore Thierry Le Garrec (pr\u00e9sident de l&rsquo;\u00e9cole de piste de Plouay) et Antoine Michelin (jeune coureur au VC Languidic) \u00e0 l\u2019animation, commentant avec beaucoup de verve les \u00e9preuves du jour, pour le plus grand plaisir des spectateurs. Les traditionnels caf\u00e9 et vin chaud servis par Marie-Claire et Christine sont \u00e9galement tr\u00e8s attendus chaque ann\u00e9e par les habitu\u00e9s \u00e0 ce rendez-vous. L&rsquo;assemblage de toutes ces petites choses font de cette manifestation un rendez-vous convivial et appr\u00e9ci\u00e9, avec des \u00e9preuves qui se disputent dans la bonne humeur.<\/p>\n<p style=\"text-align: justify;\">D\u00e9couvrez ci-dessous tous les r\u00e9sultats de cette finale !<\/p>\n<p><iframe loading=\"lazy\" src=\"https:\/\/www.youtube.com\/embed\/l7b3SknkN0w\" allowfullscreen=\"allowfullscreen\" width=\"100%\" height=\"460\" frameborder=\"0\"><span style=\"display: inline-block; width: 0px; overflow: hidden; line-height: 0;\" data-mce-type=\"bookmark\" class=\"mce_SELRES_start\">\ufeff<\/span><\/iframe><\/p>\n<p>ngg_shortcode_0_placeholder<span style=\"color: #ff6600;\"><strong>SAMEDIS POP&rsquo; 2020 &#8211; CLASSEMENT DE LA MANCHE #3<\/strong><\/span><\/p>\n<p><strong>Filles n\u00e9es en 2009\/2008 :<\/strong><br \/>\n1 LE DEVEHAT Chlo\u00e9 (EC QUEVEN) 12 pts<br \/>\n2 PERESSE Manon (EC PLUVIGNER) 10 pts<br \/>\n3 LE GOFF Marine (VC PONTIVY) 8 pts<br \/>\n4 LE CORPS Emeline (ACP BAUD) 7 pts<br \/>\n5 KEROUEDAN In\u00e8s (OC LOCMINE) 6 pts<br \/>\n6 LOEZIC Ya\u00eblle (AC LANESTER 56) 5 pts<br \/>\n7 JAN Nolwen (ACP BAUD) 4 pts<br \/>\n8 LE CORPS Sabine (ACP BAUD) 3 pts<\/p>\n<p><strong>Filles n\u00e9es en 2007\/2006 :<\/strong><br \/>\n1 KLEINCLAUSS Moena (MOELAN CC) 12 pts<br \/>\n2 DE GUERDAVID Aur\u00e9lie (EC QUEVEN) 10 pts<br \/>\n3 OLIERIC Manon (VC BELLILOIS) 8 pts<br \/>\n4 LANGLO Ma\u00efwenn (UC INGUINIEL) 7 pts<\/p>\n<p><strong>Gar\u00e7ons n\u00e9s en 2009 :<\/strong><br \/>\n1 NICOLAS KORFEL Oliwier (VC PONTIVY) 12 pts<br \/>\n2 PERENNES Th\u00e9o (VS QUIMPER) 10 pts<br \/>\n3 LE SPIGAGNE Mathis (ACP BAUD) 8 pts<br \/>\n4 MILLET Romain (UC INGUINIEL) 7 pts<br \/>\n5 REZOLLIER Enzo (AC LANESTER 56) 6 pts<br \/>\n6 PERON Aaron (ACP BAUD) 5 pts<\/p>\n<p><strong>Gar\u00e7ons n\u00e9s en 2008 :<\/strong><br \/>\n1 GUEGAN Elouen (OC LOCMINE) 12 pts<br \/>\n2 COUGOULAT No\u00e9 (AC LANESTER 56) 10 pts<br \/>\n3 LE PORT Andy (AC LANESTER 56) 8 pts<br \/>\n4 GUEGUEN CHATEAU Enzo (UC QUIMPERLE) 7 pts<br \/>\n5 TULOW Sacha (OC LOCMINE) 6 pts<br \/>\n6 FOLLIC Nolan (EC PLUVIGNER) 5 pts<br \/>\n7 SCOURZIC Yanis (VC LANGUIDIC) 4 pts<br \/>\n8 SIGNOUR Vincent (MOELAN CC) 3 pts<br \/>\n9 BRAULT Rafael (UC QUIMPERLE) 2 pts<br \/>\n10 CONAN Noah (MOELAN CC) 1 pts<br \/>\n11 PERON Nolan (ACP BAUD) 1 pts<br \/>\n12 JONCOUR Malo (VC PONTIVY) 1 pts<br \/>\n13 MAREUIL Esteban (UC QUIMPERLE) 1 pts<br \/>\n14 MOUREAU Gabriel (VC BELLILOIS ) 1 pts<\/p>\n<p><strong>Gar\u00e7ons n\u00e9s en 2007 :<\/strong><br \/>\n1 KERBARH Yanis (ACP BAUD) 12 pts<br \/>\n2 LE GUILLOUX Evan (ACP BAUD) 10 pts<br \/>\n3 KEROUEDAN Quentin (OC LOCMINE) 8 pts<br \/>\n4 PERESSE Alan (EC PLUVIGNER) 7 pts<br \/>\n5 HENRIQUEZ Malo (UC INGUINIEL) 6 pts<br \/>\n6 LOUSSOUARN Lucas (AC LANESTER 56) 5 pts<br \/>\n7 MIGNOT Guillaume (EC PLUVIGNER) 4 pts<\/p>\n<p><strong>Gar\u00e7ons n\u00e9s en 2006 :<\/strong><br \/>\n1 OLIVIERO \u00c9tienne (OC LOCMINE) 12 pts<br \/>\n2 CHARRIER Dewi (ACP BAUD) 10 pts<br \/>\n3 BIGOIN Nathan (AC LANESTER 56) 8 pts<br \/>\n4 GREVELLEC Awen (ACP BAUD) 7 pts<br \/>\n5 LE CHENADEC Lilian (VC LANGUIDIC) 6 pts<br \/>\n6 ABOUD Yanis (VC BELLILOIS) 5 pts<br \/>\n7 LOEZIC Louenn (AC LANESTER 56) 4 pts<br \/>\n8 LE QUERE Malo (VC PONTIVY) 3 pts<\/p>\n<p><span style=\"color: #ff6600;\"><strong>SAMEDIS POP&rsquo; 2020 &#8211; CLASSEMENT GENERAL APRES MANCHE #3<\/strong><\/span><\/p>\n<p><strong>Filles n\u00e9es en 2009\/2008 :<\/strong><br \/>\n1 LE DEVEHAT Chlo\u00e9 (EC QUEVEN) 36 pts (12+12+12)<br \/>\n2 KEROUEDAN In\u00e8s (OC LOCMINE) 26 pts (10+10+6)<br \/>\n3 PERESSE Manon (EC PLUVIGNER) 26 pts (8+8+10)<br \/>\n4 LE GOFF Marine (VC PONTIVY) 22 pts (7+7+8)<br \/>\n5 LE CORPS Emeline (ACP BAUD) 18 pts (5+6+7)<br \/>\n6 LOEZIC Ya\u00eblle (AC LANESTER 56) 16 pts (6+5+5)<br \/>\n7 JAN Nolwen (ACP BAUD) 12 pts (4+4+4)<br \/>\n8 LE CORPS Sabine (ACP BAUD) 9 pts (3+3+3)<\/p>\n<p><strong>Filles n\u00e9es en 2007\/2006 :<\/strong><br \/>\n1 KLEINCLAUSS Moena (MOELAN CC) 36 pts (12+12+12)<br \/>\n2 DE GUERDAVID Aur\u00e9lie (EC QUEVEN) 30 pts (10+10+10)<br \/>\n3 OLIERIC Manon (VC BELLILOIS) 24 pts (8+8+8)<br \/>\n4 LANGLO Ma\u00efwenn (UC INGUINIEL) 21 pts (7+7+7)<\/p>\n<p><strong>Gar\u00e7ons n\u00e9s en 2009 :<\/strong><br \/>\n1 NICOLAS KORFEL Oliwier (VC PONTIVY) 36 pts (12+12+12)<br \/>\n2 PERENNES Th\u00e9o (VS QUIMPER) 30 pts (10+10+10)<br \/>\n3 LE SPIGAGNE Mathis (ACP BAUD) 24 pts (8+8+8)<br \/>\n4 REZOLLIER Enzo (AC LANESTER 56) 19 pts (6+7+6)<br \/>\n5 MILLET Romain (UC INGUINIEL) 16 pts (3+6+7)<br \/>\n6 PERON Aaron (ACP BAUD) 12 pts (4+3+5)<br \/>\n7 LE MAREC Pavel (AC LANESTER 56) 7 pts (7+0+0)<br \/>\n8 LE BRISSE Antoine (UC QUIMPERLE) 6 pts (2+4+0)<br \/>\n9 ABIDAL Victor (VC PONTIVY) 5 pts (5+0+0)<br \/>\n9 COURRIO Yann (VC LANGUIDIC) 5 pts (0+5+0)<br \/>\n11 PERRON Owen (VC LANGUIDIC) 2 pts (0+2+0)<br \/>\n12 BOURGES Baptiste (VC PONTIVY) 1 pts (1+0+0)<\/p>\n<p><strong>Gar\u00e7ons n\u00e9s en 2008 :<\/strong><br \/>\n1 LE PORT Andy (AC LANESTER 56) 28 pts (8+12+8)<br \/>\n2 COUGOULAT No\u00e9 (AC LANESTER 56) 28 pts (10+8+10)<br \/>\n3 GUEGAN Elouen (OC LOCMINE) 24 pts (12+0+12)<br \/>\n4 TULOW Sacha (OC LOCMINE) 23 pts (7+10+6)<br \/>\n5 GUEGUEN CHATEAU Enzo (UC QUIMPERLE) 15 pts (1+7+7)<br \/>\n6 SIGNOUR Vincent (MOELAN CC) 15 pts (6+6+3)<br \/>\n7 FOLLIC Nolan (EC PLUVIGNER) 15 pts (5+5+5)<br \/>\n8 SCOURZIC Yanis (VC LANGUIDIC) 9 pts (1+4+4)<br \/>\n9 GAUTHIER Telo (UC QUIMPERLE) 6 pts (4+2+0)<br \/>\n10 JONCOUR Malo (VC PONTIVY) 5 pts (1+3+1)<br \/>\n10 PERON Nolan (ACP BAUD) 5 pts (3+1+1)<br \/>\n11 BRAULT Rafael (UC QUIMPERLE) 5 pts (2+1+2)<br \/>\n13 MAREUIL Esteban (UC QUIMPERLE) 3 pts (1+1+1)<br \/>\n14 CONAN Noah (MOELAN CC) 2 pts (0+1+1)<br \/>\n15 LE GOFF Fran\u00e7ois (UC INGUINIEL) 1 pts (1+0+0)<br \/>\n15 MEUDEC Hugo (HENNEBONT CYCLISME) 1 pts (0+1+0)<br \/>\n15 MOELLO Mathis (VC LANGUIDIC) 1 pts (0+1+0)<br \/>\n15 MOUREAU Gabriel (VC BELLILOIS ) 1 pts (0+0+1)<\/p>\n<p><strong>Gar\u00e7ons n\u00e9s en 2007 :<\/strong><br \/>\n1 KERBARH Yanis (ACP BAUD) 36 pts (12+12+12)<br \/>\n2 LE GUILLOUX Evan (ACP BAUD) 30 pts (10+10+10)<br \/>\n3 KEROUEDAN Quentin (OC LOCMINE) 22 pts (6+8+8)<br \/>\n4 PERESSE Alan (EC PLUVIGNER) 22 pts (8+7+7)<br \/>\n5 HENRIQUEZ Malo (UC INGUINIEL) 19 pts (7+6+6)<br \/>\n6 LOUSSOUARN Lucas (AC LANESTER 56) 10 pts (0+5+5)<br \/>\n7 MIGNOT Guillaume (EC PLUVIGNER) 8 pts (0+4+4)<br \/>\n8 LE DEVEHAT Yoann (EC QUEVEN) 5 pts (5+0+0)<br \/>\n9 BOURIC Nolan (AC LANESTER 56) 4 pts (4+0+0)<\/p>\n<p><strong>Gar\u00e7ons n\u00e9s en 2006 :<\/strong><br \/>\n1 OLIVIERO \u00c9tienne (OC LOCMINE) 36 pts (12+12+12)<br \/>\n2 CHARRIER Dewi (ACP BAUD) 30 pts (10+10+10)<br \/>\n3 BIGOIN Nathan (AC LANESTER 56) 24 pts (8+8+8)<br \/>\n4 GREVELLEC Awen (ACP BAUD) 20 pts (6+7+7)<br \/>\n5 ABOUD Yanis (VC BELLILOIS) 18 pts (7+6+5)<br \/>\n6 LOEZIC Louenn (AC LANESTER 56) 12 pts (3+5+4)<br \/>\n7 LE QUERE Malo (VC PONTIVY) 12 pts (5+4+3)<br \/>\n8 LE CHENADEC Lilian (VC LANGUIDIC) 6 pts (0+0+6)<br \/>\n9 LE TOHIC Th\u00e9o (VC PONTIVY) 4 pts (4+0+0)<\/p>\n","protected":false},"excerpt":{"rendered":"","protected":false},"author":14,"featured_media":40725,"comment_status":"open","ping_status":"open","sticky":false,"template":"","format":"standard","meta":{"ngg_post_thumbnail":0,"footnotes":""},"categories":[5,7,37],"tags":[],"class_list":["post-40701","post","type-post","status-publish","format-standard","has-post-thumbnail","hentry","category-ac-lanester-56","category-organisations","category-samedi-decouverte"],"yoast_head":"<!-- This site is optimized with the Yoast SEO plugin v27.5 - https:\/\/yoast.com\/product\/yoast-seo-wordpress\/ -->\n<title>Finale des Samedis Pop\u2019 2020 : tous les classements ! [Avec vid\u00e9o et photos] - Avenir Cycliste Lanester 56<\/title>\n<meta name=\"robots\" content=\"index, follow, max-snippet:-1, max-image-preview:large, max-video-preview:-1\" \/>\n<link rel=\"canonical\" href=\"https:\/\/www.aclanester56.com\/velo\/finale-des-samedis-pop-2020-tous-les-classements\/\" \/>\n<meta property=\"og:locale\" content=\"fr_FR\" \/>\n<meta property=\"og:type\" content=\"article\" \/>\n<meta property=\"og:title\" content=\"Finale des Samedis Pop\u2019 2020 : tous les classements ! [Avec vid\u00e9o et photos] - Avenir Cycliste Lanester 56\" \/>\n<meta property=\"og:url\" content=\"https:\/\/www.aclanester56.com\/velo\/finale-des-samedis-pop-2020-tous-les-classements\/\" \/>\n<meta property=\"og:site_name\" content=\"Avenir Cycliste Lanester 56\" \/>\n<meta property=\"article:publisher\" content=\"https:\/\/www.facebook.com\/pages\/AC-Lanester-56\/190286300991242?fref=ts\" \/>\n<meta property=\"article:published_time\" content=\"2020-02-08T14:55:20+00:00\" \/>\n<meta property=\"article:modified_time\" content=\"2020-02-09T08:00:00+00:00\" \/>\n<meta property=\"og:image\" content=\"https:\/\/www.aclanester56.com\/velo\/wp-content\/uploads\/2020\/02\/DSC01164-scaled.jpg\" \/>\n\t<meta property=\"og:image:width\" content=\"2560\" \/>\n\t<meta property=\"og:image:height\" content=\"1920\" \/>\n\t<meta property=\"og:image:type\" content=\"image\/jpeg\" \/>\n<meta name=\"author\" content=\"Jean-Christophe\" \/>\n<meta name=\"twitter:label1\" content=\"\u00c9crit par\" \/>\n\t<meta name=\"twitter:data1\" content=\"Jean-Christophe\" \/>\n\t<meta name=\"twitter:label2\" content=\"Dur\u00e9e de lecture estim\u00e9e\" \/>\n\t<meta name=\"twitter:data2\" content=\"5 minutes\" \/>\n<script type=\"application\/ld+json\" class=\"yoast-schema-graph\">{\"@context\":\"https:\\\/\\\/schema.org\",\"@graph\":[{\"@type\":\"Article\",\"@id\":\"https:\\\/\\\/www.aclanester56.com\\\/velo\\\/finale-des-samedis-pop-2020-tous-les-classements\\\/#article\",\"isPartOf\":{\"@id\":\"https:\\\/\\\/www.aclanester56.com\\\/velo\\\/finale-des-samedis-pop-2020-tous-les-classements\\\/\"},\"author\":{\"name\":\"Jean-Christophe\",\"@id\":\"https:\\\/\\\/www.aclanester56.com\\\/velo\\\/#\\\/schema\\\/person\\\/ca2a44a5fd969e9dd846c72d3b33bc01\"},\"headline\":\"Finale des Samedis Pop\u2019 2020 : tous les classements ! [Avec vid\u00e9o et photos]\",\"datePublished\":\"2020-02-08T14:55:20+00:00\",\"dateModified\":\"2020-02-09T08:00:00+00:00\",\"mainEntityOfPage\":{\"@id\":\"https:\\\/\\\/www.aclanester56.com\\\/velo\\\/finale-des-samedis-pop-2020-tous-les-classements\\\/\"},\"wordCount\":921,\"commentCount\":0,\"publisher\":{\"@id\":\"https:\\\/\\\/www.aclanester56.com\\\/velo\\\/#organization\"},\"image\":{\"@id\":\"https:\\\/\\\/www.aclanester56.com\\\/velo\\\/finale-des-samedis-pop-2020-tous-les-classements\\\/#primaryimage\"},\"thumbnailUrl\":\"https:\\\/\\\/www.aclanester56.com\\\/velo\\\/wp-content\\\/uploads\\\/2020\\\/02\\\/DSC01164-scaled.jpg\",\"articleSection\":[\"AC LANESTER 56\",\"Les organisations\",\"Samedi d\u00e9couverte\"],\"inLanguage\":\"fr-FR\",\"potentialAction\":[{\"@type\":\"CommentAction\",\"name\":\"Comment\",\"target\":[\"https:\\\/\\\/www.aclanester56.com\\\/velo\\\/finale-des-samedis-pop-2020-tous-les-classements\\\/#respond\"]}]},{\"@type\":\"WebPage\",\"@id\":\"https:\\\/\\\/www.aclanester56.com\\\/velo\\\/finale-des-samedis-pop-2020-tous-les-classements\\\/\",\"url\":\"https:\\\/\\\/www.aclanester56.com\\\/velo\\\/finale-des-samedis-pop-2020-tous-les-classements\\\/\",\"name\":\"Finale des Samedis Pop\u2019 2020 : tous les classements ! [Avec vid\u00e9o et photos] - Avenir Cycliste Lanester 56\",\"isPartOf\":{\"@id\":\"https:\\\/\\\/www.aclanester56.com\\\/velo\\\/#website\"},\"primaryImageOfPage\":{\"@id\":\"https:\\\/\\\/www.aclanester56.com\\\/velo\\\/finale-des-samedis-pop-2020-tous-les-classements\\\/#primaryimage\"},\"image\":{\"@id\":\"https:\\\/\\\/www.aclanester56.com\\\/velo\\\/finale-des-samedis-pop-2020-tous-les-classements\\\/#primaryimage\"},\"thumbnailUrl\":\"https:\\\/\\\/www.aclanester56.com\\\/velo\\\/wp-content\\\/uploads\\\/2020\\\/02\\\/DSC01164-scaled.jpg\",\"datePublished\":\"2020-02-08T14:55:20+00:00\",\"dateModified\":\"2020-02-09T08:00:00+00:00\",\"inLanguage\":\"fr-FR\",\"potentialAction\":[{\"@type\":\"ReadAction\",\"target\":[\"https:\\\/\\\/www.aclanester56.com\\\/velo\\\/finale-des-samedis-pop-2020-tous-les-classements\\\/\"]}]},{\"@type\":\"ImageObject\",\"inLanguage\":\"fr-FR\",\"@id\":\"https:\\\/\\\/www.aclanester56.com\\\/velo\\\/finale-des-samedis-pop-2020-tous-les-classements\\\/#primaryimage\",\"url\":\"https:\\\/\\\/www.aclanester56.com\\\/velo\\\/wp-content\\\/uploads\\\/2020\\\/02\\\/DSC01164-scaled.jpg\",\"contentUrl\":\"https:\\\/\\\/www.aclanester56.com\\\/velo\\\/wp-content\\\/uploads\\\/2020\\\/02\\\/DSC01164-scaled.jpg\",\"width\":2560,\"height\":1920},{\"@type\":\"WebSite\",\"@id\":\"https:\\\/\\\/www.aclanester56.com\\\/velo\\\/#website\",\"url\":\"https:\\\/\\\/www.aclanester56.com\\\/velo\\\/\",\"name\":\"Avenir Cycliste Lanester 56\",\"description\":\"Club cycliste de l&#039;AC LANESTER 56\",\"publisher\":{\"@id\":\"https:\\\/\\\/www.aclanester56.com\\\/velo\\\/#organization\"},\"potentialAction\":[{\"@type\":\"SearchAction\",\"target\":{\"@type\":\"EntryPoint\",\"urlTemplate\":\"https:\\\/\\\/www.aclanester56.com\\\/velo\\\/?s={search_term_string}\"},\"query-input\":{\"@type\":\"PropertyValueSpecification\",\"valueRequired\":true,\"valueName\":\"search_term_string\"}}],\"inLanguage\":\"fr-FR\"},{\"@type\":\"Organization\",\"@id\":\"https:\\\/\\\/www.aclanester56.com\\\/velo\\\/#organization\",\"name\":\"Avenir Cycliste Lanester 56\",\"url\":\"https:\\\/\\\/www.aclanester56.com\\\/velo\\\/\",\"logo\":{\"@type\":\"ImageObject\",\"inLanguage\":\"fr-FR\",\"@id\":\"https:\\\/\\\/www.aclanester56.com\\\/velo\\\/#\\\/schema\\\/logo\\\/image\\\/\",\"url\":\"https:\\\/\\\/www.aclanester56.com\\\/velo\\\/wp-content\\\/uploads\\\/2013\\\/04\\\/logo-ACL.jpg\",\"contentUrl\":\"https:\\\/\\\/www.aclanester56.com\\\/velo\\\/wp-content\\\/uploads\\\/2013\\\/04\\\/logo-ACL.jpg\",\"width\":400,\"height\":334,\"caption\":\"Avenir Cycliste Lanester 56\"},\"image\":{\"@id\":\"https:\\\/\\\/www.aclanester56.com\\\/velo\\\/#\\\/schema\\\/logo\\\/image\\\/\"},\"sameAs\":[\"https:\\\/\\\/www.facebook.com\\\/pages\\\/AC-Lanester-56\\\/190286300991242?fref=ts\"]},{\"@type\":\"Person\",\"@id\":\"https:\\\/\\\/www.aclanester56.com\\\/velo\\\/#\\\/schema\\\/person\\\/ca2a44a5fd969e9dd846c72d3b33bc01\",\"name\":\"Jean-Christophe\",\"url\":\"https:\\\/\\\/www.aclanester56.com\\\/velo\\\/author\\\/jeanchristophe\\\/\"}]}<\/script>\n<!-- \/ Yoast SEO plugin. -->","yoast_head_json":{"title":"Finale des Samedis Pop\u2019 2020 : tous les classements ! [Avec vid\u00e9o et photos] - Avenir Cycliste Lanester 56","robots":{"index":"index","follow":"follow","max-snippet":"max-snippet:-1","max-image-preview":"max-image-preview:large","max-video-preview":"max-video-preview:-1"},"canonical":"https:\/\/www.aclanester56.com\/velo\/finale-des-samedis-pop-2020-tous-les-classements\/","og_locale":"fr_FR","og_type":"article","og_title":"Finale des Samedis Pop\u2019 2020 : tous les classements ! [Avec vid\u00e9o et photos] - Avenir Cycliste Lanester 56","og_url":"https:\/\/www.aclanester56.com\/velo\/finale-des-samedis-pop-2020-tous-les-classements\/","og_site_name":"Avenir Cycliste Lanester 56","article_publisher":"https:\/\/www.facebook.com\/pages\/AC-Lanester-56\/190286300991242?fref=ts","article_published_time":"2020-02-08T14:55:20+00:00","article_modified_time":"2020-02-09T08:00:00+00:00","og_image":[{"width":2560,"height":1920,"url":"https:\/\/www.aclanester56.com\/velo\/wp-content\/uploads\/2020\/02\/DSC01164-scaled.jpg","type":"image\/jpeg"}],"author":"Jean-Christophe","twitter_misc":{"\u00c9crit par":"Jean-Christophe","Dur\u00e9e de lecture estim\u00e9e":"5 minutes"},"schema":{"@context":"https:\/\/schema.org","@graph":[{"@type":"Article","@id":"https:\/\/www.aclanester56.com\/velo\/finale-des-samedis-pop-2020-tous-les-classements\/#article","isPartOf":{"@id":"https:\/\/www.aclanester56.com\/velo\/finale-des-samedis-pop-2020-tous-les-classements\/"},"author":{"name":"Jean-Christophe","@id":"https:\/\/www.aclanester56.com\/velo\/#\/schema\/person\/ca2a44a5fd969e9dd846c72d3b33bc01"},"headline":"Finale des Samedis Pop\u2019 2020 : tous les classements ! [Avec vid\u00e9o et photos]","datePublished":"2020-02-08T14:55:20+00:00","dateModified":"2020-02-09T08:00:00+00:00","mainEntityOfPage":{"@id":"https:\/\/www.aclanester56.com\/velo\/finale-des-samedis-pop-2020-tous-les-classements\/"},"wordCount":921,"commentCount":0,"publisher":{"@id":"https:\/\/www.aclanester56.com\/velo\/#organization"},"image":{"@id":"https:\/\/www.aclanester56.com\/velo\/finale-des-samedis-pop-2020-tous-les-classements\/#primaryimage"},"thumbnailUrl":"https:\/\/www.aclanester56.com\/velo\/wp-content\/uploads\/2020\/02\/DSC01164-scaled.jpg","articleSection":["AC LANESTER 56","Les organisations","Samedi d\u00e9couverte"],"inLanguage":"fr-FR","potentialAction":[{"@type":"CommentAction","name":"Comment","target":["https:\/\/www.aclanester56.com\/velo\/finale-des-samedis-pop-2020-tous-les-classements\/#respond"]}]},{"@type":"WebPage","@id":"https:\/\/www.aclanester56.com\/velo\/finale-des-samedis-pop-2020-tous-les-classements\/","url":"https:\/\/www.aclanester56.com\/velo\/finale-des-samedis-pop-2020-tous-les-classements\/","name":"Finale des Samedis Pop\u2019 2020 : tous les classements ! [Avec vid\u00e9o et photos] - Avenir Cycliste Lanester 56","isPartOf":{"@id":"https:\/\/www.aclanester56.com\/velo\/#website"},"primaryImageOfPage":{"@id":"https:\/\/www.aclanester56.com\/velo\/finale-des-samedis-pop-2020-tous-les-classements\/#primaryimage"},"image":{"@id":"https:\/\/www.aclanester56.com\/velo\/finale-des-samedis-pop-2020-tous-les-classements\/#primaryimage"},"thumbnailUrl":"https:\/\/www.aclanester56.com\/velo\/wp-content\/uploads\/2020\/02\/DSC01164-scaled.jpg","datePublished":"2020-02-08T14:55:20+00:00","dateModified":"2020-02-09T08:00:00+00:00","inLanguage":"fr-FR","potentialAction":[{"@type":"ReadAction","target":["https:\/\/www.aclanester56.com\/velo\/finale-des-samedis-pop-2020-tous-les-classements\/"]}]},{"@type":"ImageObject","inLanguage":"fr-FR","@id":"https:\/\/www.aclanester56.com\/velo\/finale-des-samedis-pop-2020-tous-les-classements\/#primaryimage","url":"https:\/\/www.aclanester56.com\/velo\/wp-content\/uploads\/2020\/02\/DSC01164-scaled.jpg","contentUrl":"https:\/\/www.aclanester56.com\/velo\/wp-content\/uploads\/2020\/02\/DSC01164-scaled.jpg","width":2560,"height":1920},{"@type":"WebSite","@id":"https:\/\/www.aclanester56.com\/velo\/#website","url":"https:\/\/www.aclanester56.com\/velo\/","name":"Avenir Cycliste Lanester 56","description":"Club cycliste de l&#039;AC LANESTER 56","publisher":{"@id":"https:\/\/www.aclanester56.com\/velo\/#organization"},"potentialAction":[{"@type":"SearchAction","target":{"@type":"EntryPoint","urlTemplate":"https:\/\/www.aclanester56.com\/velo\/?s={search_term_string}"},"query-input":{"@type":"PropertyValueSpecification","valueRequired":true,"valueName":"search_term_string"}}],"inLanguage":"fr-FR"},{"@type":"Organization","@id":"https:\/\/www.aclanester56.com\/velo\/#organization","name":"Avenir Cycliste Lanester 56","url":"https:\/\/www.aclanester56.com\/velo\/","logo":{"@type":"ImageObject","inLanguage":"fr-FR","@id":"https:\/\/www.aclanester56.com\/velo\/#\/schema\/logo\/image\/","url":"https:\/\/www.aclanester56.com\/velo\/wp-content\/uploads\/2013\/04\/logo-ACL.jpg","contentUrl":"https:\/\/www.aclanester56.com\/velo\/wp-content\/uploads\/2013\/04\/logo-ACL.jpg","width":400,"height":334,"caption":"Avenir Cycliste Lanester 56"},"image":{"@id":"https:\/\/www.aclanester56.com\/velo\/#\/schema\/logo\/image\/"},"sameAs":["https:\/\/www.facebook.com\/pages\/AC-Lanester-56\/190286300991242?fref=ts"]},{"@type":"Person","@id":"https:\/\/www.aclanester56.com\/velo\/#\/schema\/person\/ca2a44a5fd969e9dd846c72d3b33bc01","name":"Jean-Christophe","url":"https:\/\/www.aclanester56.com\/velo\/author\/jeanchristophe\/"}]}},"_links":{"self":[{"href":"https:\/\/www.aclanester56.com\/velo\/wp-json\/wp\/v2\/posts\/40701","targetHints":{"allow":["GET"]}}],"collection":[{"href":"https:\/\/www.aclanester56.com\/velo\/wp-json\/wp\/v2\/posts"}],"about":[{"href":"https:\/\/www.aclanester56.com\/velo\/wp-json\/wp\/v2\/types\/post"}],"author":[{"embeddable":true,"href":"https:\/\/www.aclanester56.com\/velo\/wp-json\/wp\/v2\/users\/14"}],"replies":[{"embeddable":true,"href":"https:\/\/www.aclanester56.com\/velo\/wp-json\/wp\/v2\/comments?post=40701"}],"version-history":[{"count":3,"href":"https:\/\/www.aclanester56.com\/velo\/wp-json\/wp\/v2\/posts\/40701\/revisions"}],"predecessor-version":[{"id":40726,"href":"https:\/\/www.aclanester56.com\/velo\/wp-json\/wp\/v2\/posts\/40701\/revisions\/40726"}],"wp:featuredmedia":[{"embeddable":true,"href":"https:\/\/www.aclanester56.com\/velo\/wp-json\/wp\/v2\/media\/40725"}],"wp:attachment":[{"href":"https:\/\/www.aclanester56.com\/velo\/wp-json\/wp\/v2\/media?parent=40701"}],"wp:term":[{"taxonomy":"category","embeddable":true,"href":"https:\/\/www.aclanester56.com\/velo\/wp-json\/wp\/v2\/categories?post=40701"},{"taxonomy":"post_tag","embeddable":true,"href":"https:\/\/www.aclanester56.com\/velo\/wp-json\/wp\/v2\/tags?post=40701"}],"curies":[{"name":"wp","href":"https:\/\/api.w.org\/{rel}","templated":true}]}}