{"id":41110,"date":"2020-11-11T11:23:22","date_gmt":"2020-11-11T09:23:22","guid":{"rendered":"https:\/\/www.aclanester56.com\/velo\/?p=41110"},"modified":"2020-11-11T11:23:22","modified_gmt":"2020-11-11T09:23:22","slug":"le-tour-de-france-2021-passera-par-lanester","status":"publish","type":"post","link":"https:\/\/www.aclanester56.com\/velo\/le-tour-de-france-2021-passera-par-lanester\/","title":{"rendered":"le Tour de France 2021 passera par Lanester !"},"content":{"rendered":"<p><!--more--><\/p>\n<p>&nbsp;<\/p>\n<p><span class=\"_5mfr\"><span class=\"_6qdm\">&#x1f4c5;<\/span><\/span>&nbsp;Lundi 28 juin 2021, 2 jours avant le Grand Prix Cycliste de la Ville de Lanester,&nbsp;<a href=\"https:\/\/www.facebook.com\/letour\/?__tn__=%2CdK%2AF-R&amp;eid=ARANSTaV3dSNIv6RIh12bLLXsGAAXw-lGc4jfIVOdF9LbiQ1Q3vtl1hypAgJyArYwue79G9ITu893Dta\" data-hovercard=\"\/ajax\/hovercard\/page.php?id=103512969698091&amp;extragetparams=%7B%22__tn__%22%3A%22%2CdK%2AF-R%22%2C%22eid%22%3A%22ARANSTaV3dSNIv6RIh12bLLXsGAAXw-lGc4jfIVOdF9LbiQ1Q3vtl1hypAgJyArYwue79G9ITu893Dta%22%2C%22directed_target_id%22%3Anull%2C%22groups_location%22%3Anull%7D\" data-hovercard-prefer-more-content-show=\"1\">Le Tour de France<\/a>&nbsp;passera par&nbsp;<a href=\"https:\/\/www.facebook.com\/VilleDeLanester\/?__tn__=%2CdK%2AF-R&amp;eid=ARAibtJZhFLuT6hl5Vx-BEE1RHrSN7ifqU7_CGZ1Oq8RX6oQomuD9HhOaP0lT-x5FAjO0NosFb-KTMn_\" data-hovercard=\"\/ajax\/hovercard\/page.php?id=373204606092106&amp;extragetparams=%7B%22__tn__%22%3A%22%2CdK%2AF-R%22%2C%22eid%22%3A%22ARAibtJZhFLuT6hl5Vx-BEE1RHrSN7ifqU7_CGZ1Oq8RX6oQomuD9HhOaP0lT-x5FAjO0NosFb-KTMn_%22%2C%22directed_target_id%22%3Anull%2C%22groups_location%22%3Anull%7D\" data-hovercard-prefer-more-content-show=\"1\">Ville de Lanester<\/a>&nbsp;!<\/p>\n<p>Sous r\u00e9serve de validation par l&rsquo;autorit\u00e9 pr\u00e9fectorale, le peloton, qui s&rsquo;\u00e9lancera de Lorient, empruntera la rue Jean Jaur\u00e8s \u00e0 partir du pont St Christophe, puis l&rsquo;avenue Kesler Devillers (devant le si\u00e8ge de l&rsquo;<a href=\"https:\/\/www.facebook.com\/aclanester56\/?__tn__=%2CdK%2AF-R&amp;eid=ARBCbKA8-ZHnPL6N3nttHd3weHKIAOzjY0IX4fuGLPgjSzbeioQmZcFKuMl1Yq29xi_ilk6fyJ_PjC3g\" data-hovercard=\"\/ajax\/hovercard\/page.php?id=190286300991242&amp;extragetparams=%7B%22__tn__%22%3A%22%2CdK%2AF-R%22%2C%22eid%22%3A%22ARBCbKA8-ZHnPL6N3nttHd3weHKIAOzjY0IX4fuGLPgjSzbeioQmZcFKuMl1Yq29xi_ilk6fyJ_PjC3g%22%2C%22directed_target_id%22%3Anull%2C%22groups_location%22%3Anull%7D\" data-hovercard-prefer-more-content-show=\"1\">AC Lanester 56 Formation<\/a>&nbsp;<span class=\"_5mfr\"><span class=\"_6qdm\">&#x1f609;<\/span><\/span>).<\/p>\n<p>Le d\u00e9part r\u00e9el devrait \u00eatre donn\u00e9 pr\u00e9cis\u00e9ment sur le site d&rsquo;arriv\u00e9e du Grand Prix Cycliste de la Ville&nbsp;<span class=\"_5mfr\"><span class=\"_6qdm\">&#x1f917;<\/span><\/span>&nbsp;<\/p>\n<p>Les coureurs fileront ensuite vers le Pont du Bonhomme, en direction de l&rsquo;arriv\u00e9e de l&rsquo;\u00e9tape \u00e0 Pontivy.<\/p>\n<p>A domicile, nous serons tous l\u00e0 pour encourager&nbsp;<a href=\"https:\/\/www.facebook.com\/Warren-Barguil-172034276256368\/?__tn__=%2CdK%2AF-R&amp;eid=ARCOgthY6SkX_qIx3XNHZpI4FiBa2RsWNdgZgo_oYXvIS5HVa76f-WAtJ-aSq03wKuYU7lZoAo9-QJtv\" data-hovercard=\"\/ajax\/hovercard\/page.php?id=172034276256368&amp;extragetparams=%7B%22__tn__%22%3A%22%2CdK%2AF-R%22%2C%22eid%22%3A%22ARCOgthY6SkX_qIx3XNHZpI4FiBa2RsWNdgZgo_oYXvIS5HVa76f-WAtJ-aSq03wKuYU7lZoAo9-QJtv%22%2C%22directed_target_id%22%3Anull%2C%22groups_location%22%3Anull%7D\" data-hovercard-prefer-more-content-show=\"1\">Warren Barguil<\/a>&nbsp;<span class=\"_5mfr\"><span class=\"_6qdm\">&#x1f917;<\/span><\/span><\/p>\n<p><a href=\"https:\/\/www.letour.fr\/fr\/patrimoine\/etape-3\/ville\/lorient\">https:\/\/www.letour.fr\/fr\/patrimoine\/etape-3\/ville\/lorient<\/a><\/p>\n<p>&nbsp;<\/p>\n<p>Photo : Le Telegramme<\/p>\n<p>&nbsp;<\/p>\n","protected":false},"excerpt":{"rendered":"","protected":false},"author":2,"featured_media":41112,"comment_status":"open","ping_status":"open","sticky":false,"template":"","format":"standard","meta":{"ngg_post_thumbnail":0,"footnotes":""},"categories":[5],"tags":[],"class_list":["post-41110","post","type-post","status-publish","format-standard","has-post-thumbnail","hentry","category-ac-lanester-56"],"yoast_head":"<!-- This site is optimized with the Yoast SEO plugin v27.5 - https:\/\/yoast.com\/product\/yoast-seo-wordpress\/ -->\n<title>le Tour de France 2021 passera par Lanester ! - Avenir Cycliste Lanester 56<\/title>\n<meta name=\"robots\" content=\"index, follow, max-snippet:-1, max-image-preview:large, max-video-preview:-1\" \/>\n<link rel=\"canonical\" href=\"https:\/\/www.aclanester56.com\/velo\/le-tour-de-france-2021-passera-par-lanester\/\" \/>\n<meta property=\"og:locale\" content=\"fr_FR\" \/>\n<meta property=\"og:type\" content=\"article\" \/>\n<meta property=\"og:title\" content=\"le Tour de France 2021 passera par Lanester ! - Avenir Cycliste Lanester 56\" \/>\n<meta property=\"og:url\" content=\"https:\/\/www.aclanester56.com\/velo\/le-tour-de-france-2021-passera-par-lanester\/\" \/>\n<meta property=\"og:site_name\" content=\"Avenir Cycliste Lanester 56\" \/>\n<meta property=\"article:publisher\" content=\"https:\/\/www.facebook.com\/pages\/AC-Lanester-56\/190286300991242?fref=ts\" \/>\n<meta property=\"article:published_time\" content=\"2020-11-11T09:23:22+00:00\" \/>\n<meta property=\"og:image\" content=\"https:\/\/www.aclanester56.com\/velo\/wp-content\/uploads\/2020\/11\/tour-de-france-2021-les-etapes-bretonnes-a-la-loupe_5380265.jpg\" \/>\n\t<meta property=\"og:image:width\" content=\"1000\" \/>\n\t<meta property=\"og:image:height\" content=\"683\" \/>\n\t<meta property=\"og:image:type\" content=\"image\/jpeg\" \/>\n<meta name=\"author\" content=\"stephane\" \/>\n<meta name=\"twitter:label1\" content=\"\u00c9crit par\" \/>\n\t<meta name=\"twitter:data1\" content=\"stephane\" \/>\n\t<meta name=\"twitter:label2\" content=\"Dur\u00e9e de lecture estim\u00e9e\" \/>\n\t<meta name=\"twitter:data2\" content=\"1 minute\" \/>\n<script type=\"application\/ld+json\" class=\"yoast-schema-graph\">{\"@context\":\"https:\\\/\\\/schema.org\",\"@graph\":[{\"@type\":\"Article\",\"@id\":\"https:\\\/\\\/www.aclanester56.com\\\/velo\\\/le-tour-de-france-2021-passera-par-lanester\\\/#article\",\"isPartOf\":{\"@id\":\"https:\\\/\\\/www.aclanester56.com\\\/velo\\\/le-tour-de-france-2021-passera-par-lanester\\\/\"},\"author\":{\"name\":\"stephane\",\"@id\":\"https:\\\/\\\/www.aclanester56.com\\\/velo\\\/#\\\/schema\\\/person\\\/c844661e64a578ca46639cb0ae764de6\"},\"headline\":\"le Tour de France 2021 passera par Lanester !\",\"datePublished\":\"2020-11-11T09:23:22+00:00\",\"mainEntityOfPage\":{\"@id\":\"https:\\\/\\\/www.aclanester56.com\\\/velo\\\/le-tour-de-france-2021-passera-par-lanester\\\/\"},\"wordCount\":153,\"commentCount\":0,\"publisher\":{\"@id\":\"https:\\\/\\\/www.aclanester56.com\\\/velo\\\/#organization\"},\"image\":{\"@id\":\"https:\\\/\\\/www.aclanester56.com\\\/velo\\\/le-tour-de-france-2021-passera-par-lanester\\\/#primaryimage\"},\"thumbnailUrl\":\"https:\\\/\\\/www.aclanester56.com\\\/velo\\\/wp-content\\\/uploads\\\/2020\\\/11\\\/tour-de-france-2021-les-etapes-bretonnes-a-la-loupe_5380265.jpg\",\"articleSection\":[\"AC LANESTER 56\"],\"inLanguage\":\"fr-FR\",\"potentialAction\":[{\"@type\":\"CommentAction\",\"name\":\"Comment\",\"target\":[\"https:\\\/\\\/www.aclanester56.com\\\/velo\\\/le-tour-de-france-2021-passera-par-lanester\\\/#respond\"]}]},{\"@type\":\"WebPage\",\"@id\":\"https:\\\/\\\/www.aclanester56.com\\\/velo\\\/le-tour-de-france-2021-passera-par-lanester\\\/\",\"url\":\"https:\\\/\\\/www.aclanester56.com\\\/velo\\\/le-tour-de-france-2021-passera-par-lanester\\\/\",\"name\":\"le Tour de France 2021 passera par Lanester ! - Avenir Cycliste Lanester 56\",\"isPartOf\":{\"@id\":\"https:\\\/\\\/www.aclanester56.com\\\/velo\\\/#website\"},\"primaryImageOfPage\":{\"@id\":\"https:\\\/\\\/www.aclanester56.com\\\/velo\\\/le-tour-de-france-2021-passera-par-lanester\\\/#primaryimage\"},\"image\":{\"@id\":\"https:\\\/\\\/www.aclanester56.com\\\/velo\\\/le-tour-de-france-2021-passera-par-lanester\\\/#primaryimage\"},\"thumbnailUrl\":\"https:\\\/\\\/www.aclanester56.com\\\/velo\\\/wp-content\\\/uploads\\\/2020\\\/11\\\/tour-de-france-2021-les-etapes-bretonnes-a-la-loupe_5380265.jpg\",\"datePublished\":\"2020-11-11T09:23:22+00:00\",\"inLanguage\":\"fr-FR\",\"potentialAction\":[{\"@type\":\"ReadAction\",\"target\":[\"https:\\\/\\\/www.aclanester56.com\\\/velo\\\/le-tour-de-france-2021-passera-par-lanester\\\/\"]}]},{\"@type\":\"ImageObject\",\"inLanguage\":\"fr-FR\",\"@id\":\"https:\\\/\\\/www.aclanester56.com\\\/velo\\\/le-tour-de-france-2021-passera-par-lanester\\\/#primaryimage\",\"url\":\"https:\\\/\\\/www.aclanester56.com\\\/velo\\\/wp-content\\\/uploads\\\/2020\\\/11\\\/tour-de-france-2021-les-etapes-bretonnes-a-la-loupe_5380265.jpg\",\"contentUrl\":\"https:\\\/\\\/www.aclanester56.com\\\/velo\\\/wp-content\\\/uploads\\\/2020\\\/11\\\/tour-de-france-2021-les-etapes-bretonnes-a-la-loupe_5380265.jpg\",\"width\":1000,\"height\":683},{\"@type\":\"WebSite\",\"@id\":\"https:\\\/\\\/www.aclanester56.com\\\/velo\\\/#website\",\"url\":\"https:\\\/\\\/www.aclanester56.com\\\/velo\\\/\",\"name\":\"Avenir Cycliste Lanester 56\",\"description\":\"Club cycliste de l&#039;AC LANESTER 56\",\"publisher\":{\"@id\":\"https:\\\/\\\/www.aclanester56.com\\\/velo\\\/#organization\"},\"potentialAction\":[{\"@type\":\"SearchAction\",\"target\":{\"@type\":\"EntryPoint\",\"urlTemplate\":\"https:\\\/\\\/www.aclanester56.com\\\/velo\\\/?s={search_term_string}\"},\"query-input\":{\"@type\":\"PropertyValueSpecification\",\"valueRequired\":true,\"valueName\":\"search_term_string\"}}],\"inLanguage\":\"fr-FR\"},{\"@type\":\"Organization\",\"@id\":\"https:\\\/\\\/www.aclanester56.com\\\/velo\\\/#organization\",\"name\":\"Avenir Cycliste Lanester 56\",\"url\":\"https:\\\/\\\/www.aclanester56.com\\\/velo\\\/\",\"logo\":{\"@type\":\"ImageObject\",\"inLanguage\":\"fr-FR\",\"@id\":\"https:\\\/\\\/www.aclanester56.com\\\/velo\\\/#\\\/schema\\\/logo\\\/image\\\/\",\"url\":\"https:\\\/\\\/www.aclanester56.com\\\/velo\\\/wp-content\\\/uploads\\\/2013\\\/04\\\/logo-ACL.jpg\",\"contentUrl\":\"https:\\\/\\\/www.aclanester56.com\\\/velo\\\/wp-content\\\/uploads\\\/2013\\\/04\\\/logo-ACL.jpg\",\"width\":400,\"height\":334,\"caption\":\"Avenir Cycliste Lanester 56\"},\"image\":{\"@id\":\"https:\\\/\\\/www.aclanester56.com\\\/velo\\\/#\\\/schema\\\/logo\\\/image\\\/\"},\"sameAs\":[\"https:\\\/\\\/www.facebook.com\\\/pages\\\/AC-Lanester-56\\\/190286300991242?fref=ts\"]},{\"@type\":\"Person\",\"@id\":\"https:\\\/\\\/www.aclanester56.com\\\/velo\\\/#\\\/schema\\\/person\\\/c844661e64a578ca46639cb0ae764de6\",\"name\":\"stephane\",\"url\":\"https:\\\/\\\/www.aclanester56.com\\\/velo\\\/author\\\/stephane\\\/\"}]}<\/script>\n<!-- \/ Yoast SEO plugin. -->","yoast_head_json":{"title":"le Tour de France 2021 passera par Lanester ! - Avenir Cycliste Lanester 56","robots":{"index":"index","follow":"follow","max-snippet":"max-snippet:-1","max-image-preview":"max-image-preview:large","max-video-preview":"max-video-preview:-1"},"canonical":"https:\/\/www.aclanester56.com\/velo\/le-tour-de-france-2021-passera-par-lanester\/","og_locale":"fr_FR","og_type":"article","og_title":"le Tour de France 2021 passera par Lanester ! - Avenir Cycliste Lanester 56","og_url":"https:\/\/www.aclanester56.com\/velo\/le-tour-de-france-2021-passera-par-lanester\/","og_site_name":"Avenir Cycliste Lanester 56","article_publisher":"https:\/\/www.facebook.com\/pages\/AC-Lanester-56\/190286300991242?fref=ts","article_published_time":"2020-11-11T09:23:22+00:00","og_image":[{"width":1000,"height":683,"url":"https:\/\/www.aclanester56.com\/velo\/wp-content\/uploads\/2020\/11\/tour-de-france-2021-les-etapes-bretonnes-a-la-loupe_5380265.jpg","type":"image\/jpeg"}],"author":"stephane","twitter_misc":{"\u00c9crit par":"stephane","Dur\u00e9e de lecture estim\u00e9e":"1 minute"},"schema":{"@context":"https:\/\/schema.org","@graph":[{"@type":"Article","@id":"https:\/\/www.aclanester56.com\/velo\/le-tour-de-france-2021-passera-par-lanester\/#article","isPartOf":{"@id":"https:\/\/www.aclanester56.com\/velo\/le-tour-de-france-2021-passera-par-lanester\/"},"author":{"name":"stephane","@id":"https:\/\/www.aclanester56.com\/velo\/#\/schema\/person\/c844661e64a578ca46639cb0ae764de6"},"headline":"le Tour de France 2021 passera par Lanester !","datePublished":"2020-11-11T09:23:22+00:00","mainEntityOfPage":{"@id":"https:\/\/www.aclanester56.com\/velo\/le-tour-de-france-2021-passera-par-lanester\/"},"wordCount":153,"commentCount":0,"publisher":{"@id":"https:\/\/www.aclanester56.com\/velo\/#organization"},"image":{"@id":"https:\/\/www.aclanester56.com\/velo\/le-tour-de-france-2021-passera-par-lanester\/#primaryimage"},"thumbnailUrl":"https:\/\/www.aclanester56.com\/velo\/wp-content\/uploads\/2020\/11\/tour-de-france-2021-les-etapes-bretonnes-a-la-loupe_5380265.jpg","articleSection":["AC LANESTER 56"],"inLanguage":"fr-FR","potentialAction":[{"@type":"CommentAction","name":"Comment","target":["https:\/\/www.aclanester56.com\/velo\/le-tour-de-france-2021-passera-par-lanester\/#respond"]}]},{"@type":"WebPage","@id":"https:\/\/www.aclanester56.com\/velo\/le-tour-de-france-2021-passera-par-lanester\/","url":"https:\/\/www.aclanester56.com\/velo\/le-tour-de-france-2021-passera-par-lanester\/","name":"le Tour de France 2021 passera par Lanester ! - Avenir Cycliste Lanester 56","isPartOf":{"@id":"https:\/\/www.aclanester56.com\/velo\/#website"},"primaryImageOfPage":{"@id":"https:\/\/www.aclanester56.com\/velo\/le-tour-de-france-2021-passera-par-lanester\/#primaryimage"},"image":{"@id":"https:\/\/www.aclanester56.com\/velo\/le-tour-de-france-2021-passera-par-lanester\/#primaryimage"},"thumbnailUrl":"https:\/\/www.aclanester56.com\/velo\/wp-content\/uploads\/2020\/11\/tour-de-france-2021-les-etapes-bretonnes-a-la-loupe_5380265.jpg","datePublished":"2020-11-11T09:23:22+00:00","inLanguage":"fr-FR","potentialAction":[{"@type":"ReadAction","target":["https:\/\/www.aclanester56.com\/velo\/le-tour-de-france-2021-passera-par-lanester\/"]}]},{"@type":"ImageObject","inLanguage":"fr-FR","@id":"https:\/\/www.aclanester56.com\/velo\/le-tour-de-france-2021-passera-par-lanester\/#primaryimage","url":"https:\/\/www.aclanester56.com\/velo\/wp-content\/uploads\/2020\/11\/tour-de-france-2021-les-etapes-bretonnes-a-la-loupe_5380265.jpg","contentUrl":"https:\/\/www.aclanester56.com\/velo\/wp-content\/uploads\/2020\/11\/tour-de-france-2021-les-etapes-bretonnes-a-la-loupe_5380265.jpg","width":1000,"height":683},{"@type":"WebSite","@id":"https:\/\/www.aclanester56.com\/velo\/#website","url":"https:\/\/www.aclanester56.com\/velo\/","name":"Avenir Cycliste Lanester 56","description":"Club cycliste de l&#039;AC LANESTER 56","publisher":{"@id":"https:\/\/www.aclanester56.com\/velo\/#organization"},"potentialAction":[{"@type":"SearchAction","target":{"@type":"EntryPoint","urlTemplate":"https:\/\/www.aclanester56.com\/velo\/?s={search_term_string}"},"query-input":{"@type":"PropertyValueSpecification","valueRequired":true,"valueName":"search_term_string"}}],"inLanguage":"fr-FR"},{"@type":"Organization","@id":"https:\/\/www.aclanester56.com\/velo\/#organization","name":"Avenir Cycliste Lanester 56","url":"https:\/\/www.aclanester56.com\/velo\/","logo":{"@type":"ImageObject","inLanguage":"fr-FR","@id":"https:\/\/www.aclanester56.com\/velo\/#\/schema\/logo\/image\/","url":"https:\/\/www.aclanester56.com\/velo\/wp-content\/uploads\/2013\/04\/logo-ACL.jpg","contentUrl":"https:\/\/www.aclanester56.com\/velo\/wp-content\/uploads\/2013\/04\/logo-ACL.jpg","width":400,"height":334,"caption":"Avenir Cycliste Lanester 56"},"image":{"@id":"https:\/\/www.aclanester56.com\/velo\/#\/schema\/logo\/image\/"},"sameAs":["https:\/\/www.facebook.com\/pages\/AC-Lanester-56\/190286300991242?fref=ts"]},{"@type":"Person","@id":"https:\/\/www.aclanester56.com\/velo\/#\/schema\/person\/c844661e64a578ca46639cb0ae764de6","name":"stephane","url":"https:\/\/www.aclanester56.com\/velo\/author\/stephane\/"}]}},"_links":{"self":[{"href":"https:\/\/www.aclanester56.com\/velo\/wp-json\/wp\/v2\/posts\/41110","targetHints":{"allow":["GET"]}}],"collection":[{"href":"https:\/\/www.aclanester56.com\/velo\/wp-json\/wp\/v2\/posts"}],"about":[{"href":"https:\/\/www.aclanester56.com\/velo\/wp-json\/wp\/v2\/types\/post"}],"author":[{"embeddable":true,"href":"https:\/\/www.aclanester56.com\/velo\/wp-json\/wp\/v2\/users\/2"}],"replies":[{"embeddable":true,"href":"https:\/\/www.aclanester56.com\/velo\/wp-json\/wp\/v2\/comments?post=41110"}],"version-history":[{"count":3,"href":"https:\/\/www.aclanester56.com\/velo\/wp-json\/wp\/v2\/posts\/41110\/revisions"}],"predecessor-version":[{"id":41114,"href":"https:\/\/www.aclanester56.com\/velo\/wp-json\/wp\/v2\/posts\/41110\/revisions\/41114"}],"wp:featuredmedia":[{"embeddable":true,"href":"https:\/\/www.aclanester56.com\/velo\/wp-json\/wp\/v2\/media\/41112"}],"wp:attachment":[{"href":"https:\/\/www.aclanester56.com\/velo\/wp-json\/wp\/v2\/media?parent=41110"}],"wp:term":[{"taxonomy":"category","embeddable":true,"href":"https:\/\/www.aclanester56.com\/velo\/wp-json\/wp\/v2\/categories?post=41110"},{"taxonomy":"post_tag","embeddable":true,"href":"https:\/\/www.aclanester56.com\/velo\/wp-json\/wp\/v2\/tags?post=41110"}],"curies":[{"name":"wp","href":"https:\/\/api.w.org\/{rel}","templated":true}]}}