{"id":41179,"date":"2021-02-21T19:35:39","date_gmt":"2021-02-21T17:35:39","guid":{"rendered":"https:\/\/www.aclanester56.com\/velo\/?p=41179"},"modified":"2021-02-21T19:48:29","modified_gmt":"2021-02-21T17:48:29","slug":"nouvelle-saison-nouveau-maillot","status":"publish","type":"post","link":"https:\/\/www.aclanester56.com\/velo\/nouvelle-saison-nouveau-maillot\/","title":{"rendered":"Nouvelle saison  : Nouveau maillot !"},"content":{"rendered":"<p>L&rsquo;AC Lanester 56 Formation d\u00e9voile un nouveau maillot pour la saison 2021. A forte dominante orange, avec sur le bas un d\u00e9grad\u00e9 noir, celui-ci se veut plus moderne et offre une grande visibilit\u00e9 pour nos partenaires.<br \/>\n<!--more--><br \/>\nParmi nos nouveaux soutiens, nous sommes heureux d&rsquo;accueillir<br \/>\nles soci\u00e9t\u00e9s Wibak, courtier en assurances,<br \/>\nCabinet BLC &amp; Associ\u00e9s, gestion de patrimoine, et MC KAY COUVERTURE, couverture et isolation de b\u00e2timents.<br \/>\nLa Ville de Lanester continue \u00e0 nous soutenir dans la formation des jeunes et dans l&rsquo;organisation de nos manifestations. Nous remercions \u00e9galement nos fid\u00e8les partenaires, qui renouvellent leur engagement \u00e0 nos c\u00f4t\u00e9s :<br \/>\nles magasins LAPEYRE de Lorient et Vannes,<br \/>\nle loueur de v\u00e9hicules RENTSCAPE,<br \/>\nla banque Cr\u00e9dit Mutuel de Bretagne,<br \/>\nle magasin de cycles Giant Store Hennebont,<br \/>\nle cabinet de gestion FIMOREC,<br \/>\nles Transports Poulain<br \/>\net l&rsquo;agence BRUNET-SNERE de Lorient.<\/p>\n<p>Ce maillot sera d&rsquo;abord port\u00e9 en 2021 par les coureurs du niveau \u00ab\u00a0Comp\u00e9tition\u00a0\u00bb, notamment les nouveaux arriv\u00e9s : Leila Justum, Servann Prot, Clarisse Tonnerre, Timoth\u00e9e Guidec, Axel Justum, Hugo Le Bail, Pac\u00f4me Poignant, Emilien Ruaud, Victor St\u00e9vant, Quentin Tanguy, Louison Tr\u00e9gouet. Ce maillot habillera \u00e9galement nos jeunes pousses d\u00e8s 2022.<br \/>\nAu rayon des organisations, l&rsquo;AC Lanester 56 Formation sera \u00e0 nouveau actif en 2021 :<br \/>\nNous avons candidat\u00e9 pour l&rsquo;accueil du Troph\u00e9e D\u00e9partemental des Ecoles de v\u00e9lo fin avril.<br \/>\nNous recevrons l&rsquo;arriv\u00e9e d&rsquo;une \u00e9tape de l&rsquo;Essor Breton le 7 mai.<br \/>\nLe traditionnel Grand Prix Cycliste de la Ville de Lanester aura lieu le mercredi 30 juin, deux jours apr\u00e8s le passage du Tour de France \u00e0 Lanester.<\/p>\n<p>Et d\u00e8s que la situation sanitaire le permettra, nous programmerons les Samedis Pop&rsquo; en accord avec les clubs locaux.<br \/>\nEn route pour 2021 !<\/p>\n<div class=\"wrapped_video\"><\/div>\n<div class=\"wrapped_video\"><\/div>\n","protected":false},"excerpt":{"rendered":"<p>L&rsquo;AC Lanester 56 Formation d\u00e9voile un nouveau maillot pour la saison 2021. A forte dominante orange, avec sur le bas [&hellip;]<\/p>\n","protected":false},"author":2,"featured_media":41181,"comment_status":"open","ping_status":"open","sticky":false,"template":"","format":"standard","meta":{"ngg_post_thumbnail":0,"footnotes":""},"categories":[5],"tags":[],"class_list":["post-41179","post","type-post","status-publish","format-standard","has-post-thumbnail","hentry","category-ac-lanester-56"],"yoast_head":"<!-- This site is optimized with the Yoast SEO plugin v27.4 - https:\/\/yoast.com\/product\/yoast-seo-wordpress\/ -->\n<title>Nouvelle saison : Nouveau maillot ! - Avenir Cycliste Lanester 56<\/title>\n<meta name=\"robots\" content=\"index, follow, max-snippet:-1, max-image-preview:large, max-video-preview:-1\" \/>\n<link rel=\"canonical\" href=\"https:\/\/www.aclanester56.com\/velo\/nouvelle-saison-nouveau-maillot\/\" \/>\n<meta property=\"og:locale\" content=\"fr_FR\" \/>\n<meta property=\"og:type\" content=\"article\" \/>\n<meta property=\"og:title\" content=\"Nouvelle saison : Nouveau maillot ! - Avenir Cycliste Lanester 56\" \/>\n<meta property=\"og:description\" content=\"L&rsquo;AC Lanester 56 Formation d\u00e9voile un nouveau maillot pour la saison 2021. A forte dominante orange, avec sur le bas [&hellip;]\" \/>\n<meta property=\"og:url\" content=\"https:\/\/www.aclanester56.com\/velo\/nouvelle-saison-nouveau-maillot\/\" \/>\n<meta property=\"og:site_name\" content=\"Avenir Cycliste Lanester 56\" \/>\n<meta property=\"article:publisher\" content=\"https:\/\/www.facebook.com\/pages\/AC-Lanester-56\/190286300991242?fref=ts\" \/>\n<meta property=\"article:published_time\" content=\"2021-02-21T17:35:39+00:00\" \/>\n<meta property=\"article:modified_time\" content=\"2021-02-21T17:48:29+00:00\" \/>\n<meta property=\"og:image\" content=\"https:\/\/www.aclanester56.com\/velo\/wp-content\/uploads\/2021\/02\/nouveau-maillot-2021-ACLANESTER56.jpg\" \/>\n\t<meta property=\"og:image:width\" content=\"1997\" \/>\n\t<meta property=\"og:image:height\" content=\"1063\" \/>\n\t<meta property=\"og:image:type\" content=\"image\/jpeg\" \/>\n<meta name=\"author\" content=\"stephane\" \/>\n<meta name=\"twitter:label1\" content=\"\u00c9crit par\" \/>\n\t<meta name=\"twitter:data1\" content=\"stephane\" \/>\n\t<meta name=\"twitter:label2\" content=\"Dur\u00e9e de lecture estim\u00e9e\" \/>\n\t<meta name=\"twitter:data2\" content=\"2 minutes\" \/>\n<script type=\"application\/ld+json\" class=\"yoast-schema-graph\">{\"@context\":\"https:\\\/\\\/schema.org\",\"@graph\":[{\"@type\":\"Article\",\"@id\":\"https:\\\/\\\/www.aclanester56.com\\\/velo\\\/nouvelle-saison-nouveau-maillot\\\/#article\",\"isPartOf\":{\"@id\":\"https:\\\/\\\/www.aclanester56.com\\\/velo\\\/nouvelle-saison-nouveau-maillot\\\/\"},\"author\":{\"name\":\"stephane\",\"@id\":\"https:\\\/\\\/www.aclanester56.com\\\/velo\\\/#\\\/schema\\\/person\\\/c844661e64a578ca46639cb0ae764de6\"},\"headline\":\"Nouvelle saison : Nouveau maillot !\",\"datePublished\":\"2021-02-21T17:35:39+00:00\",\"dateModified\":\"2021-02-21T17:48:29+00:00\",\"mainEntityOfPage\":{\"@id\":\"https:\\\/\\\/www.aclanester56.com\\\/velo\\\/nouvelle-saison-nouveau-maillot\\\/\"},\"wordCount\":312,\"commentCount\":0,\"publisher\":{\"@id\":\"https:\\\/\\\/www.aclanester56.com\\\/velo\\\/#organization\"},\"image\":{\"@id\":\"https:\\\/\\\/www.aclanester56.com\\\/velo\\\/nouvelle-saison-nouveau-maillot\\\/#primaryimage\"},\"thumbnailUrl\":\"https:\\\/\\\/www.aclanester56.com\\\/velo\\\/wp-content\\\/uploads\\\/2021\\\/02\\\/nouveau-maillot-2021-ACLANESTER56.jpg\",\"articleSection\":[\"AC LANESTER 56\"],\"inLanguage\":\"fr-FR\",\"potentialAction\":[{\"@type\":\"CommentAction\",\"name\":\"Comment\",\"target\":[\"https:\\\/\\\/www.aclanester56.com\\\/velo\\\/nouvelle-saison-nouveau-maillot\\\/#respond\"]}]},{\"@type\":\"WebPage\",\"@id\":\"https:\\\/\\\/www.aclanester56.com\\\/velo\\\/nouvelle-saison-nouveau-maillot\\\/\",\"url\":\"https:\\\/\\\/www.aclanester56.com\\\/velo\\\/nouvelle-saison-nouveau-maillot\\\/\",\"name\":\"Nouvelle saison : Nouveau maillot ! - Avenir Cycliste Lanester 56\",\"isPartOf\":{\"@id\":\"https:\\\/\\\/www.aclanester56.com\\\/velo\\\/#website\"},\"primaryImageOfPage\":{\"@id\":\"https:\\\/\\\/www.aclanester56.com\\\/velo\\\/nouvelle-saison-nouveau-maillot\\\/#primaryimage\"},\"image\":{\"@id\":\"https:\\\/\\\/www.aclanester56.com\\\/velo\\\/nouvelle-saison-nouveau-maillot\\\/#primaryimage\"},\"thumbnailUrl\":\"https:\\\/\\\/www.aclanester56.com\\\/velo\\\/wp-content\\\/uploads\\\/2021\\\/02\\\/nouveau-maillot-2021-ACLANESTER56.jpg\",\"datePublished\":\"2021-02-21T17:35:39+00:00\",\"dateModified\":\"2021-02-21T17:48:29+00:00\",\"inLanguage\":\"fr-FR\",\"potentialAction\":[{\"@type\":\"ReadAction\",\"target\":[\"https:\\\/\\\/www.aclanester56.com\\\/velo\\\/nouvelle-saison-nouveau-maillot\\\/\"]}]},{\"@type\":\"ImageObject\",\"inLanguage\":\"fr-FR\",\"@id\":\"https:\\\/\\\/www.aclanester56.com\\\/velo\\\/nouvelle-saison-nouveau-maillot\\\/#primaryimage\",\"url\":\"https:\\\/\\\/www.aclanester56.com\\\/velo\\\/wp-content\\\/uploads\\\/2021\\\/02\\\/nouveau-maillot-2021-ACLANESTER56.jpg\",\"contentUrl\":\"https:\\\/\\\/www.aclanester56.com\\\/velo\\\/wp-content\\\/uploads\\\/2021\\\/02\\\/nouveau-maillot-2021-ACLANESTER56.jpg\",\"width\":1997,\"height\":1063},{\"@type\":\"WebSite\",\"@id\":\"https:\\\/\\\/www.aclanester56.com\\\/velo\\\/#website\",\"url\":\"https:\\\/\\\/www.aclanester56.com\\\/velo\\\/\",\"name\":\"Avenir Cycliste Lanester 56\",\"description\":\"Club cycliste de l&#039;AC LANESTER 56\",\"publisher\":{\"@id\":\"https:\\\/\\\/www.aclanester56.com\\\/velo\\\/#organization\"},\"potentialAction\":[{\"@type\":\"SearchAction\",\"target\":{\"@type\":\"EntryPoint\",\"urlTemplate\":\"https:\\\/\\\/www.aclanester56.com\\\/velo\\\/?s={search_term_string}\"},\"query-input\":{\"@type\":\"PropertyValueSpecification\",\"valueRequired\":true,\"valueName\":\"search_term_string\"}}],\"inLanguage\":\"fr-FR\"},{\"@type\":\"Organization\",\"@id\":\"https:\\\/\\\/www.aclanester56.com\\\/velo\\\/#organization\",\"name\":\"Avenir Cycliste Lanester 56\",\"url\":\"https:\\\/\\\/www.aclanester56.com\\\/velo\\\/\",\"logo\":{\"@type\":\"ImageObject\",\"inLanguage\":\"fr-FR\",\"@id\":\"https:\\\/\\\/www.aclanester56.com\\\/velo\\\/#\\\/schema\\\/logo\\\/image\\\/\",\"url\":\"https:\\\/\\\/www.aclanester56.com\\\/velo\\\/wp-content\\\/uploads\\\/2013\\\/04\\\/logo-ACL.jpg\",\"contentUrl\":\"https:\\\/\\\/www.aclanester56.com\\\/velo\\\/wp-content\\\/uploads\\\/2013\\\/04\\\/logo-ACL.jpg\",\"width\":400,\"height\":334,\"caption\":\"Avenir Cycliste Lanester 56\"},\"image\":{\"@id\":\"https:\\\/\\\/www.aclanester56.com\\\/velo\\\/#\\\/schema\\\/logo\\\/image\\\/\"},\"sameAs\":[\"https:\\\/\\\/www.facebook.com\\\/pages\\\/AC-Lanester-56\\\/190286300991242?fref=ts\"]},{\"@type\":\"Person\",\"@id\":\"https:\\\/\\\/www.aclanester56.com\\\/velo\\\/#\\\/schema\\\/person\\\/c844661e64a578ca46639cb0ae764de6\",\"name\":\"stephane\",\"url\":\"https:\\\/\\\/www.aclanester56.com\\\/velo\\\/author\\\/stephane\\\/\"}]}<\/script>\n<!-- \/ Yoast SEO plugin. -->","yoast_head_json":{"title":"Nouvelle saison : Nouveau maillot ! - Avenir Cycliste Lanester 56","robots":{"index":"index","follow":"follow","max-snippet":"max-snippet:-1","max-image-preview":"max-image-preview:large","max-video-preview":"max-video-preview:-1"},"canonical":"https:\/\/www.aclanester56.com\/velo\/nouvelle-saison-nouveau-maillot\/","og_locale":"fr_FR","og_type":"article","og_title":"Nouvelle saison : Nouveau maillot ! - Avenir Cycliste Lanester 56","og_description":"L&rsquo;AC Lanester 56 Formation d\u00e9voile un nouveau maillot pour la saison 2021. A forte dominante orange, avec sur le bas [&hellip;]","og_url":"https:\/\/www.aclanester56.com\/velo\/nouvelle-saison-nouveau-maillot\/","og_site_name":"Avenir Cycliste Lanester 56","article_publisher":"https:\/\/www.facebook.com\/pages\/AC-Lanester-56\/190286300991242?fref=ts","article_published_time":"2021-02-21T17:35:39+00:00","article_modified_time":"2021-02-21T17:48:29+00:00","og_image":[{"width":1997,"height":1063,"url":"https:\/\/www.aclanester56.com\/velo\/wp-content\/uploads\/2021\/02\/nouveau-maillot-2021-ACLANESTER56.jpg","type":"image\/jpeg"}],"author":"stephane","twitter_misc":{"\u00c9crit par":"stephane","Dur\u00e9e de lecture estim\u00e9e":"2 minutes"},"schema":{"@context":"https:\/\/schema.org","@graph":[{"@type":"Article","@id":"https:\/\/www.aclanester56.com\/velo\/nouvelle-saison-nouveau-maillot\/#article","isPartOf":{"@id":"https:\/\/www.aclanester56.com\/velo\/nouvelle-saison-nouveau-maillot\/"},"author":{"name":"stephane","@id":"https:\/\/www.aclanester56.com\/velo\/#\/schema\/person\/c844661e64a578ca46639cb0ae764de6"},"headline":"Nouvelle saison : Nouveau maillot !","datePublished":"2021-02-21T17:35:39+00:00","dateModified":"2021-02-21T17:48:29+00:00","mainEntityOfPage":{"@id":"https:\/\/www.aclanester56.com\/velo\/nouvelle-saison-nouveau-maillot\/"},"wordCount":312,"commentCount":0,"publisher":{"@id":"https:\/\/www.aclanester56.com\/velo\/#organization"},"image":{"@id":"https:\/\/www.aclanester56.com\/velo\/nouvelle-saison-nouveau-maillot\/#primaryimage"},"thumbnailUrl":"https:\/\/www.aclanester56.com\/velo\/wp-content\/uploads\/2021\/02\/nouveau-maillot-2021-ACLANESTER56.jpg","articleSection":["AC LANESTER 56"],"inLanguage":"fr-FR","potentialAction":[{"@type":"CommentAction","name":"Comment","target":["https:\/\/www.aclanester56.com\/velo\/nouvelle-saison-nouveau-maillot\/#respond"]}]},{"@type":"WebPage","@id":"https:\/\/www.aclanester56.com\/velo\/nouvelle-saison-nouveau-maillot\/","url":"https:\/\/www.aclanester56.com\/velo\/nouvelle-saison-nouveau-maillot\/","name":"Nouvelle saison : Nouveau maillot ! - Avenir Cycliste Lanester 56","isPartOf":{"@id":"https:\/\/www.aclanester56.com\/velo\/#website"},"primaryImageOfPage":{"@id":"https:\/\/www.aclanester56.com\/velo\/nouvelle-saison-nouveau-maillot\/#primaryimage"},"image":{"@id":"https:\/\/www.aclanester56.com\/velo\/nouvelle-saison-nouveau-maillot\/#primaryimage"},"thumbnailUrl":"https:\/\/www.aclanester56.com\/velo\/wp-content\/uploads\/2021\/02\/nouveau-maillot-2021-ACLANESTER56.jpg","datePublished":"2021-02-21T17:35:39+00:00","dateModified":"2021-02-21T17:48:29+00:00","inLanguage":"fr-FR","potentialAction":[{"@type":"ReadAction","target":["https:\/\/www.aclanester56.com\/velo\/nouvelle-saison-nouveau-maillot\/"]}]},{"@type":"ImageObject","inLanguage":"fr-FR","@id":"https:\/\/www.aclanester56.com\/velo\/nouvelle-saison-nouveau-maillot\/#primaryimage","url":"https:\/\/www.aclanester56.com\/velo\/wp-content\/uploads\/2021\/02\/nouveau-maillot-2021-ACLANESTER56.jpg","contentUrl":"https:\/\/www.aclanester56.com\/velo\/wp-content\/uploads\/2021\/02\/nouveau-maillot-2021-ACLANESTER56.jpg","width":1997,"height":1063},{"@type":"WebSite","@id":"https:\/\/www.aclanester56.com\/velo\/#website","url":"https:\/\/www.aclanester56.com\/velo\/","name":"Avenir Cycliste Lanester 56","description":"Club cycliste de l&#039;AC LANESTER 56","publisher":{"@id":"https:\/\/www.aclanester56.com\/velo\/#organization"},"potentialAction":[{"@type":"SearchAction","target":{"@type":"EntryPoint","urlTemplate":"https:\/\/www.aclanester56.com\/velo\/?s={search_term_string}"},"query-input":{"@type":"PropertyValueSpecification","valueRequired":true,"valueName":"search_term_string"}}],"inLanguage":"fr-FR"},{"@type":"Organization","@id":"https:\/\/www.aclanester56.com\/velo\/#organization","name":"Avenir Cycliste Lanester 56","url":"https:\/\/www.aclanester56.com\/velo\/","logo":{"@type":"ImageObject","inLanguage":"fr-FR","@id":"https:\/\/www.aclanester56.com\/velo\/#\/schema\/logo\/image\/","url":"https:\/\/www.aclanester56.com\/velo\/wp-content\/uploads\/2013\/04\/logo-ACL.jpg","contentUrl":"https:\/\/www.aclanester56.com\/velo\/wp-content\/uploads\/2013\/04\/logo-ACL.jpg","width":400,"height":334,"caption":"Avenir Cycliste Lanester 56"},"image":{"@id":"https:\/\/www.aclanester56.com\/velo\/#\/schema\/logo\/image\/"},"sameAs":["https:\/\/www.facebook.com\/pages\/AC-Lanester-56\/190286300991242?fref=ts"]},{"@type":"Person","@id":"https:\/\/www.aclanester56.com\/velo\/#\/schema\/person\/c844661e64a578ca46639cb0ae764de6","name":"stephane","url":"https:\/\/www.aclanester56.com\/velo\/author\/stephane\/"}]}},"_links":{"self":[{"href":"https:\/\/www.aclanester56.com\/velo\/wp-json\/wp\/v2\/posts\/41179","targetHints":{"allow":["GET"]}}],"collection":[{"href":"https:\/\/www.aclanester56.com\/velo\/wp-json\/wp\/v2\/posts"}],"about":[{"href":"https:\/\/www.aclanester56.com\/velo\/wp-json\/wp\/v2\/types\/post"}],"author":[{"embeddable":true,"href":"https:\/\/www.aclanester56.com\/velo\/wp-json\/wp\/v2\/users\/2"}],"replies":[{"embeddable":true,"href":"https:\/\/www.aclanester56.com\/velo\/wp-json\/wp\/v2\/comments?post=41179"}],"version-history":[{"count":3,"href":"https:\/\/www.aclanester56.com\/velo\/wp-json\/wp\/v2\/posts\/41179\/revisions"}],"predecessor-version":[{"id":41188,"href":"https:\/\/www.aclanester56.com\/velo\/wp-json\/wp\/v2\/posts\/41179\/revisions\/41188"}],"wp:featuredmedia":[{"embeddable":true,"href":"https:\/\/www.aclanester56.com\/velo\/wp-json\/wp\/v2\/media\/41181"}],"wp:attachment":[{"href":"https:\/\/www.aclanester56.com\/velo\/wp-json\/wp\/v2\/media?parent=41179"}],"wp:term":[{"taxonomy":"category","embeddable":true,"href":"https:\/\/www.aclanester56.com\/velo\/wp-json\/wp\/v2\/categories?post=41179"},{"taxonomy":"post_tag","embeddable":true,"href":"https:\/\/www.aclanester56.com\/velo\/wp-json\/wp\/v2\/tags?post=41179"}],"curies":[{"name":"wp","href":"https:\/\/api.w.org\/{rel}","templated":true}]}}