{"id":41675,"date":"2021-07-01T12:27:22","date_gmt":"2021-07-01T10:27:22","guid":{"rendered":"https:\/\/www.aclanester56.com\/velo\/?p=41675"},"modified":"2021-07-27T12:27:51","modified_gmt":"2021-07-27T10:27:51","slug":"30eme-grand-prix-de-la-ville-de-lanester-les-photos","status":"publish","type":"post","link":"https:\/\/www.aclanester56.com\/velo\/30eme-grand-prix-de-la-ville-de-lanester-les-photos\/","title":{"rendered":"30\u00e8me Grand Prix de la Ville de Lanester  : Les photos  !"},"content":{"rendered":"<p>&nbsp;<\/p>\n<p><!--more--><\/p>\n<p style=\"text-align: justify;\">Apres les classements, voici quelques photos prises le long du circuit de 3,5 kms que les coureurs ont emprunt\u00e9 26 fois. D&rsquo;apr\u00e8s les diff\u00e9rents retours, le circuit a \u00e9t\u00e9 consid\u00e9r\u00e9 comme \u00ab\u00a0magnifique\u00a0\u00bb, \u00ab\u00a0roulant\u00a0\u00bb et \u00ab\u00a0s\u00e9curis\u00e9\u00a0\u00bb ! La course a \u00e9t\u00e9 de toute beaut\u00e9 avec une superbe victoire de Jean-Louis Le Ny.<\/p>\n<p style=\"text-align: justify;\">Un immense MERCI encore aux b\u00e9n\u00e9voles, notamment ceux qui ont \u0153uvr\u00e9 pour s\u00e9curiser le circuit tout en assurant la circulation des riverains, sans oublier toutes les personnes qui \u0153uvrent dans l&rsquo;ombre \u00e0 la r\u00e9ussite de cette belle \u00e9preuve.<\/p>\n<p style=\"text-align: justify;\">Enfin, une pens\u00e9e toute particuli\u00e8re pour notre ami Alain Raude, grand b\u00e9n\u00e9vole du club, qui nous a quitt\u00e9s il y a quelques jours, et qui a qui le peloton a rendu hommage au d\u00e9part de l&rsquo;\u00e9preuve.<\/p>\n<p>&nbsp;<\/p>\nngg_shortcode_0_placeholder\n","protected":false},"excerpt":{"rendered":"<p>&nbsp;<\/p>\n","protected":false},"author":2,"featured_media":41676,"comment_status":"open","ping_status":"open","sticky":false,"template":"","format":"standard","meta":{"ngg_post_thumbnail":0,"footnotes":""},"categories":[5],"tags":[],"class_list":["post-41675","post","type-post","status-publish","format-standard","has-post-thumbnail","hentry","category-ac-lanester-56"],"yoast_head":"<!-- This site is optimized with the Yoast SEO plugin v27.4 - https:\/\/yoast.com\/product\/yoast-seo-wordpress\/ -->\n<title>30\u00e8me Grand Prix de la Ville de Lanester : Les photos ! - Avenir Cycliste Lanester 56<\/title>\n<meta name=\"robots\" content=\"index, follow, max-snippet:-1, max-image-preview:large, max-video-preview:-1\" \/>\n<link rel=\"canonical\" href=\"https:\/\/www.aclanester56.com\/velo\/30eme-grand-prix-de-la-ville-de-lanester-les-photos\/\" \/>\n<meta property=\"og:locale\" content=\"fr_FR\" \/>\n<meta property=\"og:type\" content=\"article\" \/>\n<meta property=\"og:title\" content=\"30\u00e8me Grand Prix de la Ville de Lanester : Les photos ! - Avenir Cycliste Lanester 56\" \/>\n<meta property=\"og:description\" content=\"&nbsp;\" \/>\n<meta property=\"og:url\" content=\"https:\/\/www.aclanester56.com\/velo\/30eme-grand-prix-de-la-ville-de-lanester-les-photos\/\" \/>\n<meta property=\"og:site_name\" content=\"Avenir Cycliste Lanester 56\" \/>\n<meta property=\"article:publisher\" content=\"https:\/\/www.facebook.com\/pages\/AC-Lanester-56\/190286300991242?fref=ts\" \/>\n<meta property=\"article:published_time\" content=\"2021-07-01T10:27:22+00:00\" \/>\n<meta property=\"article:modified_time\" content=\"2021-07-27T10:27:51+00:00\" \/>\n<meta property=\"og:image\" content=\"https:\/\/www.aclanester56.com\/velo\/wp-content\/uploads\/2021\/07\/30eme-GP-ACL56-30-06-2021-011.jpg\" \/>\n\t<meta property=\"og:image:width\" content=\"1152\" \/>\n\t<meta property=\"og:image:height\" content=\"768\" \/>\n\t<meta property=\"og:image:type\" content=\"image\/jpeg\" \/>\n<meta name=\"author\" content=\"stephane\" \/>\n<meta name=\"twitter:label1\" content=\"\u00c9crit par\" \/>\n\t<meta name=\"twitter:data1\" content=\"stephane\" \/>\n\t<meta name=\"twitter:label2\" content=\"Dur\u00e9e de lecture estim\u00e9e\" \/>\n\t<meta name=\"twitter:data2\" content=\"1 minute\" \/>\n<script type=\"application\/ld+json\" class=\"yoast-schema-graph\">{\"@context\":\"https:\\\/\\\/schema.org\",\"@graph\":[{\"@type\":\"Article\",\"@id\":\"https:\\\/\\\/www.aclanester56.com\\\/velo\\\/30eme-grand-prix-de-la-ville-de-lanester-les-photos\\\/#article\",\"isPartOf\":{\"@id\":\"https:\\\/\\\/www.aclanester56.com\\\/velo\\\/30eme-grand-prix-de-la-ville-de-lanester-les-photos\\\/\"},\"author\":{\"name\":\"stephane\",\"@id\":\"https:\\\/\\\/www.aclanester56.com\\\/velo\\\/#\\\/schema\\\/person\\\/c844661e64a578ca46639cb0ae764de6\"},\"headline\":\"30\u00e8me Grand Prix de la Ville de Lanester : Les photos !\",\"datePublished\":\"2021-07-01T10:27:22+00:00\",\"dateModified\":\"2021-07-27T10:27:51+00:00\",\"mainEntityOfPage\":{\"@id\":\"https:\\\/\\\/www.aclanester56.com\\\/velo\\\/30eme-grand-prix-de-la-ville-de-lanester-les-photos\\\/\"},\"wordCount\":158,\"commentCount\":0,\"publisher\":{\"@id\":\"https:\\\/\\\/www.aclanester56.com\\\/velo\\\/#organization\"},\"image\":{\"@id\":\"https:\\\/\\\/www.aclanester56.com\\\/velo\\\/30eme-grand-prix-de-la-ville-de-lanester-les-photos\\\/#primaryimage\"},\"thumbnailUrl\":\"https:\\\/\\\/www.aclanester56.com\\\/velo\\\/wp-content\\\/uploads\\\/2021\\\/07\\\/30eme-GP-ACL56-30-06-2021-011.jpg\",\"articleSection\":[\"AC LANESTER 56\"],\"inLanguage\":\"fr-FR\",\"potentialAction\":[{\"@type\":\"CommentAction\",\"name\":\"Comment\",\"target\":[\"https:\\\/\\\/www.aclanester56.com\\\/velo\\\/30eme-grand-prix-de-la-ville-de-lanester-les-photos\\\/#respond\"]}]},{\"@type\":\"WebPage\",\"@id\":\"https:\\\/\\\/www.aclanester56.com\\\/velo\\\/30eme-grand-prix-de-la-ville-de-lanester-les-photos\\\/\",\"url\":\"https:\\\/\\\/www.aclanester56.com\\\/velo\\\/30eme-grand-prix-de-la-ville-de-lanester-les-photos\\\/\",\"name\":\"30\u00e8me Grand Prix de la Ville de Lanester : Les photos ! - Avenir Cycliste Lanester 56\",\"isPartOf\":{\"@id\":\"https:\\\/\\\/www.aclanester56.com\\\/velo\\\/#website\"},\"primaryImageOfPage\":{\"@id\":\"https:\\\/\\\/www.aclanester56.com\\\/velo\\\/30eme-grand-prix-de-la-ville-de-lanester-les-photos\\\/#primaryimage\"},\"image\":{\"@id\":\"https:\\\/\\\/www.aclanester56.com\\\/velo\\\/30eme-grand-prix-de-la-ville-de-lanester-les-photos\\\/#primaryimage\"},\"thumbnailUrl\":\"https:\\\/\\\/www.aclanester56.com\\\/velo\\\/wp-content\\\/uploads\\\/2021\\\/07\\\/30eme-GP-ACL56-30-06-2021-011.jpg\",\"datePublished\":\"2021-07-01T10:27:22+00:00\",\"dateModified\":\"2021-07-27T10:27:51+00:00\",\"inLanguage\":\"fr-FR\",\"potentialAction\":[{\"@type\":\"ReadAction\",\"target\":[\"https:\\\/\\\/www.aclanester56.com\\\/velo\\\/30eme-grand-prix-de-la-ville-de-lanester-les-photos\\\/\"]}]},{\"@type\":\"ImageObject\",\"inLanguage\":\"fr-FR\",\"@id\":\"https:\\\/\\\/www.aclanester56.com\\\/velo\\\/30eme-grand-prix-de-la-ville-de-lanester-les-photos\\\/#primaryimage\",\"url\":\"https:\\\/\\\/www.aclanester56.com\\\/velo\\\/wp-content\\\/uploads\\\/2021\\\/07\\\/30eme-GP-ACL56-30-06-2021-011.jpg\",\"contentUrl\":\"https:\\\/\\\/www.aclanester56.com\\\/velo\\\/wp-content\\\/uploads\\\/2021\\\/07\\\/30eme-GP-ACL56-30-06-2021-011.jpg\",\"width\":1152,\"height\":768},{\"@type\":\"WebSite\",\"@id\":\"https:\\\/\\\/www.aclanester56.com\\\/velo\\\/#website\",\"url\":\"https:\\\/\\\/www.aclanester56.com\\\/velo\\\/\",\"name\":\"Avenir Cycliste Lanester 56\",\"description\":\"Club cycliste de l&#039;AC LANESTER 56\",\"publisher\":{\"@id\":\"https:\\\/\\\/www.aclanester56.com\\\/velo\\\/#organization\"},\"potentialAction\":[{\"@type\":\"SearchAction\",\"target\":{\"@type\":\"EntryPoint\",\"urlTemplate\":\"https:\\\/\\\/www.aclanester56.com\\\/velo\\\/?s={search_term_string}\"},\"query-input\":{\"@type\":\"PropertyValueSpecification\",\"valueRequired\":true,\"valueName\":\"search_term_string\"}}],\"inLanguage\":\"fr-FR\"},{\"@type\":\"Organization\",\"@id\":\"https:\\\/\\\/www.aclanester56.com\\\/velo\\\/#organization\",\"name\":\"Avenir Cycliste Lanester 56\",\"url\":\"https:\\\/\\\/www.aclanester56.com\\\/velo\\\/\",\"logo\":{\"@type\":\"ImageObject\",\"inLanguage\":\"fr-FR\",\"@id\":\"https:\\\/\\\/www.aclanester56.com\\\/velo\\\/#\\\/schema\\\/logo\\\/image\\\/\",\"url\":\"https:\\\/\\\/www.aclanester56.com\\\/velo\\\/wp-content\\\/uploads\\\/2013\\\/04\\\/logo-ACL.jpg\",\"contentUrl\":\"https:\\\/\\\/www.aclanester56.com\\\/velo\\\/wp-content\\\/uploads\\\/2013\\\/04\\\/logo-ACL.jpg\",\"width\":400,\"height\":334,\"caption\":\"Avenir Cycliste Lanester 56\"},\"image\":{\"@id\":\"https:\\\/\\\/www.aclanester56.com\\\/velo\\\/#\\\/schema\\\/logo\\\/image\\\/\"},\"sameAs\":[\"https:\\\/\\\/www.facebook.com\\\/pages\\\/AC-Lanester-56\\\/190286300991242?fref=ts\"]},{\"@type\":\"Person\",\"@id\":\"https:\\\/\\\/www.aclanester56.com\\\/velo\\\/#\\\/schema\\\/person\\\/c844661e64a578ca46639cb0ae764de6\",\"name\":\"stephane\",\"url\":\"https:\\\/\\\/www.aclanester56.com\\\/velo\\\/author\\\/stephane\\\/\"}]}<\/script>\n<!-- \/ Yoast SEO plugin. -->","yoast_head_json":{"title":"30\u00e8me Grand Prix de la Ville de Lanester : Les photos ! - Avenir Cycliste Lanester 56","robots":{"index":"index","follow":"follow","max-snippet":"max-snippet:-1","max-image-preview":"max-image-preview:large","max-video-preview":"max-video-preview:-1"},"canonical":"https:\/\/www.aclanester56.com\/velo\/30eme-grand-prix-de-la-ville-de-lanester-les-photos\/","og_locale":"fr_FR","og_type":"article","og_title":"30\u00e8me Grand Prix de la Ville de Lanester : Les photos ! - Avenir Cycliste Lanester 56","og_description":"&nbsp;","og_url":"https:\/\/www.aclanester56.com\/velo\/30eme-grand-prix-de-la-ville-de-lanester-les-photos\/","og_site_name":"Avenir Cycliste Lanester 56","article_publisher":"https:\/\/www.facebook.com\/pages\/AC-Lanester-56\/190286300991242?fref=ts","article_published_time":"2021-07-01T10:27:22+00:00","article_modified_time":"2021-07-27T10:27:51+00:00","og_image":[{"width":1152,"height":768,"url":"https:\/\/www.aclanester56.com\/velo\/wp-content\/uploads\/2021\/07\/30eme-GP-ACL56-30-06-2021-011.jpg","type":"image\/jpeg"}],"author":"stephane","twitter_misc":{"\u00c9crit par":"stephane","Dur\u00e9e de lecture estim\u00e9e":"1 minute"},"schema":{"@context":"https:\/\/schema.org","@graph":[{"@type":"Article","@id":"https:\/\/www.aclanester56.com\/velo\/30eme-grand-prix-de-la-ville-de-lanester-les-photos\/#article","isPartOf":{"@id":"https:\/\/www.aclanester56.com\/velo\/30eme-grand-prix-de-la-ville-de-lanester-les-photos\/"},"author":{"name":"stephane","@id":"https:\/\/www.aclanester56.com\/velo\/#\/schema\/person\/c844661e64a578ca46639cb0ae764de6"},"headline":"30\u00e8me Grand Prix de la Ville de Lanester : Les photos !","datePublished":"2021-07-01T10:27:22+00:00","dateModified":"2021-07-27T10:27:51+00:00","mainEntityOfPage":{"@id":"https:\/\/www.aclanester56.com\/velo\/30eme-grand-prix-de-la-ville-de-lanester-les-photos\/"},"wordCount":158,"commentCount":0,"publisher":{"@id":"https:\/\/www.aclanester56.com\/velo\/#organization"},"image":{"@id":"https:\/\/www.aclanester56.com\/velo\/30eme-grand-prix-de-la-ville-de-lanester-les-photos\/#primaryimage"},"thumbnailUrl":"https:\/\/www.aclanester56.com\/velo\/wp-content\/uploads\/2021\/07\/30eme-GP-ACL56-30-06-2021-011.jpg","articleSection":["AC LANESTER 56"],"inLanguage":"fr-FR","potentialAction":[{"@type":"CommentAction","name":"Comment","target":["https:\/\/www.aclanester56.com\/velo\/30eme-grand-prix-de-la-ville-de-lanester-les-photos\/#respond"]}]},{"@type":"WebPage","@id":"https:\/\/www.aclanester56.com\/velo\/30eme-grand-prix-de-la-ville-de-lanester-les-photos\/","url":"https:\/\/www.aclanester56.com\/velo\/30eme-grand-prix-de-la-ville-de-lanester-les-photos\/","name":"30\u00e8me Grand Prix de la Ville de Lanester : Les photos ! - Avenir Cycliste Lanester 56","isPartOf":{"@id":"https:\/\/www.aclanester56.com\/velo\/#website"},"primaryImageOfPage":{"@id":"https:\/\/www.aclanester56.com\/velo\/30eme-grand-prix-de-la-ville-de-lanester-les-photos\/#primaryimage"},"image":{"@id":"https:\/\/www.aclanester56.com\/velo\/30eme-grand-prix-de-la-ville-de-lanester-les-photos\/#primaryimage"},"thumbnailUrl":"https:\/\/www.aclanester56.com\/velo\/wp-content\/uploads\/2021\/07\/30eme-GP-ACL56-30-06-2021-011.jpg","datePublished":"2021-07-01T10:27:22+00:00","dateModified":"2021-07-27T10:27:51+00:00","inLanguage":"fr-FR","potentialAction":[{"@type":"ReadAction","target":["https:\/\/www.aclanester56.com\/velo\/30eme-grand-prix-de-la-ville-de-lanester-les-photos\/"]}]},{"@type":"ImageObject","inLanguage":"fr-FR","@id":"https:\/\/www.aclanester56.com\/velo\/30eme-grand-prix-de-la-ville-de-lanester-les-photos\/#primaryimage","url":"https:\/\/www.aclanester56.com\/velo\/wp-content\/uploads\/2021\/07\/30eme-GP-ACL56-30-06-2021-011.jpg","contentUrl":"https:\/\/www.aclanester56.com\/velo\/wp-content\/uploads\/2021\/07\/30eme-GP-ACL56-30-06-2021-011.jpg","width":1152,"height":768},{"@type":"WebSite","@id":"https:\/\/www.aclanester56.com\/velo\/#website","url":"https:\/\/www.aclanester56.com\/velo\/","name":"Avenir Cycliste Lanester 56","description":"Club cycliste de l&#039;AC LANESTER 56","publisher":{"@id":"https:\/\/www.aclanester56.com\/velo\/#organization"},"potentialAction":[{"@type":"SearchAction","target":{"@type":"EntryPoint","urlTemplate":"https:\/\/www.aclanester56.com\/velo\/?s={search_term_string}"},"query-input":{"@type":"PropertyValueSpecification","valueRequired":true,"valueName":"search_term_string"}}],"inLanguage":"fr-FR"},{"@type":"Organization","@id":"https:\/\/www.aclanester56.com\/velo\/#organization","name":"Avenir Cycliste Lanester 56","url":"https:\/\/www.aclanester56.com\/velo\/","logo":{"@type":"ImageObject","inLanguage":"fr-FR","@id":"https:\/\/www.aclanester56.com\/velo\/#\/schema\/logo\/image\/","url":"https:\/\/www.aclanester56.com\/velo\/wp-content\/uploads\/2013\/04\/logo-ACL.jpg","contentUrl":"https:\/\/www.aclanester56.com\/velo\/wp-content\/uploads\/2013\/04\/logo-ACL.jpg","width":400,"height":334,"caption":"Avenir Cycliste Lanester 56"},"image":{"@id":"https:\/\/www.aclanester56.com\/velo\/#\/schema\/logo\/image\/"},"sameAs":["https:\/\/www.facebook.com\/pages\/AC-Lanester-56\/190286300991242?fref=ts"]},{"@type":"Person","@id":"https:\/\/www.aclanester56.com\/velo\/#\/schema\/person\/c844661e64a578ca46639cb0ae764de6","name":"stephane","url":"https:\/\/www.aclanester56.com\/velo\/author\/stephane\/"}]}},"_links":{"self":[{"href":"https:\/\/www.aclanester56.com\/velo\/wp-json\/wp\/v2\/posts\/41675","targetHints":{"allow":["GET"]}}],"collection":[{"href":"https:\/\/www.aclanester56.com\/velo\/wp-json\/wp\/v2\/posts"}],"about":[{"href":"https:\/\/www.aclanester56.com\/velo\/wp-json\/wp\/v2\/types\/post"}],"author":[{"embeddable":true,"href":"https:\/\/www.aclanester56.com\/velo\/wp-json\/wp\/v2\/users\/2"}],"replies":[{"embeddable":true,"href":"https:\/\/www.aclanester56.com\/velo\/wp-json\/wp\/v2\/comments?post=41675"}],"version-history":[{"count":3,"href":"https:\/\/www.aclanester56.com\/velo\/wp-json\/wp\/v2\/posts\/41675\/revisions"}],"predecessor-version":[{"id":41688,"href":"https:\/\/www.aclanester56.com\/velo\/wp-json\/wp\/v2\/posts\/41675\/revisions\/41688"}],"wp:featuredmedia":[{"embeddable":true,"href":"https:\/\/www.aclanester56.com\/velo\/wp-json\/wp\/v2\/media\/41676"}],"wp:attachment":[{"href":"https:\/\/www.aclanester56.com\/velo\/wp-json\/wp\/v2\/media?parent=41675"}],"wp:term":[{"taxonomy":"category","embeddable":true,"href":"https:\/\/www.aclanester56.com\/velo\/wp-json\/wp\/v2\/categories?post=41675"},{"taxonomy":"post_tag","embeddable":true,"href":"https:\/\/www.aclanester56.com\/velo\/wp-json\/wp\/v2\/tags?post=41675"}],"curies":[{"name":"wp","href":"https:\/\/api.w.org\/{rel}","templated":true}]}}