{"id":4171,"date":"2010-09-06T13:24:40","date_gmt":"2010-09-06T12:24:40","guid":{"rendered":"http:\/\/www.aclanester56.com\/velo\/?p=4171"},"modified":"2010-09-22T10:45:30","modified_gmt":"2010-09-22T09:45:30","slug":"tour-du-morbihan-juniors","status":"publish","type":"post","link":"https:\/\/www.aclanester56.com\/velo\/tour-du-morbihan-juniors\/","title":{"rendered":"Tour du Morbihan Juniors 2010"},"content":{"rendered":"<div id=\"attachment_4176\" style=\"width: 410px\" class=\"wp-caption alignleft\"><a href=\"http:\/\/www.aclanester56.com\/velo\/wp-content\/uploads\/2010\/09\/tour-du-morbihan-2010-001-800x600.jpg\" ><img loading=\"lazy\" decoding=\"async\" aria-describedby=\"caption-attachment-4176\" src=\"http:\/\/www.aclanester56.com\/velo\/wp-content\/uploads\/2010\/09\/tour-du-morbihan-2010-001-800x600.jpg\" alt=\"\" title=\"Le Lanest\u00e9rien Anthony Mira, ici \u00e0 droite, a manqu\u00e9 un peu de rythme pour jouer les premiers r\u00f4les sur cette classique nationale juniors\" width=\"400\" height=\"300\" class=\"size-large wp-image-4176\" srcset=\"https:\/\/www.aclanester56.com\/velo\/wp-content\/uploads\/2010\/09\/tour-du-morbihan-2010-001-800x600.jpg 800w, https:\/\/www.aclanester56.com\/velo\/wp-content\/uploads\/2010\/09\/tour-du-morbihan-2010-001-300x225.jpg 300w\" sizes=\"auto, (max-width: 400px) 100vw, 400px\" \/><\/a><p id=\"caption-attachment-4176\" class=\"wp-caption-text\">Le Lanest\u00e9rien Anthony Mira, ici \u00e0 droite, a manqu\u00e9 un peu de rythme pour jouer les premiers r\u00f4les sur cette classique nationale juniors<\/p><\/div>\n<p>Le Tour du Morbihan juniors s&rsquo;est d\u00e9roul\u00e9 hier \u00e0 Kergroix \u00e0 Hennebont. Les coureurs, qui avaient entre 17 et 18 ans, se sont \u00e9lanc\u00e9s sur un circuit de 107.2 kms, avec au programme les c\u00f4tes de Pont-Neuf, Pont-Augan et St-Yves Bubry, avant de monter la redoutable c\u00f4te de Kerpotence \u00e0 plusieurs reprises sur le circuit final. Les Lanest\u00e9riens ont \u00e9t\u00e9 moins en r\u00e9ussite que leur camarade Warren Barguil, victorieux l&rsquo;an pass\u00e9 sur cette \u00e9preuve regroupant quelques uns des meilleurs coureurs de l&rsquo;hexagone, ainsi que des \u00e9quipes \u00e9trang\u00e8res.<\/p>\n<p><!--more--><\/p>\n<p><br class=\"spacer_\" \/><\/p>\n<p>En effet, Anthony Mira et Thomas Le Boucher avaient chacun pris quelques jours de vacances, et n&rsquo;\u00e9taient donc pas dans les meilleurs dispositions pour briller sur cette \u00e9preuve tr\u00e8s relev\u00e9e. Mais cette coupure \u00e9tait n\u00e9cessaire pour ces deux coureurs qui ont \u00e9t\u00e9 pr\u00e9sents toute l&rsquo;ann\u00e9e, et on devrait les revoir sur les podiums avant la fin de la saison.<\/p>\n<div id=\"attachment_4181\" style=\"width: 410px\" class=\"wp-caption alignright\"><a href=\"http:\/\/www.aclanester56.com\/velo\/wp-content\/uploads\/2010\/09\/tour-du-morbihan-2010-002-800x600.jpg\"><img loading=\"lazy\" decoding=\"async\" aria-describedby=\"caption-attachment-4181\" src=\"http:\/\/www.aclanester56.com\/velo\/wp-content\/uploads\/2010\/09\/tour-du-morbihan-2010-002-800x600.jpg\" alt=\"\" title=\"Warren Barguil (AC Lanester 56), ici \u00e0 droite, victorieux l&#039;an pass\u00e9, est venu saluer les juniors au d\u00e9part, dont le champion de France Le Lavandier\" width=\"400\" height=\"300\" class=\"size-large wp-image-4181\" srcset=\"https:\/\/www.aclanester56.com\/velo\/wp-content\/uploads\/2010\/09\/tour-du-morbihan-2010-002-800x600.jpg 800w, https:\/\/www.aclanester56.com\/velo\/wp-content\/uploads\/2010\/09\/tour-du-morbihan-2010-002-300x225.jpg 300w\" sizes=\"auto, (max-width: 400px) 100vw, 400px\" \/><\/a><p id=\"caption-attachment-4181\" class=\"wp-caption-text\">Warren Barguil (AC Lanester 56), ici \u00e0 droite, victorieux l'an pass\u00e9, est venu saluer les juniors au d\u00e9part, dont le champion de France Le Lavandier, et l'organisateur Eric Puren<\/p><\/div>\n<p>Concernant le d\u00e9roulement de la course, deux \u00e9chapp\u00e9s sont arriv\u00e9s en t\u00eate sur le circuit : l&rsquo;Australien Sam Spokes et le breton Cl\u00e9ment Lorant. Un groupe d&rsquo;environ 35 coureurs dont Anthony Mira figurait alors \u00e0 45&Prime; des deux \u00e9chapp\u00e9s. Un petit peloton avec Gildas Le Priellec, Rodolphe Henry et Heimrick Siby est arriv\u00e9 sur le circuit final, une minute apr\u00e8s ce groupe. Au final, c&rsquo;est l&rsquo;Australien Spokes de l&rsquo;\u00e9quipe belge \u00ab\u00a0Young Museeuw Test Team\u00a0\u00bb qui l&#8217;emportait. Anthony Mira a pein\u00e9 sur la fin et accrochait une 29\u00e8me place. Les diff\u00e9rents pelotons ont compl\u00e8tement \u00ab\u00a0explos\u00e9\u00a0\u00bb sur le circuit final. Heimrick et Rodolphe terminent plus loin, mais ont eu le courage de terminer. Jean-Marc Morvan, qui encadrait les juniors lanest\u00e9riens, rappelle que \u00ab\u00a0ces deux coureurs sont encore juniors 1\u00e8re ann\u00e9e et ils ont montr\u00e9 qu&rsquo;on pourra compter sur eux l&rsquo;an prochain.\u00a0\u00bb Pour Thomas, cela a \u00e9t\u00e9 plus difficle : apr\u00e8s sa grosse coupure, il n&rsquo;\u00e9tait pas dans l&rsquo;allure et a abandonn\u00e9 en arrivant sur le circuit final. Gildas, qui a malheureusement eu un d\u00e9railleur ab\u00eem\u00e9 dans une chute, n&rsquo;a pas pu continuer sur le circuit.<\/p>\n<p>Anthony Mira termine 3\u00e8me du Troph\u00e9e Cr\u00e9dit Agricole Mosa\u00efc Juniors, une sorte de championnat de Bretagne par points calcul\u00e9 sur plusieurs \u00e9preuves \u00e9tal\u00e9es tout au long de la saison.<\/p>\n<p><br class=\"spacer_\" \/><\/p>\n<p><span style=\"text-decoration: underline;\"><strong>Classement <\/strong><\/span>:<\/p>\n<p>1\u00a0SPOKES Sam\u00a0YOUNG MUSEEUW TEST TEAM (Belgique)\u00a0J2\u00a02h39&prime;<br \/>\n 2\u00a0DELAPLACE Cedric\u00a0A.S. TOURLAVILLE CYCLISME (50)\u00a0J2\u00a0a 8&Prime;<br \/>\n 3\u00a0THEVENEZ Geoffroy\u00a0POLE ESPOIRS-LA ROCHE\/YON\u00a0J2\u00a0a 10&Prime;<br \/>\n 4\u00a0LEVEAU Jermy\u00a0SELECTION DE LA SARTHE\u00a0J2\u00a0a 24&Prime;<br \/>\n 5\u00a0GUYOT Romain\u00a0ANGERS CYCLISME\u00a0J2\u00a0a 1&prime;<br \/>\n 6\u00a0COLAS Vincent\u00a0SELECTION COTE D&rsquo;ARMOR\u00a0J2\u00a0<br \/>\n 7\u00a0LE GAL Jordan\u00a0V. C. LANGUIDIC\u00a0J1\u00a0<br \/>\n 8\u00a0TANGUY Sylvain\u00a0V.C. PONTIVY\u00a0J1\u00a0<br \/>\n 9\u00a0QUINIO Adrien\u00a0U.C. BRIOCHINE\u00a0J2\u00a0<br \/>\n 10\u00a0GUILLEMOT Frederic\u00a0V. S. SCAER\u00a0J2\u00a0<br \/>\n <span style=\"background-color: #ff6600;\">29\u00a0MIRA Anthony\u00a0A. C. LANESTER 56\u00a0J2<\/span><\/p>\n<p><br class=\"spacer_\" \/><\/p>\n<p><span style=\"text-decoration: underline;\"><strong>Classement du Troph\u00e9e Cr\u00e9dit Agricole Mosa\u00efc Juniors :<\/strong><\/span><\/p>\n<p>1 COLAS Vincent (VSP Lamballe)\u00a0<strong>173 pts<\/strong> <br \/>\n 2 LE GAL Jordann (VC Languidic)<strong> 133 pts<\/strong> <br \/>\n<span style=\"background-color: #ff6600;\"> 3 MIRA Anthony (AC Lanester 56) <\/span><strong><span style=\"background-color: #ff6600;\">127 pts<\/span><\/strong><strong> <\/strong><br \/>\n 4 CAM Maxime (UC Briochine)<strong> 126 pts<\/strong> <br \/>\n 5 TASSEL Ronan (UC Briochine)\u00a0<strong>125 pts<\/strong> <br \/>\n 6 LE GAC Olivier (VS Plabennec)\u00a0<strong>94 pts<\/strong> <br \/>\n 7 CHERBONNET David (UC Briochine)\u00a0<strong>79 pts<\/strong> <br \/>\n 8 LECLAIRE David (Redon OC)\u00a0<strong>70 pts<\/strong> <br \/>\n 9 LE LAVANDIER Mathieu (VC Pontivy)\u00a0<strong>60 pts<\/strong> <br \/>\n 10 LE LAVANDIER Maxime (VC Pontivy)\u00a0<strong>58 pts<\/strong> <br \/>\n<span style=\"background-color: #ff6600;\"> 16 LE BOUCHER Thomas (AC Lanester 56) <\/span><strong><span style=\"background-color: #ff6600;\">37 pts <\/span><\/strong><br \/>\n<span style=\"background-color: #ff6600;\"> 23 LE PRIELLEC Gildas (AC Lanester 56) <\/span><strong><span style=\"background-color: #ff6600;\">25 pts<\/span><\/strong><br \/>\n<span style=\"background-color: #ff6600;\"> 39 HENRY Rodolphe (AC Lanester 56)<\/span><strong><span style=\"background-color: #ff6600;\"> 12 pts<\/span><\/strong><br \/>\n<span style=\"background-color: #ff6600;\"> 42 MEBON J\u00e9r\u00e9my (AC Lanester 56) <\/span><strong><span style=\"background-color: #ff6600;\">10 pts<\/span><\/strong><\/p>\n<p><br class=\"spacer_\" \/><\/p>\n<p><strong><br \/>\n<\/strong><\/p>\n","protected":false},"excerpt":{"rendered":"<p>Le Tour du Morbihan juniors s&rsquo;est d\u00e9roul\u00e9 hier \u00e0 Kergroix \u00e0 Hennebont. Les coureurs, qui avaient entre 17 et 18 [&hellip;]<\/p>\n","protected":false},"author":14,"featured_media":4176,"comment_status":"open","ping_status":"closed","sticky":false,"template":"","format":"standard","meta":{"ngg_post_thumbnail":0,"footnotes":""},"categories":[5,21],"tags":[],"class_list":["post-4171","post","type-post","status-publish","format-standard","has-post-thumbnail","hentry","category-ac-lanester-56","category-resultats-juniors"],"yoast_head":"<!-- This site is optimized with the Yoast SEO plugin v27.5 - https:\/\/yoast.com\/product\/yoast-seo-wordpress\/ -->\n<title>Tour du Morbihan Juniors 2010 - Avenir Cycliste Lanester 56<\/title>\n<meta name=\"robots\" content=\"index, follow, max-snippet:-1, max-image-preview:large, max-video-preview:-1\" \/>\n<link rel=\"canonical\" href=\"https:\/\/www.aclanester56.com\/velo\/tour-du-morbihan-juniors\/\" \/>\n<meta property=\"og:locale\" content=\"fr_FR\" \/>\n<meta property=\"og:type\" content=\"article\" \/>\n<meta property=\"og:title\" content=\"Tour du Morbihan Juniors 2010 - Avenir Cycliste Lanester 56\" \/>\n<meta property=\"og:description\" content=\"Le Tour du Morbihan juniors s&rsquo;est d\u00e9roul\u00e9 hier \u00e0 Kergroix \u00e0 Hennebont. Les coureurs, qui avaient entre 17 et 18 [&hellip;]\" \/>\n<meta property=\"og:url\" content=\"https:\/\/www.aclanester56.com\/velo\/tour-du-morbihan-juniors\/\" \/>\n<meta property=\"og:site_name\" content=\"Avenir Cycliste Lanester 56\" \/>\n<meta property=\"article:publisher\" content=\"https:\/\/www.facebook.com\/pages\/AC-Lanester-56\/190286300991242?fref=ts\" \/>\n<meta property=\"article:published_time\" content=\"2010-09-06T12:24:40+00:00\" \/>\n<meta property=\"article:modified_time\" content=\"2010-09-22T09:45:30+00:00\" \/>\n<meta property=\"og:image\" content=\"https:\/\/www.aclanester56.com\/velo\/wp-content\/uploads\/2010\/09\/tour-du-morbihan-2010-001-800x600.jpg\" \/>\n\t<meta property=\"og:image:width\" content=\"800\" \/>\n\t<meta property=\"og:image:height\" content=\"600\" \/>\n\t<meta property=\"og:image:type\" content=\"image\/jpeg\" \/>\n<meta name=\"author\" content=\"Jean-Christophe\" \/>\n<meta name=\"twitter:label1\" content=\"\u00c9crit par\" \/>\n\t<meta name=\"twitter:data1\" content=\"Jean-Christophe\" \/>\n\t<meta name=\"twitter:label2\" content=\"Dur\u00e9e de lecture estim\u00e9e\" \/>\n\t<meta name=\"twitter:data2\" content=\"3 minutes\" \/>\n<script type=\"application\/ld+json\" class=\"yoast-schema-graph\">{\"@context\":\"https:\\\/\\\/schema.org\",\"@graph\":[{\"@type\":\"Article\",\"@id\":\"https:\\\/\\\/www.aclanester56.com\\\/velo\\\/tour-du-morbihan-juniors\\\/#article\",\"isPartOf\":{\"@id\":\"https:\\\/\\\/www.aclanester56.com\\\/velo\\\/tour-du-morbihan-juniors\\\/\"},\"author\":{\"name\":\"Jean-Christophe\",\"@id\":\"https:\\\/\\\/www.aclanester56.com\\\/velo\\\/#\\\/schema\\\/person\\\/ca2a44a5fd969e9dd846c72d3b33bc01\"},\"headline\":\"Tour du Morbihan Juniors 2010\",\"datePublished\":\"2010-09-06T12:24:40+00:00\",\"dateModified\":\"2010-09-22T09:45:30+00:00\",\"mainEntityOfPage\":{\"@id\":\"https:\\\/\\\/www.aclanester56.com\\\/velo\\\/tour-du-morbihan-juniors\\\/\"},\"wordCount\":620,\"commentCount\":0,\"publisher\":{\"@id\":\"https:\\\/\\\/www.aclanester56.com\\\/velo\\\/#organization\"},\"image\":{\"@id\":\"https:\\\/\\\/www.aclanester56.com\\\/velo\\\/tour-du-morbihan-juniors\\\/#primaryimage\"},\"thumbnailUrl\":\"https:\\\/\\\/www.aclanester56.com\\\/velo\\\/wp-content\\\/uploads\\\/2010\\\/09\\\/tour-du-morbihan-2010-001.jpg\",\"articleSection\":[\"AC LANESTER 56\",\"R\u00e9sultats Juniors\"],\"inLanguage\":\"fr-FR\",\"potentialAction\":[{\"@type\":\"CommentAction\",\"name\":\"Comment\",\"target\":[\"https:\\\/\\\/www.aclanester56.com\\\/velo\\\/tour-du-morbihan-juniors\\\/#respond\"]}]},{\"@type\":\"WebPage\",\"@id\":\"https:\\\/\\\/www.aclanester56.com\\\/velo\\\/tour-du-morbihan-juniors\\\/\",\"url\":\"https:\\\/\\\/www.aclanester56.com\\\/velo\\\/tour-du-morbihan-juniors\\\/\",\"name\":\"Tour du Morbihan Juniors 2010 - Avenir Cycliste Lanester 56\",\"isPartOf\":{\"@id\":\"https:\\\/\\\/www.aclanester56.com\\\/velo\\\/#website\"},\"primaryImageOfPage\":{\"@id\":\"https:\\\/\\\/www.aclanester56.com\\\/velo\\\/tour-du-morbihan-juniors\\\/#primaryimage\"},\"image\":{\"@id\":\"https:\\\/\\\/www.aclanester56.com\\\/velo\\\/tour-du-morbihan-juniors\\\/#primaryimage\"},\"thumbnailUrl\":\"https:\\\/\\\/www.aclanester56.com\\\/velo\\\/wp-content\\\/uploads\\\/2010\\\/09\\\/tour-du-morbihan-2010-001.jpg\",\"datePublished\":\"2010-09-06T12:24:40+00:00\",\"dateModified\":\"2010-09-22T09:45:30+00:00\",\"inLanguage\":\"fr-FR\",\"potentialAction\":[{\"@type\":\"ReadAction\",\"target\":[\"https:\\\/\\\/www.aclanester56.com\\\/velo\\\/tour-du-morbihan-juniors\\\/\"]}]},{\"@type\":\"ImageObject\",\"inLanguage\":\"fr-FR\",\"@id\":\"https:\\\/\\\/www.aclanester56.com\\\/velo\\\/tour-du-morbihan-juniors\\\/#primaryimage\",\"url\":\"https:\\\/\\\/www.aclanester56.com\\\/velo\\\/wp-content\\\/uploads\\\/2010\\\/09\\\/tour-du-morbihan-2010-001.jpg\",\"contentUrl\":\"https:\\\/\\\/www.aclanester56.com\\\/velo\\\/wp-content\\\/uploads\\\/2010\\\/09\\\/tour-du-morbihan-2010-001.jpg\",\"width\":2592,\"height\":1944,\"caption\":\"Le Lanest\u00e9rien Anthony Mira, ici \u00e0 droite, a manqu\u00e9 un peu de rythme pour jouer les premiers r\u00f4les\"},{\"@type\":\"WebSite\",\"@id\":\"https:\\\/\\\/www.aclanester56.com\\\/velo\\\/#website\",\"url\":\"https:\\\/\\\/www.aclanester56.com\\\/velo\\\/\",\"name\":\"Avenir Cycliste Lanester 56\",\"description\":\"Club cycliste de l&#039;AC LANESTER 56\",\"publisher\":{\"@id\":\"https:\\\/\\\/www.aclanester56.com\\\/velo\\\/#organization\"},\"potentialAction\":[{\"@type\":\"SearchAction\",\"target\":{\"@type\":\"EntryPoint\",\"urlTemplate\":\"https:\\\/\\\/www.aclanester56.com\\\/velo\\\/?s={search_term_string}\"},\"query-input\":{\"@type\":\"PropertyValueSpecification\",\"valueRequired\":true,\"valueName\":\"search_term_string\"}}],\"inLanguage\":\"fr-FR\"},{\"@type\":\"Organization\",\"@id\":\"https:\\\/\\\/www.aclanester56.com\\\/velo\\\/#organization\",\"name\":\"Avenir Cycliste Lanester 56\",\"url\":\"https:\\\/\\\/www.aclanester56.com\\\/velo\\\/\",\"logo\":{\"@type\":\"ImageObject\",\"inLanguage\":\"fr-FR\",\"@id\":\"https:\\\/\\\/www.aclanester56.com\\\/velo\\\/#\\\/schema\\\/logo\\\/image\\\/\",\"url\":\"https:\\\/\\\/www.aclanester56.com\\\/velo\\\/wp-content\\\/uploads\\\/2013\\\/04\\\/logo-ACL.jpg\",\"contentUrl\":\"https:\\\/\\\/www.aclanester56.com\\\/velo\\\/wp-content\\\/uploads\\\/2013\\\/04\\\/logo-ACL.jpg\",\"width\":400,\"height\":334,\"caption\":\"Avenir Cycliste Lanester 56\"},\"image\":{\"@id\":\"https:\\\/\\\/www.aclanester56.com\\\/velo\\\/#\\\/schema\\\/logo\\\/image\\\/\"},\"sameAs\":[\"https:\\\/\\\/www.facebook.com\\\/pages\\\/AC-Lanester-56\\\/190286300991242?fref=ts\"]},{\"@type\":\"Person\",\"@id\":\"https:\\\/\\\/www.aclanester56.com\\\/velo\\\/#\\\/schema\\\/person\\\/ca2a44a5fd969e9dd846c72d3b33bc01\",\"name\":\"Jean-Christophe\",\"url\":\"https:\\\/\\\/www.aclanester56.com\\\/velo\\\/author\\\/jeanchristophe\\\/\"}]}<\/script>\n<!-- \/ Yoast SEO plugin. -->","yoast_head_json":{"title":"Tour du Morbihan Juniors 2010 - Avenir Cycliste Lanester 56","robots":{"index":"index","follow":"follow","max-snippet":"max-snippet:-1","max-image-preview":"max-image-preview:large","max-video-preview":"max-video-preview:-1"},"canonical":"https:\/\/www.aclanester56.com\/velo\/tour-du-morbihan-juniors\/","og_locale":"fr_FR","og_type":"article","og_title":"Tour du Morbihan Juniors 2010 - Avenir Cycliste Lanester 56","og_description":"Le Tour du Morbihan juniors s&rsquo;est d\u00e9roul\u00e9 hier \u00e0 Kergroix \u00e0 Hennebont. Les coureurs, qui avaient entre 17 et 18 [&hellip;]","og_url":"https:\/\/www.aclanester56.com\/velo\/tour-du-morbihan-juniors\/","og_site_name":"Avenir Cycliste Lanester 56","article_publisher":"https:\/\/www.facebook.com\/pages\/AC-Lanester-56\/190286300991242?fref=ts","article_published_time":"2010-09-06T12:24:40+00:00","article_modified_time":"2010-09-22T09:45:30+00:00","og_image":[{"width":800,"height":600,"url":"https:\/\/www.aclanester56.com\/velo\/wp-content\/uploads\/2010\/09\/tour-du-morbihan-2010-001-800x600.jpg","type":"image\/jpeg"}],"author":"Jean-Christophe","twitter_misc":{"\u00c9crit par":"Jean-Christophe","Dur\u00e9e de lecture estim\u00e9e":"3 minutes"},"schema":{"@context":"https:\/\/schema.org","@graph":[{"@type":"Article","@id":"https:\/\/www.aclanester56.com\/velo\/tour-du-morbihan-juniors\/#article","isPartOf":{"@id":"https:\/\/www.aclanester56.com\/velo\/tour-du-morbihan-juniors\/"},"author":{"name":"Jean-Christophe","@id":"https:\/\/www.aclanester56.com\/velo\/#\/schema\/person\/ca2a44a5fd969e9dd846c72d3b33bc01"},"headline":"Tour du Morbihan Juniors 2010","datePublished":"2010-09-06T12:24:40+00:00","dateModified":"2010-09-22T09:45:30+00:00","mainEntityOfPage":{"@id":"https:\/\/www.aclanester56.com\/velo\/tour-du-morbihan-juniors\/"},"wordCount":620,"commentCount":0,"publisher":{"@id":"https:\/\/www.aclanester56.com\/velo\/#organization"},"image":{"@id":"https:\/\/www.aclanester56.com\/velo\/tour-du-morbihan-juniors\/#primaryimage"},"thumbnailUrl":"https:\/\/www.aclanester56.com\/velo\/wp-content\/uploads\/2010\/09\/tour-du-morbihan-2010-001.jpg","articleSection":["AC LANESTER 56","R\u00e9sultats Juniors"],"inLanguage":"fr-FR","potentialAction":[{"@type":"CommentAction","name":"Comment","target":["https:\/\/www.aclanester56.com\/velo\/tour-du-morbihan-juniors\/#respond"]}]},{"@type":"WebPage","@id":"https:\/\/www.aclanester56.com\/velo\/tour-du-morbihan-juniors\/","url":"https:\/\/www.aclanester56.com\/velo\/tour-du-morbihan-juniors\/","name":"Tour du Morbihan Juniors 2010 - Avenir Cycliste Lanester 56","isPartOf":{"@id":"https:\/\/www.aclanester56.com\/velo\/#website"},"primaryImageOfPage":{"@id":"https:\/\/www.aclanester56.com\/velo\/tour-du-morbihan-juniors\/#primaryimage"},"image":{"@id":"https:\/\/www.aclanester56.com\/velo\/tour-du-morbihan-juniors\/#primaryimage"},"thumbnailUrl":"https:\/\/www.aclanester56.com\/velo\/wp-content\/uploads\/2010\/09\/tour-du-morbihan-2010-001.jpg","datePublished":"2010-09-06T12:24:40+00:00","dateModified":"2010-09-22T09:45:30+00:00","inLanguage":"fr-FR","potentialAction":[{"@type":"ReadAction","target":["https:\/\/www.aclanester56.com\/velo\/tour-du-morbihan-juniors\/"]}]},{"@type":"ImageObject","inLanguage":"fr-FR","@id":"https:\/\/www.aclanester56.com\/velo\/tour-du-morbihan-juniors\/#primaryimage","url":"https:\/\/www.aclanester56.com\/velo\/wp-content\/uploads\/2010\/09\/tour-du-morbihan-2010-001.jpg","contentUrl":"https:\/\/www.aclanester56.com\/velo\/wp-content\/uploads\/2010\/09\/tour-du-morbihan-2010-001.jpg","width":2592,"height":1944,"caption":"Le Lanest\u00e9rien Anthony Mira, ici \u00e0 droite, a manqu\u00e9 un peu de rythme pour jouer les premiers r\u00f4les"},{"@type":"WebSite","@id":"https:\/\/www.aclanester56.com\/velo\/#website","url":"https:\/\/www.aclanester56.com\/velo\/","name":"Avenir Cycliste Lanester 56","description":"Club cycliste de l&#039;AC LANESTER 56","publisher":{"@id":"https:\/\/www.aclanester56.com\/velo\/#organization"},"potentialAction":[{"@type":"SearchAction","target":{"@type":"EntryPoint","urlTemplate":"https:\/\/www.aclanester56.com\/velo\/?s={search_term_string}"},"query-input":{"@type":"PropertyValueSpecification","valueRequired":true,"valueName":"search_term_string"}}],"inLanguage":"fr-FR"},{"@type":"Organization","@id":"https:\/\/www.aclanester56.com\/velo\/#organization","name":"Avenir Cycliste Lanester 56","url":"https:\/\/www.aclanester56.com\/velo\/","logo":{"@type":"ImageObject","inLanguage":"fr-FR","@id":"https:\/\/www.aclanester56.com\/velo\/#\/schema\/logo\/image\/","url":"https:\/\/www.aclanester56.com\/velo\/wp-content\/uploads\/2013\/04\/logo-ACL.jpg","contentUrl":"https:\/\/www.aclanester56.com\/velo\/wp-content\/uploads\/2013\/04\/logo-ACL.jpg","width":400,"height":334,"caption":"Avenir Cycliste Lanester 56"},"image":{"@id":"https:\/\/www.aclanester56.com\/velo\/#\/schema\/logo\/image\/"},"sameAs":["https:\/\/www.facebook.com\/pages\/AC-Lanester-56\/190286300991242?fref=ts"]},{"@type":"Person","@id":"https:\/\/www.aclanester56.com\/velo\/#\/schema\/person\/ca2a44a5fd969e9dd846c72d3b33bc01","name":"Jean-Christophe","url":"https:\/\/www.aclanester56.com\/velo\/author\/jeanchristophe\/"}]}},"_links":{"self":[{"href":"https:\/\/www.aclanester56.com\/velo\/wp-json\/wp\/v2\/posts\/4171","targetHints":{"allow":["GET"]}}],"collection":[{"href":"https:\/\/www.aclanester56.com\/velo\/wp-json\/wp\/v2\/posts"}],"about":[{"href":"https:\/\/www.aclanester56.com\/velo\/wp-json\/wp\/v2\/types\/post"}],"author":[{"embeddable":true,"href":"https:\/\/www.aclanester56.com\/velo\/wp-json\/wp\/v2\/users\/14"}],"replies":[{"embeddable":true,"href":"https:\/\/www.aclanester56.com\/velo\/wp-json\/wp\/v2\/comments?post=4171"}],"version-history":[{"count":0,"href":"https:\/\/www.aclanester56.com\/velo\/wp-json\/wp\/v2\/posts\/4171\/revisions"}],"wp:featuredmedia":[{"embeddable":true,"href":"https:\/\/www.aclanester56.com\/velo\/wp-json\/wp\/v2\/media\/4176"}],"wp:attachment":[{"href":"https:\/\/www.aclanester56.com\/velo\/wp-json\/wp\/v2\/media?parent=4171"}],"wp:term":[{"taxonomy":"category","embeddable":true,"href":"https:\/\/www.aclanester56.com\/velo\/wp-json\/wp\/v2\/categories?post=4171"},{"taxonomy":"post_tag","embeddable":true,"href":"https:\/\/www.aclanester56.com\/velo\/wp-json\/wp\/v2\/tags?post=4171"}],"curies":[{"name":"wp","href":"https:\/\/api.w.org\/{rel}","templated":true}]}}