{"id":41744,"date":"2021-09-24T19:20:18","date_gmt":"2021-09-24T17:20:18","guid":{"rendered":"https:\/\/www.aclanester56.com\/velo\/?p=41744"},"modified":"2021-09-24T19:22:46","modified_gmt":"2021-09-24T17:22:46","slug":"tdec-le-dimanche-26-septembre-a-lanester-modifications-des-regles-de-stationnement-et-circulation","status":"publish","type":"post","link":"https:\/\/www.aclanester56.com\/velo\/tdec-le-dimanche-26-septembre-a-lanester-modifications-des-regles-de-stationnement-et-circulation\/","title":{"rendered":"TDEC le dimanche 26 septembre \u00e0 Lanester : Modifications des r\u00e8gles de stationnement et circulation"},"content":{"rendered":"<p><!--more--><\/p>\n<p>La ville de Lanester accueille ce dimanche 26 septembre le Troph\u00e9e D\u00e9partemental des Ecoles de Cyclisme.<\/p>\n<p>Par arr\u00eat\u00e9 municipal (<a href=\"https:\/\/www.aclanester56.com\/velo\/wp-content\/uploads\/2021\/09\/Arrete-municipal_Commune-de-Lanester_26-septembre-2021_Trophee-Departeme....pdf\" target=\"_blank\" rel=\"noopener\">consultable ici<\/a>), il sera donc interdit de <span style=\"text-decoration: underline;\"><strong>stationner<\/strong><\/span> votre v\u00e9hicule (de 8 heures \u00e0 16 heures) et de <span style=\"text-decoration: underline;\"><strong>circuler<\/strong> <\/span>(de 12 heures \u00e0 16 heures) sur les rues suivantes :<\/p>\n<ul>\n<li><strong>avenue Pablo Neruda (\u00e0 partir de 7 heures)<\/strong><\/li>\n<li><strong>rue de Lann Gazec<\/strong><\/li>\n<li><strong>rue Charles Coulomb<\/strong><\/li>\n<li><strong>rue des fr\u00e8res Lumi\u00e8re<\/strong><\/li>\n<li><strong>Avenue Fran\u00e7ois Mitterrand (portion comprise entre les rues de Lann Gazec et des fr\u00e8res Lumi\u00e8re)<\/strong><\/li>\n<li><strong>rue Jules Guesde (portion comprise entre l\u2019avenue Fran\u00e7ois Mitterrand et la rue de la Bo\u00e9tie)<\/strong><\/li>\n<li><strong>rue de la Bo\u00e9tie<\/strong><\/li>\n<li><strong>rue de Kerfr\u00e9hour (portion comprise entre la rue de la Bo\u00e9tie et l\u2019avenue Fran\u00e7ois Mitterrand)<\/strong><\/li>\n<\/ul>\n<p><a href=\"https:\/\/www.aclanester56.com\/velo\/wp-content\/uploads\/2021\/09\/Circuit.png\"><img loading=\"lazy\" decoding=\"async\" class=\"alignleft size-full wp-image-41746\" src=\"https:\/\/www.aclanester56.com\/velo\/wp-content\/uploads\/2021\/09\/Circuit.png\" alt=\"\" width=\"756\" height=\"751\" srcset=\"https:\/\/www.aclanester56.com\/velo\/wp-content\/uploads\/2021\/09\/Circuit.png 756w, https:\/\/www.aclanester56.com\/velo\/wp-content\/uploads\/2021\/09\/Circuit-300x298.png 300w, https:\/\/www.aclanester56.com\/velo\/wp-content\/uploads\/2021\/09\/Circuit-604x600.png 604w, https:\/\/www.aclanester56.com\/velo\/wp-content\/uploads\/2021\/09\/Circuit-150x150.png 150w, https:\/\/www.aclanester56.com\/velo\/wp-content\/uploads\/2021\/09\/Circuit-453x450.png 453w, https:\/\/www.aclanester56.com\/velo\/wp-content\/uploads\/2021\/09\/Circuit-100x100.png 100w, https:\/\/www.aclanester56.com\/velo\/wp-content\/uploads\/2021\/09\/Circuit-600x596.png 600w\" sizes=\"auto, (max-width: 756px) 100vw, 756px\" \/><\/a><\/p>\n","protected":false},"excerpt":{"rendered":"","protected":false},"author":14,"featured_media":41746,"comment_status":"open","ping_status":"open","sticky":false,"template":"","format":"standard","meta":{"ngg_post_thumbnail":0,"footnotes":""},"categories":[5],"tags":[],"class_list":["post-41744","post","type-post","status-publish","format-standard","has-post-thumbnail","hentry","category-ac-lanester-56"],"yoast_head":"<!-- This site is optimized with the Yoast SEO plugin v27.5 - https:\/\/yoast.com\/product\/yoast-seo-wordpress\/ -->\n<title>TDEC le dimanche 26 septembre \u00e0 Lanester : Modifications des r\u00e8gles de stationnement et circulation - Avenir Cycliste Lanester 56<\/title>\n<meta name=\"robots\" content=\"index, follow, max-snippet:-1, max-image-preview:large, max-video-preview:-1\" \/>\n<link rel=\"canonical\" href=\"https:\/\/www.aclanester56.com\/velo\/tdec-le-dimanche-26-septembre-a-lanester-modifications-des-regles-de-stationnement-et-circulation\/\" \/>\n<meta property=\"og:locale\" content=\"fr_FR\" \/>\n<meta property=\"og:type\" content=\"article\" \/>\n<meta property=\"og:title\" content=\"TDEC le dimanche 26 septembre \u00e0 Lanester : Modifications des r\u00e8gles de stationnement et circulation - Avenir Cycliste Lanester 56\" \/>\n<meta property=\"og:url\" content=\"https:\/\/www.aclanester56.com\/velo\/tdec-le-dimanche-26-septembre-a-lanester-modifications-des-regles-de-stationnement-et-circulation\/\" \/>\n<meta property=\"og:site_name\" content=\"Avenir Cycliste Lanester 56\" \/>\n<meta property=\"article:publisher\" content=\"https:\/\/www.facebook.com\/pages\/AC-Lanester-56\/190286300991242?fref=ts\" \/>\n<meta property=\"article:published_time\" content=\"2021-09-24T17:20:18+00:00\" \/>\n<meta property=\"article:modified_time\" content=\"2021-09-24T17:22:46+00:00\" \/>\n<meta property=\"og:image\" content=\"https:\/\/www.aclanester56.com\/velo\/wp-content\/uploads\/2021\/09\/Circuit.png\" \/>\n\t<meta property=\"og:image:width\" content=\"756\" \/>\n\t<meta property=\"og:image:height\" content=\"751\" \/>\n\t<meta property=\"og:image:type\" content=\"image\/png\" \/>\n<meta name=\"author\" content=\"Jean-Christophe\" \/>\n<meta name=\"twitter:label1\" content=\"\u00c9crit par\" \/>\n\t<meta name=\"twitter:data1\" content=\"Jean-Christophe\" \/>\n\t<meta name=\"twitter:label2\" content=\"Dur\u00e9e de lecture estim\u00e9e\" \/>\n\t<meta name=\"twitter:data2\" content=\"1 minute\" \/>\n<script type=\"application\/ld+json\" class=\"yoast-schema-graph\">{\"@context\":\"https:\\\/\\\/schema.org\",\"@graph\":[{\"@type\":\"Article\",\"@id\":\"https:\\\/\\\/www.aclanester56.com\\\/velo\\\/tdec-le-dimanche-26-septembre-a-lanester-modifications-des-regles-de-stationnement-et-circulation\\\/#article\",\"isPartOf\":{\"@id\":\"https:\\\/\\\/www.aclanester56.com\\\/velo\\\/tdec-le-dimanche-26-septembre-a-lanester-modifications-des-regles-de-stationnement-et-circulation\\\/\"},\"author\":{\"name\":\"Jean-Christophe\",\"@id\":\"https:\\\/\\\/www.aclanester56.com\\\/velo\\\/#\\\/schema\\\/person\\\/ca2a44a5fd969e9dd846c72d3b33bc01\"},\"headline\":\"TDEC le dimanche 26 septembre \u00e0 Lanester : Modifications des r\u00e8gles de stationnement et circulation\",\"datePublished\":\"2021-09-24T17:20:18+00:00\",\"dateModified\":\"2021-09-24T17:22:46+00:00\",\"mainEntityOfPage\":{\"@id\":\"https:\\\/\\\/www.aclanester56.com\\\/velo\\\/tdec-le-dimanche-26-septembre-a-lanester-modifications-des-regles-de-stationnement-et-circulation\\\/\"},\"wordCount\":137,\"commentCount\":0,\"publisher\":{\"@id\":\"https:\\\/\\\/www.aclanester56.com\\\/velo\\\/#organization\"},\"image\":{\"@id\":\"https:\\\/\\\/www.aclanester56.com\\\/velo\\\/tdec-le-dimanche-26-septembre-a-lanester-modifications-des-regles-de-stationnement-et-circulation\\\/#primaryimage\"},\"thumbnailUrl\":\"https:\\\/\\\/www.aclanester56.com\\\/velo\\\/wp-content\\\/uploads\\\/2021\\\/09\\\/Circuit.png\",\"articleSection\":[\"AC LANESTER 56\"],\"inLanguage\":\"fr-FR\",\"potentialAction\":[{\"@type\":\"CommentAction\",\"name\":\"Comment\",\"target\":[\"https:\\\/\\\/www.aclanester56.com\\\/velo\\\/tdec-le-dimanche-26-septembre-a-lanester-modifications-des-regles-de-stationnement-et-circulation\\\/#respond\"]}]},{\"@type\":\"WebPage\",\"@id\":\"https:\\\/\\\/www.aclanester56.com\\\/velo\\\/tdec-le-dimanche-26-septembre-a-lanester-modifications-des-regles-de-stationnement-et-circulation\\\/\",\"url\":\"https:\\\/\\\/www.aclanester56.com\\\/velo\\\/tdec-le-dimanche-26-septembre-a-lanester-modifications-des-regles-de-stationnement-et-circulation\\\/\",\"name\":\"TDEC le dimanche 26 septembre \u00e0 Lanester : Modifications des r\u00e8gles de stationnement et circulation - Avenir Cycliste Lanester 56\",\"isPartOf\":{\"@id\":\"https:\\\/\\\/www.aclanester56.com\\\/velo\\\/#website\"},\"primaryImageOfPage\":{\"@id\":\"https:\\\/\\\/www.aclanester56.com\\\/velo\\\/tdec-le-dimanche-26-septembre-a-lanester-modifications-des-regles-de-stationnement-et-circulation\\\/#primaryimage\"},\"image\":{\"@id\":\"https:\\\/\\\/www.aclanester56.com\\\/velo\\\/tdec-le-dimanche-26-septembre-a-lanester-modifications-des-regles-de-stationnement-et-circulation\\\/#primaryimage\"},\"thumbnailUrl\":\"https:\\\/\\\/www.aclanester56.com\\\/velo\\\/wp-content\\\/uploads\\\/2021\\\/09\\\/Circuit.png\",\"datePublished\":\"2021-09-24T17:20:18+00:00\",\"dateModified\":\"2021-09-24T17:22:46+00:00\",\"inLanguage\":\"fr-FR\",\"potentialAction\":[{\"@type\":\"ReadAction\",\"target\":[\"https:\\\/\\\/www.aclanester56.com\\\/velo\\\/tdec-le-dimanche-26-septembre-a-lanester-modifications-des-regles-de-stationnement-et-circulation\\\/\"]}]},{\"@type\":\"ImageObject\",\"inLanguage\":\"fr-FR\",\"@id\":\"https:\\\/\\\/www.aclanester56.com\\\/velo\\\/tdec-le-dimanche-26-septembre-a-lanester-modifications-des-regles-de-stationnement-et-circulation\\\/#primaryimage\",\"url\":\"https:\\\/\\\/www.aclanester56.com\\\/velo\\\/wp-content\\\/uploads\\\/2021\\\/09\\\/Circuit.png\",\"contentUrl\":\"https:\\\/\\\/www.aclanester56.com\\\/velo\\\/wp-content\\\/uploads\\\/2021\\\/09\\\/Circuit.png\",\"width\":756,\"height\":751},{\"@type\":\"WebSite\",\"@id\":\"https:\\\/\\\/www.aclanester56.com\\\/velo\\\/#website\",\"url\":\"https:\\\/\\\/www.aclanester56.com\\\/velo\\\/\",\"name\":\"Avenir Cycliste Lanester 56\",\"description\":\"Club cycliste de l&#039;AC LANESTER 56\",\"publisher\":{\"@id\":\"https:\\\/\\\/www.aclanester56.com\\\/velo\\\/#organization\"},\"potentialAction\":[{\"@type\":\"SearchAction\",\"target\":{\"@type\":\"EntryPoint\",\"urlTemplate\":\"https:\\\/\\\/www.aclanester56.com\\\/velo\\\/?s={search_term_string}\"},\"query-input\":{\"@type\":\"PropertyValueSpecification\",\"valueRequired\":true,\"valueName\":\"search_term_string\"}}],\"inLanguage\":\"fr-FR\"},{\"@type\":\"Organization\",\"@id\":\"https:\\\/\\\/www.aclanester56.com\\\/velo\\\/#organization\",\"name\":\"Avenir Cycliste Lanester 56\",\"url\":\"https:\\\/\\\/www.aclanester56.com\\\/velo\\\/\",\"logo\":{\"@type\":\"ImageObject\",\"inLanguage\":\"fr-FR\",\"@id\":\"https:\\\/\\\/www.aclanester56.com\\\/velo\\\/#\\\/schema\\\/logo\\\/image\\\/\",\"url\":\"https:\\\/\\\/www.aclanester56.com\\\/velo\\\/wp-content\\\/uploads\\\/2013\\\/04\\\/logo-ACL.jpg\",\"contentUrl\":\"https:\\\/\\\/www.aclanester56.com\\\/velo\\\/wp-content\\\/uploads\\\/2013\\\/04\\\/logo-ACL.jpg\",\"width\":400,\"height\":334,\"caption\":\"Avenir Cycliste Lanester 56\"},\"image\":{\"@id\":\"https:\\\/\\\/www.aclanester56.com\\\/velo\\\/#\\\/schema\\\/logo\\\/image\\\/\"},\"sameAs\":[\"https:\\\/\\\/www.facebook.com\\\/pages\\\/AC-Lanester-56\\\/190286300991242?fref=ts\"]},{\"@type\":\"Person\",\"@id\":\"https:\\\/\\\/www.aclanester56.com\\\/velo\\\/#\\\/schema\\\/person\\\/ca2a44a5fd969e9dd846c72d3b33bc01\",\"name\":\"Jean-Christophe\",\"url\":\"https:\\\/\\\/www.aclanester56.com\\\/velo\\\/author\\\/jeanchristophe\\\/\"}]}<\/script>\n<!-- \/ Yoast SEO plugin. -->","yoast_head_json":{"title":"TDEC le dimanche 26 septembre \u00e0 Lanester : Modifications des r\u00e8gles de stationnement et circulation - Avenir Cycliste Lanester 56","robots":{"index":"index","follow":"follow","max-snippet":"max-snippet:-1","max-image-preview":"max-image-preview:large","max-video-preview":"max-video-preview:-1"},"canonical":"https:\/\/www.aclanester56.com\/velo\/tdec-le-dimanche-26-septembre-a-lanester-modifications-des-regles-de-stationnement-et-circulation\/","og_locale":"fr_FR","og_type":"article","og_title":"TDEC le dimanche 26 septembre \u00e0 Lanester : Modifications des r\u00e8gles de stationnement et circulation - Avenir Cycliste Lanester 56","og_url":"https:\/\/www.aclanester56.com\/velo\/tdec-le-dimanche-26-septembre-a-lanester-modifications-des-regles-de-stationnement-et-circulation\/","og_site_name":"Avenir Cycliste Lanester 56","article_publisher":"https:\/\/www.facebook.com\/pages\/AC-Lanester-56\/190286300991242?fref=ts","article_published_time":"2021-09-24T17:20:18+00:00","article_modified_time":"2021-09-24T17:22:46+00:00","og_image":[{"width":756,"height":751,"url":"https:\/\/www.aclanester56.com\/velo\/wp-content\/uploads\/2021\/09\/Circuit.png","type":"image\/png"}],"author":"Jean-Christophe","twitter_misc":{"\u00c9crit par":"Jean-Christophe","Dur\u00e9e de lecture estim\u00e9e":"1 minute"},"schema":{"@context":"https:\/\/schema.org","@graph":[{"@type":"Article","@id":"https:\/\/www.aclanester56.com\/velo\/tdec-le-dimanche-26-septembre-a-lanester-modifications-des-regles-de-stationnement-et-circulation\/#article","isPartOf":{"@id":"https:\/\/www.aclanester56.com\/velo\/tdec-le-dimanche-26-septembre-a-lanester-modifications-des-regles-de-stationnement-et-circulation\/"},"author":{"name":"Jean-Christophe","@id":"https:\/\/www.aclanester56.com\/velo\/#\/schema\/person\/ca2a44a5fd969e9dd846c72d3b33bc01"},"headline":"TDEC le dimanche 26 septembre \u00e0 Lanester : Modifications des r\u00e8gles de stationnement et circulation","datePublished":"2021-09-24T17:20:18+00:00","dateModified":"2021-09-24T17:22:46+00:00","mainEntityOfPage":{"@id":"https:\/\/www.aclanester56.com\/velo\/tdec-le-dimanche-26-septembre-a-lanester-modifications-des-regles-de-stationnement-et-circulation\/"},"wordCount":137,"commentCount":0,"publisher":{"@id":"https:\/\/www.aclanester56.com\/velo\/#organization"},"image":{"@id":"https:\/\/www.aclanester56.com\/velo\/tdec-le-dimanche-26-septembre-a-lanester-modifications-des-regles-de-stationnement-et-circulation\/#primaryimage"},"thumbnailUrl":"https:\/\/www.aclanester56.com\/velo\/wp-content\/uploads\/2021\/09\/Circuit.png","articleSection":["AC LANESTER 56"],"inLanguage":"fr-FR","potentialAction":[{"@type":"CommentAction","name":"Comment","target":["https:\/\/www.aclanester56.com\/velo\/tdec-le-dimanche-26-septembre-a-lanester-modifications-des-regles-de-stationnement-et-circulation\/#respond"]}]},{"@type":"WebPage","@id":"https:\/\/www.aclanester56.com\/velo\/tdec-le-dimanche-26-septembre-a-lanester-modifications-des-regles-de-stationnement-et-circulation\/","url":"https:\/\/www.aclanester56.com\/velo\/tdec-le-dimanche-26-septembre-a-lanester-modifications-des-regles-de-stationnement-et-circulation\/","name":"TDEC le dimanche 26 septembre \u00e0 Lanester : Modifications des r\u00e8gles de stationnement et circulation - Avenir Cycliste Lanester 56","isPartOf":{"@id":"https:\/\/www.aclanester56.com\/velo\/#website"},"primaryImageOfPage":{"@id":"https:\/\/www.aclanester56.com\/velo\/tdec-le-dimanche-26-septembre-a-lanester-modifications-des-regles-de-stationnement-et-circulation\/#primaryimage"},"image":{"@id":"https:\/\/www.aclanester56.com\/velo\/tdec-le-dimanche-26-septembre-a-lanester-modifications-des-regles-de-stationnement-et-circulation\/#primaryimage"},"thumbnailUrl":"https:\/\/www.aclanester56.com\/velo\/wp-content\/uploads\/2021\/09\/Circuit.png","datePublished":"2021-09-24T17:20:18+00:00","dateModified":"2021-09-24T17:22:46+00:00","inLanguage":"fr-FR","potentialAction":[{"@type":"ReadAction","target":["https:\/\/www.aclanester56.com\/velo\/tdec-le-dimanche-26-septembre-a-lanester-modifications-des-regles-de-stationnement-et-circulation\/"]}]},{"@type":"ImageObject","inLanguage":"fr-FR","@id":"https:\/\/www.aclanester56.com\/velo\/tdec-le-dimanche-26-septembre-a-lanester-modifications-des-regles-de-stationnement-et-circulation\/#primaryimage","url":"https:\/\/www.aclanester56.com\/velo\/wp-content\/uploads\/2021\/09\/Circuit.png","contentUrl":"https:\/\/www.aclanester56.com\/velo\/wp-content\/uploads\/2021\/09\/Circuit.png","width":756,"height":751},{"@type":"WebSite","@id":"https:\/\/www.aclanester56.com\/velo\/#website","url":"https:\/\/www.aclanester56.com\/velo\/","name":"Avenir Cycliste Lanester 56","description":"Club cycliste de l&#039;AC LANESTER 56","publisher":{"@id":"https:\/\/www.aclanester56.com\/velo\/#organization"},"potentialAction":[{"@type":"SearchAction","target":{"@type":"EntryPoint","urlTemplate":"https:\/\/www.aclanester56.com\/velo\/?s={search_term_string}"},"query-input":{"@type":"PropertyValueSpecification","valueRequired":true,"valueName":"search_term_string"}}],"inLanguage":"fr-FR"},{"@type":"Organization","@id":"https:\/\/www.aclanester56.com\/velo\/#organization","name":"Avenir Cycliste Lanester 56","url":"https:\/\/www.aclanester56.com\/velo\/","logo":{"@type":"ImageObject","inLanguage":"fr-FR","@id":"https:\/\/www.aclanester56.com\/velo\/#\/schema\/logo\/image\/","url":"https:\/\/www.aclanester56.com\/velo\/wp-content\/uploads\/2013\/04\/logo-ACL.jpg","contentUrl":"https:\/\/www.aclanester56.com\/velo\/wp-content\/uploads\/2013\/04\/logo-ACL.jpg","width":400,"height":334,"caption":"Avenir Cycliste Lanester 56"},"image":{"@id":"https:\/\/www.aclanester56.com\/velo\/#\/schema\/logo\/image\/"},"sameAs":["https:\/\/www.facebook.com\/pages\/AC-Lanester-56\/190286300991242?fref=ts"]},{"@type":"Person","@id":"https:\/\/www.aclanester56.com\/velo\/#\/schema\/person\/ca2a44a5fd969e9dd846c72d3b33bc01","name":"Jean-Christophe","url":"https:\/\/www.aclanester56.com\/velo\/author\/jeanchristophe\/"}]}},"_links":{"self":[{"href":"https:\/\/www.aclanester56.com\/velo\/wp-json\/wp\/v2\/posts\/41744","targetHints":{"allow":["GET"]}}],"collection":[{"href":"https:\/\/www.aclanester56.com\/velo\/wp-json\/wp\/v2\/posts"}],"about":[{"href":"https:\/\/www.aclanester56.com\/velo\/wp-json\/wp\/v2\/types\/post"}],"author":[{"embeddable":true,"href":"https:\/\/www.aclanester56.com\/velo\/wp-json\/wp\/v2\/users\/14"}],"replies":[{"embeddable":true,"href":"https:\/\/www.aclanester56.com\/velo\/wp-json\/wp\/v2\/comments?post=41744"}],"version-history":[{"count":2,"href":"https:\/\/www.aclanester56.com\/velo\/wp-json\/wp\/v2\/posts\/41744\/revisions"}],"predecessor-version":[{"id":41748,"href":"https:\/\/www.aclanester56.com\/velo\/wp-json\/wp\/v2\/posts\/41744\/revisions\/41748"}],"wp:featuredmedia":[{"embeddable":true,"href":"https:\/\/www.aclanester56.com\/velo\/wp-json\/wp\/v2\/media\/41746"}],"wp:attachment":[{"href":"https:\/\/www.aclanester56.com\/velo\/wp-json\/wp\/v2\/media?parent=41744"}],"wp:term":[{"taxonomy":"category","embeddable":true,"href":"https:\/\/www.aclanester56.com\/velo\/wp-json\/wp\/v2\/categories?post=41744"},{"taxonomy":"post_tag","embeddable":true,"href":"https:\/\/www.aclanester56.com\/velo\/wp-json\/wp\/v2\/tags?post=41744"}],"curies":[{"name":"wp","href":"https:\/\/api.w.org\/{rel}","templated":true}]}}