{"id":41760,"date":"2021-11-21T22:57:22","date_gmt":"2021-11-21T20:57:22","guid":{"rendered":"https:\/\/www.aclanester56.com\/velo\/?p=41760"},"modified":"2021-11-22T23:16:36","modified_gmt":"2021-11-22T21:16:36","slug":"trois-podiums-et-deux-titres-au-championnat-du-morbihan-de-cyclo-cross","status":"publish","type":"post","link":"https:\/\/www.aclanester56.com\/velo\/trois-podiums-et-deux-titres-au-championnat-du-morbihan-de-cyclo-cross\/","title":{"rendered":"Trois podiums et deux titres au championnat du Morbihan de cyclo-cross"},"content":{"rendered":"<p><!--more--><\/p>\n<p>&nbsp;<\/p>\n<p style=\"text-align: justify;\">Sur les 9 engag\u00e9s de l&rsquo;AC Lanester 56 Formation au championnat du Morbihan de cyclo-cross \u00e0 Pont-Scorff ce dimanche 21 novembre, ce sont les nouvelles venues au club qui ont montr\u00e9 la voie : Kenza Le Cavil est devenue championne du Morbihan Minimes, Pauline Jaffr\u00e9 est 6\u00e8me. Chez les Cadettes, Eva Philippe remporte le titre d\u00e9partemental devant sa co\u00e9quipi\u00e8re Enora Le Cavil.<\/p>\n<p style=\"text-align: justify;\">Tous les r\u00e9sultats sont \u00e0 retrouver ci-dessous. Bravo \u00e0 toutes et \u00e0 tous !<\/p>\n<div class=\"o9v6fnle cxmmr5t8 oygrvhab hcukyx3x c1et5uql ii04i59q\">\n<div dir=\"auto\"><span style=\"text-decoration: underline;\"><strong>Minimes Filles :<\/strong><\/span><\/div>\n<div dir=\"auto\">1 LE CAVIL Kenza AC LANESTER 56<\/div>\n<div dir=\"auto\">6 JAFFRE Pauline AC LANESTER 56<\/div>\n<div dir=\"auto\">&nbsp;<\/div>\n<\/div>\n<div class=\"o9v6fnle cxmmr5t8 oygrvhab hcukyx3x c1et5uql ii04i59q\">\n<div dir=\"auto\"><strong><span style=\"text-decoration: underline;\">Minimes Gar\u00e7ons :<\/span><\/strong><\/div>\n<div dir=\"auto\">16 FOLIGNE Timothe AC LANESTER 56<\/div>\n<div dir=\"auto\">21 DUGUE Oscar AC LANESTER 56<\/div>\n<div dir=\"auto\">&nbsp;<\/div>\n<\/div>\n<div class=\"o9v6fnle cxmmr5t8 oygrvhab hcukyx3x c1et5uql ii04i59q\">\n<div dir=\"auto\"><span style=\"text-decoration: underline;\"><strong>Cadets Filles :<\/strong><\/span><\/div>\n<div dir=\"auto\">1 PHILIPPE Eva AC LANESTER 56<\/div>\n<div dir=\"auto\">2 LE CAVIL Enora AC LANESTER 56<\/div>\n<div dir=\"auto\">&nbsp;<\/div>\n<\/div>\n<div class=\"o9v6fnle cxmmr5t8 oygrvhab hcukyx3x c1et5uql ii04i59q\">\n<div dir=\"auto\"><span style=\"text-decoration: underline;\"><strong>Cadets Gar\u00e7ons :<\/strong><\/span><\/div>\n<div dir=\"auto\">8 CREN Lenny AC LANESTER 56<\/div>\n<div dir=\"auto\">&nbsp;<\/div>\n<\/div>\n<div class=\"o9v6fnle cxmmr5t8 oygrvhab hcukyx3x c1et5uql ii04i59q\">\n<div dir=\"auto\"><span style=\"text-decoration: underline;\"><strong>SENIORS ESPOIRS :<\/strong><\/span><\/div>\n<div dir=\"auto\">19 STEVANT Victor AC LANESTER 56<\/div>\n<div dir=\"auto\">32 RAUDE Alexandre AC LANESTER 56<\/div>\n<div dir=\"auto\">&nbsp;<\/div>\n<\/div>\n<div class=\"o9v6fnle cxmmr5t8 oygrvhab hcukyx3x c1et5uql ii04i59q\">\n<div dir=\"auto\"><span style=\"text-decoration: underline;\"><strong>Classements complets<\/strong> <\/span>:&nbsp;<a class=\"oajrlxb2 g5ia77u1 qu0x051f esr5mh6w e9989ue4 r7d6kgcz rq0escxv nhd2j8a9 nc684nl6 p7hjln8o kvgmc6g5 cxmmr5t8 oygrvhab hcukyx3x jb3vyjys rz4wbd8a qt6c0cv9 a8nywdso i1ao9s8h esuyzwwr f1sip0of lzcic4wl py34i1dx gpro0wi8\" tabindex=\"0\" role=\"link\" href=\"https:\/\/www.velopressecollection.fr\/cyclo-cross\/classements\/12823-pont-scorff-21-novembre-2021-classement.html?fbclid=IwAR13ANmLbqR6yDGOfjsUFVNxN1N0vW9CWuo2HtuLZ_4jTOrUzSiv2dfIec4\" target=\"_blank\" rel=\"nofollow noopener\">https:\/\/www.velopressecollection.fr\/&#8230;\/12823-pont-scorff&#8230;<\/a><\/div>\n<\/div>\n","protected":false},"excerpt":{"rendered":"","protected":false},"author":14,"featured_media":41769,"comment_status":"open","ping_status":"open","sticky":false,"template":"","format":"standard","meta":{"ngg_post_thumbnail":0,"footnotes":""},"categories":[5,22,23],"tags":[],"class_list":["post-41760","post","type-post","status-publish","format-standard","has-post-thumbnail","hentry","category-ac-lanester-56","category-resultats-cadets","category-resultats-minimes"],"yoast_head":"<!-- This site is optimized with the Yoast SEO plugin v27.5 - https:\/\/yoast.com\/product\/yoast-seo-wordpress\/ -->\n<title>Trois podiums et deux titres au championnat du Morbihan de cyclo-cross - Avenir Cycliste Lanester 56<\/title>\n<meta name=\"robots\" content=\"index, follow, max-snippet:-1, max-image-preview:large, max-video-preview:-1\" \/>\n<link rel=\"canonical\" href=\"https:\/\/www.aclanester56.com\/velo\/trois-podiums-et-deux-titres-au-championnat-du-morbihan-de-cyclo-cross\/\" \/>\n<meta property=\"og:locale\" content=\"fr_FR\" \/>\n<meta property=\"og:type\" content=\"article\" \/>\n<meta property=\"og:title\" content=\"Trois podiums et deux titres au championnat du Morbihan de cyclo-cross - Avenir Cycliste Lanester 56\" \/>\n<meta property=\"og:url\" content=\"https:\/\/www.aclanester56.com\/velo\/trois-podiums-et-deux-titres-au-championnat-du-morbihan-de-cyclo-cross\/\" \/>\n<meta property=\"og:site_name\" content=\"Avenir Cycliste Lanester 56\" \/>\n<meta property=\"article:publisher\" content=\"https:\/\/www.facebook.com\/pages\/AC-Lanester-56\/190286300991242?fref=ts\" \/>\n<meta property=\"article:published_time\" content=\"2021-11-21T20:57:22+00:00\" \/>\n<meta property=\"article:modified_time\" content=\"2021-11-22T21:16:36+00:00\" \/>\n<meta property=\"og:image\" content=\"https:\/\/www.aclanester56.com\/velo\/wp-content\/uploads\/2021\/11\/Copie-de-Copie-de-Visuel-ACL56-2-2-Copie-3.png\" \/>\n\t<meta property=\"og:image:width\" content=\"2400\" \/>\n\t<meta property=\"og:image:height\" content=\"1080\" \/>\n\t<meta property=\"og:image:type\" content=\"image\/png\" \/>\n<meta name=\"author\" content=\"Jean-Christophe\" \/>\n<meta name=\"twitter:label1\" content=\"\u00c9crit par\" \/>\n\t<meta name=\"twitter:data1\" content=\"Jean-Christophe\" \/>\n\t<meta name=\"twitter:label2\" content=\"Dur\u00e9e de lecture estim\u00e9e\" \/>\n\t<meta name=\"twitter:data2\" content=\"1 minute\" \/>\n<script type=\"application\/ld+json\" class=\"yoast-schema-graph\">{\"@context\":\"https:\\\/\\\/schema.org\",\"@graph\":[{\"@type\":\"Article\",\"@id\":\"https:\\\/\\\/www.aclanester56.com\\\/velo\\\/trois-podiums-et-deux-titres-au-championnat-du-morbihan-de-cyclo-cross\\\/#article\",\"isPartOf\":{\"@id\":\"https:\\\/\\\/www.aclanester56.com\\\/velo\\\/trois-podiums-et-deux-titres-au-championnat-du-morbihan-de-cyclo-cross\\\/\"},\"author\":{\"name\":\"Jean-Christophe\",\"@id\":\"https:\\\/\\\/www.aclanester56.com\\\/velo\\\/#\\\/schema\\\/person\\\/ca2a44a5fd969e9dd846c72d3b33bc01\"},\"headline\":\"Trois podiums et deux titres au championnat du Morbihan de cyclo-cross\",\"datePublished\":\"2021-11-21T20:57:22+00:00\",\"dateModified\":\"2021-11-22T21:16:36+00:00\",\"mainEntityOfPage\":{\"@id\":\"https:\\\/\\\/www.aclanester56.com\\\/velo\\\/trois-podiums-et-deux-titres-au-championnat-du-morbihan-de-cyclo-cross\\\/\"},\"wordCount\":147,\"commentCount\":0,\"publisher\":{\"@id\":\"https:\\\/\\\/www.aclanester56.com\\\/velo\\\/#organization\"},\"image\":{\"@id\":\"https:\\\/\\\/www.aclanester56.com\\\/velo\\\/trois-podiums-et-deux-titres-au-championnat-du-morbihan-de-cyclo-cross\\\/#primaryimage\"},\"thumbnailUrl\":\"https:\\\/\\\/www.aclanester56.com\\\/velo\\\/wp-content\\\/uploads\\\/2021\\\/11\\\/Copie-de-Copie-de-Visuel-ACL56-2-2-Copie-3.png\",\"articleSection\":[\"AC LANESTER 56\",\"R\u00e9sultats Cadets\",\"R\u00e9sultats Minimes\"],\"inLanguage\":\"fr-FR\",\"potentialAction\":[{\"@type\":\"CommentAction\",\"name\":\"Comment\",\"target\":[\"https:\\\/\\\/www.aclanester56.com\\\/velo\\\/trois-podiums-et-deux-titres-au-championnat-du-morbihan-de-cyclo-cross\\\/#respond\"]}]},{\"@type\":\"WebPage\",\"@id\":\"https:\\\/\\\/www.aclanester56.com\\\/velo\\\/trois-podiums-et-deux-titres-au-championnat-du-morbihan-de-cyclo-cross\\\/\",\"url\":\"https:\\\/\\\/www.aclanester56.com\\\/velo\\\/trois-podiums-et-deux-titres-au-championnat-du-morbihan-de-cyclo-cross\\\/\",\"name\":\"Trois podiums et deux titres au championnat du Morbihan de cyclo-cross - Avenir Cycliste Lanester 56\",\"isPartOf\":{\"@id\":\"https:\\\/\\\/www.aclanester56.com\\\/velo\\\/#website\"},\"primaryImageOfPage\":{\"@id\":\"https:\\\/\\\/www.aclanester56.com\\\/velo\\\/trois-podiums-et-deux-titres-au-championnat-du-morbihan-de-cyclo-cross\\\/#primaryimage\"},\"image\":{\"@id\":\"https:\\\/\\\/www.aclanester56.com\\\/velo\\\/trois-podiums-et-deux-titres-au-championnat-du-morbihan-de-cyclo-cross\\\/#primaryimage\"},\"thumbnailUrl\":\"https:\\\/\\\/www.aclanester56.com\\\/velo\\\/wp-content\\\/uploads\\\/2021\\\/11\\\/Copie-de-Copie-de-Visuel-ACL56-2-2-Copie-3.png\",\"datePublished\":\"2021-11-21T20:57:22+00:00\",\"dateModified\":\"2021-11-22T21:16:36+00:00\",\"inLanguage\":\"fr-FR\",\"potentialAction\":[{\"@type\":\"ReadAction\",\"target\":[\"https:\\\/\\\/www.aclanester56.com\\\/velo\\\/trois-podiums-et-deux-titres-au-championnat-du-morbihan-de-cyclo-cross\\\/\"]}]},{\"@type\":\"ImageObject\",\"inLanguage\":\"fr-FR\",\"@id\":\"https:\\\/\\\/www.aclanester56.com\\\/velo\\\/trois-podiums-et-deux-titres-au-championnat-du-morbihan-de-cyclo-cross\\\/#primaryimage\",\"url\":\"https:\\\/\\\/www.aclanester56.com\\\/velo\\\/wp-content\\\/uploads\\\/2021\\\/11\\\/Copie-de-Copie-de-Visuel-ACL56-2-2-Copie-3.png\",\"contentUrl\":\"https:\\\/\\\/www.aclanester56.com\\\/velo\\\/wp-content\\\/uploads\\\/2021\\\/11\\\/Copie-de-Copie-de-Visuel-ACL56-2-2-Copie-3.png\",\"width\":2400,\"height\":1080},{\"@type\":\"WebSite\",\"@id\":\"https:\\\/\\\/www.aclanester56.com\\\/velo\\\/#website\",\"url\":\"https:\\\/\\\/www.aclanester56.com\\\/velo\\\/\",\"name\":\"Avenir Cycliste Lanester 56\",\"description\":\"Club cycliste de l&#039;AC LANESTER 56\",\"publisher\":{\"@id\":\"https:\\\/\\\/www.aclanester56.com\\\/velo\\\/#organization\"},\"potentialAction\":[{\"@type\":\"SearchAction\",\"target\":{\"@type\":\"EntryPoint\",\"urlTemplate\":\"https:\\\/\\\/www.aclanester56.com\\\/velo\\\/?s={search_term_string}\"},\"query-input\":{\"@type\":\"PropertyValueSpecification\",\"valueRequired\":true,\"valueName\":\"search_term_string\"}}],\"inLanguage\":\"fr-FR\"},{\"@type\":\"Organization\",\"@id\":\"https:\\\/\\\/www.aclanester56.com\\\/velo\\\/#organization\",\"name\":\"Avenir Cycliste Lanester 56\",\"url\":\"https:\\\/\\\/www.aclanester56.com\\\/velo\\\/\",\"logo\":{\"@type\":\"ImageObject\",\"inLanguage\":\"fr-FR\",\"@id\":\"https:\\\/\\\/www.aclanester56.com\\\/velo\\\/#\\\/schema\\\/logo\\\/image\\\/\",\"url\":\"https:\\\/\\\/www.aclanester56.com\\\/velo\\\/wp-content\\\/uploads\\\/2013\\\/04\\\/logo-ACL.jpg\",\"contentUrl\":\"https:\\\/\\\/www.aclanester56.com\\\/velo\\\/wp-content\\\/uploads\\\/2013\\\/04\\\/logo-ACL.jpg\",\"width\":400,\"height\":334,\"caption\":\"Avenir Cycliste Lanester 56\"},\"image\":{\"@id\":\"https:\\\/\\\/www.aclanester56.com\\\/velo\\\/#\\\/schema\\\/logo\\\/image\\\/\"},\"sameAs\":[\"https:\\\/\\\/www.facebook.com\\\/pages\\\/AC-Lanester-56\\\/190286300991242?fref=ts\"]},{\"@type\":\"Person\",\"@id\":\"https:\\\/\\\/www.aclanester56.com\\\/velo\\\/#\\\/schema\\\/person\\\/ca2a44a5fd969e9dd846c72d3b33bc01\",\"name\":\"Jean-Christophe\",\"url\":\"https:\\\/\\\/www.aclanester56.com\\\/velo\\\/author\\\/jeanchristophe\\\/\"}]}<\/script>\n<!-- \/ Yoast SEO plugin. -->","yoast_head_json":{"title":"Trois podiums et deux titres au championnat du Morbihan de cyclo-cross - Avenir Cycliste Lanester 56","robots":{"index":"index","follow":"follow","max-snippet":"max-snippet:-1","max-image-preview":"max-image-preview:large","max-video-preview":"max-video-preview:-1"},"canonical":"https:\/\/www.aclanester56.com\/velo\/trois-podiums-et-deux-titres-au-championnat-du-morbihan-de-cyclo-cross\/","og_locale":"fr_FR","og_type":"article","og_title":"Trois podiums et deux titres au championnat du Morbihan de cyclo-cross - Avenir Cycliste Lanester 56","og_url":"https:\/\/www.aclanester56.com\/velo\/trois-podiums-et-deux-titres-au-championnat-du-morbihan-de-cyclo-cross\/","og_site_name":"Avenir Cycliste Lanester 56","article_publisher":"https:\/\/www.facebook.com\/pages\/AC-Lanester-56\/190286300991242?fref=ts","article_published_time":"2021-11-21T20:57:22+00:00","article_modified_time":"2021-11-22T21:16:36+00:00","og_image":[{"width":2400,"height":1080,"url":"https:\/\/www.aclanester56.com\/velo\/wp-content\/uploads\/2021\/11\/Copie-de-Copie-de-Visuel-ACL56-2-2-Copie-3.png","type":"image\/png"}],"author":"Jean-Christophe","twitter_misc":{"\u00c9crit par":"Jean-Christophe","Dur\u00e9e de lecture estim\u00e9e":"1 minute"},"schema":{"@context":"https:\/\/schema.org","@graph":[{"@type":"Article","@id":"https:\/\/www.aclanester56.com\/velo\/trois-podiums-et-deux-titres-au-championnat-du-morbihan-de-cyclo-cross\/#article","isPartOf":{"@id":"https:\/\/www.aclanester56.com\/velo\/trois-podiums-et-deux-titres-au-championnat-du-morbihan-de-cyclo-cross\/"},"author":{"name":"Jean-Christophe","@id":"https:\/\/www.aclanester56.com\/velo\/#\/schema\/person\/ca2a44a5fd969e9dd846c72d3b33bc01"},"headline":"Trois podiums et deux titres au championnat du Morbihan de cyclo-cross","datePublished":"2021-11-21T20:57:22+00:00","dateModified":"2021-11-22T21:16:36+00:00","mainEntityOfPage":{"@id":"https:\/\/www.aclanester56.com\/velo\/trois-podiums-et-deux-titres-au-championnat-du-morbihan-de-cyclo-cross\/"},"wordCount":147,"commentCount":0,"publisher":{"@id":"https:\/\/www.aclanester56.com\/velo\/#organization"},"image":{"@id":"https:\/\/www.aclanester56.com\/velo\/trois-podiums-et-deux-titres-au-championnat-du-morbihan-de-cyclo-cross\/#primaryimage"},"thumbnailUrl":"https:\/\/www.aclanester56.com\/velo\/wp-content\/uploads\/2021\/11\/Copie-de-Copie-de-Visuel-ACL56-2-2-Copie-3.png","articleSection":["AC LANESTER 56","R\u00e9sultats Cadets","R\u00e9sultats Minimes"],"inLanguage":"fr-FR","potentialAction":[{"@type":"CommentAction","name":"Comment","target":["https:\/\/www.aclanester56.com\/velo\/trois-podiums-et-deux-titres-au-championnat-du-morbihan-de-cyclo-cross\/#respond"]}]},{"@type":"WebPage","@id":"https:\/\/www.aclanester56.com\/velo\/trois-podiums-et-deux-titres-au-championnat-du-morbihan-de-cyclo-cross\/","url":"https:\/\/www.aclanester56.com\/velo\/trois-podiums-et-deux-titres-au-championnat-du-morbihan-de-cyclo-cross\/","name":"Trois podiums et deux titres au championnat du Morbihan de cyclo-cross - Avenir Cycliste Lanester 56","isPartOf":{"@id":"https:\/\/www.aclanester56.com\/velo\/#website"},"primaryImageOfPage":{"@id":"https:\/\/www.aclanester56.com\/velo\/trois-podiums-et-deux-titres-au-championnat-du-morbihan-de-cyclo-cross\/#primaryimage"},"image":{"@id":"https:\/\/www.aclanester56.com\/velo\/trois-podiums-et-deux-titres-au-championnat-du-morbihan-de-cyclo-cross\/#primaryimage"},"thumbnailUrl":"https:\/\/www.aclanester56.com\/velo\/wp-content\/uploads\/2021\/11\/Copie-de-Copie-de-Visuel-ACL56-2-2-Copie-3.png","datePublished":"2021-11-21T20:57:22+00:00","dateModified":"2021-11-22T21:16:36+00:00","inLanguage":"fr-FR","potentialAction":[{"@type":"ReadAction","target":["https:\/\/www.aclanester56.com\/velo\/trois-podiums-et-deux-titres-au-championnat-du-morbihan-de-cyclo-cross\/"]}]},{"@type":"ImageObject","inLanguage":"fr-FR","@id":"https:\/\/www.aclanester56.com\/velo\/trois-podiums-et-deux-titres-au-championnat-du-morbihan-de-cyclo-cross\/#primaryimage","url":"https:\/\/www.aclanester56.com\/velo\/wp-content\/uploads\/2021\/11\/Copie-de-Copie-de-Visuel-ACL56-2-2-Copie-3.png","contentUrl":"https:\/\/www.aclanester56.com\/velo\/wp-content\/uploads\/2021\/11\/Copie-de-Copie-de-Visuel-ACL56-2-2-Copie-3.png","width":2400,"height":1080},{"@type":"WebSite","@id":"https:\/\/www.aclanester56.com\/velo\/#website","url":"https:\/\/www.aclanester56.com\/velo\/","name":"Avenir Cycliste Lanester 56","description":"Club cycliste de l&#039;AC LANESTER 56","publisher":{"@id":"https:\/\/www.aclanester56.com\/velo\/#organization"},"potentialAction":[{"@type":"SearchAction","target":{"@type":"EntryPoint","urlTemplate":"https:\/\/www.aclanester56.com\/velo\/?s={search_term_string}"},"query-input":{"@type":"PropertyValueSpecification","valueRequired":true,"valueName":"search_term_string"}}],"inLanguage":"fr-FR"},{"@type":"Organization","@id":"https:\/\/www.aclanester56.com\/velo\/#organization","name":"Avenir Cycliste Lanester 56","url":"https:\/\/www.aclanester56.com\/velo\/","logo":{"@type":"ImageObject","inLanguage":"fr-FR","@id":"https:\/\/www.aclanester56.com\/velo\/#\/schema\/logo\/image\/","url":"https:\/\/www.aclanester56.com\/velo\/wp-content\/uploads\/2013\/04\/logo-ACL.jpg","contentUrl":"https:\/\/www.aclanester56.com\/velo\/wp-content\/uploads\/2013\/04\/logo-ACL.jpg","width":400,"height":334,"caption":"Avenir Cycliste Lanester 56"},"image":{"@id":"https:\/\/www.aclanester56.com\/velo\/#\/schema\/logo\/image\/"},"sameAs":["https:\/\/www.facebook.com\/pages\/AC-Lanester-56\/190286300991242?fref=ts"]},{"@type":"Person","@id":"https:\/\/www.aclanester56.com\/velo\/#\/schema\/person\/ca2a44a5fd969e9dd846c72d3b33bc01","name":"Jean-Christophe","url":"https:\/\/www.aclanester56.com\/velo\/author\/jeanchristophe\/"}]}},"_links":{"self":[{"href":"https:\/\/www.aclanester56.com\/velo\/wp-json\/wp\/v2\/posts\/41760","targetHints":{"allow":["GET"]}}],"collection":[{"href":"https:\/\/www.aclanester56.com\/velo\/wp-json\/wp\/v2\/posts"}],"about":[{"href":"https:\/\/www.aclanester56.com\/velo\/wp-json\/wp\/v2\/types\/post"}],"author":[{"embeddable":true,"href":"https:\/\/www.aclanester56.com\/velo\/wp-json\/wp\/v2\/users\/14"}],"replies":[{"embeddable":true,"href":"https:\/\/www.aclanester56.com\/velo\/wp-json\/wp\/v2\/comments?post=41760"}],"version-history":[{"count":2,"href":"https:\/\/www.aclanester56.com\/velo\/wp-json\/wp\/v2\/posts\/41760\/revisions"}],"predecessor-version":[{"id":41770,"href":"https:\/\/www.aclanester56.com\/velo\/wp-json\/wp\/v2\/posts\/41760\/revisions\/41770"}],"wp:featuredmedia":[{"embeddable":true,"href":"https:\/\/www.aclanester56.com\/velo\/wp-json\/wp\/v2\/media\/41769"}],"wp:attachment":[{"href":"https:\/\/www.aclanester56.com\/velo\/wp-json\/wp\/v2\/media?parent=41760"}],"wp:term":[{"taxonomy":"category","embeddable":true,"href":"https:\/\/www.aclanester56.com\/velo\/wp-json\/wp\/v2\/categories?post=41760"},{"taxonomy":"post_tag","embeddable":true,"href":"https:\/\/www.aclanester56.com\/velo\/wp-json\/wp\/v2\/tags?post=41760"}],"curies":[{"name":"wp","href":"https:\/\/api.w.org\/{rel}","templated":true}]}}