{"id":41821,"date":"2022-04-04T20:58:11","date_gmt":"2022-04-04T18:58:11","guid":{"rendered":"https:\/\/www.aclanester56.com\/velo\/?p=41821"},"modified":"2022-04-04T20:58:11","modified_gmt":"2022-04-04T18:58:11","slug":"les-resultats-du-2-et-3-avril-2022","status":"publish","type":"post","link":"https:\/\/www.aclanester56.com\/velo\/les-resultats-du-2-et-3-avril-2022\/","title":{"rendered":"Les r\u00e9sultats du  2 et 3 avril 2022"},"content":{"rendered":"<div class=\"kvgmc6g5 cxmmr5t8 oygrvhab hcukyx3x c1et5uql ii04i59q\">\n<div dir=\"auto\"><span class=\"pq6dq46d tbxw36s4 knj5qynh kvgmc6g5 ditlmg2l oygrvhab nvdbi5me sf5mxxl7 gl3lb2sf hhz5lgdu\"><img loading=\"lazy\" decoding=\"async\" src=\"https:\/\/static.xx.fbcdn.net\/images\/emoji.php\/v9\/t92\/1.5\/16\/1f3c1.png\" alt=\"&#x1f3c1;\" width=\"16\" height=\"16\"\/><\/span> R\u00e9sultats du week-end <span class=\"pq6dq46d tbxw36s4 knj5qynh kvgmc6g5 ditlmg2l oygrvhab nvdbi5me sf5mxxl7 gl3lb2sf hhz5lgdu\"><img loading=\"lazy\" decoding=\"async\" src=\"https:\/\/static.xx.fbcdn.net\/images\/emoji.php\/v9\/t92\/1.5\/16\/1f3c1.png\" alt=\"&#x1f3c1;\" width=\"16\" height=\"16\"\/><\/span><\/div>\n<div dir=\"auto\">&nbsp;<\/div>\n<\/div>\n<p><!--more--><\/p>\n<div class=\"cxmmr5t8 oygrvhab hcukyx3x c1et5uql o9v6fnle ii04i59q\">\n<div dir=\"auto\">&#8212;&#8211;<\/div>\n<div dir=\"auto\"><span class=\"pq6dq46d tbxw36s4 knj5qynh kvgmc6g5 ditlmg2l oygrvhab nvdbi5me sf5mxxl7 gl3lb2sf hhz5lgdu\"><img loading=\"lazy\" decoding=\"async\" src=\"https:\/\/static.xx.fbcdn.net\/images\/emoji.php\/v9\/td7\/1.5\/16\/1f4c5.png\" alt=\"&#x1f4c5;\" width=\"16\" height=\"16\"\/><\/span> Samedi 02 Avril<\/div>\n<\/div>\n<div class=\"cxmmr5t8 oygrvhab hcukyx3x c1et5uql o9v6fnle ii04i59q\">\n<div dir=\"auto\"><span class=\"pq6dq46d tbxw36s4 knj5qynh kvgmc6g5 ditlmg2l oygrvhab nvdbi5me sf5mxxl7 gl3lb2sf hhz5lgdu\"><a href=\"https:\/\/www.aclanester56.com\/velo\/wp-content\/uploads\/2022\/04\/resultats-2-3-avril-2022.jpg\"><img loading=\"lazy\" decoding=\"async\" class=\"alignright size-large wp-image-41822\" src=\"https:\/\/www.aclanester56.com\/velo\/wp-content\/uploads\/2022\/04\/resultats-2-3-avril-2022-600x600.jpg\" alt=\"\" width=\"600\" height=\"600\" srcset=\"https:\/\/www.aclanester56.com\/velo\/wp-content\/uploads\/2022\/04\/resultats-2-3-avril-2022-600x600.jpg 600w, https:\/\/www.aclanester56.com\/velo\/wp-content\/uploads\/2022\/04\/resultats-2-3-avril-2022-300x300.jpg 300w, https:\/\/www.aclanester56.com\/velo\/wp-content\/uploads\/2022\/04\/resultats-2-3-avril-2022-150x150.jpg 150w, https:\/\/www.aclanester56.com\/velo\/wp-content\/uploads\/2022\/04\/resultats-2-3-avril-2022-768x768.jpg 768w, https:\/\/www.aclanester56.com\/velo\/wp-content\/uploads\/2022\/04\/resultats-2-3-avril-2022-450x450.jpg 450w, https:\/\/www.aclanester56.com\/velo\/wp-content\/uploads\/2022\/04\/resultats-2-3-avril-2022-100x100.jpg 100w, https:\/\/www.aclanester56.com\/velo\/wp-content\/uploads\/2022\/04\/resultats-2-3-avril-2022.jpg 1080w\" sizes=\"auto, (max-width: 600px) 100vw, 600px\" \/><\/a><img loading=\"lazy\" decoding=\"async\" src=\"https:\/\/static.xx.fbcdn.net\/images\/emoji.php\/v9\/t5\/1.5\/16\/1f4cc.png\" alt=\"&#x1f4cc;\" width=\"16\" height=\"16\"\/><\/span> Briouze<\/div>\n<div dir=\"auto\">L\u00e9a PITARD 38e<\/div>\n<\/div>\n<div class=\"cxmmr5t8 oygrvhab hcukyx3x c1et5uql o9v6fnle ii04i59q\">\n<div dir=\"auto\">&#8212;&#8211;<\/div>\n<div dir=\"auto\"><span class=\"pq6dq46d tbxw36s4 knj5qynh kvgmc6g5 ditlmg2l oygrvhab nvdbi5me sf5mxxl7 gl3lb2sf hhz5lgdu\"><img loading=\"lazy\" decoding=\"async\" src=\"https:\/\/static.xx.fbcdn.net\/images\/emoji.php\/v9\/td7\/1.5\/16\/1f4c5.png\" alt=\"&#x1f4c5;\" width=\"16\" height=\"16\"\/><\/span> Dimanche 03 Avril<\/div>\n<\/div>\n<div class=\"cxmmr5t8 oygrvhab hcukyx3x c1et5uql o9v6fnle ii04i59q\">\n<div dir=\"auto\"><span class=\"pq6dq46d tbxw36s4 knj5qynh kvgmc6g5 ditlmg2l oygrvhab nvdbi5me sf5mxxl7 gl3lb2sf hhz5lgdu\"><img loading=\"lazy\" decoding=\"async\" src=\"https:\/\/static.xx.fbcdn.net\/images\/emoji.php\/v9\/t5\/1.5\/16\/1f4cc.png\" alt=\"&#x1f4cc;\" width=\"16\" height=\"16\"\/><\/span> Languidic<\/div>\n<div dir=\"auto\">Minimes :<\/div>\n<div dir=\"auto\">Andy LE PORT 7e<\/div>\n<div dir=\"auto\">Pavel LE MAREC 13e<\/div>\n<div dir=\"auto\">Erwan LE ROUX 22e<\/div>\n<div dir=\"auto\">Oscar DUGUE 34e<\/div>\n<div dir=\"auto\">Esteban CURIE 35e<\/div>\n<div dir=\"auto\">Manoe HERIQUET 39e<\/div>\n<\/div>\n<div class=\"cxmmr5t8 oygrvhab hcukyx3x c1et5uql o9v6fnle ii04i59q\">\n<div dir=\"auto\">3-J :<\/div>\n<div dir=\"auto\">Brayann BARGUIL 10e<\/div>\n<div dir=\"auto\">Romain BARRAS 30e<\/div>\n<div dir=\"auto\">Nohan HERIQUET 47e<\/div>\n<div dir=\"auto\">Julien LE GOURRIEREC 85e<\/div>\n<div dir=\"auto\">Dorian LAFOSSE 92e<\/div>\n<\/div>\n<div class=\"cxmmr5t8 oygrvhab hcukyx3x c1et5uql o9v6fnle ii04i59q\">\n<div dir=\"auto\"><span class=\"pq6dq46d tbxw36s4 knj5qynh kvgmc6g5 ditlmg2l oygrvhab nvdbi5me sf5mxxl7 gl3lb2sf hhz5lgdu\"><img loading=\"lazy\" decoding=\"async\" src=\"https:\/\/static.xx.fbcdn.net\/images\/emoji.php\/v9\/t5\/1.5\/16\/1f4cc.png\" alt=\"&#x1f4cc;\" width=\"16\" height=\"16\"\/><\/span> Colpo<\/div>\n<div dir=\"auto\">Pass cyclisme : Alexandre RAUDE 30e (D1-D2), Kevin MOIZAN 52e (D3-D4)<\/div>\n<div dir=\"auto\">2-3-J : Romain TOMASSACCI 8e<\/div>\n<div dir=\"auto\">Alexis LE GUEVEL 18e<\/div>\n<div dir=\"auto\">Julien GUIHO 92e<\/div>\n<\/div>\n<div class=\"cxmmr5t8 oygrvhab hcukyx3x c1et5uql o9v6fnle ii04i59q\">\n<div dir=\"auto\"><span class=\"pq6dq46d tbxw36s4 knj5qynh kvgmc6g5 ditlmg2l oygrvhab nvdbi5me sf5mxxl7 gl3lb2sf hhz5lgdu\"><img loading=\"lazy\" decoding=\"async\" src=\"https:\/\/static.xx.fbcdn.net\/images\/emoji.php\/v9\/t5\/1.5\/16\/1f4cc.png\" alt=\"&#x1f4cc;\" width=\"16\" height=\"16\"\/><\/span> Carhaix<\/div>\n<div dir=\"auto\">Pr\u00e9licenci\u00e9 : Sunny LE MARRE 6e<\/div>\n<div dir=\"auto\">Pupille : Soan LE MARRE 22e<\/div>\n<\/div>\n<div class=\"cxmmr5t8 oygrvhab hcukyx3x c1et5uql o9v6fnle ii04i59q\">\n<div dir=\"auto\"><span class=\"pq6dq46d tbxw36s4 knj5qynh kvgmc6g5 ditlmg2l oygrvhab nvdbi5me sf5mxxl7 gl3lb2sf hhz5lgdu\"><img loading=\"lazy\" decoding=\"async\" src=\"https:\/\/static.xx.fbcdn.net\/images\/emoji.php\/v9\/t5\/1.5\/16\/1f4cc.png\" alt=\"&#x1f4cc;\" width=\"16\" height=\"16\"\/><\/span> St Renan &#8211; Coupe Bretagne Cadets<\/div>\n<div dir=\"auto\">\u00c9tape #1 (CLM indiv) : Lenny CREN 14e, Lucas LOUSSOUARN 83e<\/div>\n<div dir=\"auto\">\u00c9tape #2 : Lenny CREN 6e<\/div>\n<div dir=\"auto\">G\u00e9n\u00e9ral : Lenny CREN 5e<\/div>\n<\/div>\n<div class=\"cxmmr5t8 oygrvhab hcukyx3x c1et5uql o9v6fnle ii04i59q\">\n<div dir=\"auto\"><span class=\"pq6dq46d tbxw36s4 knj5qynh kvgmc6g5 ditlmg2l oygrvhab nvdbi5me sf5mxxl7 gl3lb2sf hhz5lgdu\"><img loading=\"lazy\" decoding=\"async\" src=\"https:\/\/static.xx.fbcdn.net\/images\/emoji.php\/v9\/t5\/1.5\/16\/1f4cc.png\" alt=\"&#x1f4cc;\" width=\"16\" height=\"16\"\/><\/span> Clohars Carnoet<\/div>\n<div dir=\"auto\">Minimes :<\/div>\n<div dir=\"auto\"><span class=\"pq6dq46d tbxw36s4 knj5qynh kvgmc6g5 ditlmg2l oygrvhab nvdbi5me sf5mxxl7 gl3lb2sf hhz5lgdu\"><img loading=\"lazy\" decoding=\"async\" src=\"https:\/\/static.xx.fbcdn.net\/images\/emoji.php\/v9\/t17\/1.5\/16\/1f3c6.png\" alt=\"&#x1f3c6;\" width=\"16\" height=\"16\"\/><\/span> Victoire de Kenza LE CAVIL <span class=\"pq6dq46d tbxw36s4 knj5qynh kvgmc6g5 ditlmg2l oygrvhab nvdbi5me sf5mxxl7 gl3lb2sf hhz5lgdu\"><img loading=\"lazy\" decoding=\"async\" src=\"https:\/\/static.xx.fbcdn.net\/images\/emoji.php\/v9\/ted\/1.5\/16\/1f947.png\" alt=\"&#x1f947;\" width=\"16\" height=\"16\"\/><\/span><\/div>\n<div dir=\"auto\">Cadettes : Eva PHILIPPE 4e<\/div>\n<div dir=\"auto\">Leonie JAFFRE 8e<\/div>\n<div dir=\"auto\">\u00c9nora LE CAVIL 12e<\/div>\n<\/div>\n<div class=\"cxmmr5t8 oygrvhab hcukyx3x c1et5uql o9v6fnle ii04i59q\">\n<div dir=\"auto\">Juniors\/seniors :<\/div>\n<div dir=\"auto\">Glwadys MOAL 4e<\/div>\n<div dir=\"auto\">Fanny BARON 5e<\/div>\n<div dir=\"auto\">M\u00e9lissa ROUAT 7e<\/div>\n<div dir=\"auto\">Angelina ROBIC 9e<\/div>\n<div dir=\"auto\">Sylvia LE GLEUT 13<\/div>\n<div dir=\"auto\">Pauline PAILLARD 20e<\/div>\n<div dir=\"auto\">Ma\u00e9va LE CORLAY BARON 22e<\/div>\n<div dir=\"auto\">Louane B\u00c9RET 26e<\/div>\n<\/div>\n<div class=\"cxmmr5t8 oygrvhab hcukyx3x c1et5uql o9v6fnle ii04i59q\">\n<div dir=\"auto\"><span class=\"pq6dq46d tbxw36s4 knj5qynh kvgmc6g5 ditlmg2l oygrvhab nvdbi5me sf5mxxl7 gl3lb2sf hhz5lgdu\"><img loading=\"lazy\" decoding=\"async\" src=\"https:\/\/static.xx.fbcdn.net\/images\/emoji.php\/v9\/t37\/1.5\/16\/1f4f8.png\" alt=\"&#x1f4f8;\" width=\"16\" height=\"16\"\/><\/span> Lo\u00efc D\u00e9niel<\/div>\n<\/div>\n","protected":false},"excerpt":{"rendered":"<p>R\u00e9sultats du week-end &nbsp;<\/p>\n","protected":false},"author":2,"featured_media":41822,"comment_status":"open","ping_status":"open","sticky":false,"template":"","format":"standard","meta":{"ngg_post_thumbnail":0,"footnotes":""},"categories":[5],"tags":[],"class_list":["post-41821","post","type-post","status-publish","format-standard","has-post-thumbnail","hentry","category-ac-lanester-56"],"yoast_head":"<!-- This site is optimized with the Yoast SEO plugin v27.5 - https:\/\/yoast.com\/product\/yoast-seo-wordpress\/ -->\n<title>Les r\u00e9sultats du 2 et 3 avril 2022 - Avenir Cycliste Lanester 56<\/title>\n<meta name=\"robots\" content=\"index, follow, max-snippet:-1, max-image-preview:large, max-video-preview:-1\" \/>\n<link rel=\"canonical\" href=\"https:\/\/www.aclanester56.com\/velo\/les-resultats-du-2-et-3-avril-2022\/\" \/>\n<meta property=\"og:locale\" content=\"fr_FR\" \/>\n<meta property=\"og:type\" content=\"article\" \/>\n<meta property=\"og:title\" content=\"Les r\u00e9sultats du 2 et 3 avril 2022 - Avenir Cycliste Lanester 56\" \/>\n<meta property=\"og:description\" content=\"R\u00e9sultats du week-end &nbsp;\" \/>\n<meta property=\"og:url\" content=\"https:\/\/www.aclanester56.com\/velo\/les-resultats-du-2-et-3-avril-2022\/\" \/>\n<meta property=\"og:site_name\" content=\"Avenir Cycliste Lanester 56\" \/>\n<meta property=\"article:publisher\" content=\"https:\/\/www.facebook.com\/pages\/AC-Lanester-56\/190286300991242?fref=ts\" \/>\n<meta property=\"article:published_time\" content=\"2022-04-04T18:58:11+00:00\" \/>\n<meta property=\"og:image\" content=\"https:\/\/www.aclanester56.com\/velo\/wp-content\/uploads\/2022\/04\/resultats-2-3-avril-2022.jpg\" \/>\n\t<meta property=\"og:image:width\" content=\"1080\" \/>\n\t<meta property=\"og:image:height\" content=\"1080\" \/>\n\t<meta property=\"og:image:type\" content=\"image\/jpeg\" \/>\n<meta name=\"author\" content=\"stephane\" \/>\n<meta name=\"twitter:label1\" content=\"\u00c9crit par\" \/>\n\t<meta name=\"twitter:data1\" content=\"stephane\" \/>\n\t<meta name=\"twitter:label2\" content=\"Dur\u00e9e de lecture estim\u00e9e\" \/>\n\t<meta name=\"twitter:data2\" content=\"1 minute\" \/>\n<script type=\"application\/ld+json\" class=\"yoast-schema-graph\">{\"@context\":\"https:\\\/\\\/schema.org\",\"@graph\":[{\"@type\":\"Article\",\"@id\":\"https:\\\/\\\/www.aclanester56.com\\\/velo\\\/les-resultats-du-2-et-3-avril-2022\\\/#article\",\"isPartOf\":{\"@id\":\"https:\\\/\\\/www.aclanester56.com\\\/velo\\\/les-resultats-du-2-et-3-avril-2022\\\/\"},\"author\":{\"name\":\"stephane\",\"@id\":\"https:\\\/\\\/www.aclanester56.com\\\/velo\\\/#\\\/schema\\\/person\\\/c844661e64a578ca46639cb0ae764de6\"},\"headline\":\"Les r\u00e9sultats du 2 et 3 avril 2022\",\"datePublished\":\"2022-04-04T18:58:11+00:00\",\"mainEntityOfPage\":{\"@id\":\"https:\\\/\\\/www.aclanester56.com\\\/velo\\\/les-resultats-du-2-et-3-avril-2022\\\/\"},\"wordCount\":178,\"commentCount\":0,\"publisher\":{\"@id\":\"https:\\\/\\\/www.aclanester56.com\\\/velo\\\/#organization\"},\"image\":{\"@id\":\"https:\\\/\\\/www.aclanester56.com\\\/velo\\\/les-resultats-du-2-et-3-avril-2022\\\/#primaryimage\"},\"thumbnailUrl\":\"https:\\\/\\\/www.aclanester56.com\\\/velo\\\/wp-content\\\/uploads\\\/2022\\\/04\\\/resultats-2-3-avril-2022.jpg\",\"articleSection\":[\"AC LANESTER 56\"],\"inLanguage\":\"fr-FR\",\"potentialAction\":[{\"@type\":\"CommentAction\",\"name\":\"Comment\",\"target\":[\"https:\\\/\\\/www.aclanester56.com\\\/velo\\\/les-resultats-du-2-et-3-avril-2022\\\/#respond\"]}]},{\"@type\":\"WebPage\",\"@id\":\"https:\\\/\\\/www.aclanester56.com\\\/velo\\\/les-resultats-du-2-et-3-avril-2022\\\/\",\"url\":\"https:\\\/\\\/www.aclanester56.com\\\/velo\\\/les-resultats-du-2-et-3-avril-2022\\\/\",\"name\":\"Les r\u00e9sultats du 2 et 3 avril 2022 - Avenir Cycliste Lanester 56\",\"isPartOf\":{\"@id\":\"https:\\\/\\\/www.aclanester56.com\\\/velo\\\/#website\"},\"primaryImageOfPage\":{\"@id\":\"https:\\\/\\\/www.aclanester56.com\\\/velo\\\/les-resultats-du-2-et-3-avril-2022\\\/#primaryimage\"},\"image\":{\"@id\":\"https:\\\/\\\/www.aclanester56.com\\\/velo\\\/les-resultats-du-2-et-3-avril-2022\\\/#primaryimage\"},\"thumbnailUrl\":\"https:\\\/\\\/www.aclanester56.com\\\/velo\\\/wp-content\\\/uploads\\\/2022\\\/04\\\/resultats-2-3-avril-2022.jpg\",\"datePublished\":\"2022-04-04T18:58:11+00:00\",\"inLanguage\":\"fr-FR\",\"potentialAction\":[{\"@type\":\"ReadAction\",\"target\":[\"https:\\\/\\\/www.aclanester56.com\\\/velo\\\/les-resultats-du-2-et-3-avril-2022\\\/\"]}]},{\"@type\":\"ImageObject\",\"inLanguage\":\"fr-FR\",\"@id\":\"https:\\\/\\\/www.aclanester56.com\\\/velo\\\/les-resultats-du-2-et-3-avril-2022\\\/#primaryimage\",\"url\":\"https:\\\/\\\/www.aclanester56.com\\\/velo\\\/wp-content\\\/uploads\\\/2022\\\/04\\\/resultats-2-3-avril-2022.jpg\",\"contentUrl\":\"https:\\\/\\\/www.aclanester56.com\\\/velo\\\/wp-content\\\/uploads\\\/2022\\\/04\\\/resultats-2-3-avril-2022.jpg\",\"width\":1080,\"height\":1080},{\"@type\":\"WebSite\",\"@id\":\"https:\\\/\\\/www.aclanester56.com\\\/velo\\\/#website\",\"url\":\"https:\\\/\\\/www.aclanester56.com\\\/velo\\\/\",\"name\":\"Avenir Cycliste Lanester 56\",\"description\":\"Club cycliste de l&#039;AC LANESTER 56\",\"publisher\":{\"@id\":\"https:\\\/\\\/www.aclanester56.com\\\/velo\\\/#organization\"},\"potentialAction\":[{\"@type\":\"SearchAction\",\"target\":{\"@type\":\"EntryPoint\",\"urlTemplate\":\"https:\\\/\\\/www.aclanester56.com\\\/velo\\\/?s={search_term_string}\"},\"query-input\":{\"@type\":\"PropertyValueSpecification\",\"valueRequired\":true,\"valueName\":\"search_term_string\"}}],\"inLanguage\":\"fr-FR\"},{\"@type\":\"Organization\",\"@id\":\"https:\\\/\\\/www.aclanester56.com\\\/velo\\\/#organization\",\"name\":\"Avenir Cycliste Lanester 56\",\"url\":\"https:\\\/\\\/www.aclanester56.com\\\/velo\\\/\",\"logo\":{\"@type\":\"ImageObject\",\"inLanguage\":\"fr-FR\",\"@id\":\"https:\\\/\\\/www.aclanester56.com\\\/velo\\\/#\\\/schema\\\/logo\\\/image\\\/\",\"url\":\"https:\\\/\\\/www.aclanester56.com\\\/velo\\\/wp-content\\\/uploads\\\/2013\\\/04\\\/logo-ACL.jpg\",\"contentUrl\":\"https:\\\/\\\/www.aclanester56.com\\\/velo\\\/wp-content\\\/uploads\\\/2013\\\/04\\\/logo-ACL.jpg\",\"width\":400,\"height\":334,\"caption\":\"Avenir Cycliste Lanester 56\"},\"image\":{\"@id\":\"https:\\\/\\\/www.aclanester56.com\\\/velo\\\/#\\\/schema\\\/logo\\\/image\\\/\"},\"sameAs\":[\"https:\\\/\\\/www.facebook.com\\\/pages\\\/AC-Lanester-56\\\/190286300991242?fref=ts\"]},{\"@type\":\"Person\",\"@id\":\"https:\\\/\\\/www.aclanester56.com\\\/velo\\\/#\\\/schema\\\/person\\\/c844661e64a578ca46639cb0ae764de6\",\"name\":\"stephane\",\"url\":\"https:\\\/\\\/www.aclanester56.com\\\/velo\\\/author\\\/stephane\\\/\"}]}<\/script>\n<!-- \/ Yoast SEO plugin. -->","yoast_head_json":{"title":"Les r\u00e9sultats du 2 et 3 avril 2022 - Avenir Cycliste Lanester 56","robots":{"index":"index","follow":"follow","max-snippet":"max-snippet:-1","max-image-preview":"max-image-preview:large","max-video-preview":"max-video-preview:-1"},"canonical":"https:\/\/www.aclanester56.com\/velo\/les-resultats-du-2-et-3-avril-2022\/","og_locale":"fr_FR","og_type":"article","og_title":"Les r\u00e9sultats du 2 et 3 avril 2022 - Avenir Cycliste Lanester 56","og_description":"R\u00e9sultats du week-end &nbsp;","og_url":"https:\/\/www.aclanester56.com\/velo\/les-resultats-du-2-et-3-avril-2022\/","og_site_name":"Avenir Cycliste Lanester 56","article_publisher":"https:\/\/www.facebook.com\/pages\/AC-Lanester-56\/190286300991242?fref=ts","article_published_time":"2022-04-04T18:58:11+00:00","og_image":[{"width":1080,"height":1080,"url":"https:\/\/www.aclanester56.com\/velo\/wp-content\/uploads\/2022\/04\/resultats-2-3-avril-2022.jpg","type":"image\/jpeg"}],"author":"stephane","twitter_misc":{"\u00c9crit par":"stephane","Dur\u00e9e de lecture estim\u00e9e":"1 minute"},"schema":{"@context":"https:\/\/schema.org","@graph":[{"@type":"Article","@id":"https:\/\/www.aclanester56.com\/velo\/les-resultats-du-2-et-3-avril-2022\/#article","isPartOf":{"@id":"https:\/\/www.aclanester56.com\/velo\/les-resultats-du-2-et-3-avril-2022\/"},"author":{"name":"stephane","@id":"https:\/\/www.aclanester56.com\/velo\/#\/schema\/person\/c844661e64a578ca46639cb0ae764de6"},"headline":"Les r\u00e9sultats du 2 et 3 avril 2022","datePublished":"2022-04-04T18:58:11+00:00","mainEntityOfPage":{"@id":"https:\/\/www.aclanester56.com\/velo\/les-resultats-du-2-et-3-avril-2022\/"},"wordCount":178,"commentCount":0,"publisher":{"@id":"https:\/\/www.aclanester56.com\/velo\/#organization"},"image":{"@id":"https:\/\/www.aclanester56.com\/velo\/les-resultats-du-2-et-3-avril-2022\/#primaryimage"},"thumbnailUrl":"https:\/\/www.aclanester56.com\/velo\/wp-content\/uploads\/2022\/04\/resultats-2-3-avril-2022.jpg","articleSection":["AC LANESTER 56"],"inLanguage":"fr-FR","potentialAction":[{"@type":"CommentAction","name":"Comment","target":["https:\/\/www.aclanester56.com\/velo\/les-resultats-du-2-et-3-avril-2022\/#respond"]}]},{"@type":"WebPage","@id":"https:\/\/www.aclanester56.com\/velo\/les-resultats-du-2-et-3-avril-2022\/","url":"https:\/\/www.aclanester56.com\/velo\/les-resultats-du-2-et-3-avril-2022\/","name":"Les r\u00e9sultats du 2 et 3 avril 2022 - Avenir Cycliste Lanester 56","isPartOf":{"@id":"https:\/\/www.aclanester56.com\/velo\/#website"},"primaryImageOfPage":{"@id":"https:\/\/www.aclanester56.com\/velo\/les-resultats-du-2-et-3-avril-2022\/#primaryimage"},"image":{"@id":"https:\/\/www.aclanester56.com\/velo\/les-resultats-du-2-et-3-avril-2022\/#primaryimage"},"thumbnailUrl":"https:\/\/www.aclanester56.com\/velo\/wp-content\/uploads\/2022\/04\/resultats-2-3-avril-2022.jpg","datePublished":"2022-04-04T18:58:11+00:00","inLanguage":"fr-FR","potentialAction":[{"@type":"ReadAction","target":["https:\/\/www.aclanester56.com\/velo\/les-resultats-du-2-et-3-avril-2022\/"]}]},{"@type":"ImageObject","inLanguage":"fr-FR","@id":"https:\/\/www.aclanester56.com\/velo\/les-resultats-du-2-et-3-avril-2022\/#primaryimage","url":"https:\/\/www.aclanester56.com\/velo\/wp-content\/uploads\/2022\/04\/resultats-2-3-avril-2022.jpg","contentUrl":"https:\/\/www.aclanester56.com\/velo\/wp-content\/uploads\/2022\/04\/resultats-2-3-avril-2022.jpg","width":1080,"height":1080},{"@type":"WebSite","@id":"https:\/\/www.aclanester56.com\/velo\/#website","url":"https:\/\/www.aclanester56.com\/velo\/","name":"Avenir Cycliste Lanester 56","description":"Club cycliste de l&#039;AC LANESTER 56","publisher":{"@id":"https:\/\/www.aclanester56.com\/velo\/#organization"},"potentialAction":[{"@type":"SearchAction","target":{"@type":"EntryPoint","urlTemplate":"https:\/\/www.aclanester56.com\/velo\/?s={search_term_string}"},"query-input":{"@type":"PropertyValueSpecification","valueRequired":true,"valueName":"search_term_string"}}],"inLanguage":"fr-FR"},{"@type":"Organization","@id":"https:\/\/www.aclanester56.com\/velo\/#organization","name":"Avenir Cycliste Lanester 56","url":"https:\/\/www.aclanester56.com\/velo\/","logo":{"@type":"ImageObject","inLanguage":"fr-FR","@id":"https:\/\/www.aclanester56.com\/velo\/#\/schema\/logo\/image\/","url":"https:\/\/www.aclanester56.com\/velo\/wp-content\/uploads\/2013\/04\/logo-ACL.jpg","contentUrl":"https:\/\/www.aclanester56.com\/velo\/wp-content\/uploads\/2013\/04\/logo-ACL.jpg","width":400,"height":334,"caption":"Avenir Cycliste Lanester 56"},"image":{"@id":"https:\/\/www.aclanester56.com\/velo\/#\/schema\/logo\/image\/"},"sameAs":["https:\/\/www.facebook.com\/pages\/AC-Lanester-56\/190286300991242?fref=ts"]},{"@type":"Person","@id":"https:\/\/www.aclanester56.com\/velo\/#\/schema\/person\/c844661e64a578ca46639cb0ae764de6","name":"stephane","url":"https:\/\/www.aclanester56.com\/velo\/author\/stephane\/"}]}},"_links":{"self":[{"href":"https:\/\/www.aclanester56.com\/velo\/wp-json\/wp\/v2\/posts\/41821","targetHints":{"allow":["GET"]}}],"collection":[{"href":"https:\/\/www.aclanester56.com\/velo\/wp-json\/wp\/v2\/posts"}],"about":[{"href":"https:\/\/www.aclanester56.com\/velo\/wp-json\/wp\/v2\/types\/post"}],"author":[{"embeddable":true,"href":"https:\/\/www.aclanester56.com\/velo\/wp-json\/wp\/v2\/users\/2"}],"replies":[{"embeddable":true,"href":"https:\/\/www.aclanester56.com\/velo\/wp-json\/wp\/v2\/comments?post=41821"}],"version-history":[{"count":1,"href":"https:\/\/www.aclanester56.com\/velo\/wp-json\/wp\/v2\/posts\/41821\/revisions"}],"predecessor-version":[{"id":41823,"href":"https:\/\/www.aclanester56.com\/velo\/wp-json\/wp\/v2\/posts\/41821\/revisions\/41823"}],"wp:featuredmedia":[{"embeddable":true,"href":"https:\/\/www.aclanester56.com\/velo\/wp-json\/wp\/v2\/media\/41822"}],"wp:attachment":[{"href":"https:\/\/www.aclanester56.com\/velo\/wp-json\/wp\/v2\/media?parent=41821"}],"wp:term":[{"taxonomy":"category","embeddable":true,"href":"https:\/\/www.aclanester56.com\/velo\/wp-json\/wp\/v2\/categories?post=41821"},{"taxonomy":"post_tag","embeddable":true,"href":"https:\/\/www.aclanester56.com\/velo\/wp-json\/wp\/v2\/tags?post=41821"}],"curies":[{"name":"wp","href":"https:\/\/api.w.org\/{rel}","templated":true}]}}