{"id":41845,"date":"2022-05-01T16:06:37","date_gmt":"2022-05-01T14:06:37","guid":{"rendered":"https:\/\/www.aclanester56.com\/velo\/?p=41845"},"modified":"2022-05-01T16:06:37","modified_gmt":"2022-05-01T14:06:37","slug":"resultats-du-week-end-du-23-24-avril-2022","status":"publish","type":"post","link":"https:\/\/www.aclanester56.com\/velo\/resultats-du-week-end-du-23-24-avril-2022\/","title":{"rendered":"R\u00e9sultats du week-end du  23-24 Avril 2022"},"content":{"rendered":"<div class=\"kvgmc6g5 cxmmr5t8 oygrvhab hcukyx3x c1et5uql ii04i59q\">\n<div dir=\"auto\"><span class=\"pq6dq46d tbxw36s4 knj5qynh kvgmc6g5 ditlmg2l oygrvhab nvdbi5me sf5mxxl7 gl3lb2sf hhz5lgdu\"><img loading=\"lazy\" decoding=\"async\" src=\"https:\/\/static.xx.fbcdn.net\/images\/emoji.php\/v9\/t92\/1.5\/16\/1f3c1.png\" alt=\"&#x1f3c1;\" width=\"16\" height=\"16\"\/><\/span> R\u00e9sultats du week-end <span class=\"pq6dq46d tbxw36s4 knj5qynh kvgmc6g5 ditlmg2l oygrvhab nvdbi5me sf5mxxl7 gl3lb2sf hhz5lgdu\"><img loading=\"lazy\" decoding=\"async\" src=\"https:\/\/static.xx.fbcdn.net\/images\/emoji.php\/v9\/t92\/1.5\/16\/1f3c1.png\" alt=\"&#x1f3c1;\" width=\"16\" height=\"16\"\/><\/span><\/div>\n<\/div>\n<p><!--more--><\/p>\n<div class=\"cxmmr5t8 oygrvhab hcukyx3x c1et5uql o9v6fnle ii04i59q\">\n<div dir=\"auto\"><span class=\"pq6dq46d tbxw36s4 knj5qynh kvgmc6g5 ditlmg2l oygrvhab nvdbi5me sf5mxxl7 gl3lb2sf hhz5lgdu\"><img loading=\"lazy\" decoding=\"async\" src=\"https:\/\/static.xx.fbcdn.net\/images\/emoji.php\/v9\/td7\/1.5\/16\/1f4c5.png\" alt=\"&#x1f4c5;\" width=\"16\" height=\"16\"\/><\/span> Samedi 23 Avril<\/div>\n<\/div>\n<div class=\"cxmmr5t8 oygrvhab hcukyx3x c1et5uql o9v6fnle ii04i59q\">\n<div dir=\"auto\"><span class=\"pq6dq46d tbxw36s4 knj5qynh kvgmc6g5 ditlmg2l oygrvhab nvdbi5me sf5mxxl7 gl3lb2sf hhz5lgdu\"><img loading=\"lazy\" decoding=\"async\" src=\"https:\/\/static.xx.fbcdn.net\/images\/emoji.php\/v9\/t5\/1.5\/16\/1f4cc.png\" alt=\"&#x1f4cc;\" width=\"16\" height=\"16\"\/><\/span> Plouzan\u00e9 &#8211; Challenge R\u00e9gional sur piste (Cadettes)<\/div>\n<div dir=\"auto\">Eva PHILIPPE 2e du Keirin<span class=\"pq6dq46d tbxw36s4 knj5qynh kvgmc6g5 ditlmg2l oygrvhab nvdbi5me sf5mxxl7 gl3lb2sf hhz5lgdu\"><img loading=\"lazy\" decoding=\"async\" src=\"https:\/\/static.xx.fbcdn.net\/images\/emoji.php\/v9\/t6e\/1.5\/16\/1f948.png\" alt=\"&#x1f948;\" width=\"16\" height=\"16\"\/><\/span>, 5e de la course aux points<\/div>\n<\/div>\n<div class=\"cxmmr5t8 oygrvhab hcukyx3x c1et5uql o9v6fnle ii04i59q\">\n<div dir=\"auto\"><span class=\"pq6dq46d tbxw36s4 knj5qynh kvgmc6g5 ditlmg2l oygrvhab nvdbi5me sf5mxxl7 gl3lb2sf hhz5lgdu\"><img loading=\"lazy\" decoding=\"async\" src=\"https:\/\/static.xx.fbcdn.net\/images\/emoji.php\/v9\/t5\/1.5\/16\/1f4cc.png\" alt=\"&#x1f4cc;\" width=\"16\" height=\"16\"\/><\/span> Lamballe (Cadets)<\/div>\n<div dir=\"auto\">Lenny CREN 9e, Lucas LOUSSOUARN 53e<\/div>\n<div dir=\"auto\">_ _ _ _<\/div>\n<\/div>\n<div class=\"cxmmr5t8 oygrvhab hcukyx3x c1et5uql o9v6fnle ii04i59q\">\n<div dir=\"auto\"><span class=\"pq6dq46d tbxw36s4 knj5qynh kvgmc6g5 ditlmg2l oygrvhab nvdbi5me sf5mxxl7 gl3lb2sf hhz5lgdu\"><img loading=\"lazy\" decoding=\"async\" src=\"https:\/\/static.xx.fbcdn.net\/images\/emoji.php\/v9\/td7\/1.5\/16\/1f4c5.png\" alt=\"&#x1f4c5;\" width=\"16\" height=\"16\"\/><\/span> Dimanche 24 avril<\/div>\n<\/div>\n<div class=\"cxmmr5t8 oygrvhab hcukyx3x c1et5uql o9v6fnle ii04i59q\">\n<div dir=\"auto\"><span class=\"pq6dq46d tbxw36s4 knj5qynh kvgmc6g5 ditlmg2l oygrvhab nvdbi5me sf5mxxl7 gl3lb2sf hhz5lgdu\"><img loading=\"lazy\" decoding=\"async\" src=\"https:\/\/static.xx.fbcdn.net\/images\/emoji.php\/v9\/t5\/1.5\/16\/1f4cc.png\" alt=\"&#x1f4cc;\" width=\"16\" height=\"16\"\/><\/span> Erbray (Minimes)<\/div>\n<div dir=\"auto\">Andy LE PORT 13e<\/div>\n<\/div>\n<div class=\"cxmmr5t8 oygrvhab hcukyx3x c1et5uql o9v6fnle ii04i59q\">\n<div dir=\"auto\"><span class=\"pq6dq46d tbxw36s4 knj5qynh kvgmc6g5 ditlmg2l oygrvhab nvdbi5me sf5mxxl7 gl3lb2sf hhz5lgdu\"><img loading=\"lazy\" decoding=\"async\" src=\"https:\/\/static.xx.fbcdn.net\/images\/emoji.php\/v9\/t5\/1.5\/16\/1f4cc.png\" alt=\"&#x1f4cc;\" width=\"16\" height=\"16\"\/><\/span> Missiriac &#8211; Coupe de Bretagne Juniors<\/div>\n<div dir=\"auto\">CLM : Brayann BARGUIL 8e, Romain BARRAS 12e, Dorian LAFOSSE 26e, Julien LE GOURRIEREC 28e, Shane MC KAY 83e<\/div>\n<div dir=\"auto\">Etape en ligne : Shane MC KAY 3e<span class=\"pq6dq46d tbxw36s4 knj5qynh kvgmc6g5 ditlmg2l oygrvhab nvdbi5me sf5mxxl7 gl3lb2sf hhz5lgdu\"><img loading=\"lazy\" decoding=\"async\" src=\"https:\/\/static.xx.fbcdn.net\/images\/emoji.php\/v9\/tef\/1.5\/16\/1f949.png\" alt=\"&#x1f949;\" width=\"16\" height=\"16\"\/><\/span>, Dorian LAFOSSE 13e, Brayann BARGUIL 23e, Julien LE GOURRIEREC 53e<\/div>\n<div dir=\"auto\">Classement g\u00e9n\u00e9ral final : Brayann BARGUIL 8e, Dorian LAFOSSE 20e, Shane MC KAY 47e, Julien LE GOURRIEREC 54e<\/div>\n<\/div>\n<div class=\"cxmmr5t8 oygrvhab hcukyx3x c1et5uql o9v6fnle ii04i59q\">\n<div dir=\"auto\"><span class=\"pq6dq46d tbxw36s4 knj5qynh kvgmc6g5 ditlmg2l oygrvhab nvdbi5me sf5mxxl7 gl3lb2sf hhz5lgdu\"><img loading=\"lazy\" decoding=\"async\" src=\"https:\/\/static.xx.fbcdn.net\/images\/emoji.php\/v9\/t5\/1.5\/16\/1f4cc.png\" alt=\"&#x1f4cc;\" width=\"16\" height=\"16\"\/><\/span> Crach<\/div>\n<div dir=\"auto\">Minimes : Kenza LE CAVIL 2e<span class=\"pq6dq46d tbxw36s4 knj5qynh kvgmc6g5 ditlmg2l oygrvhab nvdbi5me sf5mxxl7 gl3lb2sf hhz5lgdu\"><img loading=\"lazy\" decoding=\"async\" src=\"https:\/\/static.xx.fbcdn.net\/images\/emoji.php\/v9\/t6e\/1.5\/16\/1f948.png\" alt=\"&#x1f948;\" width=\"16\" height=\"16\"\/><\/span><\/div>\n<div dir=\"auto\">Cadettes : Eva PHILIPPE 10e, Enora LE CAVIL 23e<\/div>\n<div dir=\"auto\">Jun-Sen : M\u00e9lissa ROUAT 3e<span class=\"pq6dq46d tbxw36s4 knj5qynh kvgmc6g5 ditlmg2l oygrvhab nvdbi5me sf5mxxl7 gl3lb2sf hhz5lgdu\"><img loading=\"lazy\" decoding=\"async\" src=\"https:\/\/static.xx.fbcdn.net\/images\/emoji.php\/v9\/tef\/1.5\/16\/1f949.png\" alt=\"&#x1f949;\" width=\"16\" height=\"16\"\/><\/span>, Sylvia LE GLEUT 4e<span class=\"pq6dq46d tbxw36s4 knj5qynh kvgmc6g5 ditlmg2l oygrvhab nvdbi5me sf5mxxl7 gl3lb2sf hhz5lgdu\"><img loading=\"lazy\" decoding=\"async\" src=\"https:\/\/static.xx.fbcdn.net\/images\/emoji.php\/v9\/t50\/1.5\/16\/1f36b.png\" alt=\"&#x1f36b;\" width=\"16\" height=\"16\"\/><\/span>, Lorele\u00ef VACHEY 7e, Ang\u00e9lina ROBIC 9e, Glwadys MOAL 15e, Maeva CORLAY LE BARON 35e, Louane BERET 36e<\/div>\n<\/div>\n<div class=\"cxmmr5t8 oygrvhab hcukyx3x c1et5uql o9v6fnle ii04i59q\">\n<div dir=\"auto\"><span class=\"pq6dq46d tbxw36s4 knj5qynh kvgmc6g5 ditlmg2l oygrvhab nvdbi5me sf5mxxl7 gl3lb2sf hhz5lgdu\"><img loading=\"lazy\" decoding=\"async\" src=\"https:\/\/static.xx.fbcdn.net\/images\/emoji.php\/v9\/t5\/1.5\/16\/1f4cc.png\" alt=\"&#x1f4cc;\" width=\"16\" height=\"16\"\/><\/span> Segr\u00e9 en Anjou Bleu<\/div>\n<div dir=\"auto\">Jun-Sen : Pauline PAILLARD 5e (2e Junior), Servann Prot 8e<\/div>\n<\/div>\n<div class=\"cxmmr5t8 oygrvhab hcukyx3x c1et5uql o9v6fnle ii04i59q\">\n<div dir=\"auto\"><span class=\"pq6dq46d tbxw36s4 knj5qynh kvgmc6g5 ditlmg2l oygrvhab nvdbi5me sf5mxxl7 gl3lb2sf hhz5lgdu\"><img loading=\"lazy\" decoding=\"async\" src=\"https:\/\/static.xx.fbcdn.net\/images\/emoji.php\/v9\/t5\/1.5\/16\/1f4cc.png\" alt=\"&#x1f4cc;\" width=\"16\" height=\"16\"\/><\/span> Bignan<\/div>\n<div dir=\"auto\">Pass&rsquo; Cyclisme : Valentin JOSSO 14e<\/div>\n<div dir=\"auto\">1-2-3 Cat : Alexis LE GUEVEL 62e, Louison LE CALVE 95e<\/div>\n<div dir=\"auto\">_ _ _ _<\/div>\n<\/div>\n<div class=\"cxmmr5t8 oygrvhab hcukyx3x c1et5uql o9v6fnle ii04i59q\">\n<div dir=\"auto\"><span class=\"pq6dq46d tbxw36s4 knj5qynh kvgmc6g5 ditlmg2l oygrvhab nvdbi5me sf5mxxl7 gl3lb2sf hhz5lgdu\"><img loading=\"lazy\" decoding=\"async\" src=\"https:\/\/static.xx.fbcdn.net\/images\/emoji.php\/v9\/td7\/1.5\/16\/1f4c5.png\" alt=\"&#x1f4c5;\" width=\"16\" height=\"16\"\/><\/span> Lundi 25 avril<\/div>\n<\/div>\n<div class=\"cxmmr5t8 oygrvhab hcukyx3x c1et5uql o9v6fnle ii04i59q\">\n<div dir=\"auto\"><span class=\"pq6dq46d tbxw36s4 knj5qynh kvgmc6g5 ditlmg2l oygrvhab nvdbi5me sf5mxxl7 gl3lb2sf hhz5lgdu\"><img loading=\"lazy\" decoding=\"async\" src=\"https:\/\/static.xx.fbcdn.net\/images\/emoji.php\/v9\/t5\/1.5\/16\/1f4cc.png\" alt=\"&#x1f4cc;\" width=\"16\" height=\"16\"\/><\/span> Crach<\/div>\n<div dir=\"auto\">1-2-3 Cat : Romain TOMASSACCI 21e, Thomas JOSSO 28e, Alexis LE GUEVEL 35e,<\/div>\n<\/div>\n<div class=\"cxmmr5t8 oygrvhab hcukyx3x c1et5uql o9v6fnle ii04i59q\">\n<div dir=\"auto\"><span class=\"pq6dq46d tbxw36s4 knj5qynh kvgmc6g5 ditlmg2l oygrvhab nvdbi5me sf5mxxl7 gl3lb2sf hhz5lgdu\"><img loading=\"lazy\" decoding=\"async\" src=\"https:\/\/static.xx.fbcdn.net\/images\/emoji.php\/v9\/t37\/1.5\/16\/1f4f8.png\" alt=\"&#x1f4f8;\" width=\"16\" height=\"16\"\/><\/span> <a class=\"oajrlxb2 g5ia77u1 qu0x051f esr5mh6w e9989ue4 r7d6kgcz rq0escxv nhd2j8a9 nc684nl6 p7hjln8o kvgmc6g5 cxmmr5t8 oygrvhab hcukyx3x jb3vyjys rz4wbd8a qt6c0cv9 a8nywdso i1ao9s8h esuyzwwr f1sip0of lzcic4wl gpro0wi8 q66pz984 b1v8xokw\" tabindex=\"0\" role=\"link\" href=\"https:\/\/www.facebook.com\/audic.clement\/?__cft__[0]=AZUSxmAiK32vYUqaiXeXGvblKkDJSpYphtQFOsKtp3xfl-rzhnpMdMWXJpeD9M8xSaRV9R5Zuw5EA5YQcyrwsPkC6s7vx8FUaxdqGDyeHn2XiZz4ybSWrDLZqLX89fomIHNpwBo6pTsYeD8AN_IYR3gZrXAIcY7d5uPS52lKtAYDkMTrefKPHxG4m44gZaK-jYk&amp;__tn__=kK-R\"><span class=\"nc684nl6\">Clemcloum<\/span><\/a><\/div>\n<\/div>\n","protected":false},"excerpt":{"rendered":"<p>R\u00e9sultats du week-end<\/p>\n","protected":false},"author":2,"featured_media":41846,"comment_status":"open","ping_status":"open","sticky":false,"template":"","format":"standard","meta":{"ngg_post_thumbnail":0,"footnotes":""},"categories":[5],"tags":[],"class_list":["post-41845","post","type-post","status-publish","format-standard","has-post-thumbnail","hentry","category-ac-lanester-56"],"yoast_head":"<!-- This site is optimized with the Yoast SEO plugin v27.5 - https:\/\/yoast.com\/product\/yoast-seo-wordpress\/ -->\n<title>R\u00e9sultats du week-end du 23-24 Avril 2022 - Avenir Cycliste Lanester 56<\/title>\n<meta name=\"robots\" content=\"index, follow, max-snippet:-1, max-image-preview:large, max-video-preview:-1\" \/>\n<link rel=\"canonical\" href=\"https:\/\/www.aclanester56.com\/velo\/resultats-du-week-end-du-23-24-avril-2022\/\" \/>\n<meta property=\"og:locale\" content=\"fr_FR\" \/>\n<meta property=\"og:type\" content=\"article\" \/>\n<meta property=\"og:title\" content=\"R\u00e9sultats du week-end du 23-24 Avril 2022 - Avenir Cycliste Lanester 56\" \/>\n<meta property=\"og:description\" content=\"R\u00e9sultats du week-end\" \/>\n<meta property=\"og:url\" content=\"https:\/\/www.aclanester56.com\/velo\/resultats-du-week-end-du-23-24-avril-2022\/\" \/>\n<meta property=\"og:site_name\" content=\"Avenir Cycliste Lanester 56\" \/>\n<meta property=\"article:publisher\" content=\"https:\/\/www.facebook.com\/pages\/AC-Lanester-56\/190286300991242?fref=ts\" \/>\n<meta property=\"article:published_time\" content=\"2022-05-01T14:06:37+00:00\" \/>\n<meta property=\"og:image\" content=\"https:\/\/www.aclanester56.com\/velo\/wp-content\/uploads\/2022\/05\/resultat-23-24-avril-2022.jpg\" \/>\n\t<meta property=\"og:image:width\" content=\"1640\" \/>\n\t<meta property=\"og:image:height\" content=\"924\" \/>\n\t<meta property=\"og:image:type\" content=\"image\/jpeg\" \/>\n<meta name=\"author\" content=\"stephane\" \/>\n<meta name=\"twitter:label1\" content=\"\u00c9crit par\" \/>\n\t<meta name=\"twitter:data1\" content=\"stephane\" \/>\n\t<meta name=\"twitter:label2\" content=\"Dur\u00e9e de lecture estim\u00e9e\" \/>\n\t<meta name=\"twitter:data2\" content=\"5 minutes\" \/>\n<script type=\"application\/ld+json\" class=\"yoast-schema-graph\">{\"@context\":\"https:\\\/\\\/schema.org\",\"@graph\":[{\"@type\":\"Article\",\"@id\":\"https:\\\/\\\/www.aclanester56.com\\\/velo\\\/resultats-du-week-end-du-23-24-avril-2022\\\/#article\",\"isPartOf\":{\"@id\":\"https:\\\/\\\/www.aclanester56.com\\\/velo\\\/resultats-du-week-end-du-23-24-avril-2022\\\/\"},\"author\":{\"name\":\"stephane\",\"@id\":\"https:\\\/\\\/www.aclanester56.com\\\/velo\\\/#\\\/schema\\\/person\\\/c844661e64a578ca46639cb0ae764de6\"},\"headline\":\"R\u00e9sultats du week-end du 23-24 Avril 2022\",\"datePublished\":\"2022-05-01T14:06:37+00:00\",\"mainEntityOfPage\":{\"@id\":\"https:\\\/\\\/www.aclanester56.com\\\/velo\\\/resultats-du-week-end-du-23-24-avril-2022\\\/\"},\"wordCount\":196,\"commentCount\":0,\"publisher\":{\"@id\":\"https:\\\/\\\/www.aclanester56.com\\\/velo\\\/#organization\"},\"image\":{\"@id\":\"https:\\\/\\\/www.aclanester56.com\\\/velo\\\/resultats-du-week-end-du-23-24-avril-2022\\\/#primaryimage\"},\"thumbnailUrl\":\"https:\\\/\\\/www.aclanester56.com\\\/velo\\\/wp-content\\\/uploads\\\/2022\\\/05\\\/resultat-23-24-avril-2022.jpg\",\"articleSection\":[\"AC LANESTER 56\"],\"inLanguage\":\"fr-FR\",\"potentialAction\":[{\"@type\":\"CommentAction\",\"name\":\"Comment\",\"target\":[\"https:\\\/\\\/www.aclanester56.com\\\/velo\\\/resultats-du-week-end-du-23-24-avril-2022\\\/#respond\"]}]},{\"@type\":\"WebPage\",\"@id\":\"https:\\\/\\\/www.aclanester56.com\\\/velo\\\/resultats-du-week-end-du-23-24-avril-2022\\\/\",\"url\":\"https:\\\/\\\/www.aclanester56.com\\\/velo\\\/resultats-du-week-end-du-23-24-avril-2022\\\/\",\"name\":\"R\u00e9sultats du week-end du 23-24 Avril 2022 - Avenir Cycliste Lanester 56\",\"isPartOf\":{\"@id\":\"https:\\\/\\\/www.aclanester56.com\\\/velo\\\/#website\"},\"primaryImageOfPage\":{\"@id\":\"https:\\\/\\\/www.aclanester56.com\\\/velo\\\/resultats-du-week-end-du-23-24-avril-2022\\\/#primaryimage\"},\"image\":{\"@id\":\"https:\\\/\\\/www.aclanester56.com\\\/velo\\\/resultats-du-week-end-du-23-24-avril-2022\\\/#primaryimage\"},\"thumbnailUrl\":\"https:\\\/\\\/www.aclanester56.com\\\/velo\\\/wp-content\\\/uploads\\\/2022\\\/05\\\/resultat-23-24-avril-2022.jpg\",\"datePublished\":\"2022-05-01T14:06:37+00:00\",\"inLanguage\":\"fr-FR\",\"potentialAction\":[{\"@type\":\"ReadAction\",\"target\":[\"https:\\\/\\\/www.aclanester56.com\\\/velo\\\/resultats-du-week-end-du-23-24-avril-2022\\\/\"]}]},{\"@type\":\"ImageObject\",\"inLanguage\":\"fr-FR\",\"@id\":\"https:\\\/\\\/www.aclanester56.com\\\/velo\\\/resultats-du-week-end-du-23-24-avril-2022\\\/#primaryimage\",\"url\":\"https:\\\/\\\/www.aclanester56.com\\\/velo\\\/wp-content\\\/uploads\\\/2022\\\/05\\\/resultat-23-24-avril-2022.jpg\",\"contentUrl\":\"https:\\\/\\\/www.aclanester56.com\\\/velo\\\/wp-content\\\/uploads\\\/2022\\\/05\\\/resultat-23-24-avril-2022.jpg\",\"width\":1640,\"height\":924},{\"@type\":\"WebSite\",\"@id\":\"https:\\\/\\\/www.aclanester56.com\\\/velo\\\/#website\",\"url\":\"https:\\\/\\\/www.aclanester56.com\\\/velo\\\/\",\"name\":\"Avenir Cycliste Lanester 56\",\"description\":\"Club cycliste de l&#039;AC LANESTER 56\",\"publisher\":{\"@id\":\"https:\\\/\\\/www.aclanester56.com\\\/velo\\\/#organization\"},\"potentialAction\":[{\"@type\":\"SearchAction\",\"target\":{\"@type\":\"EntryPoint\",\"urlTemplate\":\"https:\\\/\\\/www.aclanester56.com\\\/velo\\\/?s={search_term_string}\"},\"query-input\":{\"@type\":\"PropertyValueSpecification\",\"valueRequired\":true,\"valueName\":\"search_term_string\"}}],\"inLanguage\":\"fr-FR\"},{\"@type\":\"Organization\",\"@id\":\"https:\\\/\\\/www.aclanester56.com\\\/velo\\\/#organization\",\"name\":\"Avenir Cycliste Lanester 56\",\"url\":\"https:\\\/\\\/www.aclanester56.com\\\/velo\\\/\",\"logo\":{\"@type\":\"ImageObject\",\"inLanguage\":\"fr-FR\",\"@id\":\"https:\\\/\\\/www.aclanester56.com\\\/velo\\\/#\\\/schema\\\/logo\\\/image\\\/\",\"url\":\"https:\\\/\\\/www.aclanester56.com\\\/velo\\\/wp-content\\\/uploads\\\/2013\\\/04\\\/logo-ACL.jpg\",\"contentUrl\":\"https:\\\/\\\/www.aclanester56.com\\\/velo\\\/wp-content\\\/uploads\\\/2013\\\/04\\\/logo-ACL.jpg\",\"width\":400,\"height\":334,\"caption\":\"Avenir Cycliste Lanester 56\"},\"image\":{\"@id\":\"https:\\\/\\\/www.aclanester56.com\\\/velo\\\/#\\\/schema\\\/logo\\\/image\\\/\"},\"sameAs\":[\"https:\\\/\\\/www.facebook.com\\\/pages\\\/AC-Lanester-56\\\/190286300991242?fref=ts\"]},{\"@type\":\"Person\",\"@id\":\"https:\\\/\\\/www.aclanester56.com\\\/velo\\\/#\\\/schema\\\/person\\\/c844661e64a578ca46639cb0ae764de6\",\"name\":\"stephane\",\"url\":\"https:\\\/\\\/www.aclanester56.com\\\/velo\\\/author\\\/stephane\\\/\"}]}<\/script>\n<!-- \/ Yoast SEO plugin. -->","yoast_head_json":{"title":"R\u00e9sultats du week-end du 23-24 Avril 2022 - Avenir Cycliste Lanester 56","robots":{"index":"index","follow":"follow","max-snippet":"max-snippet:-1","max-image-preview":"max-image-preview:large","max-video-preview":"max-video-preview:-1"},"canonical":"https:\/\/www.aclanester56.com\/velo\/resultats-du-week-end-du-23-24-avril-2022\/","og_locale":"fr_FR","og_type":"article","og_title":"R\u00e9sultats du week-end du 23-24 Avril 2022 - Avenir Cycliste Lanester 56","og_description":"R\u00e9sultats du week-end","og_url":"https:\/\/www.aclanester56.com\/velo\/resultats-du-week-end-du-23-24-avril-2022\/","og_site_name":"Avenir Cycliste Lanester 56","article_publisher":"https:\/\/www.facebook.com\/pages\/AC-Lanester-56\/190286300991242?fref=ts","article_published_time":"2022-05-01T14:06:37+00:00","og_image":[{"width":1640,"height":924,"url":"https:\/\/www.aclanester56.com\/velo\/wp-content\/uploads\/2022\/05\/resultat-23-24-avril-2022.jpg","type":"image\/jpeg"}],"author":"stephane","twitter_misc":{"\u00c9crit par":"stephane","Dur\u00e9e de lecture estim\u00e9e":"5 minutes"},"schema":{"@context":"https:\/\/schema.org","@graph":[{"@type":"Article","@id":"https:\/\/www.aclanester56.com\/velo\/resultats-du-week-end-du-23-24-avril-2022\/#article","isPartOf":{"@id":"https:\/\/www.aclanester56.com\/velo\/resultats-du-week-end-du-23-24-avril-2022\/"},"author":{"name":"stephane","@id":"https:\/\/www.aclanester56.com\/velo\/#\/schema\/person\/c844661e64a578ca46639cb0ae764de6"},"headline":"R\u00e9sultats du week-end du 23-24 Avril 2022","datePublished":"2022-05-01T14:06:37+00:00","mainEntityOfPage":{"@id":"https:\/\/www.aclanester56.com\/velo\/resultats-du-week-end-du-23-24-avril-2022\/"},"wordCount":196,"commentCount":0,"publisher":{"@id":"https:\/\/www.aclanester56.com\/velo\/#organization"},"image":{"@id":"https:\/\/www.aclanester56.com\/velo\/resultats-du-week-end-du-23-24-avril-2022\/#primaryimage"},"thumbnailUrl":"https:\/\/www.aclanester56.com\/velo\/wp-content\/uploads\/2022\/05\/resultat-23-24-avril-2022.jpg","articleSection":["AC LANESTER 56"],"inLanguage":"fr-FR","potentialAction":[{"@type":"CommentAction","name":"Comment","target":["https:\/\/www.aclanester56.com\/velo\/resultats-du-week-end-du-23-24-avril-2022\/#respond"]}]},{"@type":"WebPage","@id":"https:\/\/www.aclanester56.com\/velo\/resultats-du-week-end-du-23-24-avril-2022\/","url":"https:\/\/www.aclanester56.com\/velo\/resultats-du-week-end-du-23-24-avril-2022\/","name":"R\u00e9sultats du week-end du 23-24 Avril 2022 - Avenir Cycliste Lanester 56","isPartOf":{"@id":"https:\/\/www.aclanester56.com\/velo\/#website"},"primaryImageOfPage":{"@id":"https:\/\/www.aclanester56.com\/velo\/resultats-du-week-end-du-23-24-avril-2022\/#primaryimage"},"image":{"@id":"https:\/\/www.aclanester56.com\/velo\/resultats-du-week-end-du-23-24-avril-2022\/#primaryimage"},"thumbnailUrl":"https:\/\/www.aclanester56.com\/velo\/wp-content\/uploads\/2022\/05\/resultat-23-24-avril-2022.jpg","datePublished":"2022-05-01T14:06:37+00:00","inLanguage":"fr-FR","potentialAction":[{"@type":"ReadAction","target":["https:\/\/www.aclanester56.com\/velo\/resultats-du-week-end-du-23-24-avril-2022\/"]}]},{"@type":"ImageObject","inLanguage":"fr-FR","@id":"https:\/\/www.aclanester56.com\/velo\/resultats-du-week-end-du-23-24-avril-2022\/#primaryimage","url":"https:\/\/www.aclanester56.com\/velo\/wp-content\/uploads\/2022\/05\/resultat-23-24-avril-2022.jpg","contentUrl":"https:\/\/www.aclanester56.com\/velo\/wp-content\/uploads\/2022\/05\/resultat-23-24-avril-2022.jpg","width":1640,"height":924},{"@type":"WebSite","@id":"https:\/\/www.aclanester56.com\/velo\/#website","url":"https:\/\/www.aclanester56.com\/velo\/","name":"Avenir Cycliste Lanester 56","description":"Club cycliste de l&#039;AC LANESTER 56","publisher":{"@id":"https:\/\/www.aclanester56.com\/velo\/#organization"},"potentialAction":[{"@type":"SearchAction","target":{"@type":"EntryPoint","urlTemplate":"https:\/\/www.aclanester56.com\/velo\/?s={search_term_string}"},"query-input":{"@type":"PropertyValueSpecification","valueRequired":true,"valueName":"search_term_string"}}],"inLanguage":"fr-FR"},{"@type":"Organization","@id":"https:\/\/www.aclanester56.com\/velo\/#organization","name":"Avenir Cycliste Lanester 56","url":"https:\/\/www.aclanester56.com\/velo\/","logo":{"@type":"ImageObject","inLanguage":"fr-FR","@id":"https:\/\/www.aclanester56.com\/velo\/#\/schema\/logo\/image\/","url":"https:\/\/www.aclanester56.com\/velo\/wp-content\/uploads\/2013\/04\/logo-ACL.jpg","contentUrl":"https:\/\/www.aclanester56.com\/velo\/wp-content\/uploads\/2013\/04\/logo-ACL.jpg","width":400,"height":334,"caption":"Avenir Cycliste Lanester 56"},"image":{"@id":"https:\/\/www.aclanester56.com\/velo\/#\/schema\/logo\/image\/"},"sameAs":["https:\/\/www.facebook.com\/pages\/AC-Lanester-56\/190286300991242?fref=ts"]},{"@type":"Person","@id":"https:\/\/www.aclanester56.com\/velo\/#\/schema\/person\/c844661e64a578ca46639cb0ae764de6","name":"stephane","url":"https:\/\/www.aclanester56.com\/velo\/author\/stephane\/"}]}},"_links":{"self":[{"href":"https:\/\/www.aclanester56.com\/velo\/wp-json\/wp\/v2\/posts\/41845","targetHints":{"allow":["GET"]}}],"collection":[{"href":"https:\/\/www.aclanester56.com\/velo\/wp-json\/wp\/v2\/posts"}],"about":[{"href":"https:\/\/www.aclanester56.com\/velo\/wp-json\/wp\/v2\/types\/post"}],"author":[{"embeddable":true,"href":"https:\/\/www.aclanester56.com\/velo\/wp-json\/wp\/v2\/users\/2"}],"replies":[{"embeddable":true,"href":"https:\/\/www.aclanester56.com\/velo\/wp-json\/wp\/v2\/comments?post=41845"}],"version-history":[{"count":1,"href":"https:\/\/www.aclanester56.com\/velo\/wp-json\/wp\/v2\/posts\/41845\/revisions"}],"predecessor-version":[{"id":41847,"href":"https:\/\/www.aclanester56.com\/velo\/wp-json\/wp\/v2\/posts\/41845\/revisions\/41847"}],"wp:featuredmedia":[{"embeddable":true,"href":"https:\/\/www.aclanester56.com\/velo\/wp-json\/wp\/v2\/media\/41846"}],"wp:attachment":[{"href":"https:\/\/www.aclanester56.com\/velo\/wp-json\/wp\/v2\/media?parent=41845"}],"wp:term":[{"taxonomy":"category","embeddable":true,"href":"https:\/\/www.aclanester56.com\/velo\/wp-json\/wp\/v2\/categories?post=41845"},{"taxonomy":"post_tag","embeddable":true,"href":"https:\/\/www.aclanester56.com\/velo\/wp-json\/wp\/v2\/tags?post=41845"}],"curies":[{"name":"wp","href":"https:\/\/api.w.org\/{rel}","templated":true}]}}