{"id":41885,"date":"2022-06-04T18:00:07","date_gmt":"2022-06-04T16:00:07","guid":{"rendered":"https:\/\/www.aclanester56.com\/velo\/?p=41885"},"modified":"2022-06-27T21:42:13","modified_gmt":"2022-06-27T19:42:13","slug":"eva-philippe-brille-en-coupe-de-france","status":"publish","type":"post","link":"https:\/\/www.aclanester56.com\/velo\/eva-philippe-brille-en-coupe-de-france\/","title":{"rendered":"Eva Philippe brille en coupe de France"},"content":{"rendered":"<div class=\"kvgmc6g5 cxmmr5t8 oygrvhab hcukyx3x c1et5uql ii04i59q\">\n<div dir=\"auto\">[ EVA PHILIPPE BRILLE EN COUPE DE FRANCE ]<\/div>\n<div dir=\"auto\">&nbsp;<\/div>\n<\/div>\n<p><!--more--><\/p>\n<div class=\"cxmmr5t8 oygrvhab hcukyx3x c1et5uql o9v6fnle ii04i59q\">\n<div dir=\"auto\">Notre cadette premi\u00e8re ann\u00e9e, Eva Philippe, a brill\u00e9 ce week-end sur piste \u00e0 Ch\u00e2teaubriant (44) \u00e0 l\u2019occasion de la Coupe de France Minimes\/Cadettes sous les couleurs de la s\u00e9lection du Morbihan !<\/div>\n<div dir=\"auto\">Avec une victoire sur l\u2019\u00e9preuve du scratch elle obtient une belle troisi\u00e8me place au g\u00e9n\u00e9ral <span class=\"pq6dq46d tbxw36s4 knj5qynh kvgmc6g5 ditlmg2l oygrvhab nvdbi5me sf5mxxl7 gl3lb2sf hhz5lgdu\"><img loading=\"lazy\" decoding=\"async\" src=\"https:\/\/static.xx.fbcdn.net\/images\/emoji.php\/v9\/tef\/1.5\/16\/1f949.png\" alt=\"&#x1f949;\" width=\"16\" height=\"16\"\/><\/span><\/div>\n<\/div>\n<div class=\"cxmmr5t8 oygrvhab hcukyx3x c1et5uql o9v6fnle ii04i59q\">\n<div dir=\"auto\">Voici quelques mots face \u00e0 sa performance :<\/div>\n<div dir=\"auto\">\u00ab Ce week-end je voulais me prouver \u00e0 moi m\u00eame que j\u2019\u00e9tais capable de faire de belles choses. J\u2019y suis all\u00e9e pour d\u00e9couvrir une nouvelle piste et de nouvelles concurrentes avec qui je n\u2019avais encore jamais eu l\u2019occasion de courir. Je m\u2019\u00e9tais fix\u00e9 un top 10 mais j\u2019\u00e9tais loin d\u2019imaginer finir sur un podium ! Je suis super contente et surprise ! En esp\u00e9rant que \u00e7a dure \u00bb<\/div>\n<\/div>\n<div class=\"cxmmr5t8 oygrvhab hcukyx3x c1et5uql o9v6fnle ii04i59q\">\n<div dir=\"auto\">L\u2019AC Lanester 56 Formation lui souhaite tout le meilleur pour la suite de la saison <span class=\"pq6dq46d tbxw36s4 knj5qynh kvgmc6g5 ditlmg2l oygrvhab nvdbi5me sf5mxxl7 gl3lb2sf hhz5lgdu\"><img loading=\"lazy\" decoding=\"async\" src=\"https:\/\/static.xx.fbcdn.net\/images\/emoji.php\/v9\/t80\/1.5\/16\/1f4aa_1f3fb.png\" alt=\"&#x1f4aa;&#x1f3fb;\" width=\"16\" height=\"16\"\/><\/span><\/div>\n<\/div>\n<div class=\"cxmmr5t8 oygrvhab hcukyx3x c1et5uql o9v6fnle ii04i59q\">\n<div dir=\"auto\"><span class=\"pq6dq46d tbxw36s4 knj5qynh kvgmc6g5 ditlmg2l oygrvhab nvdbi5me sf5mxxl7 gl3lb2sf hhz5lgdu\"><img loading=\"lazy\" decoding=\"async\" src=\"https:\/\/static.xx.fbcdn.net\/images\/emoji.php\/v9\/t37\/1.5\/16\/1f4f8.png\" alt=\"&#x1f4f8;\" width=\"16\" height=\"16\"\/><\/span> <a class=\"oajrlxb2 g5ia77u1 qu0x051f esr5mh6w e9989ue4 r7d6kgcz rq0escxv nhd2j8a9 nc684nl6 p7hjln8o kvgmc6g5 cxmmr5t8 oygrvhab hcukyx3x jb3vyjys rz4wbd8a qt6c0cv9 a8nywdso i1ao9s8h esuyzwwr f1sip0of lzcic4wl gpro0wi8 q66pz984 b1v8xokw\" tabindex=\"0\" role=\"link\" href=\"https:\/\/www.facebook.com\/profile.php?id=100063462613199&amp;__cft__[0]=AZVGZFb1My27ajyU1-3Dclu6f-O84UNjxpPSUrHikmFeTRiPRQ1zVg5SAs_PmnBbwceEnOQJHyyr_0jTX4zRhWqMNo-gbyRNk7QxzvG8S1NsHj7U_u8N7WAH6wL2Ll6bPzw-J7xXJGvGlpDJl9jXURBrKVAT7d7Wc9eylHxrweN-F0ELk7f5KZNcf8ypjndhRKK_oFcMkWQ-Jeij3UDMD0cc&amp;__tn__=-]K-R\"><span class=\"nc684nl6\">Maelys Relet Photographies Cyclisme.<\/span><\/a><\/div>\n<\/div>\n<div dir=\"auto\">&nbsp;<\/div>\n<div dir=\"auto\">\n\n\t\t<style type=\"text\/css\">\n\t\t\t#gallery-1 {\n\t\t\t\tmargin: auto;\n\t\t\t}\n\t\t\t#gallery-1 .gallery-item {\n\t\t\t\tfloat: left;\n\t\t\t\tmargin-top: 10px;\n\t\t\t\ttext-align: center;\n\t\t\t\twidth: 33%;\n\t\t\t}\n\t\t\t#gallery-1 img {\n\t\t\t\tborder: 2px solid #cfcfcf;\n\t\t\t}\n\t\t\t#gallery-1 .gallery-caption {\n\t\t\t\tmargin-left: 0;\n\t\t\t}\n\t\t\t\/* see gallery_shortcode() in wp-includes\/media.php *\/\n\t\t<\/style>\n\t\t<div id='gallery-1' class='gallery galleryid-41885 gallery-columns-3 gallery-size-medium'><dl class='gallery-item'>\n\t\t\t<dt class='gallery-icon landscape'>\n\t\t\t\t<a href='https:\/\/www.aclanester56.com\/velo\/wp-content\/uploads\/2022\/06\/eva-philippe-coupe-de-france-2.jpg'><img loading=\"lazy\" decoding=\"async\" width=\"300\" height=\"200\" src=\"https:\/\/www.aclanester56.com\/velo\/wp-content\/uploads\/2022\/06\/eva-philippe-coupe-de-france-2-300x200.jpg\" class=\"attachment-medium size-medium\" alt=\"\" srcset=\"https:\/\/www.aclanester56.com\/velo\/wp-content\/uploads\/2022\/06\/eva-philippe-coupe-de-france-2-300x200.jpg 300w, https:\/\/www.aclanester56.com\/velo\/wp-content\/uploads\/2022\/06\/eva-philippe-coupe-de-france-2-800x533.jpg 800w, https:\/\/www.aclanester56.com\/velo\/wp-content\/uploads\/2022\/06\/eva-philippe-coupe-de-france-2-768x512.jpg 768w, https:\/\/www.aclanester56.com\/velo\/wp-content\/uploads\/2022\/06\/eva-philippe-coupe-de-france-2-675x450.jpg 675w, https:\/\/www.aclanester56.com\/velo\/wp-content\/uploads\/2022\/06\/eva-philippe-coupe-de-france-2-1536x1024.jpg 1536w, https:\/\/www.aclanester56.com\/velo\/wp-content\/uploads\/2022\/06\/eva-philippe-coupe-de-france-2-100x67.jpg 100w, https:\/\/www.aclanester56.com\/velo\/wp-content\/uploads\/2022\/06\/eva-philippe-coupe-de-france-2-600x400.jpg 600w, https:\/\/www.aclanester56.com\/velo\/wp-content\/uploads\/2022\/06\/eva-philippe-coupe-de-france-2-1320x880.jpg 1320w, https:\/\/www.aclanester56.com\/velo\/wp-content\/uploads\/2022\/06\/eva-philippe-coupe-de-france-2.jpg 2048w\" sizes=\"auto, (max-width: 300px) 100vw, 300px\" \/><\/a>\n\t\t\t<\/dt><\/dl><dl class='gallery-item'>\n\t\t\t<dt class='gallery-icon landscape'>\n\t\t\t\t<a href='https:\/\/www.aclanester56.com\/velo\/wp-content\/uploads\/2022\/06\/eva-philippe-coupe-de-france-3.jpg'><img loading=\"lazy\" decoding=\"async\" width=\"300\" height=\"200\" src=\"https:\/\/www.aclanester56.com\/velo\/wp-content\/uploads\/2022\/06\/eva-philippe-coupe-de-france-3-300x200.jpg\" class=\"attachment-medium size-medium\" alt=\"\" srcset=\"https:\/\/www.aclanester56.com\/velo\/wp-content\/uploads\/2022\/06\/eva-philippe-coupe-de-france-3-300x200.jpg 300w, https:\/\/www.aclanester56.com\/velo\/wp-content\/uploads\/2022\/06\/eva-philippe-coupe-de-france-3-800x533.jpg 800w, https:\/\/www.aclanester56.com\/velo\/wp-content\/uploads\/2022\/06\/eva-philippe-coupe-de-france-3-768x512.jpg 768w, https:\/\/www.aclanester56.com\/velo\/wp-content\/uploads\/2022\/06\/eva-philippe-coupe-de-france-3-675x450.jpg 675w, https:\/\/www.aclanester56.com\/velo\/wp-content\/uploads\/2022\/06\/eva-philippe-coupe-de-france-3-1536x1024.jpg 1536w, https:\/\/www.aclanester56.com\/velo\/wp-content\/uploads\/2022\/06\/eva-philippe-coupe-de-france-3-100x67.jpg 100w, https:\/\/www.aclanester56.com\/velo\/wp-content\/uploads\/2022\/06\/eva-philippe-coupe-de-france-3-600x400.jpg 600w, https:\/\/www.aclanester56.com\/velo\/wp-content\/uploads\/2022\/06\/eva-philippe-coupe-de-france-3-1320x880.jpg 1320w, https:\/\/www.aclanester56.com\/velo\/wp-content\/uploads\/2022\/06\/eva-philippe-coupe-de-france-3.jpg 2048w\" sizes=\"auto, (max-width: 300px) 100vw, 300px\" \/><\/a>\n\t\t\t<\/dt><\/dl><dl class='gallery-item'>\n\t\t\t<dt class='gallery-icon landscape'>\n\t\t\t\t<a href='https:\/\/www.aclanester56.com\/velo\/wp-content\/uploads\/2022\/06\/eva-philippe-coupe-de-france.jpg'><img loading=\"lazy\" decoding=\"async\" width=\"300\" height=\"200\" src=\"https:\/\/www.aclanester56.com\/velo\/wp-content\/uploads\/2022\/06\/eva-philippe-coupe-de-france-300x200.jpg\" class=\"attachment-medium size-medium\" alt=\"\" srcset=\"https:\/\/www.aclanester56.com\/velo\/wp-content\/uploads\/2022\/06\/eva-philippe-coupe-de-france-300x200.jpg 300w, https:\/\/www.aclanester56.com\/velo\/wp-content\/uploads\/2022\/06\/eva-philippe-coupe-de-france-800x533.jpg 800w, https:\/\/www.aclanester56.com\/velo\/wp-content\/uploads\/2022\/06\/eva-philippe-coupe-de-france-768x512.jpg 768w, https:\/\/www.aclanester56.com\/velo\/wp-content\/uploads\/2022\/06\/eva-philippe-coupe-de-france-675x450.jpg 675w, https:\/\/www.aclanester56.com\/velo\/wp-content\/uploads\/2022\/06\/eva-philippe-coupe-de-france-1536x1024.jpg 1536w, https:\/\/www.aclanester56.com\/velo\/wp-content\/uploads\/2022\/06\/eva-philippe-coupe-de-france-100x67.jpg 100w, https:\/\/www.aclanester56.com\/velo\/wp-content\/uploads\/2022\/06\/eva-philippe-coupe-de-france-600x400.jpg 600w, https:\/\/www.aclanester56.com\/velo\/wp-content\/uploads\/2022\/06\/eva-philippe-coupe-de-france-1320x880.jpg 1320w, https:\/\/www.aclanester56.com\/velo\/wp-content\/uploads\/2022\/06\/eva-philippe-coupe-de-france.jpg 2048w\" sizes=\"auto, (max-width: 300px) 100vw, 300px\" \/><\/a>\n\t\t\t<\/dt><\/dl><br style=\"clear: both\" \/>\n\t\t<\/div>\n\n<\/div>\n","protected":false},"excerpt":{"rendered":"<p>[ EVA PHILIPPE BRILLE EN COUPE DE FRANCE ] &nbsp;<\/p>\n","protected":false},"author":2,"featured_media":41886,"comment_status":"open","ping_status":"open","sticky":false,"template":"","format":"standard","meta":{"ngg_post_thumbnail":0,"footnotes":""},"categories":[5],"tags":[],"class_list":["post-41885","post","type-post","status-publish","format-standard","has-post-thumbnail","hentry","category-ac-lanester-56"],"yoast_head":"<!-- This site is optimized with the Yoast SEO plugin v27.5 - https:\/\/yoast.com\/product\/yoast-seo-wordpress\/ -->\n<title>Eva Philippe brille en coupe de France - Avenir Cycliste Lanester 56<\/title>\n<meta name=\"robots\" content=\"index, follow, max-snippet:-1, max-image-preview:large, max-video-preview:-1\" \/>\n<link rel=\"canonical\" href=\"https:\/\/www.aclanester56.com\/velo\/eva-philippe-brille-en-coupe-de-france\/\" \/>\n<meta property=\"og:locale\" content=\"fr_FR\" \/>\n<meta property=\"og:type\" content=\"article\" \/>\n<meta property=\"og:title\" content=\"Eva Philippe brille en coupe de France - Avenir Cycliste Lanester 56\" \/>\n<meta property=\"og:description\" content=\"[ EVA PHILIPPE BRILLE EN COUPE DE FRANCE ] &nbsp;\" \/>\n<meta property=\"og:url\" content=\"https:\/\/www.aclanester56.com\/velo\/eva-philippe-brille-en-coupe-de-france\/\" \/>\n<meta property=\"og:site_name\" content=\"Avenir Cycliste Lanester 56\" \/>\n<meta property=\"article:publisher\" content=\"https:\/\/www.facebook.com\/pages\/AC-Lanester-56\/190286300991242?fref=ts\" \/>\n<meta property=\"article:published_time\" content=\"2022-06-04T16:00:07+00:00\" \/>\n<meta property=\"article:modified_time\" content=\"2022-06-27T19:42:13+00:00\" \/>\n<meta property=\"og:image\" content=\"https:\/\/www.aclanester56.com\/velo\/wp-content\/uploads\/2022\/06\/eva-philippe-coupe-de-france.jpg\" \/>\n\t<meta property=\"og:image:width\" content=\"2048\" \/>\n\t<meta property=\"og:image:height\" content=\"1365\" \/>\n\t<meta property=\"og:image:type\" content=\"image\/jpeg\" \/>\n<meta name=\"author\" content=\"stephane\" \/>\n<meta name=\"twitter:label1\" content=\"\u00c9crit par\" \/>\n\t<meta name=\"twitter:data1\" content=\"stephane\" \/>\n\t<meta name=\"twitter:label2\" content=\"Dur\u00e9e de lecture estim\u00e9e\" \/>\n\t<meta name=\"twitter:data2\" content=\"1 minute\" \/>\n<script type=\"application\/ld+json\" class=\"yoast-schema-graph\">{\"@context\":\"https:\\\/\\\/schema.org\",\"@graph\":[{\"@type\":\"Article\",\"@id\":\"https:\\\/\\\/www.aclanester56.com\\\/velo\\\/eva-philippe-brille-en-coupe-de-france\\\/#article\",\"isPartOf\":{\"@id\":\"https:\\\/\\\/www.aclanester56.com\\\/velo\\\/eva-philippe-brille-en-coupe-de-france\\\/\"},\"author\":{\"name\":\"stephane\",\"@id\":\"https:\\\/\\\/www.aclanester56.com\\\/velo\\\/#\\\/schema\\\/person\\\/c844661e64a578ca46639cb0ae764de6\"},\"headline\":\"Eva Philippe brille en coupe de France\",\"datePublished\":\"2022-06-04T16:00:07+00:00\",\"dateModified\":\"2022-06-27T19:42:13+00:00\",\"mainEntityOfPage\":{\"@id\":\"https:\\\/\\\/www.aclanester56.com\\\/velo\\\/eva-philippe-brille-en-coupe-de-france\\\/\"},\"wordCount\":173,\"commentCount\":0,\"publisher\":{\"@id\":\"https:\\\/\\\/www.aclanester56.com\\\/velo\\\/#organization\"},\"image\":{\"@id\":\"https:\\\/\\\/www.aclanester56.com\\\/velo\\\/eva-philippe-brille-en-coupe-de-france\\\/#primaryimage\"},\"thumbnailUrl\":\"https:\\\/\\\/www.aclanester56.com\\\/velo\\\/wp-content\\\/uploads\\\/2022\\\/06\\\/eva-philippe-coupe-de-france.jpg\",\"articleSection\":[\"AC LANESTER 56\"],\"inLanguage\":\"fr-FR\",\"potentialAction\":[{\"@type\":\"CommentAction\",\"name\":\"Comment\",\"target\":[\"https:\\\/\\\/www.aclanester56.com\\\/velo\\\/eva-philippe-brille-en-coupe-de-france\\\/#respond\"]}]},{\"@type\":\"WebPage\",\"@id\":\"https:\\\/\\\/www.aclanester56.com\\\/velo\\\/eva-philippe-brille-en-coupe-de-france\\\/\",\"url\":\"https:\\\/\\\/www.aclanester56.com\\\/velo\\\/eva-philippe-brille-en-coupe-de-france\\\/\",\"name\":\"Eva Philippe brille en coupe de France - Avenir Cycliste Lanester 56\",\"isPartOf\":{\"@id\":\"https:\\\/\\\/www.aclanester56.com\\\/velo\\\/#website\"},\"primaryImageOfPage\":{\"@id\":\"https:\\\/\\\/www.aclanester56.com\\\/velo\\\/eva-philippe-brille-en-coupe-de-france\\\/#primaryimage\"},\"image\":{\"@id\":\"https:\\\/\\\/www.aclanester56.com\\\/velo\\\/eva-philippe-brille-en-coupe-de-france\\\/#primaryimage\"},\"thumbnailUrl\":\"https:\\\/\\\/www.aclanester56.com\\\/velo\\\/wp-content\\\/uploads\\\/2022\\\/06\\\/eva-philippe-coupe-de-france.jpg\",\"datePublished\":\"2022-06-04T16:00:07+00:00\",\"dateModified\":\"2022-06-27T19:42:13+00:00\",\"inLanguage\":\"fr-FR\",\"potentialAction\":[{\"@type\":\"ReadAction\",\"target\":[\"https:\\\/\\\/www.aclanester56.com\\\/velo\\\/eva-philippe-brille-en-coupe-de-france\\\/\"]}]},{\"@type\":\"ImageObject\",\"inLanguage\":\"fr-FR\",\"@id\":\"https:\\\/\\\/www.aclanester56.com\\\/velo\\\/eva-philippe-brille-en-coupe-de-france\\\/#primaryimage\",\"url\":\"https:\\\/\\\/www.aclanester56.com\\\/velo\\\/wp-content\\\/uploads\\\/2022\\\/06\\\/eva-philippe-coupe-de-france.jpg\",\"contentUrl\":\"https:\\\/\\\/www.aclanester56.com\\\/velo\\\/wp-content\\\/uploads\\\/2022\\\/06\\\/eva-philippe-coupe-de-france.jpg\",\"width\":2048,\"height\":1365},{\"@type\":\"WebSite\",\"@id\":\"https:\\\/\\\/www.aclanester56.com\\\/velo\\\/#website\",\"url\":\"https:\\\/\\\/www.aclanester56.com\\\/velo\\\/\",\"name\":\"Avenir Cycliste Lanester 56\",\"description\":\"Club cycliste de l&#039;AC LANESTER 56\",\"publisher\":{\"@id\":\"https:\\\/\\\/www.aclanester56.com\\\/velo\\\/#organization\"},\"potentialAction\":[{\"@type\":\"SearchAction\",\"target\":{\"@type\":\"EntryPoint\",\"urlTemplate\":\"https:\\\/\\\/www.aclanester56.com\\\/velo\\\/?s={search_term_string}\"},\"query-input\":{\"@type\":\"PropertyValueSpecification\",\"valueRequired\":true,\"valueName\":\"search_term_string\"}}],\"inLanguage\":\"fr-FR\"},{\"@type\":\"Organization\",\"@id\":\"https:\\\/\\\/www.aclanester56.com\\\/velo\\\/#organization\",\"name\":\"Avenir Cycliste Lanester 56\",\"url\":\"https:\\\/\\\/www.aclanester56.com\\\/velo\\\/\",\"logo\":{\"@type\":\"ImageObject\",\"inLanguage\":\"fr-FR\",\"@id\":\"https:\\\/\\\/www.aclanester56.com\\\/velo\\\/#\\\/schema\\\/logo\\\/image\\\/\",\"url\":\"https:\\\/\\\/www.aclanester56.com\\\/velo\\\/wp-content\\\/uploads\\\/2013\\\/04\\\/logo-ACL.jpg\",\"contentUrl\":\"https:\\\/\\\/www.aclanester56.com\\\/velo\\\/wp-content\\\/uploads\\\/2013\\\/04\\\/logo-ACL.jpg\",\"width\":400,\"height\":334,\"caption\":\"Avenir Cycliste Lanester 56\"},\"image\":{\"@id\":\"https:\\\/\\\/www.aclanester56.com\\\/velo\\\/#\\\/schema\\\/logo\\\/image\\\/\"},\"sameAs\":[\"https:\\\/\\\/www.facebook.com\\\/pages\\\/AC-Lanester-56\\\/190286300991242?fref=ts\"]},{\"@type\":\"Person\",\"@id\":\"https:\\\/\\\/www.aclanester56.com\\\/velo\\\/#\\\/schema\\\/person\\\/c844661e64a578ca46639cb0ae764de6\",\"name\":\"stephane\",\"url\":\"https:\\\/\\\/www.aclanester56.com\\\/velo\\\/author\\\/stephane\\\/\"}]}<\/script>\n<!-- \/ Yoast SEO plugin. -->","yoast_head_json":{"title":"Eva Philippe brille en coupe de France - Avenir Cycliste Lanester 56","robots":{"index":"index","follow":"follow","max-snippet":"max-snippet:-1","max-image-preview":"max-image-preview:large","max-video-preview":"max-video-preview:-1"},"canonical":"https:\/\/www.aclanester56.com\/velo\/eva-philippe-brille-en-coupe-de-france\/","og_locale":"fr_FR","og_type":"article","og_title":"Eva Philippe brille en coupe de France - Avenir Cycliste Lanester 56","og_description":"[ EVA PHILIPPE BRILLE EN COUPE DE FRANCE ] &nbsp;","og_url":"https:\/\/www.aclanester56.com\/velo\/eva-philippe-brille-en-coupe-de-france\/","og_site_name":"Avenir Cycliste Lanester 56","article_publisher":"https:\/\/www.facebook.com\/pages\/AC-Lanester-56\/190286300991242?fref=ts","article_published_time":"2022-06-04T16:00:07+00:00","article_modified_time":"2022-06-27T19:42:13+00:00","og_image":[{"width":2048,"height":1365,"url":"https:\/\/www.aclanester56.com\/velo\/wp-content\/uploads\/2022\/06\/eva-philippe-coupe-de-france.jpg","type":"image\/jpeg"}],"author":"stephane","twitter_misc":{"\u00c9crit par":"stephane","Dur\u00e9e de lecture estim\u00e9e":"1 minute"},"schema":{"@context":"https:\/\/schema.org","@graph":[{"@type":"Article","@id":"https:\/\/www.aclanester56.com\/velo\/eva-philippe-brille-en-coupe-de-france\/#article","isPartOf":{"@id":"https:\/\/www.aclanester56.com\/velo\/eva-philippe-brille-en-coupe-de-france\/"},"author":{"name":"stephane","@id":"https:\/\/www.aclanester56.com\/velo\/#\/schema\/person\/c844661e64a578ca46639cb0ae764de6"},"headline":"Eva Philippe brille en coupe de France","datePublished":"2022-06-04T16:00:07+00:00","dateModified":"2022-06-27T19:42:13+00:00","mainEntityOfPage":{"@id":"https:\/\/www.aclanester56.com\/velo\/eva-philippe-brille-en-coupe-de-france\/"},"wordCount":173,"commentCount":0,"publisher":{"@id":"https:\/\/www.aclanester56.com\/velo\/#organization"},"image":{"@id":"https:\/\/www.aclanester56.com\/velo\/eva-philippe-brille-en-coupe-de-france\/#primaryimage"},"thumbnailUrl":"https:\/\/www.aclanester56.com\/velo\/wp-content\/uploads\/2022\/06\/eva-philippe-coupe-de-france.jpg","articleSection":["AC LANESTER 56"],"inLanguage":"fr-FR","potentialAction":[{"@type":"CommentAction","name":"Comment","target":["https:\/\/www.aclanester56.com\/velo\/eva-philippe-brille-en-coupe-de-france\/#respond"]}]},{"@type":"WebPage","@id":"https:\/\/www.aclanester56.com\/velo\/eva-philippe-brille-en-coupe-de-france\/","url":"https:\/\/www.aclanester56.com\/velo\/eva-philippe-brille-en-coupe-de-france\/","name":"Eva Philippe brille en coupe de France - Avenir Cycliste Lanester 56","isPartOf":{"@id":"https:\/\/www.aclanester56.com\/velo\/#website"},"primaryImageOfPage":{"@id":"https:\/\/www.aclanester56.com\/velo\/eva-philippe-brille-en-coupe-de-france\/#primaryimage"},"image":{"@id":"https:\/\/www.aclanester56.com\/velo\/eva-philippe-brille-en-coupe-de-france\/#primaryimage"},"thumbnailUrl":"https:\/\/www.aclanester56.com\/velo\/wp-content\/uploads\/2022\/06\/eva-philippe-coupe-de-france.jpg","datePublished":"2022-06-04T16:00:07+00:00","dateModified":"2022-06-27T19:42:13+00:00","inLanguage":"fr-FR","potentialAction":[{"@type":"ReadAction","target":["https:\/\/www.aclanester56.com\/velo\/eva-philippe-brille-en-coupe-de-france\/"]}]},{"@type":"ImageObject","inLanguage":"fr-FR","@id":"https:\/\/www.aclanester56.com\/velo\/eva-philippe-brille-en-coupe-de-france\/#primaryimage","url":"https:\/\/www.aclanester56.com\/velo\/wp-content\/uploads\/2022\/06\/eva-philippe-coupe-de-france.jpg","contentUrl":"https:\/\/www.aclanester56.com\/velo\/wp-content\/uploads\/2022\/06\/eva-philippe-coupe-de-france.jpg","width":2048,"height":1365},{"@type":"WebSite","@id":"https:\/\/www.aclanester56.com\/velo\/#website","url":"https:\/\/www.aclanester56.com\/velo\/","name":"Avenir Cycliste Lanester 56","description":"Club cycliste de l&#039;AC LANESTER 56","publisher":{"@id":"https:\/\/www.aclanester56.com\/velo\/#organization"},"potentialAction":[{"@type":"SearchAction","target":{"@type":"EntryPoint","urlTemplate":"https:\/\/www.aclanester56.com\/velo\/?s={search_term_string}"},"query-input":{"@type":"PropertyValueSpecification","valueRequired":true,"valueName":"search_term_string"}}],"inLanguage":"fr-FR"},{"@type":"Organization","@id":"https:\/\/www.aclanester56.com\/velo\/#organization","name":"Avenir Cycliste Lanester 56","url":"https:\/\/www.aclanester56.com\/velo\/","logo":{"@type":"ImageObject","inLanguage":"fr-FR","@id":"https:\/\/www.aclanester56.com\/velo\/#\/schema\/logo\/image\/","url":"https:\/\/www.aclanester56.com\/velo\/wp-content\/uploads\/2013\/04\/logo-ACL.jpg","contentUrl":"https:\/\/www.aclanester56.com\/velo\/wp-content\/uploads\/2013\/04\/logo-ACL.jpg","width":400,"height":334,"caption":"Avenir Cycliste Lanester 56"},"image":{"@id":"https:\/\/www.aclanester56.com\/velo\/#\/schema\/logo\/image\/"},"sameAs":["https:\/\/www.facebook.com\/pages\/AC-Lanester-56\/190286300991242?fref=ts"]},{"@type":"Person","@id":"https:\/\/www.aclanester56.com\/velo\/#\/schema\/person\/c844661e64a578ca46639cb0ae764de6","name":"stephane","url":"https:\/\/www.aclanester56.com\/velo\/author\/stephane\/"}]}},"_links":{"self":[{"href":"https:\/\/www.aclanester56.com\/velo\/wp-json\/wp\/v2\/posts\/41885","targetHints":{"allow":["GET"]}}],"collection":[{"href":"https:\/\/www.aclanester56.com\/velo\/wp-json\/wp\/v2\/posts"}],"about":[{"href":"https:\/\/www.aclanester56.com\/velo\/wp-json\/wp\/v2\/types\/post"}],"author":[{"embeddable":true,"href":"https:\/\/www.aclanester56.com\/velo\/wp-json\/wp\/v2\/users\/2"}],"replies":[{"embeddable":true,"href":"https:\/\/www.aclanester56.com\/velo\/wp-json\/wp\/v2\/comments?post=41885"}],"version-history":[{"count":1,"href":"https:\/\/www.aclanester56.com\/velo\/wp-json\/wp\/v2\/posts\/41885\/revisions"}],"predecessor-version":[{"id":41889,"href":"https:\/\/www.aclanester56.com\/velo\/wp-json\/wp\/v2\/posts\/41885\/revisions\/41889"}],"wp:featuredmedia":[{"embeddable":true,"href":"https:\/\/www.aclanester56.com\/velo\/wp-json\/wp\/v2\/media\/41886"}],"wp:attachment":[{"href":"https:\/\/www.aclanester56.com\/velo\/wp-json\/wp\/v2\/media?parent=41885"}],"wp:term":[{"taxonomy":"category","embeddable":true,"href":"https:\/\/www.aclanester56.com\/velo\/wp-json\/wp\/v2\/categories?post=41885"},{"taxonomy":"post_tag","embeddable":true,"href":"https:\/\/www.aclanester56.com\/velo\/wp-json\/wp\/v2\/tags?post=41885"}],"curies":[{"name":"wp","href":"https:\/\/api.w.org\/{rel}","templated":true}]}}