{"id":4202,"date":"2010-09-13T17:16:47","date_gmt":"2010-09-13T16:16:47","guid":{"rendered":"http:\/\/www.aclanester56.com\/velo\/?p=4202"},"modified":"2010-09-22T10:45:15","modified_gmt":"2010-09-22T09:45:15","slug":"deux-jours-de-machecoul-double-lanesterien-sur-la-derniere-etape","status":"publish","type":"post","link":"https:\/\/www.aclanester56.com\/velo\/deux-jours-de-machecoul-double-lanesterien-sur-la-derniere-etape\/","title":{"rendered":"Deux jours de Machecoul : Fantastique doubl\u00e9 Lanest\u00e9rien sur la derni\u00e8re \u00e9tape !"},"content":{"rendered":"<div id=\"attachment_4261\" style=\"width: 330px\" class=\"wp-caption alignleft\"><a  href=\"http:\/\/www.aclanester56.com\/velo\/wp-content\/uploads\/2010\/09\/DSC_2140-1.jpg\"><img loading=\"lazy\" decoding=\"async\" aria-describedby=\"caption-attachment-4261\" class=\"size-full wp-image-4261\" title=\"Extraordinaire performance des Lanest\u00e9riens Vincent Ragot et Warren Barguil qui prennent les deux premi\u00e8res places de la derni\u00e8re \u00e9tape des 2 Jours de Machecoul ! (photo Philippe Le Cocq)\" src=\"http:\/\/www.aclanester56.com\/velo\/wp-content\/uploads\/2010\/09\/DSC_2140-1.jpg\" alt=\"\" width=\"320\" height=\"260\" \/><\/a><p id=\"caption-attachment-4261\" class=\"wp-caption-text\">Extraordinaire performance des Lanest\u00e9riens Vincent Ragot et Warren Barguil qui prennent les deux premi\u00e8res places de la derni\u00e8re \u00e9tape des 2 Jours de Machecoul ! (photo Philippe Le Cocq)<\/p><\/div>\n<p>Cinq coureurs de l&rsquo;\u00e9quipe DN Espoirs participaient ce week-end aux 2 Jours de Machecoul, course \u00e9lite national disput\u00e9e sur 3 \u00e9tapes dans la r\u00e9gion nantaise. Sur cette \u00e9preuve tr\u00e8s relev\u00e9e, l&rsquo;\u00e9quipe a connu un nouveau succ\u00e8s significatif, en ajoutant la mani\u00e8re, puisque le duo lanest\u00e9rien Ragot-Barguil r\u00e9alise tout simplement le doubl\u00e9 sur la derni\u00e8re \u00e9tape courue cet apr\u00e8s-midi !<\/p>\n<p><br class=\"spacer_\" \/><\/p>\n<p> <!--more--><br \/>\n A noter \u00e9galement les bons r\u00e9sultats d&rsquo;ensemble des coureurs Lanest\u00e9riens avec notamment la belle 9\u00e8me place du jeune Romain GUILLOU sur la 1\u00e8re \u00e9tape qui s&rsquo;est achev\u00e9e par un sprint massif, ou encore le joli tir group\u00e9 lors du contre-la-montre individuel.<\/p>\n<p><br class=\"spacer_\" \/><\/p>\n<p><br class=\"spacer_\" \/><\/p>\n<p><br class=\"spacer_\" \/><\/p>\n<p><br class=\"spacer_\" \/><\/p>\n<p><br class=\"spacer_\" \/><\/p>\n<p><span style=\"text-decoration: underline;\"><strong>Classement de la 1\u00e8re \u00e9tape :<br \/>\n <\/strong><\/span> 1 &#8211; Nicolas GALVEZ (VC Lyon &#8211; Vaulx en Velin) les 103.7 kms en 2H18&rsquo;39\u00a0\u00bb (moy : 44.88 Km\/h)<br \/>\n 2 &#8211; Ronan DEQUIPPE (UC Cholet) \u00e0 0&Prime;<br \/>\n 3 &#8211; Kevin CHERRUAULT (UC Nantes Atlantiques) \u00e0 0&Prime;<br \/>\n 4 &#8211; Mickael RENOU(UC Nantes Atlantiques) \u00e0 0&Prime;<br \/>\n 5 &#8211; Fabien FERNANDES (APOGE) \u00e0 0&Prime;<br \/>\n 6 &#8211; Bryan NAULEAU (Vend\u00e9e U) \u00e0 0&Prime;<br \/>\n 7 &#8211; Armindo FONSECA (Cotes d&rsquo;Armor Cyclisme) \u00e0 0&Prime;<br \/>\n 8 &#8211; Justin JULES (Vend\u00e9e U) \u00e0 0&Prime;<br \/>\n <span style=\"background-color: #ff6600;\"> 9 &#8211; Romain GUILLOU (AC Lanester 56) \u00e0 0&Prime;<br \/>\n <\/span> 10 &#8211; Romain HOUEIX (UC Cholet) \u00e0 0&Prime;<br \/>\n <span style=\"background-color: #ff6600;\"> 41 &#8211; Warren BARGUIL (AC Lanester 56) \u00e0 0&Prime;<br \/>\n 44 &#8211; Vincent GUEZENNEC(AC Lanester 56) \u00e0 0&Prime;<br \/>\n 67 &#8211; Yoann DAVID (AC Lanester 56) \u00e0 0&Prime;<br \/>\n 70 &#8211; Vincent RAGOT (AC Lanester 56) \u00e0 0&Prime;<\/span><\/p>\n<p><br class=\"spacer_\" \/><\/p>\n<p><span style=\"text-decoration: underline;\"><strong>Classement de la 2\u00e8me \u00e9tape :<br \/>\n <\/strong><\/span> 1 &#8211; Franck VERMEULEN (VC Rouen) les 9.4 kms en 12&rsquo;39\u00a0\u00bb (moy : 44.59 Km\/h)<br \/>\n 2 &#8211; Florent MALLEGOL (C\u00f4tes d&rsquo;Armor Cyclisme) \u00e0 0&Prime;79<br \/>\n 3 &#8211; Yann MORITZ (Vend\u00e9e U) \u00e0 4&Prime;<br \/>\n 4 &#8211; Nicolas BONNET (VC Lyon &#8211; Vaulx en Velin) \u00e0 8&Prime;<br \/>\n 5 &#8211; Erwan TEGUEL (UC Nantes Atlantiques) \u00e0 8&Prime;<br \/>\n 6 &#8211; Jean MESPOULEDE (Marmande) \u00e0 9&Prime;<br \/>\n 7 &#8211; Bryan NAULEAU (Vend\u00e9e U) \u00e0 11&Prime;<br \/>\n 8 &#8211; Fabien SCHMIDT (C\u00f4tes d&rsquo;Armor Cyclisme) \u00e0 12&Prime;<br \/>\n 9 &#8211; Kevin LABEQUE (Marmande) \u00e0 16&Prime;<br \/>\n 10 &#8211; Justin JULES (Vend\u00e9e U) \u00e0 17&Prime;<br \/>\n <span style=\"background-color: #ff6600;\"> 15 &#8211; Warren BARGUIL (AC Lanester 56) \u00e0 25&Prime;<br \/>\n 24 &#8211; Yoann DAVID (AC Lanester 56) \u00e0 42&Prime;<br \/>\n 26 &#8211; Vincent RAGOT (AC Lanester 56) \u00e0 43&Prime;<br \/>\n 28 &#8211; Vincent GUEZENNEC (AC Lanester 56) \u00e0 44&Prime;<br \/>\n 38 &#8211; Romain GUILLOU (AC Lanester 56) \u00e0 56&Prime;<\/span><\/p>\n<p><br class=\"spacer_\" \/><\/p>\n<p><span style=\"text-decoration: underline;\"><strong>Classement de la 3\u00e8me \u00e9tape :<br \/>\n <\/strong><\/span><span style=\"background-color: #ff6600;\">1\u00a0Ragot Vincent (AC Lanester 56) les\u00a0160,4 km 3h53&rsquo;55\u00a0\u00bb (moy. 41,143 kmh) 13\u00a0<br \/>\n 2\u00a0Barguil Warren (AC Lanester 56) \u00a0\u00e0 0&Prime;<br \/>\n <\/span>3\u00a0Mespoul\u00e8de Jean (Marmande) \u00e0 0&Prime;<br \/>\n 4\u00a0Moritz Yann (Vend\u00e9eU) \u00e0 0&Prime;<br \/>\n 5\u00a0Jules Justin (Vend\u00e9eU) \u00e0 5&Prime;<br \/>\n 6\u00a0Maug\u00e9 Corentin (Vend\u00e9eU) \u00e0 5&Prime;<br \/>\n 7\u00a0Goujon Adrien (Gchalettois) \u00e0 5&Prime;<br \/>\n 8\u00a0Saccomandi John (Argenteuil) \u00e0 5&Prime;<br \/>\n 9\u00a0Guilbaud Florent (POCCL) \u00e0 5&Prime;<br \/>\n 10\u00a0Le Calv\u00e9 Gr\u00e9goire (Hennebont) \u00e0 5&Prime;<br \/>\n <span style=\"background-color: #ff6600;\">31\u00a0Guillou Romain (AC Lanester 56) \u00e0 7&Prime;<br \/>\n 46\u00a0Guezennec Vincent (AC Lanester 56) \u00e0 7&Prime;<br \/>\n 57\u00a0David Yoann (AC Lanester 56) \u00e0 7&Prime;<\/span><\/p>\n<p><br class=\"spacer_\" \/><\/p>\n<p><span style=\"text-decoration: underline;\"><strong>Classement g\u00e9n\u00e9ral final :<\/strong><\/span><\/p>\n<p>1\u00a0Mespoul\u00e8de Jean (Marmande) les 273,5 km\u00a06h25&rsquo;14\u00a0\u00bb (moy. 42,583 km\/h)<br \/>\n 2\u00a0Moritz Yann (Vend\u00e9eU) \u00a0\u00e0 2&Prime;<br \/>\n 3\u00a0Vermeulen Franck (VCRouen) \u00a0\u00e0 6&Prime;<br \/>\n 4\u00a0Mall\u00e9gol Florent (CACyclisme) \u00a0\u00e0 6&Prime;<br \/>\n 5\u00a0Bonnet Nicolas (Vulco) \u00a0\u00e0 14&Prime;<br \/>\n 6\u00a0T\u00e9guel Erwan (Nantes) \u00a0\u00e0\u00a014&Prime;<br \/>\n 7\u00a0Nauleau Bryan (Vend\u00e9eU) \u00a0\u00e0\u00a015&Prime;<br \/>\n 8\u00a0Schmidt Fabien (Nantes) \u00a0\u00e0\u00a016&Prime;<br \/>\n <span style=\"background-color: #ff6600;\">9\u00a0Barguil Warren (AC Lanester 56) \u00a0\u00e0\u00a018&Prime;<br \/>\n <\/span>10\u00a0Lab\u00e8que K\u00e9vin (Marmande) \u00a0\u00e0\u00a019&Prime;<br \/>\n <span style=\"background-color: #ff6600;\">14\u00a0Ragot Vincent (AC Lanester 56) \u00e0\u00a029&Prime;<br \/>\n 23\u00a0David Yoann (AC Lanester 56) \u00e0\u00a047&Prime;<br \/>\n 24\u00a0Guezennec Vincent (AC Lanester 56) \u00e0\u00a048&Prime;<br \/>\n 36\u00a0Guillou Romain (AC Lanester 56)\u00a0\u00e0\u00a01&rsquo;02\u00a0\u00bb<\/span><\/p>\n<p><br class=\"spacer_\" \/><\/p>\n","protected":false},"excerpt":{"rendered":"<p>Cinq coureurs de l&rsquo;\u00e9quipe DN Espoirs participaient ce week-end aux 2 Jours de Machecoul, course \u00e9lite national disput\u00e9e sur 3 [&hellip;]<\/p>\n","protected":false},"author":14,"featured_media":4261,"comment_status":"open","ping_status":"closed","sticky":false,"template":"","format":"standard","meta":{"ngg_post_thumbnail":0,"footnotes":""},"categories":[5,14,17],"tags":[],"class_list":["post-4202","post","type-post","status-publish","format-standard","has-post-thumbnail","hentry","category-ac-lanester-56","category-actualites-dn","category-resultats-dn"],"yoast_head":"<!-- This site is optimized with the Yoast SEO plugin v27.5 - https:\/\/yoast.com\/product\/yoast-seo-wordpress\/ -->\n<title>Deux jours de Machecoul : Fantastique doubl\u00e9 Lanest\u00e9rien sur la derni\u00e8re \u00e9tape ! - Avenir Cycliste Lanester 56<\/title>\n<meta name=\"robots\" content=\"index, follow, max-snippet:-1, max-image-preview:large, max-video-preview:-1\" \/>\n<link rel=\"canonical\" href=\"https:\/\/www.aclanester56.com\/velo\/deux-jours-de-machecoul-double-lanesterien-sur-la-derniere-etape\/\" \/>\n<meta property=\"og:locale\" content=\"fr_FR\" \/>\n<meta property=\"og:type\" content=\"article\" \/>\n<meta property=\"og:title\" content=\"Deux jours de Machecoul : Fantastique doubl\u00e9 Lanest\u00e9rien sur la derni\u00e8re \u00e9tape ! - Avenir Cycliste Lanester 56\" \/>\n<meta property=\"og:description\" content=\"Cinq coureurs de l&rsquo;\u00e9quipe DN Espoirs participaient ce week-end aux 2 Jours de Machecoul, course \u00e9lite national disput\u00e9e sur 3 [&hellip;]\" \/>\n<meta property=\"og:url\" content=\"https:\/\/www.aclanester56.com\/velo\/deux-jours-de-machecoul-double-lanesterien-sur-la-derniere-etape\/\" \/>\n<meta property=\"og:site_name\" content=\"Avenir Cycliste Lanester 56\" \/>\n<meta property=\"article:publisher\" content=\"https:\/\/www.facebook.com\/pages\/AC-Lanester-56\/190286300991242?fref=ts\" \/>\n<meta property=\"article:published_time\" content=\"2010-09-13T16:16:47+00:00\" \/>\n<meta property=\"article:modified_time\" content=\"2010-09-22T09:45:15+00:00\" \/>\n<meta property=\"og:image\" content=\"https:\/\/www.aclanester56.com\/velo\/wp-content\/uploads\/2010\/09\/DSC_2140-1.jpg\" \/>\n\t<meta property=\"og:image:width\" content=\"640\" \/>\n\t<meta property=\"og:image:height\" content=\"517\" \/>\n\t<meta property=\"og:image:type\" content=\"image\/jpeg\" \/>\n<meta name=\"author\" content=\"Jean-Christophe\" \/>\n<meta name=\"twitter:label1\" content=\"\u00c9crit par\" \/>\n\t<meta name=\"twitter:data1\" content=\"Jean-Christophe\" \/>\n\t<meta name=\"twitter:label2\" content=\"Dur\u00e9e de lecture estim\u00e9e\" \/>\n\t<meta name=\"twitter:data2\" content=\"2 minutes\" \/>\n<script type=\"application\/ld+json\" class=\"yoast-schema-graph\">{\"@context\":\"https:\\\/\\\/schema.org\",\"@graph\":[{\"@type\":\"Article\",\"@id\":\"https:\\\/\\\/www.aclanester56.com\\\/velo\\\/deux-jours-de-machecoul-double-lanesterien-sur-la-derniere-etape\\\/#article\",\"isPartOf\":{\"@id\":\"https:\\\/\\\/www.aclanester56.com\\\/velo\\\/deux-jours-de-machecoul-double-lanesterien-sur-la-derniere-etape\\\/\"},\"author\":{\"name\":\"Jean-Christophe\",\"@id\":\"https:\\\/\\\/www.aclanester56.com\\\/velo\\\/#\\\/schema\\\/person\\\/ca2a44a5fd969e9dd846c72d3b33bc01\"},\"headline\":\"Deux jours de Machecoul : Fantastique doubl\u00e9 Lanest\u00e9rien sur la derni\u00e8re \u00e9tape !\",\"datePublished\":\"2010-09-13T16:16:47+00:00\",\"dateModified\":\"2010-09-22T09:45:15+00:00\",\"mainEntityOfPage\":{\"@id\":\"https:\\\/\\\/www.aclanester56.com\\\/velo\\\/deux-jours-de-machecoul-double-lanesterien-sur-la-derniere-etape\\\/\"},\"wordCount\":479,\"commentCount\":0,\"publisher\":{\"@id\":\"https:\\\/\\\/www.aclanester56.com\\\/velo\\\/#organization\"},\"image\":{\"@id\":\"https:\\\/\\\/www.aclanester56.com\\\/velo\\\/deux-jours-de-machecoul-double-lanesterien-sur-la-derniere-etape\\\/#primaryimage\"},\"thumbnailUrl\":\"https:\\\/\\\/www.aclanester56.com\\\/velo\\\/wp-content\\\/uploads\\\/2010\\\/09\\\/DSC_2140-1.jpg\",\"articleSection\":[\"AC LANESTER 56\",\"Actualit\u00e9s DN\",\"R\u00e9sultats DN\"],\"inLanguage\":\"fr-FR\",\"potentialAction\":[{\"@type\":\"CommentAction\",\"name\":\"Comment\",\"target\":[\"https:\\\/\\\/www.aclanester56.com\\\/velo\\\/deux-jours-de-machecoul-double-lanesterien-sur-la-derniere-etape\\\/#respond\"]}]},{\"@type\":\"WebPage\",\"@id\":\"https:\\\/\\\/www.aclanester56.com\\\/velo\\\/deux-jours-de-machecoul-double-lanesterien-sur-la-derniere-etape\\\/\",\"url\":\"https:\\\/\\\/www.aclanester56.com\\\/velo\\\/deux-jours-de-machecoul-double-lanesterien-sur-la-derniere-etape\\\/\",\"name\":\"Deux jours de Machecoul : Fantastique doubl\u00e9 Lanest\u00e9rien sur la derni\u00e8re \u00e9tape ! - Avenir Cycliste Lanester 56\",\"isPartOf\":{\"@id\":\"https:\\\/\\\/www.aclanester56.com\\\/velo\\\/#website\"},\"primaryImageOfPage\":{\"@id\":\"https:\\\/\\\/www.aclanester56.com\\\/velo\\\/deux-jours-de-machecoul-double-lanesterien-sur-la-derniere-etape\\\/#primaryimage\"},\"image\":{\"@id\":\"https:\\\/\\\/www.aclanester56.com\\\/velo\\\/deux-jours-de-machecoul-double-lanesterien-sur-la-derniere-etape\\\/#primaryimage\"},\"thumbnailUrl\":\"https:\\\/\\\/www.aclanester56.com\\\/velo\\\/wp-content\\\/uploads\\\/2010\\\/09\\\/DSC_2140-1.jpg\",\"datePublished\":\"2010-09-13T16:16:47+00:00\",\"dateModified\":\"2010-09-22T09:45:15+00:00\",\"inLanguage\":\"fr-FR\",\"potentialAction\":[{\"@type\":\"ReadAction\",\"target\":[\"https:\\\/\\\/www.aclanester56.com\\\/velo\\\/deux-jours-de-machecoul-double-lanesterien-sur-la-derniere-etape\\\/\"]}]},{\"@type\":\"ImageObject\",\"inLanguage\":\"fr-FR\",\"@id\":\"https:\\\/\\\/www.aclanester56.com\\\/velo\\\/deux-jours-de-machecoul-double-lanesterien-sur-la-derniere-etape\\\/#primaryimage\",\"url\":\"https:\\\/\\\/www.aclanester56.com\\\/velo\\\/wp-content\\\/uploads\\\/2010\\\/09\\\/DSC_2140-1.jpg\",\"contentUrl\":\"https:\\\/\\\/www.aclanester56.com\\\/velo\\\/wp-content\\\/uploads\\\/2010\\\/09\\\/DSC_2140-1.jpg\",\"width\":640,\"height\":517,\"caption\":\"Extraordinaire performance des Lanest\u00e9riens Vincent Ragot et Warren Barguil qui prennent les deux premi\u00e8res places de la derni\u00e8re \u00e9tape des 2 Jours de Machecoul ! (photo Philippe Le Cocq)\"},{\"@type\":\"WebSite\",\"@id\":\"https:\\\/\\\/www.aclanester56.com\\\/velo\\\/#website\",\"url\":\"https:\\\/\\\/www.aclanester56.com\\\/velo\\\/\",\"name\":\"Avenir Cycliste Lanester 56\",\"description\":\"Club cycliste de l&#039;AC LANESTER 56\",\"publisher\":{\"@id\":\"https:\\\/\\\/www.aclanester56.com\\\/velo\\\/#organization\"},\"potentialAction\":[{\"@type\":\"SearchAction\",\"target\":{\"@type\":\"EntryPoint\",\"urlTemplate\":\"https:\\\/\\\/www.aclanester56.com\\\/velo\\\/?s={search_term_string}\"},\"query-input\":{\"@type\":\"PropertyValueSpecification\",\"valueRequired\":true,\"valueName\":\"search_term_string\"}}],\"inLanguage\":\"fr-FR\"},{\"@type\":\"Organization\",\"@id\":\"https:\\\/\\\/www.aclanester56.com\\\/velo\\\/#organization\",\"name\":\"Avenir Cycliste Lanester 56\",\"url\":\"https:\\\/\\\/www.aclanester56.com\\\/velo\\\/\",\"logo\":{\"@type\":\"ImageObject\",\"inLanguage\":\"fr-FR\",\"@id\":\"https:\\\/\\\/www.aclanester56.com\\\/velo\\\/#\\\/schema\\\/logo\\\/image\\\/\",\"url\":\"https:\\\/\\\/www.aclanester56.com\\\/velo\\\/wp-content\\\/uploads\\\/2013\\\/04\\\/logo-ACL.jpg\",\"contentUrl\":\"https:\\\/\\\/www.aclanester56.com\\\/velo\\\/wp-content\\\/uploads\\\/2013\\\/04\\\/logo-ACL.jpg\",\"width\":400,\"height\":334,\"caption\":\"Avenir Cycliste Lanester 56\"},\"image\":{\"@id\":\"https:\\\/\\\/www.aclanester56.com\\\/velo\\\/#\\\/schema\\\/logo\\\/image\\\/\"},\"sameAs\":[\"https:\\\/\\\/www.facebook.com\\\/pages\\\/AC-Lanester-56\\\/190286300991242?fref=ts\"]},{\"@type\":\"Person\",\"@id\":\"https:\\\/\\\/www.aclanester56.com\\\/velo\\\/#\\\/schema\\\/person\\\/ca2a44a5fd969e9dd846c72d3b33bc01\",\"name\":\"Jean-Christophe\",\"url\":\"https:\\\/\\\/www.aclanester56.com\\\/velo\\\/author\\\/jeanchristophe\\\/\"}]}<\/script>\n<!-- \/ Yoast SEO plugin. -->","yoast_head_json":{"title":"Deux jours de Machecoul : Fantastique doubl\u00e9 Lanest\u00e9rien sur la derni\u00e8re \u00e9tape ! - Avenir Cycliste Lanester 56","robots":{"index":"index","follow":"follow","max-snippet":"max-snippet:-1","max-image-preview":"max-image-preview:large","max-video-preview":"max-video-preview:-1"},"canonical":"https:\/\/www.aclanester56.com\/velo\/deux-jours-de-machecoul-double-lanesterien-sur-la-derniere-etape\/","og_locale":"fr_FR","og_type":"article","og_title":"Deux jours de Machecoul : Fantastique doubl\u00e9 Lanest\u00e9rien sur la derni\u00e8re \u00e9tape ! - Avenir Cycliste Lanester 56","og_description":"Cinq coureurs de l&rsquo;\u00e9quipe DN Espoirs participaient ce week-end aux 2 Jours de Machecoul, course \u00e9lite national disput\u00e9e sur 3 [&hellip;]","og_url":"https:\/\/www.aclanester56.com\/velo\/deux-jours-de-machecoul-double-lanesterien-sur-la-derniere-etape\/","og_site_name":"Avenir Cycliste Lanester 56","article_publisher":"https:\/\/www.facebook.com\/pages\/AC-Lanester-56\/190286300991242?fref=ts","article_published_time":"2010-09-13T16:16:47+00:00","article_modified_time":"2010-09-22T09:45:15+00:00","og_image":[{"width":640,"height":517,"url":"https:\/\/www.aclanester56.com\/velo\/wp-content\/uploads\/2010\/09\/DSC_2140-1.jpg","type":"image\/jpeg"}],"author":"Jean-Christophe","twitter_misc":{"\u00c9crit par":"Jean-Christophe","Dur\u00e9e de lecture estim\u00e9e":"2 minutes"},"schema":{"@context":"https:\/\/schema.org","@graph":[{"@type":"Article","@id":"https:\/\/www.aclanester56.com\/velo\/deux-jours-de-machecoul-double-lanesterien-sur-la-derniere-etape\/#article","isPartOf":{"@id":"https:\/\/www.aclanester56.com\/velo\/deux-jours-de-machecoul-double-lanesterien-sur-la-derniere-etape\/"},"author":{"name":"Jean-Christophe","@id":"https:\/\/www.aclanester56.com\/velo\/#\/schema\/person\/ca2a44a5fd969e9dd846c72d3b33bc01"},"headline":"Deux jours de Machecoul : Fantastique doubl\u00e9 Lanest\u00e9rien sur la derni\u00e8re \u00e9tape !","datePublished":"2010-09-13T16:16:47+00:00","dateModified":"2010-09-22T09:45:15+00:00","mainEntityOfPage":{"@id":"https:\/\/www.aclanester56.com\/velo\/deux-jours-de-machecoul-double-lanesterien-sur-la-derniere-etape\/"},"wordCount":479,"commentCount":0,"publisher":{"@id":"https:\/\/www.aclanester56.com\/velo\/#organization"},"image":{"@id":"https:\/\/www.aclanester56.com\/velo\/deux-jours-de-machecoul-double-lanesterien-sur-la-derniere-etape\/#primaryimage"},"thumbnailUrl":"https:\/\/www.aclanester56.com\/velo\/wp-content\/uploads\/2010\/09\/DSC_2140-1.jpg","articleSection":["AC LANESTER 56","Actualit\u00e9s DN","R\u00e9sultats DN"],"inLanguage":"fr-FR","potentialAction":[{"@type":"CommentAction","name":"Comment","target":["https:\/\/www.aclanester56.com\/velo\/deux-jours-de-machecoul-double-lanesterien-sur-la-derniere-etape\/#respond"]}]},{"@type":"WebPage","@id":"https:\/\/www.aclanester56.com\/velo\/deux-jours-de-machecoul-double-lanesterien-sur-la-derniere-etape\/","url":"https:\/\/www.aclanester56.com\/velo\/deux-jours-de-machecoul-double-lanesterien-sur-la-derniere-etape\/","name":"Deux jours de Machecoul : Fantastique doubl\u00e9 Lanest\u00e9rien sur la derni\u00e8re \u00e9tape ! - Avenir Cycliste Lanester 56","isPartOf":{"@id":"https:\/\/www.aclanester56.com\/velo\/#website"},"primaryImageOfPage":{"@id":"https:\/\/www.aclanester56.com\/velo\/deux-jours-de-machecoul-double-lanesterien-sur-la-derniere-etape\/#primaryimage"},"image":{"@id":"https:\/\/www.aclanester56.com\/velo\/deux-jours-de-machecoul-double-lanesterien-sur-la-derniere-etape\/#primaryimage"},"thumbnailUrl":"https:\/\/www.aclanester56.com\/velo\/wp-content\/uploads\/2010\/09\/DSC_2140-1.jpg","datePublished":"2010-09-13T16:16:47+00:00","dateModified":"2010-09-22T09:45:15+00:00","inLanguage":"fr-FR","potentialAction":[{"@type":"ReadAction","target":["https:\/\/www.aclanester56.com\/velo\/deux-jours-de-machecoul-double-lanesterien-sur-la-derniere-etape\/"]}]},{"@type":"ImageObject","inLanguage":"fr-FR","@id":"https:\/\/www.aclanester56.com\/velo\/deux-jours-de-machecoul-double-lanesterien-sur-la-derniere-etape\/#primaryimage","url":"https:\/\/www.aclanester56.com\/velo\/wp-content\/uploads\/2010\/09\/DSC_2140-1.jpg","contentUrl":"https:\/\/www.aclanester56.com\/velo\/wp-content\/uploads\/2010\/09\/DSC_2140-1.jpg","width":640,"height":517,"caption":"Extraordinaire performance des Lanest\u00e9riens Vincent Ragot et Warren Barguil qui prennent les deux premi\u00e8res places de la derni\u00e8re \u00e9tape des 2 Jours de Machecoul ! (photo Philippe Le Cocq)"},{"@type":"WebSite","@id":"https:\/\/www.aclanester56.com\/velo\/#website","url":"https:\/\/www.aclanester56.com\/velo\/","name":"Avenir Cycliste Lanester 56","description":"Club cycliste de l&#039;AC LANESTER 56","publisher":{"@id":"https:\/\/www.aclanester56.com\/velo\/#organization"},"potentialAction":[{"@type":"SearchAction","target":{"@type":"EntryPoint","urlTemplate":"https:\/\/www.aclanester56.com\/velo\/?s={search_term_string}"},"query-input":{"@type":"PropertyValueSpecification","valueRequired":true,"valueName":"search_term_string"}}],"inLanguage":"fr-FR"},{"@type":"Organization","@id":"https:\/\/www.aclanester56.com\/velo\/#organization","name":"Avenir Cycliste Lanester 56","url":"https:\/\/www.aclanester56.com\/velo\/","logo":{"@type":"ImageObject","inLanguage":"fr-FR","@id":"https:\/\/www.aclanester56.com\/velo\/#\/schema\/logo\/image\/","url":"https:\/\/www.aclanester56.com\/velo\/wp-content\/uploads\/2013\/04\/logo-ACL.jpg","contentUrl":"https:\/\/www.aclanester56.com\/velo\/wp-content\/uploads\/2013\/04\/logo-ACL.jpg","width":400,"height":334,"caption":"Avenir Cycliste Lanester 56"},"image":{"@id":"https:\/\/www.aclanester56.com\/velo\/#\/schema\/logo\/image\/"},"sameAs":["https:\/\/www.facebook.com\/pages\/AC-Lanester-56\/190286300991242?fref=ts"]},{"@type":"Person","@id":"https:\/\/www.aclanester56.com\/velo\/#\/schema\/person\/ca2a44a5fd969e9dd846c72d3b33bc01","name":"Jean-Christophe","url":"https:\/\/www.aclanester56.com\/velo\/author\/jeanchristophe\/"}]}},"_links":{"self":[{"href":"https:\/\/www.aclanester56.com\/velo\/wp-json\/wp\/v2\/posts\/4202","targetHints":{"allow":["GET"]}}],"collection":[{"href":"https:\/\/www.aclanester56.com\/velo\/wp-json\/wp\/v2\/posts"}],"about":[{"href":"https:\/\/www.aclanester56.com\/velo\/wp-json\/wp\/v2\/types\/post"}],"author":[{"embeddable":true,"href":"https:\/\/www.aclanester56.com\/velo\/wp-json\/wp\/v2\/users\/14"}],"replies":[{"embeddable":true,"href":"https:\/\/www.aclanester56.com\/velo\/wp-json\/wp\/v2\/comments?post=4202"}],"version-history":[{"count":0,"href":"https:\/\/www.aclanester56.com\/velo\/wp-json\/wp\/v2\/posts\/4202\/revisions"}],"wp:featuredmedia":[{"embeddable":true,"href":"https:\/\/www.aclanester56.com\/velo\/wp-json\/wp\/v2\/media\/4261"}],"wp:attachment":[{"href":"https:\/\/www.aclanester56.com\/velo\/wp-json\/wp\/v2\/media?parent=4202"}],"wp:term":[{"taxonomy":"category","embeddable":true,"href":"https:\/\/www.aclanester56.com\/velo\/wp-json\/wp\/v2\/categories?post=4202"},{"taxonomy":"post_tag","embeddable":true,"href":"https:\/\/www.aclanester56.com\/velo\/wp-json\/wp\/v2\/tags?post=4202"}],"curies":[{"name":"wp","href":"https:\/\/api.w.org\/{rel}","templated":true}]}}