{"id":42269,"date":"2023-03-14T17:27:51","date_gmt":"2023-03-14T15:27:51","guid":{"rendered":"https:\/\/www.aclanester56.com\/velo\/?p=42269"},"modified":"2023-03-14T17:29:09","modified_gmt":"2023-03-14T15:29:09","slug":"resultats-du-week-end-du-11-12-mars-2023","status":"publish","type":"post","link":"https:\/\/www.aclanester56.com\/velo\/resultats-du-week-end-du-11-12-mars-2023\/","title":{"rendered":"R\u00e9sultats du week-end du 11 &#038; 12 mars 2023"},"content":{"rendered":"<p><!--more--><\/p>\n<div dir=\"auto\"><span class=\"x3nfvp2 x1j61x8r x1fcty0u xdj266r xhhsvwb xat24cr xgzva0m xxymvpz xlup9mm x1kky2od\"><img loading=\"lazy\" decoding=\"async\" src=\"https:\/\/static.xx.fbcdn.net\/images\/emoji.php\/v9\/t5\/1.5\/16\/1f4cc.png\" alt=\"\" width=\"16\" height=\"16\"\/><\/span> Noyal Ch\u00e2tillon (35)<\/div>\n<div dir=\"auto\">\u2022Open 2-3 + Access 1-2<\/div>\n<div dir=\"auto\">GUIHO Julien 85e<\/div>\n<div dir=\"auto\">\u2014<\/div>\n<div dir=\"auto\"><span class=\"x3nfvp2 x1j61x8r x1fcty0u xdj266r xhhsvwb xat24cr xgzva0m xxymvpz xlup9mm x1kky2od\"><img loading=\"lazy\" decoding=\"async\" src=\"https:\/\/static.xx.fbcdn.net\/images\/emoji.php\/v9\/t5\/1.5\/16\/1f4cc.png\" alt=\"\" width=\"16\" height=\"16\"\/><\/span>Troph\u00e9e Louison BOBET (35)<\/div>\n<div dir=\"auto\">\u2022U19<\/div>\n<div dir=\"auto\">BARGUIL Brayann 23e<\/div>\n<div dir=\"auto\">\u2014<\/div>\n<div dir=\"auto\"><span class=\"x3nfvp2 x1j61x8r x1fcty0u xdj266r xhhsvwb xat24cr xgzva0m xxymvpz xlup9mm x1kky2od\"><img loading=\"lazy\" decoding=\"async\" src=\"https:\/\/static.xx.fbcdn.net\/images\/emoji.php\/v9\/t5\/1.5\/16\/1f4cc.png\" alt=\"\" width=\"16\" height=\"16\"\/><\/span> Loud\u00e9ac Hippodrome (22)<\/div>\n<div dir=\"auto\">\u2022U9<\/div>\n<div dir=\"auto\">MARTIN Emerick 23e<\/div>\n<div dir=\"auto\">\u2022U13<\/div>\n<div dir=\"auto\">COUGOULAT LE STUNFF L\u00e9ane 14e (2e F\u00e9minine<span class=\"x3nfvp2 x1j61x8r x1fcty0u xdj266r xhhsvwb xat24cr xgzva0m xxymvpz xlup9mm x1kky2od\"><img loading=\"lazy\" decoding=\"async\" src=\"https:\/\/static.xx.fbcdn.net\/images\/emoji.php\/v9\/t6e\/1.5\/16\/1f948.png\" alt=\"\" width=\"16\" height=\"16\"\/><\/span>)<\/div>\n<div dir=\"auto\">\u2022U15<\/div>\n<div dir=\"auto\">LE MAREC Pavel 10e, LOUSSOUARN L\u00e9onie 68e (13e F\u00e9minine)<\/div>\n<div dir=\"auto\">\u2022U17<\/div>\n<div dir=\"auto\">HUBERT Mano\u00e9 31e, COUGOULAT LE STUNFF No\u00e9 32e, LE CUNFF Ilann 35e<\/div>\n<div dir=\"auto\">\u2014<\/div>\n<div dir=\"auto\"><span class=\"x3nfvp2 x1j61x8r x1fcty0u xdj266r xhhsvwb xat24cr xgzva0m xxymvpz xlup9mm x1kky2od\"><img loading=\"lazy\" decoding=\"async\" src=\"https:\/\/static.xx.fbcdn.net\/images\/emoji.php\/v9\/t5\/1.5\/16\/1f4cc.png\" alt=\"\" width=\"16\" height=\"16\"\/><\/span> Rieux (56)<\/div>\n<div dir=\"auto\">\u2022Open 2 3 + Access 1 2<\/div>\n<div dir=\"auto\">LE MEYEC Arnaud 3e<span class=\"x3nfvp2 x1j61x8r x1fcty0u xdj266r xhhsvwb xat24cr xgzva0m xxymvpz xlup9mm x1kky2od\"><img loading=\"lazy\" decoding=\"async\" src=\"https:\/\/static.xx.fbcdn.net\/images\/emoji.php\/v9\/tef\/1.5\/16\/1f949.png\" alt=\"\" width=\"16\" height=\"16\"\/><\/span>, GUIHO Julien 6e<\/div>\n<div dir=\"auto\">\u2014<\/div>\n<div dir=\"auto\"><span class=\"x3nfvp2 x1j61x8r x1fcty0u xdj266r xhhsvwb xat24cr xgzva0m xxymvpz xlup9mm x1kky2od\"><img loading=\"lazy\" decoding=\"async\" src=\"https:\/\/static.xx.fbcdn.net\/images\/emoji.php\/v9\/t5\/1.5\/16\/1f4cc.png\" alt=\"\" width=\"16\" height=\"16\"\/><\/span>Noyal Pontivy &#8211; Kerponner Joli Coeur (56)<\/div>\n<div dir=\"auto\">\u2022Access 1 2<\/div>\n<div dir=\"auto\">DIVAL Elouan 53e<\/div>\n<div dir=\"auto\">\u2022Access 3 4<\/div>\n<div dir=\"auto\">LAURENT Stephen 37e, MOIZAN Kevin 45e, MASSE Maela 51e (2\u00e8me F\u00e9minine<span class=\"x3nfvp2 x1j61x8r x1fcty0u xdj266r xhhsvwb xat24cr xgzva0m xxymvpz xlup9mm x1kky2od\"><img loading=\"lazy\" decoding=\"async\" src=\"https:\/\/static.xx.fbcdn.net\/images\/emoji.php\/v9\/t6e\/1.5\/16\/1f948.png\" alt=\"\" width=\"16\" height=\"16\"\/><\/span> )<\/div>\n<div dir=\"auto\">\u2014<\/div>\n<div dir=\"auto\"><span class=\"x3nfvp2 x1j61x8r x1fcty0u xdj266r xhhsvwb xat24cr xgzva0m xxymvpz xlup9mm x1kky2od\"><img loading=\"lazy\" decoding=\"async\" src=\"https:\/\/static.xx.fbcdn.net\/images\/emoji.php\/v9\/t5\/1.5\/16\/1f4cc.png\" alt=\"\" width=\"16\" height=\"16\"\/><\/span> Mor\u00e9ac (56)<\/div>\n<div dir=\"auto\">\u2022Open 2 3 + Access 1 2<\/div>\n<div dir=\"auto\">ROYE Corentin 8e, COQUEN Guillaume 27e, JUSTUM Axel 50e, RAUDE Alexandre 52e<\/div>\n<div dir=\"auto\">\u2014<\/div>\n<div dir=\"auto\"><span class=\"x3nfvp2 x1j61x8r x1fcty0u xdj266r xhhsvwb xat24cr xgzva0m xxymvpz xlup9mm x1kky2od\"><img loading=\"lazy\" decoding=\"async\" src=\"https:\/\/static.xx.fbcdn.net\/images\/emoji.php\/v9\/t5\/1.5\/16\/1f4cc.png\" alt=\"\" width=\"16\" height=\"16\"\/><\/span> Luc\u00e9 Brou &#8211; manche ROF (28)<\/div>\n<div dir=\"auto\">\u2022Elites<\/div>\n<div dir=\"auto\">PITARD L\u00e9a 4e, SARRON Maylis 6e, DE GUERDAVID Aurelie 14e (3e U19<span class=\"x3nfvp2 x1j61x8r x1fcty0u xdj266r xhhsvwb xat24cr xgzva0m xxymvpz xlup9mm x1kky2od\"><img loading=\"lazy\" decoding=\"async\" src=\"https:\/\/static.xx.fbcdn.net\/images\/emoji.php\/v9\/tef\/1.5\/16\/1f949.png\" alt=\"\" width=\"16\" height=\"16\"\/><\/span>), GUEZINGAR Eva 35e (15e U19), BERET Louane 64e<\/div>\n<div dir=\"auto\">\u2022U15 et U17<\/div>\n<div dir=\"auto\">JAFFRE L\u00e9onie 10e, LE CAVIL Kenza 29e<\/div>\n<div dir=\"auto\">\u2014<\/div>\n<div dir=\"auto\"><span class=\"x3nfvp2 x1j61x8r x1fcty0u xdj266r xhhsvwb xat24cr xgzva0m xxymvpz xlup9mm x1kky2od\"><img loading=\"lazy\" decoding=\"async\" src=\"https:\/\/static.xx.fbcdn.net\/images\/emoji.php\/v9\/t5\/1.5\/16\/1f4cc.png\" alt=\"\" width=\"16\" height=\"16\"\/><\/span> Boucles de Seine-et-Marne (77)<\/div>\n<div dir=\"auto\">\u2022Elites<\/div>\n<div dir=\"auto\">VACHEY Lorele\u00ef 17e, LOUBOUTIN Marine 20e, MOAL Glwadys 28e, LE GLEUT Sylvia 30e, CAMENEN Marie 35e<\/div>\n<div dir=\"auto\">\u2014<\/div>\n<div dir=\"auto\">Sources : <a class=\"x1i10hfl xjbqb8w x6umtig x1b1mbwd xaqea5y xav7gou x9f619 x1ypdohk xt0psk2 xe8uvvx xdj266r x11i5rnm xat24cr x1mh8g0r xexx8yu x4uap5 x18d9i69 xkhd6sd x16tdsg8 x1hl2dhg xggy1nq x1a2a7pz xt0b8zv x1fey0fg\" tabindex=\"0\" role=\"link\" href=\"https:\/\/velopressecollection.ouest-france.fr\/route\/classements\/?fbclid=IwAR0YEgiDOVUK4SOUg-wGM-TGkjQIFUBI0cXNMkEnTFZhE2-y7gbdAr29NbM\" target=\"_blank\" rel=\"nofollow noopener\">https:\/\/velopressecollection.ouest-france.fr\/&#8230;\/classem&#8230;\/<\/a><\/div>\n<div dir=\"auto\"><a href=\"https:\/\/www.aclanester56.com\/velo\/wp-content\/uploads\/2023\/03\/ACL56-Engages-Resultats-4.png\"><img loading=\"lazy\" decoding=\"async\" class=\"alignleft size-full wp-image-42270\" src=\"https:\/\/www.aclanester56.com\/velo\/wp-content\/uploads\/2023\/03\/ACL56-Engages-Resultats-4.png\" alt=\"\" width=\"1640\" height=\"924\" srcset=\"https:\/\/www.aclanester56.com\/velo\/wp-content\/uploads\/2023\/03\/ACL56-Engages-Resultats-4.png 1640w, https:\/\/www.aclanester56.com\/velo\/wp-content\/uploads\/2023\/03\/ACL56-Engages-Resultats-4-300x169.png 300w, https:\/\/www.aclanester56.com\/velo\/wp-content\/uploads\/2023\/03\/ACL56-Engages-Resultats-4-800x451.png 800w, https:\/\/www.aclanester56.com\/velo\/wp-content\/uploads\/2023\/03\/ACL56-Engages-Resultats-4-768x433.png 768w, https:\/\/www.aclanester56.com\/velo\/wp-content\/uploads\/2023\/03\/ACL56-Engages-Resultats-4-799x450.png 799w, https:\/\/www.aclanester56.com\/velo\/wp-content\/uploads\/2023\/03\/ACL56-Engages-Resultats-4-1536x865.png 1536w, https:\/\/www.aclanester56.com\/velo\/wp-content\/uploads\/2023\/03\/ACL56-Engages-Resultats-4-100x56.png 100w, https:\/\/www.aclanester56.com\/velo\/wp-content\/uploads\/2023\/03\/ACL56-Engages-Resultats-4-600x338.png 600w, https:\/\/www.aclanester56.com\/velo\/wp-content\/uploads\/2023\/03\/ACL56-Engages-Resultats-4-1320x744.png 1320w\" sizes=\"auto, (max-width: 1640px) 100vw, 1640px\" \/><\/a><\/div>\n","protected":false},"excerpt":{"rendered":"","protected":false},"author":14,"featured_media":42270,"comment_status":"open","ping_status":"open","sticky":false,"template":"","format":"standard","meta":{"ngg_post_thumbnail":0,"footnotes":""},"categories":[5],"tags":[],"class_list":["post-42269","post","type-post","status-publish","format-standard","has-post-thumbnail","hentry","category-ac-lanester-56"],"yoast_head":"<!-- This site is optimized with the Yoast SEO plugin v27.5 - https:\/\/yoast.com\/product\/yoast-seo-wordpress\/ -->\n<title>R\u00e9sultats du week-end du 11 &amp; 12 mars 2023 - Avenir Cycliste Lanester 56<\/title>\n<meta name=\"robots\" content=\"index, follow, max-snippet:-1, max-image-preview:large, max-video-preview:-1\" \/>\n<link rel=\"canonical\" href=\"https:\/\/www.aclanester56.com\/velo\/resultats-du-week-end-du-11-12-mars-2023\/\" \/>\n<meta property=\"og:locale\" content=\"fr_FR\" \/>\n<meta property=\"og:type\" content=\"article\" \/>\n<meta property=\"og:title\" content=\"R\u00e9sultats du week-end du 11 &amp; 12 mars 2023 - Avenir Cycliste Lanester 56\" \/>\n<meta property=\"og:url\" content=\"https:\/\/www.aclanester56.com\/velo\/resultats-du-week-end-du-11-12-mars-2023\/\" \/>\n<meta property=\"og:site_name\" content=\"Avenir Cycliste Lanester 56\" \/>\n<meta property=\"article:publisher\" content=\"https:\/\/www.facebook.com\/pages\/AC-Lanester-56\/190286300991242?fref=ts\" \/>\n<meta property=\"article:published_time\" content=\"2023-03-14T15:27:51+00:00\" \/>\n<meta property=\"article:modified_time\" content=\"2023-03-14T15:29:09+00:00\" \/>\n<meta property=\"og:image\" content=\"https:\/\/www.aclanester56.com\/velo\/wp-content\/uploads\/2023\/03\/ACL56-Engages-Resultats-4.png\" \/>\n\t<meta property=\"og:image:width\" content=\"1640\" \/>\n\t<meta property=\"og:image:height\" content=\"924\" \/>\n\t<meta property=\"og:image:type\" content=\"image\/png\" \/>\n<meta name=\"author\" content=\"Jean-Christophe\" \/>\n<meta name=\"twitter:label1\" content=\"\u00c9crit par\" \/>\n\t<meta name=\"twitter:data1\" content=\"Jean-Christophe\" \/>\n\t<meta name=\"twitter:label2\" content=\"Dur\u00e9e de lecture estim\u00e9e\" \/>\n\t<meta name=\"twitter:data2\" content=\"4 minutes\" \/>\n<script type=\"application\/ld+json\" class=\"yoast-schema-graph\">{\"@context\":\"https:\\\/\\\/schema.org\",\"@graph\":[{\"@type\":\"Article\",\"@id\":\"https:\\\/\\\/www.aclanester56.com\\\/velo\\\/resultats-du-week-end-du-11-12-mars-2023\\\/#article\",\"isPartOf\":{\"@id\":\"https:\\\/\\\/www.aclanester56.com\\\/velo\\\/resultats-du-week-end-du-11-12-mars-2023\\\/\"},\"author\":{\"name\":\"Jean-Christophe\",\"@id\":\"https:\\\/\\\/www.aclanester56.com\\\/velo\\\/#\\\/schema\\\/person\\\/ca2a44a5fd969e9dd846c72d3b33bc01\"},\"headline\":\"R\u00e9sultats du week-end du 11 &#038; 12 mars 2023\",\"datePublished\":\"2023-03-14T15:27:51+00:00\",\"dateModified\":\"2023-03-14T15:29:09+00:00\",\"mainEntityOfPage\":{\"@id\":\"https:\\\/\\\/www.aclanester56.com\\\/velo\\\/resultats-du-week-end-du-11-12-mars-2023\\\/\"},\"wordCount\":179,\"commentCount\":0,\"publisher\":{\"@id\":\"https:\\\/\\\/www.aclanester56.com\\\/velo\\\/#organization\"},\"image\":{\"@id\":\"https:\\\/\\\/www.aclanester56.com\\\/velo\\\/resultats-du-week-end-du-11-12-mars-2023\\\/#primaryimage\"},\"thumbnailUrl\":\"https:\\\/\\\/www.aclanester56.com\\\/velo\\\/wp-content\\\/uploads\\\/2023\\\/03\\\/ACL56-Engages-Resultats-4.png\",\"articleSection\":[\"AC LANESTER 56\"],\"inLanguage\":\"fr-FR\",\"potentialAction\":[{\"@type\":\"CommentAction\",\"name\":\"Comment\",\"target\":[\"https:\\\/\\\/www.aclanester56.com\\\/velo\\\/resultats-du-week-end-du-11-12-mars-2023\\\/#respond\"]}]},{\"@type\":\"WebPage\",\"@id\":\"https:\\\/\\\/www.aclanester56.com\\\/velo\\\/resultats-du-week-end-du-11-12-mars-2023\\\/\",\"url\":\"https:\\\/\\\/www.aclanester56.com\\\/velo\\\/resultats-du-week-end-du-11-12-mars-2023\\\/\",\"name\":\"R\u00e9sultats du week-end du 11 & 12 mars 2023 - Avenir Cycliste Lanester 56\",\"isPartOf\":{\"@id\":\"https:\\\/\\\/www.aclanester56.com\\\/velo\\\/#website\"},\"primaryImageOfPage\":{\"@id\":\"https:\\\/\\\/www.aclanester56.com\\\/velo\\\/resultats-du-week-end-du-11-12-mars-2023\\\/#primaryimage\"},\"image\":{\"@id\":\"https:\\\/\\\/www.aclanester56.com\\\/velo\\\/resultats-du-week-end-du-11-12-mars-2023\\\/#primaryimage\"},\"thumbnailUrl\":\"https:\\\/\\\/www.aclanester56.com\\\/velo\\\/wp-content\\\/uploads\\\/2023\\\/03\\\/ACL56-Engages-Resultats-4.png\",\"datePublished\":\"2023-03-14T15:27:51+00:00\",\"dateModified\":\"2023-03-14T15:29:09+00:00\",\"inLanguage\":\"fr-FR\",\"potentialAction\":[{\"@type\":\"ReadAction\",\"target\":[\"https:\\\/\\\/www.aclanester56.com\\\/velo\\\/resultats-du-week-end-du-11-12-mars-2023\\\/\"]}]},{\"@type\":\"ImageObject\",\"inLanguage\":\"fr-FR\",\"@id\":\"https:\\\/\\\/www.aclanester56.com\\\/velo\\\/resultats-du-week-end-du-11-12-mars-2023\\\/#primaryimage\",\"url\":\"https:\\\/\\\/www.aclanester56.com\\\/velo\\\/wp-content\\\/uploads\\\/2023\\\/03\\\/ACL56-Engages-Resultats-4.png\",\"contentUrl\":\"https:\\\/\\\/www.aclanester56.com\\\/velo\\\/wp-content\\\/uploads\\\/2023\\\/03\\\/ACL56-Engages-Resultats-4.png\",\"width\":1640,\"height\":924},{\"@type\":\"WebSite\",\"@id\":\"https:\\\/\\\/www.aclanester56.com\\\/velo\\\/#website\",\"url\":\"https:\\\/\\\/www.aclanester56.com\\\/velo\\\/\",\"name\":\"Avenir Cycliste Lanester 56\",\"description\":\"Club cycliste de l&#039;AC LANESTER 56\",\"publisher\":{\"@id\":\"https:\\\/\\\/www.aclanester56.com\\\/velo\\\/#organization\"},\"potentialAction\":[{\"@type\":\"SearchAction\",\"target\":{\"@type\":\"EntryPoint\",\"urlTemplate\":\"https:\\\/\\\/www.aclanester56.com\\\/velo\\\/?s={search_term_string}\"},\"query-input\":{\"@type\":\"PropertyValueSpecification\",\"valueRequired\":true,\"valueName\":\"search_term_string\"}}],\"inLanguage\":\"fr-FR\"},{\"@type\":\"Organization\",\"@id\":\"https:\\\/\\\/www.aclanester56.com\\\/velo\\\/#organization\",\"name\":\"Avenir Cycliste Lanester 56\",\"url\":\"https:\\\/\\\/www.aclanester56.com\\\/velo\\\/\",\"logo\":{\"@type\":\"ImageObject\",\"inLanguage\":\"fr-FR\",\"@id\":\"https:\\\/\\\/www.aclanester56.com\\\/velo\\\/#\\\/schema\\\/logo\\\/image\\\/\",\"url\":\"https:\\\/\\\/www.aclanester56.com\\\/velo\\\/wp-content\\\/uploads\\\/2013\\\/04\\\/logo-ACL.jpg\",\"contentUrl\":\"https:\\\/\\\/www.aclanester56.com\\\/velo\\\/wp-content\\\/uploads\\\/2013\\\/04\\\/logo-ACL.jpg\",\"width\":400,\"height\":334,\"caption\":\"Avenir Cycliste Lanester 56\"},\"image\":{\"@id\":\"https:\\\/\\\/www.aclanester56.com\\\/velo\\\/#\\\/schema\\\/logo\\\/image\\\/\"},\"sameAs\":[\"https:\\\/\\\/www.facebook.com\\\/pages\\\/AC-Lanester-56\\\/190286300991242?fref=ts\"]},{\"@type\":\"Person\",\"@id\":\"https:\\\/\\\/www.aclanester56.com\\\/velo\\\/#\\\/schema\\\/person\\\/ca2a44a5fd969e9dd846c72d3b33bc01\",\"name\":\"Jean-Christophe\",\"url\":\"https:\\\/\\\/www.aclanester56.com\\\/velo\\\/author\\\/jeanchristophe\\\/\"}]}<\/script>\n<!-- \/ Yoast SEO plugin. -->","yoast_head_json":{"title":"R\u00e9sultats du week-end du 11 & 12 mars 2023 - Avenir Cycliste Lanester 56","robots":{"index":"index","follow":"follow","max-snippet":"max-snippet:-1","max-image-preview":"max-image-preview:large","max-video-preview":"max-video-preview:-1"},"canonical":"https:\/\/www.aclanester56.com\/velo\/resultats-du-week-end-du-11-12-mars-2023\/","og_locale":"fr_FR","og_type":"article","og_title":"R\u00e9sultats du week-end du 11 & 12 mars 2023 - Avenir Cycliste Lanester 56","og_url":"https:\/\/www.aclanester56.com\/velo\/resultats-du-week-end-du-11-12-mars-2023\/","og_site_name":"Avenir Cycliste Lanester 56","article_publisher":"https:\/\/www.facebook.com\/pages\/AC-Lanester-56\/190286300991242?fref=ts","article_published_time":"2023-03-14T15:27:51+00:00","article_modified_time":"2023-03-14T15:29:09+00:00","og_image":[{"width":1640,"height":924,"url":"https:\/\/www.aclanester56.com\/velo\/wp-content\/uploads\/2023\/03\/ACL56-Engages-Resultats-4.png","type":"image\/png"}],"author":"Jean-Christophe","twitter_misc":{"\u00c9crit par":"Jean-Christophe","Dur\u00e9e de lecture estim\u00e9e":"4 minutes"},"schema":{"@context":"https:\/\/schema.org","@graph":[{"@type":"Article","@id":"https:\/\/www.aclanester56.com\/velo\/resultats-du-week-end-du-11-12-mars-2023\/#article","isPartOf":{"@id":"https:\/\/www.aclanester56.com\/velo\/resultats-du-week-end-du-11-12-mars-2023\/"},"author":{"name":"Jean-Christophe","@id":"https:\/\/www.aclanester56.com\/velo\/#\/schema\/person\/ca2a44a5fd969e9dd846c72d3b33bc01"},"headline":"R\u00e9sultats du week-end du 11 &#038; 12 mars 2023","datePublished":"2023-03-14T15:27:51+00:00","dateModified":"2023-03-14T15:29:09+00:00","mainEntityOfPage":{"@id":"https:\/\/www.aclanester56.com\/velo\/resultats-du-week-end-du-11-12-mars-2023\/"},"wordCount":179,"commentCount":0,"publisher":{"@id":"https:\/\/www.aclanester56.com\/velo\/#organization"},"image":{"@id":"https:\/\/www.aclanester56.com\/velo\/resultats-du-week-end-du-11-12-mars-2023\/#primaryimage"},"thumbnailUrl":"https:\/\/www.aclanester56.com\/velo\/wp-content\/uploads\/2023\/03\/ACL56-Engages-Resultats-4.png","articleSection":["AC LANESTER 56"],"inLanguage":"fr-FR","potentialAction":[{"@type":"CommentAction","name":"Comment","target":["https:\/\/www.aclanester56.com\/velo\/resultats-du-week-end-du-11-12-mars-2023\/#respond"]}]},{"@type":"WebPage","@id":"https:\/\/www.aclanester56.com\/velo\/resultats-du-week-end-du-11-12-mars-2023\/","url":"https:\/\/www.aclanester56.com\/velo\/resultats-du-week-end-du-11-12-mars-2023\/","name":"R\u00e9sultats du week-end du 11 & 12 mars 2023 - Avenir Cycliste Lanester 56","isPartOf":{"@id":"https:\/\/www.aclanester56.com\/velo\/#website"},"primaryImageOfPage":{"@id":"https:\/\/www.aclanester56.com\/velo\/resultats-du-week-end-du-11-12-mars-2023\/#primaryimage"},"image":{"@id":"https:\/\/www.aclanester56.com\/velo\/resultats-du-week-end-du-11-12-mars-2023\/#primaryimage"},"thumbnailUrl":"https:\/\/www.aclanester56.com\/velo\/wp-content\/uploads\/2023\/03\/ACL56-Engages-Resultats-4.png","datePublished":"2023-03-14T15:27:51+00:00","dateModified":"2023-03-14T15:29:09+00:00","inLanguage":"fr-FR","potentialAction":[{"@type":"ReadAction","target":["https:\/\/www.aclanester56.com\/velo\/resultats-du-week-end-du-11-12-mars-2023\/"]}]},{"@type":"ImageObject","inLanguage":"fr-FR","@id":"https:\/\/www.aclanester56.com\/velo\/resultats-du-week-end-du-11-12-mars-2023\/#primaryimage","url":"https:\/\/www.aclanester56.com\/velo\/wp-content\/uploads\/2023\/03\/ACL56-Engages-Resultats-4.png","contentUrl":"https:\/\/www.aclanester56.com\/velo\/wp-content\/uploads\/2023\/03\/ACL56-Engages-Resultats-4.png","width":1640,"height":924},{"@type":"WebSite","@id":"https:\/\/www.aclanester56.com\/velo\/#website","url":"https:\/\/www.aclanester56.com\/velo\/","name":"Avenir Cycliste Lanester 56","description":"Club cycliste de l&#039;AC LANESTER 56","publisher":{"@id":"https:\/\/www.aclanester56.com\/velo\/#organization"},"potentialAction":[{"@type":"SearchAction","target":{"@type":"EntryPoint","urlTemplate":"https:\/\/www.aclanester56.com\/velo\/?s={search_term_string}"},"query-input":{"@type":"PropertyValueSpecification","valueRequired":true,"valueName":"search_term_string"}}],"inLanguage":"fr-FR"},{"@type":"Organization","@id":"https:\/\/www.aclanester56.com\/velo\/#organization","name":"Avenir Cycliste Lanester 56","url":"https:\/\/www.aclanester56.com\/velo\/","logo":{"@type":"ImageObject","inLanguage":"fr-FR","@id":"https:\/\/www.aclanester56.com\/velo\/#\/schema\/logo\/image\/","url":"https:\/\/www.aclanester56.com\/velo\/wp-content\/uploads\/2013\/04\/logo-ACL.jpg","contentUrl":"https:\/\/www.aclanester56.com\/velo\/wp-content\/uploads\/2013\/04\/logo-ACL.jpg","width":400,"height":334,"caption":"Avenir Cycliste Lanester 56"},"image":{"@id":"https:\/\/www.aclanester56.com\/velo\/#\/schema\/logo\/image\/"},"sameAs":["https:\/\/www.facebook.com\/pages\/AC-Lanester-56\/190286300991242?fref=ts"]},{"@type":"Person","@id":"https:\/\/www.aclanester56.com\/velo\/#\/schema\/person\/ca2a44a5fd969e9dd846c72d3b33bc01","name":"Jean-Christophe","url":"https:\/\/www.aclanester56.com\/velo\/author\/jeanchristophe\/"}]}},"_links":{"self":[{"href":"https:\/\/www.aclanester56.com\/velo\/wp-json\/wp\/v2\/posts\/42269","targetHints":{"allow":["GET"]}}],"collection":[{"href":"https:\/\/www.aclanester56.com\/velo\/wp-json\/wp\/v2\/posts"}],"about":[{"href":"https:\/\/www.aclanester56.com\/velo\/wp-json\/wp\/v2\/types\/post"}],"author":[{"embeddable":true,"href":"https:\/\/www.aclanester56.com\/velo\/wp-json\/wp\/v2\/users\/14"}],"replies":[{"embeddable":true,"href":"https:\/\/www.aclanester56.com\/velo\/wp-json\/wp\/v2\/comments?post=42269"}],"version-history":[{"count":3,"href":"https:\/\/www.aclanester56.com\/velo\/wp-json\/wp\/v2\/posts\/42269\/revisions"}],"predecessor-version":[{"id":42273,"href":"https:\/\/www.aclanester56.com\/velo\/wp-json\/wp\/v2\/posts\/42269\/revisions\/42273"}],"wp:featuredmedia":[{"embeddable":true,"href":"https:\/\/www.aclanester56.com\/velo\/wp-json\/wp\/v2\/media\/42270"}],"wp:attachment":[{"href":"https:\/\/www.aclanester56.com\/velo\/wp-json\/wp\/v2\/media?parent=42269"}],"wp:term":[{"taxonomy":"category","embeddable":true,"href":"https:\/\/www.aclanester56.com\/velo\/wp-json\/wp\/v2\/categories?post=42269"},{"taxonomy":"post_tag","embeddable":true,"href":"https:\/\/www.aclanester56.com\/velo\/wp-json\/wp\/v2\/tags?post=42269"}],"curies":[{"name":"wp","href":"https:\/\/api.w.org\/{rel}","templated":true}]}}