{"id":42282,"date":"2023-03-20T10:12:05","date_gmt":"2023-03-20T08:12:05","guid":{"rendered":"https:\/\/www.aclanester56.com\/velo\/?p=42282"},"modified":"2023-03-24T10:14:16","modified_gmt":"2023-03-24T08:14:16","slug":"resultats-du-week-end-du-19-mars-2023","status":"publish","type":"post","link":"https:\/\/www.aclanester56.com\/velo\/resultats-du-week-end-du-19-mars-2023\/","title":{"rendered":"R\u00e9sultats du week-end du 19 mars 2023"},"content":{"rendered":"<p><!--more--><\/p>\n<div class=\"x11i5rnm xat24cr x1mh8g0r x1vvkbs xdj266r x126k92a\">\n<div dir=\"auto\">\u2014<\/div>\n<div dir=\"auto\"><span class=\"x3nfvp2 x1j61x8r x1fcty0u xdj266r xhhsvwb xat24cr xgzva0m xxymvpz xlup9mm x1kky2od\"><img loading=\"lazy\" decoding=\"async\" src=\"https:\/\/static.xx.fbcdn.net\/images\/emoji.php\/v9\/t5\/1.5\/16\/1f4cc.png\" alt=\"&#x1f4cc;\" width=\"16\" height=\"16\"\/><\/span>Ploermel<\/div>\n<div dir=\"auto\">\u2022H\/F U15<\/div>\n<div dir=\"auto\">LE MAREC Pavel 3e, DUGUE Oscar 33e, HERMENT Yanis 49e<\/div>\n<\/div>\n<div class=\"x11i5rnm xat24cr x1mh8g0r x1vvkbs xtlvy1s x126k92a\">\n<div dir=\"auto\">\u2022H\/F U17<\/div>\n<div dir=\"auto\">COUGOULAT LE STUNFF No\u00e9 32e, LE CAVIL Kenza 59e<\/div>\n<\/div>\n<div class=\"x11i5rnm xat24cr x1mh8g0r x1vvkbs xtlvy1s x126k92a\">\n<div dir=\"auto\">\u2022Femmes, U19 et +<\/div>\n<div dir=\"auto\">LE GLEUT Sylvia 5e, LOUBOUTIN Marine 7e, ROBIC Angelina 8e, SARRON Maylis 11e, GUEZINGAR Eva 14e, CAMENEN Marie 26e, MASSE Maela 28e, BERET Louane 29e, THOMAS La\u00ebtitia 38e<\/div>\n<div dir=\"auto\">\u2014<\/div>\n<div dir=\"auto\"><span class=\"x3nfvp2 x1j61x8r x1fcty0u xdj266r xhhsvwb xat24cr xgzva0m xxymvpz xlup9mm x1kky2od\"><img loading=\"lazy\" decoding=\"async\" src=\"https:\/\/static.xx.fbcdn.net\/images\/emoji.php\/v9\/t5\/1.5\/16\/1f4cc.png\" alt=\"&#x1f4cc;\" width=\"16\" height=\"16\"\/><\/span>Gourin<\/div>\n<div dir=\"auto\">\u2022U17 H\/F<\/div>\n<div dir=\"auto\">LOUSSOUARN Lucas 4e, HUBERT Mano\u00e9 16e, LE PORT Andy 24e, CURIE Esteban 25e, LE CUNFF Ilann 29e<\/div>\n<\/div>\n<div class=\"x11i5rnm xat24cr x1mh8g0r x1vvkbs xtlvy1s x126k92a\">\n<div dir=\"auto\">\u2022Access 1-2-3-4<\/div>\n<div dir=\"auto\">LAURENT Stephen 5e, MOIZAN Kevin 16e, DIVAL Elouan 24e<\/div>\n<div dir=\"auto\">\u2014<\/div>\n<div dir=\"auto\"><span class=\"x3nfvp2 x1j61x8r x1fcty0u xdj266r xhhsvwb xat24cr xgzva0m xxymvpz xlup9mm x1kky2od\"><img loading=\"lazy\" decoding=\"async\" src=\"https:\/\/static.xx.fbcdn.net\/images\/emoji.php\/v9\/t5\/1.5\/16\/1f4cc.png\" alt=\"&#x1f4cc;\" width=\"16\" height=\"16\"\/><\/span>Ronde du Printemps<\/div>\n<div dir=\"auto\">\u2022U19 Hommes<\/div>\n<div dir=\"auto\">BARGUIL Brayann 15e, LE CALVE Gautier 53e, CREN Lenny 83e<\/div>\n<div dir=\"auto\">\u2014<\/div>\n<div dir=\"auto\"><span class=\"x3nfvp2 x1j61x8r x1fcty0u xdj266r xhhsvwb xat24cr xgzva0m xxymvpz xlup9mm x1kky2od\"><img loading=\"lazy\" decoding=\"async\" src=\"https:\/\/static.xx.fbcdn.net\/images\/emoji.php\/v9\/t5\/1.5\/16\/1f4cc.png\" alt=\"&#x1f4cc;\" width=\"16\" height=\"16\"\/><\/span>C\u00e9nac, Route de l\u2019Ouest F\u00e9minine<\/div>\n<div dir=\"auto\">\u2022U19 et +<\/div>\n<div dir=\"auto\">DE GUERDAVID Aur\u00e9lie 18e, BONNAFOUS L\u00e9a 24e<\/div>\n<div dir=\"auto\">\u2014<\/div>\n<div dir=\"auto\"><span class=\"x3nfvp2 x1j61x8r x1fcty0u xdj266r xhhsvwb xat24cr xgzva0m xxymvpz xlup9mm x1kky2od\"><img loading=\"lazy\" decoding=\"async\" src=\"https:\/\/static.xx.fbcdn.net\/images\/emoji.php\/v9\/t5\/1.5\/16\/1f4cc.png\" alt=\"&#x1f4cc;\" width=\"16\" height=\"16\"\/><\/span>Locmin\u00e9<\/div>\n<div dir=\"auto\">\u2022Open 2-3 + Access 1-2<\/div>\n<div dir=\"auto\">LE MEYEC Arnaud 16e, BALTENWECK Andr\u00e9as 38e, ROYE Corentin 59e, JOSSET Ronan 60e, ALEXANDROPOULOS Mihchail Angelos 64e, FAGOT Maxime 68e<\/div>\n<div dir=\"auto\">\u2014<\/div>\n<div dir=\"auto\"><span class=\"x3nfvp2 x1j61x8r x1fcty0u xdj266r xhhsvwb xat24cr xgzva0m xxymvpz xlup9mm x1kky2od\"><img loading=\"lazy\" decoding=\"async\" src=\"https:\/\/static.xx.fbcdn.net\/images\/emoji.php\/v9\/t5\/1.5\/16\/1f4cc.png\" alt=\"&#x1f4cc;\" width=\"16\" height=\"16\"\/><\/span>Redon Coupe de Bretagne (35)<\/div>\n<div dir=\"auto\">\u2022U19 et +<\/div>\n<div dir=\"auto\">COQUEN Adrien 5e, COQUEN Guillaume 20e<\/div>\n<div dir=\"auto\"><a href=\"https:\/\/www.aclanester56.com\/velo\/wp-content\/uploads\/2023\/03\/336745665_579099700826003_4470570760674551806_n.jpg\"><img loading=\"lazy\" decoding=\"async\" class=\"alignleft size-full wp-image-42283\" src=\"https:\/\/www.aclanester56.com\/velo\/wp-content\/uploads\/2023\/03\/336745665_579099700826003_4470570760674551806_n.jpg\" alt=\"\" width=\"1640\" height=\"924\" srcset=\"https:\/\/www.aclanester56.com\/velo\/wp-content\/uploads\/2023\/03\/336745665_579099700826003_4470570760674551806_n.jpg 1640w, https:\/\/www.aclanester56.com\/velo\/wp-content\/uploads\/2023\/03\/336745665_579099700826003_4470570760674551806_n-300x169.jpg 300w, https:\/\/www.aclanester56.com\/velo\/wp-content\/uploads\/2023\/03\/336745665_579099700826003_4470570760674551806_n-800x451.jpg 800w, https:\/\/www.aclanester56.com\/velo\/wp-content\/uploads\/2023\/03\/336745665_579099700826003_4470570760674551806_n-768x433.jpg 768w, https:\/\/www.aclanester56.com\/velo\/wp-content\/uploads\/2023\/03\/336745665_579099700826003_4470570760674551806_n-799x450.jpg 799w, https:\/\/www.aclanester56.com\/velo\/wp-content\/uploads\/2023\/03\/336745665_579099700826003_4470570760674551806_n-1536x865.jpg 1536w, https:\/\/www.aclanester56.com\/velo\/wp-content\/uploads\/2023\/03\/336745665_579099700826003_4470570760674551806_n-100x56.jpg 100w, https:\/\/www.aclanester56.com\/velo\/wp-content\/uploads\/2023\/03\/336745665_579099700826003_4470570760674551806_n-600x338.jpg 600w, https:\/\/www.aclanester56.com\/velo\/wp-content\/uploads\/2023\/03\/336745665_579099700826003_4470570760674551806_n-1320x744.jpg 1320w\" sizes=\"auto, (max-width: 1640px) 100vw, 1640px\" \/><\/a><\/div>\n<\/div>\n","protected":false},"excerpt":{"rendered":"","protected":false},"author":14,"featured_media":42283,"comment_status":"open","ping_status":"open","sticky":false,"template":"","format":"standard","meta":{"ngg_post_thumbnail":0,"footnotes":""},"categories":[5,19,18,22,24,21,23,20],"tags":[],"class_list":["post-42282","post","type-post","status-publish","format-standard","has-post-thumbnail","hentry","category-ac-lanester-56","category-resultats-2eme-categorie","category-resultats-3eme-categorie","category-resultats-cadets","category-resultats-ecole-de-cyclisme","category-resultats-juniors","category-resultats-minimes","category-resultats-pass-cyclisme"],"yoast_head":"<!-- This site is optimized with the Yoast SEO plugin v27.5 - https:\/\/yoast.com\/product\/yoast-seo-wordpress\/ -->\n<title>R\u00e9sultats du week-end du 19 mars 2023 - Avenir Cycliste Lanester 56<\/title>\n<meta name=\"robots\" content=\"index, follow, max-snippet:-1, max-image-preview:large, max-video-preview:-1\" \/>\n<link rel=\"canonical\" href=\"https:\/\/www.aclanester56.com\/velo\/resultats-du-week-end-du-19-mars-2023\/\" \/>\n<meta property=\"og:locale\" content=\"fr_FR\" \/>\n<meta property=\"og:type\" content=\"article\" \/>\n<meta property=\"og:title\" content=\"R\u00e9sultats du week-end du 19 mars 2023 - Avenir Cycliste Lanester 56\" \/>\n<meta property=\"og:url\" content=\"https:\/\/www.aclanester56.com\/velo\/resultats-du-week-end-du-19-mars-2023\/\" \/>\n<meta property=\"og:site_name\" content=\"Avenir Cycliste Lanester 56\" \/>\n<meta property=\"article:publisher\" content=\"https:\/\/www.facebook.com\/pages\/AC-Lanester-56\/190286300991242?fref=ts\" \/>\n<meta property=\"article:published_time\" content=\"2023-03-20T08:12:05+00:00\" \/>\n<meta property=\"article:modified_time\" content=\"2023-03-24T08:14:16+00:00\" \/>\n<meta property=\"og:image\" content=\"https:\/\/www.aclanester56.com\/velo\/wp-content\/uploads\/2023\/03\/336745665_579099700826003_4470570760674551806_n.jpg\" \/>\n\t<meta property=\"og:image:width\" content=\"1640\" \/>\n\t<meta property=\"og:image:height\" content=\"924\" \/>\n\t<meta property=\"og:image:type\" content=\"image\/jpeg\" \/>\n<meta name=\"author\" content=\"Jean-Christophe\" \/>\n<meta name=\"twitter:label1\" content=\"\u00c9crit par\" \/>\n\t<meta name=\"twitter:data1\" content=\"Jean-Christophe\" \/>\n\t<meta name=\"twitter:label2\" content=\"Dur\u00e9e de lecture estim\u00e9e\" \/>\n\t<meta name=\"twitter:data2\" content=\"3 minutes\" \/>\n<script type=\"application\/ld+json\" class=\"yoast-schema-graph\">{\"@context\":\"https:\\\/\\\/schema.org\",\"@graph\":[{\"@type\":\"Article\",\"@id\":\"https:\\\/\\\/www.aclanester56.com\\\/velo\\\/resultats-du-week-end-du-19-mars-2023\\\/#article\",\"isPartOf\":{\"@id\":\"https:\\\/\\\/www.aclanester56.com\\\/velo\\\/resultats-du-week-end-du-19-mars-2023\\\/\"},\"author\":{\"name\":\"Jean-Christophe\",\"@id\":\"https:\\\/\\\/www.aclanester56.com\\\/velo\\\/#\\\/schema\\\/person\\\/ca2a44a5fd969e9dd846c72d3b33bc01\"},\"headline\":\"R\u00e9sultats du week-end du 19 mars 2023\",\"datePublished\":\"2023-03-20T08:12:05+00:00\",\"dateModified\":\"2023-03-24T08:14:16+00:00\",\"mainEntityOfPage\":{\"@id\":\"https:\\\/\\\/www.aclanester56.com\\\/velo\\\/resultats-du-week-end-du-19-mars-2023\\\/\"},\"wordCount\":170,\"commentCount\":0,\"publisher\":{\"@id\":\"https:\\\/\\\/www.aclanester56.com\\\/velo\\\/#organization\"},\"image\":{\"@id\":\"https:\\\/\\\/www.aclanester56.com\\\/velo\\\/resultats-du-week-end-du-19-mars-2023\\\/#primaryimage\"},\"thumbnailUrl\":\"https:\\\/\\\/www.aclanester56.com\\\/velo\\\/wp-content\\\/uploads\\\/2023\\\/03\\\/336745665_579099700826003_4470570760674551806_n.jpg\",\"articleSection\":[\"AC LANESTER 56\",\"R\u00e9sultats 2eme cat\u00e9gorie\",\"R\u00e9sultats 3eme cat\u00e9gorie\",\"R\u00e9sultats Cadets\",\"R\u00e9sultats Ecole de cyclisme\",\"R\u00e9sultats Juniors\",\"R\u00e9sultats Minimes\",\"R\u00e9sultats Pass cyclisme\"],\"inLanguage\":\"fr-FR\",\"potentialAction\":[{\"@type\":\"CommentAction\",\"name\":\"Comment\",\"target\":[\"https:\\\/\\\/www.aclanester56.com\\\/velo\\\/resultats-du-week-end-du-19-mars-2023\\\/#respond\"]}]},{\"@type\":\"WebPage\",\"@id\":\"https:\\\/\\\/www.aclanester56.com\\\/velo\\\/resultats-du-week-end-du-19-mars-2023\\\/\",\"url\":\"https:\\\/\\\/www.aclanester56.com\\\/velo\\\/resultats-du-week-end-du-19-mars-2023\\\/\",\"name\":\"R\u00e9sultats du week-end du 19 mars 2023 - Avenir Cycliste Lanester 56\",\"isPartOf\":{\"@id\":\"https:\\\/\\\/www.aclanester56.com\\\/velo\\\/#website\"},\"primaryImageOfPage\":{\"@id\":\"https:\\\/\\\/www.aclanester56.com\\\/velo\\\/resultats-du-week-end-du-19-mars-2023\\\/#primaryimage\"},\"image\":{\"@id\":\"https:\\\/\\\/www.aclanester56.com\\\/velo\\\/resultats-du-week-end-du-19-mars-2023\\\/#primaryimage\"},\"thumbnailUrl\":\"https:\\\/\\\/www.aclanester56.com\\\/velo\\\/wp-content\\\/uploads\\\/2023\\\/03\\\/336745665_579099700826003_4470570760674551806_n.jpg\",\"datePublished\":\"2023-03-20T08:12:05+00:00\",\"dateModified\":\"2023-03-24T08:14:16+00:00\",\"inLanguage\":\"fr-FR\",\"potentialAction\":[{\"@type\":\"ReadAction\",\"target\":[\"https:\\\/\\\/www.aclanester56.com\\\/velo\\\/resultats-du-week-end-du-19-mars-2023\\\/\"]}]},{\"@type\":\"ImageObject\",\"inLanguage\":\"fr-FR\",\"@id\":\"https:\\\/\\\/www.aclanester56.com\\\/velo\\\/resultats-du-week-end-du-19-mars-2023\\\/#primaryimage\",\"url\":\"https:\\\/\\\/www.aclanester56.com\\\/velo\\\/wp-content\\\/uploads\\\/2023\\\/03\\\/336745665_579099700826003_4470570760674551806_n.jpg\",\"contentUrl\":\"https:\\\/\\\/www.aclanester56.com\\\/velo\\\/wp-content\\\/uploads\\\/2023\\\/03\\\/336745665_579099700826003_4470570760674551806_n.jpg\",\"width\":1640,\"height\":924},{\"@type\":\"WebSite\",\"@id\":\"https:\\\/\\\/www.aclanester56.com\\\/velo\\\/#website\",\"url\":\"https:\\\/\\\/www.aclanester56.com\\\/velo\\\/\",\"name\":\"Avenir Cycliste Lanester 56\",\"description\":\"Club cycliste de l&#039;AC LANESTER 56\",\"publisher\":{\"@id\":\"https:\\\/\\\/www.aclanester56.com\\\/velo\\\/#organization\"},\"potentialAction\":[{\"@type\":\"SearchAction\",\"target\":{\"@type\":\"EntryPoint\",\"urlTemplate\":\"https:\\\/\\\/www.aclanester56.com\\\/velo\\\/?s={search_term_string}\"},\"query-input\":{\"@type\":\"PropertyValueSpecification\",\"valueRequired\":true,\"valueName\":\"search_term_string\"}}],\"inLanguage\":\"fr-FR\"},{\"@type\":\"Organization\",\"@id\":\"https:\\\/\\\/www.aclanester56.com\\\/velo\\\/#organization\",\"name\":\"Avenir Cycliste Lanester 56\",\"url\":\"https:\\\/\\\/www.aclanester56.com\\\/velo\\\/\",\"logo\":{\"@type\":\"ImageObject\",\"inLanguage\":\"fr-FR\",\"@id\":\"https:\\\/\\\/www.aclanester56.com\\\/velo\\\/#\\\/schema\\\/logo\\\/image\\\/\",\"url\":\"https:\\\/\\\/www.aclanester56.com\\\/velo\\\/wp-content\\\/uploads\\\/2013\\\/04\\\/logo-ACL.jpg\",\"contentUrl\":\"https:\\\/\\\/www.aclanester56.com\\\/velo\\\/wp-content\\\/uploads\\\/2013\\\/04\\\/logo-ACL.jpg\",\"width\":400,\"height\":334,\"caption\":\"Avenir Cycliste Lanester 56\"},\"image\":{\"@id\":\"https:\\\/\\\/www.aclanester56.com\\\/velo\\\/#\\\/schema\\\/logo\\\/image\\\/\"},\"sameAs\":[\"https:\\\/\\\/www.facebook.com\\\/pages\\\/AC-Lanester-56\\\/190286300991242?fref=ts\"]},{\"@type\":\"Person\",\"@id\":\"https:\\\/\\\/www.aclanester56.com\\\/velo\\\/#\\\/schema\\\/person\\\/ca2a44a5fd969e9dd846c72d3b33bc01\",\"name\":\"Jean-Christophe\",\"url\":\"https:\\\/\\\/www.aclanester56.com\\\/velo\\\/author\\\/jeanchristophe\\\/\"}]}<\/script>\n<!-- \/ Yoast SEO plugin. -->","yoast_head_json":{"title":"R\u00e9sultats du week-end du 19 mars 2023 - Avenir Cycliste Lanester 56","robots":{"index":"index","follow":"follow","max-snippet":"max-snippet:-1","max-image-preview":"max-image-preview:large","max-video-preview":"max-video-preview:-1"},"canonical":"https:\/\/www.aclanester56.com\/velo\/resultats-du-week-end-du-19-mars-2023\/","og_locale":"fr_FR","og_type":"article","og_title":"R\u00e9sultats du week-end du 19 mars 2023 - Avenir Cycliste Lanester 56","og_url":"https:\/\/www.aclanester56.com\/velo\/resultats-du-week-end-du-19-mars-2023\/","og_site_name":"Avenir Cycliste Lanester 56","article_publisher":"https:\/\/www.facebook.com\/pages\/AC-Lanester-56\/190286300991242?fref=ts","article_published_time":"2023-03-20T08:12:05+00:00","article_modified_time":"2023-03-24T08:14:16+00:00","og_image":[{"width":1640,"height":924,"url":"https:\/\/www.aclanester56.com\/velo\/wp-content\/uploads\/2023\/03\/336745665_579099700826003_4470570760674551806_n.jpg","type":"image\/jpeg"}],"author":"Jean-Christophe","twitter_misc":{"\u00c9crit par":"Jean-Christophe","Dur\u00e9e de lecture estim\u00e9e":"3 minutes"},"schema":{"@context":"https:\/\/schema.org","@graph":[{"@type":"Article","@id":"https:\/\/www.aclanester56.com\/velo\/resultats-du-week-end-du-19-mars-2023\/#article","isPartOf":{"@id":"https:\/\/www.aclanester56.com\/velo\/resultats-du-week-end-du-19-mars-2023\/"},"author":{"name":"Jean-Christophe","@id":"https:\/\/www.aclanester56.com\/velo\/#\/schema\/person\/ca2a44a5fd969e9dd846c72d3b33bc01"},"headline":"R\u00e9sultats du week-end du 19 mars 2023","datePublished":"2023-03-20T08:12:05+00:00","dateModified":"2023-03-24T08:14:16+00:00","mainEntityOfPage":{"@id":"https:\/\/www.aclanester56.com\/velo\/resultats-du-week-end-du-19-mars-2023\/"},"wordCount":170,"commentCount":0,"publisher":{"@id":"https:\/\/www.aclanester56.com\/velo\/#organization"},"image":{"@id":"https:\/\/www.aclanester56.com\/velo\/resultats-du-week-end-du-19-mars-2023\/#primaryimage"},"thumbnailUrl":"https:\/\/www.aclanester56.com\/velo\/wp-content\/uploads\/2023\/03\/336745665_579099700826003_4470570760674551806_n.jpg","articleSection":["AC LANESTER 56","R\u00e9sultats 2eme cat\u00e9gorie","R\u00e9sultats 3eme cat\u00e9gorie","R\u00e9sultats Cadets","R\u00e9sultats Ecole de cyclisme","R\u00e9sultats Juniors","R\u00e9sultats Minimes","R\u00e9sultats Pass cyclisme"],"inLanguage":"fr-FR","potentialAction":[{"@type":"CommentAction","name":"Comment","target":["https:\/\/www.aclanester56.com\/velo\/resultats-du-week-end-du-19-mars-2023\/#respond"]}]},{"@type":"WebPage","@id":"https:\/\/www.aclanester56.com\/velo\/resultats-du-week-end-du-19-mars-2023\/","url":"https:\/\/www.aclanester56.com\/velo\/resultats-du-week-end-du-19-mars-2023\/","name":"R\u00e9sultats du week-end du 19 mars 2023 - Avenir Cycliste Lanester 56","isPartOf":{"@id":"https:\/\/www.aclanester56.com\/velo\/#website"},"primaryImageOfPage":{"@id":"https:\/\/www.aclanester56.com\/velo\/resultats-du-week-end-du-19-mars-2023\/#primaryimage"},"image":{"@id":"https:\/\/www.aclanester56.com\/velo\/resultats-du-week-end-du-19-mars-2023\/#primaryimage"},"thumbnailUrl":"https:\/\/www.aclanester56.com\/velo\/wp-content\/uploads\/2023\/03\/336745665_579099700826003_4470570760674551806_n.jpg","datePublished":"2023-03-20T08:12:05+00:00","dateModified":"2023-03-24T08:14:16+00:00","inLanguage":"fr-FR","potentialAction":[{"@type":"ReadAction","target":["https:\/\/www.aclanester56.com\/velo\/resultats-du-week-end-du-19-mars-2023\/"]}]},{"@type":"ImageObject","inLanguage":"fr-FR","@id":"https:\/\/www.aclanester56.com\/velo\/resultats-du-week-end-du-19-mars-2023\/#primaryimage","url":"https:\/\/www.aclanester56.com\/velo\/wp-content\/uploads\/2023\/03\/336745665_579099700826003_4470570760674551806_n.jpg","contentUrl":"https:\/\/www.aclanester56.com\/velo\/wp-content\/uploads\/2023\/03\/336745665_579099700826003_4470570760674551806_n.jpg","width":1640,"height":924},{"@type":"WebSite","@id":"https:\/\/www.aclanester56.com\/velo\/#website","url":"https:\/\/www.aclanester56.com\/velo\/","name":"Avenir Cycliste Lanester 56","description":"Club cycliste de l&#039;AC LANESTER 56","publisher":{"@id":"https:\/\/www.aclanester56.com\/velo\/#organization"},"potentialAction":[{"@type":"SearchAction","target":{"@type":"EntryPoint","urlTemplate":"https:\/\/www.aclanester56.com\/velo\/?s={search_term_string}"},"query-input":{"@type":"PropertyValueSpecification","valueRequired":true,"valueName":"search_term_string"}}],"inLanguage":"fr-FR"},{"@type":"Organization","@id":"https:\/\/www.aclanester56.com\/velo\/#organization","name":"Avenir Cycliste Lanester 56","url":"https:\/\/www.aclanester56.com\/velo\/","logo":{"@type":"ImageObject","inLanguage":"fr-FR","@id":"https:\/\/www.aclanester56.com\/velo\/#\/schema\/logo\/image\/","url":"https:\/\/www.aclanester56.com\/velo\/wp-content\/uploads\/2013\/04\/logo-ACL.jpg","contentUrl":"https:\/\/www.aclanester56.com\/velo\/wp-content\/uploads\/2013\/04\/logo-ACL.jpg","width":400,"height":334,"caption":"Avenir Cycliste Lanester 56"},"image":{"@id":"https:\/\/www.aclanester56.com\/velo\/#\/schema\/logo\/image\/"},"sameAs":["https:\/\/www.facebook.com\/pages\/AC-Lanester-56\/190286300991242?fref=ts"]},{"@type":"Person","@id":"https:\/\/www.aclanester56.com\/velo\/#\/schema\/person\/ca2a44a5fd969e9dd846c72d3b33bc01","name":"Jean-Christophe","url":"https:\/\/www.aclanester56.com\/velo\/author\/jeanchristophe\/"}]}},"_links":{"self":[{"href":"https:\/\/www.aclanester56.com\/velo\/wp-json\/wp\/v2\/posts\/42282","targetHints":{"allow":["GET"]}}],"collection":[{"href":"https:\/\/www.aclanester56.com\/velo\/wp-json\/wp\/v2\/posts"}],"about":[{"href":"https:\/\/www.aclanester56.com\/velo\/wp-json\/wp\/v2\/types\/post"}],"author":[{"embeddable":true,"href":"https:\/\/www.aclanester56.com\/velo\/wp-json\/wp\/v2\/users\/14"}],"replies":[{"embeddable":true,"href":"https:\/\/www.aclanester56.com\/velo\/wp-json\/wp\/v2\/comments?post=42282"}],"version-history":[{"count":1,"href":"https:\/\/www.aclanester56.com\/velo\/wp-json\/wp\/v2\/posts\/42282\/revisions"}],"predecessor-version":[{"id":42284,"href":"https:\/\/www.aclanester56.com\/velo\/wp-json\/wp\/v2\/posts\/42282\/revisions\/42284"}],"wp:featuredmedia":[{"embeddable":true,"href":"https:\/\/www.aclanester56.com\/velo\/wp-json\/wp\/v2\/media\/42283"}],"wp:attachment":[{"href":"https:\/\/www.aclanester56.com\/velo\/wp-json\/wp\/v2\/media?parent=42282"}],"wp:term":[{"taxonomy":"category","embeddable":true,"href":"https:\/\/www.aclanester56.com\/velo\/wp-json\/wp\/v2\/categories?post=42282"},{"taxonomy":"post_tag","embeddable":true,"href":"https:\/\/www.aclanester56.com\/velo\/wp-json\/wp\/v2\/tags?post=42282"}],"curies":[{"name":"wp","href":"https:\/\/api.w.org\/{rel}","templated":true}]}}