{"id":42296,"date":"2023-03-28T22:08:20","date_gmt":"2023-03-28T20:08:20","guid":{"rendered":"https:\/\/www.aclanester56.com\/velo\/?p=42296"},"modified":"2023-03-29T22:27:35","modified_gmt":"2023-03-29T20:27:35","slug":"tour-du-bocage-et-de-lernee-2023-le-debrief","status":"publish","type":"post","link":"https:\/\/www.aclanester56.com\/velo\/tour-du-bocage-et-de-lernee-2023-le-debrief\/","title":{"rendered":"Tour du Bocage et de l&rsquo;Ern\u00e9e 2023 : Le d\u00e9brief&rsquo;"},"content":{"rendered":"<p><!--more--><\/p>\n<div>\n<div style=\"text-align: justify;\">Notre \u00e9quipe U19 \u00e9tait au d\u00e9part du Tour du Bocage et de l&rsquo;Ern\u00e9e 53, une course par \u00e9tapes internationale, avec notamment 8 \u00e9quipes \u00e9trang\u00e8res ! L&rsquo;entraineur de l&rsquo;\u00e9quipe revient sur la performance des Orange et Noir :<\/div>\n<\/div>\n<div style=\"text-align: justify;\">&nbsp;<\/div>\n<div style=\"text-align: justify;\">\n<div><strong>Etape 1<\/strong> : 128 km et 1700m de d\u00e9nivel\u00e9 positif.<\/div>\n<\/div>\n<div style=\"text-align: justify;\">\n<div>Denis Barguil : \u00ab <em><strong>Cette 1\u00e8re \u00e9tape peut \u00eatre compar\u00e9e \u00e0 une \u00ab\u00a0mini-ardennaise\u00a0\u00bb, avec des petits monts, des routes \u00e9troites avec des pourcentages allant jusqu&rsquo;\u00e0 20%, des chutes, mais pas trop de vent&#8230; Le mot d&rsquo;ordre pour cette \u00e9tape \u00e9tait de faire les efforts pour rester plac\u00e9s. Sur une course UCI, pas facile !&#8230;<\/strong><\/em> \u00bb<\/div>\n<\/div>\n<div style=\"text-align: justify;\">\n<div><strong>Classement \u00e9tape 1<\/strong> : BARGUIL Brayann 18e, BOURHIS Maxime 54e, LE CALVE Gautier 125e, HERIQUET Nohan 126e, CREN Lenny 129e<\/div>\n<\/div>\n<div style=\"text-align: justify;\">\n<div>&#8212;&#8211;<\/div>\n<\/div>\n<div style=\"text-align: justify;\">\n<div><strong>Etape 2<\/strong> : Un CLM par \u00e9quipe de 19,8 km.<\/div>\n<\/div>\n<div style=\"text-align: justify;\">\n<div>Denis Barguil : \u00ab <em><strong>C&rsquo;\u00e9tait le premier chrono de l&rsquo;ann\u00e9e et par \u00e9quipe, sur une route mouill\u00e9e qui a ajout\u00e9 de la difficult\u00e9. Des petites choses sont \u00e0 am\u00e9liorer mais dans l&rsquo;ensemble, le chrono \u00e9tait techniquement pas trop mal, avec Brayann et Maxime comme locomotives<\/strong><\/em> \u00bb<\/div>\n<\/div>\n<div style=\"text-align: justify;\">\n<div><strong>Classement \u00e9tape 2<\/strong> : <em><strong>AC Lanester 56 Formation<\/strong> <\/em>19e \u00e9quipe sur 35 (4\u00e8me \u00e9quipe bretonne)<\/div>\n<\/div>\n<div style=\"text-align: justify;\">\n<div>&#8212;&#8211;<\/div>\n<\/div>\n<div style=\"text-align: justify;\">\n<div><strong>Etape 3<\/strong> : 105 km et 1273 m de d\u00e9nivel\u00e9 positif<\/div>\n<\/div>\n<div style=\"text-align: justify;\">\n<div>Denis Barguil : \u00ab <em><strong>La fatigue \u00e9tait pr\u00e9sente pour l&rsquo;ensemble du peloton. La bagarre a commenc\u00e9 dans les derni\u00e8res difficult\u00e9s avant le circuit final, avec le vainqueur de la classique Kuurne-Bruxelles-Kuurne Juniors qui a mis le feu au poudre et s&rsquo;en est all\u00e9 vers la victoire. Brayann, victime d&rsquo;une chute en d\u00e9but d&rsquo;\u00e9tape, et Maxime arrivent dans le peloton pour la 3\u00e8me place. L&rsquo;\u00e9quipe finit au complet : Bravo \u00e0 tous, en particulier \u00e0 Nohan, malade le premier jour, et qui a quand m\u00eame termin\u00e9 l&rsquo;\u00e9preuve.<\/strong><\/em> \u00bb<\/div>\n<\/div>\n<div style=\"text-align: justify;\">\n<div><strong>Classement \u00e9tape 3 :<\/strong> BOURHIS Maxime 28e, BARGUIL Brayann 42e, HERIQUET Nohan 90e, LE CALVE Gautier 92e, CREN Lenny 94e<\/div>\n<\/div>\n<div style=\"text-align: justify;\">\n<div>&#8212;&#8211;<\/div>\n<\/div>\n<div style=\"text-align: justify;\">\n<div><span style=\"text-decoration: underline;\"><strong>Classement g\u00e9n\u00e9ral final<\/strong><\/span> : BARGUIL Brayann 15e, BOURHIS Maxime 31e, HERIQUET Nohan 90e, LE CALVE Gautier 92e, CREN Lenny 94e<\/div>\n<\/div>\n<div style=\"text-align: justify;\">\n<div>&#8212;&#8211;<\/div>\n<\/div>\n<div style=\"text-align: justify;\">\n<div>Prochain rendez-vous pour la team U19, la course par \u00e9tapes de la Penn Ar Bed Pays d&rsquo;Iroise les 15 et 16 avril<\/div>\n<\/div>\n<div style=\"text-align: justify;\">\n<div>&#8212;&#8211;<\/div>\n<\/div>\n<div>\n<div style=\"text-align: justify;\"><span style=\"text-decoration: underline;\"><strong>Photos<\/strong> <\/span>: <a href=\"https:\/\/www.facebook.com\/lucasPHOTO29\" target=\"_blank\" rel=\"noopener\">Lucas_photo29<\/a><\/div>\n<div>ngg_shortcode_0_placeholder<\/div>\n<\/div>\n","protected":false},"excerpt":{"rendered":"","protected":false},"author":14,"featured_media":42315,"comment_status":"open","ping_status":"open","sticky":false,"template":"","format":"standard","meta":{"ngg_post_thumbnail":0,"footnotes":""},"categories":[5],"tags":[],"class_list":["post-42296","post","type-post","status-publish","format-standard","has-post-thumbnail","hentry","category-ac-lanester-56"],"yoast_head":"<!-- This site is optimized with the Yoast SEO plugin v27.5 - https:\/\/yoast.com\/product\/yoast-seo-wordpress\/ -->\n<title>Tour du Bocage et de l&#039;Ern\u00e9e 2023 : Le d\u00e9brief&#039; - Avenir Cycliste Lanester 56<\/title>\n<meta name=\"robots\" content=\"index, follow, max-snippet:-1, max-image-preview:large, max-video-preview:-1\" \/>\n<link rel=\"canonical\" href=\"https:\/\/www.aclanester56.com\/velo\/tour-du-bocage-et-de-lernee-2023-le-debrief\/\" \/>\n<meta property=\"og:locale\" content=\"fr_FR\" \/>\n<meta property=\"og:type\" content=\"article\" \/>\n<meta property=\"og:title\" content=\"Tour du Bocage et de l&#039;Ern\u00e9e 2023 : Le d\u00e9brief&#039; - Avenir Cycliste Lanester 56\" \/>\n<meta property=\"og:url\" content=\"https:\/\/www.aclanester56.com\/velo\/tour-du-bocage-et-de-lernee-2023-le-debrief\/\" \/>\n<meta property=\"og:site_name\" content=\"Avenir Cycliste Lanester 56\" \/>\n<meta property=\"article:publisher\" content=\"https:\/\/www.facebook.com\/pages\/AC-Lanester-56\/190286300991242?fref=ts\" \/>\n<meta property=\"article:published_time\" content=\"2023-03-28T20:08:20+00:00\" \/>\n<meta property=\"article:modified_time\" content=\"2023-03-29T20:27:35+00:00\" \/>\n<meta property=\"og:image\" content=\"https:\/\/www.aclanester56.com\/velo\/wp-content\/uploads\/2023\/03\/Compo-2-800x451.png\" \/>\n\t<meta property=\"og:image:width\" content=\"800\" \/>\n\t<meta property=\"og:image:height\" content=\"451\" \/>\n\t<meta property=\"og:image:type\" content=\"image\/png\" \/>\n<meta name=\"author\" content=\"Jean-Christophe\" \/>\n<meta name=\"twitter:label1\" content=\"\u00c9crit par\" \/>\n\t<meta name=\"twitter:data1\" content=\"Jean-Christophe\" \/>\n\t<meta name=\"twitter:label2\" content=\"Dur\u00e9e de lecture estim\u00e9e\" \/>\n\t<meta name=\"twitter:data2\" content=\"2 minutes\" \/>\n<script type=\"application\/ld+json\" class=\"yoast-schema-graph\">{\"@context\":\"https:\\\/\\\/schema.org\",\"@graph\":[{\"@type\":\"Article\",\"@id\":\"https:\\\/\\\/www.aclanester56.com\\\/velo\\\/tour-du-bocage-et-de-lernee-2023-le-debrief\\\/#article\",\"isPartOf\":{\"@id\":\"https:\\\/\\\/www.aclanester56.com\\\/velo\\\/tour-du-bocage-et-de-lernee-2023-le-debrief\\\/\"},\"author\":{\"name\":\"Jean-Christophe\",\"@id\":\"https:\\\/\\\/www.aclanester56.com\\\/velo\\\/#\\\/schema\\\/person\\\/ca2a44a5fd969e9dd846c72d3b33bc01\"},\"headline\":\"Tour du Bocage et de l&rsquo;Ern\u00e9e 2023 : Le d\u00e9brief&rsquo;\",\"datePublished\":\"2023-03-28T20:08:20+00:00\",\"dateModified\":\"2023-03-29T20:27:35+00:00\",\"mainEntityOfPage\":{\"@id\":\"https:\\\/\\\/www.aclanester56.com\\\/velo\\\/tour-du-bocage-et-de-lernee-2023-le-debrief\\\/\"},\"wordCount\":362,\"commentCount\":0,\"publisher\":{\"@id\":\"https:\\\/\\\/www.aclanester56.com\\\/velo\\\/#organization\"},\"image\":{\"@id\":\"https:\\\/\\\/www.aclanester56.com\\\/velo\\\/tour-du-bocage-et-de-lernee-2023-le-debrief\\\/#primaryimage\"},\"thumbnailUrl\":\"https:\\\/\\\/www.aclanester56.com\\\/velo\\\/wp-content\\\/uploads\\\/2023\\\/03\\\/Compo-2.png\",\"articleSection\":[\"AC LANESTER 56\"],\"inLanguage\":\"fr-FR\",\"potentialAction\":[{\"@type\":\"CommentAction\",\"name\":\"Comment\",\"target\":[\"https:\\\/\\\/www.aclanester56.com\\\/velo\\\/tour-du-bocage-et-de-lernee-2023-le-debrief\\\/#respond\"]}]},{\"@type\":\"WebPage\",\"@id\":\"https:\\\/\\\/www.aclanester56.com\\\/velo\\\/tour-du-bocage-et-de-lernee-2023-le-debrief\\\/\",\"url\":\"https:\\\/\\\/www.aclanester56.com\\\/velo\\\/tour-du-bocage-et-de-lernee-2023-le-debrief\\\/\",\"name\":\"Tour du Bocage et de l'Ern\u00e9e 2023 : Le d\u00e9brief' - Avenir Cycliste Lanester 56\",\"isPartOf\":{\"@id\":\"https:\\\/\\\/www.aclanester56.com\\\/velo\\\/#website\"},\"primaryImageOfPage\":{\"@id\":\"https:\\\/\\\/www.aclanester56.com\\\/velo\\\/tour-du-bocage-et-de-lernee-2023-le-debrief\\\/#primaryimage\"},\"image\":{\"@id\":\"https:\\\/\\\/www.aclanester56.com\\\/velo\\\/tour-du-bocage-et-de-lernee-2023-le-debrief\\\/#primaryimage\"},\"thumbnailUrl\":\"https:\\\/\\\/www.aclanester56.com\\\/velo\\\/wp-content\\\/uploads\\\/2023\\\/03\\\/Compo-2.png\",\"datePublished\":\"2023-03-28T20:08:20+00:00\",\"dateModified\":\"2023-03-29T20:27:35+00:00\",\"inLanguage\":\"fr-FR\",\"potentialAction\":[{\"@type\":\"ReadAction\",\"target\":[\"https:\\\/\\\/www.aclanester56.com\\\/velo\\\/tour-du-bocage-et-de-lernee-2023-le-debrief\\\/\"]}]},{\"@type\":\"ImageObject\",\"inLanguage\":\"fr-FR\",\"@id\":\"https:\\\/\\\/www.aclanester56.com\\\/velo\\\/tour-du-bocage-et-de-lernee-2023-le-debrief\\\/#primaryimage\",\"url\":\"https:\\\/\\\/www.aclanester56.com\\\/velo\\\/wp-content\\\/uploads\\\/2023\\\/03\\\/Compo-2.png\",\"contentUrl\":\"https:\\\/\\\/www.aclanester56.com\\\/velo\\\/wp-content\\\/uploads\\\/2023\\\/03\\\/Compo-2.png\",\"width\":1640,\"height\":924},{\"@type\":\"WebSite\",\"@id\":\"https:\\\/\\\/www.aclanester56.com\\\/velo\\\/#website\",\"url\":\"https:\\\/\\\/www.aclanester56.com\\\/velo\\\/\",\"name\":\"Avenir Cycliste Lanester 56\",\"description\":\"Club cycliste de l&#039;AC LANESTER 56\",\"publisher\":{\"@id\":\"https:\\\/\\\/www.aclanester56.com\\\/velo\\\/#organization\"},\"potentialAction\":[{\"@type\":\"SearchAction\",\"target\":{\"@type\":\"EntryPoint\",\"urlTemplate\":\"https:\\\/\\\/www.aclanester56.com\\\/velo\\\/?s={search_term_string}\"},\"query-input\":{\"@type\":\"PropertyValueSpecification\",\"valueRequired\":true,\"valueName\":\"search_term_string\"}}],\"inLanguage\":\"fr-FR\"},{\"@type\":\"Organization\",\"@id\":\"https:\\\/\\\/www.aclanester56.com\\\/velo\\\/#organization\",\"name\":\"Avenir Cycliste Lanester 56\",\"url\":\"https:\\\/\\\/www.aclanester56.com\\\/velo\\\/\",\"logo\":{\"@type\":\"ImageObject\",\"inLanguage\":\"fr-FR\",\"@id\":\"https:\\\/\\\/www.aclanester56.com\\\/velo\\\/#\\\/schema\\\/logo\\\/image\\\/\",\"url\":\"https:\\\/\\\/www.aclanester56.com\\\/velo\\\/wp-content\\\/uploads\\\/2013\\\/04\\\/logo-ACL.jpg\",\"contentUrl\":\"https:\\\/\\\/www.aclanester56.com\\\/velo\\\/wp-content\\\/uploads\\\/2013\\\/04\\\/logo-ACL.jpg\",\"width\":400,\"height\":334,\"caption\":\"Avenir Cycliste Lanester 56\"},\"image\":{\"@id\":\"https:\\\/\\\/www.aclanester56.com\\\/velo\\\/#\\\/schema\\\/logo\\\/image\\\/\"},\"sameAs\":[\"https:\\\/\\\/www.facebook.com\\\/pages\\\/AC-Lanester-56\\\/190286300991242?fref=ts\"]},{\"@type\":\"Person\",\"@id\":\"https:\\\/\\\/www.aclanester56.com\\\/velo\\\/#\\\/schema\\\/person\\\/ca2a44a5fd969e9dd846c72d3b33bc01\",\"name\":\"Jean-Christophe\",\"url\":\"https:\\\/\\\/www.aclanester56.com\\\/velo\\\/author\\\/jeanchristophe\\\/\"}]}<\/script>\n<!-- \/ Yoast SEO plugin. -->","yoast_head_json":{"title":"Tour du Bocage et de l'Ern\u00e9e 2023 : Le d\u00e9brief' - Avenir Cycliste Lanester 56","robots":{"index":"index","follow":"follow","max-snippet":"max-snippet:-1","max-image-preview":"max-image-preview:large","max-video-preview":"max-video-preview:-1"},"canonical":"https:\/\/www.aclanester56.com\/velo\/tour-du-bocage-et-de-lernee-2023-le-debrief\/","og_locale":"fr_FR","og_type":"article","og_title":"Tour du Bocage et de l'Ern\u00e9e 2023 : Le d\u00e9brief' - Avenir Cycliste Lanester 56","og_url":"https:\/\/www.aclanester56.com\/velo\/tour-du-bocage-et-de-lernee-2023-le-debrief\/","og_site_name":"Avenir Cycliste Lanester 56","article_publisher":"https:\/\/www.facebook.com\/pages\/AC-Lanester-56\/190286300991242?fref=ts","article_published_time":"2023-03-28T20:08:20+00:00","article_modified_time":"2023-03-29T20:27:35+00:00","og_image":[{"width":800,"height":451,"url":"https:\/\/www.aclanester56.com\/velo\/wp-content\/uploads\/2023\/03\/Compo-2-800x451.png","type":"image\/png"}],"author":"Jean-Christophe","twitter_misc":{"\u00c9crit par":"Jean-Christophe","Dur\u00e9e de lecture estim\u00e9e":"2 minutes"},"schema":{"@context":"https:\/\/schema.org","@graph":[{"@type":"Article","@id":"https:\/\/www.aclanester56.com\/velo\/tour-du-bocage-et-de-lernee-2023-le-debrief\/#article","isPartOf":{"@id":"https:\/\/www.aclanester56.com\/velo\/tour-du-bocage-et-de-lernee-2023-le-debrief\/"},"author":{"name":"Jean-Christophe","@id":"https:\/\/www.aclanester56.com\/velo\/#\/schema\/person\/ca2a44a5fd969e9dd846c72d3b33bc01"},"headline":"Tour du Bocage et de l&rsquo;Ern\u00e9e 2023 : Le d\u00e9brief&rsquo;","datePublished":"2023-03-28T20:08:20+00:00","dateModified":"2023-03-29T20:27:35+00:00","mainEntityOfPage":{"@id":"https:\/\/www.aclanester56.com\/velo\/tour-du-bocage-et-de-lernee-2023-le-debrief\/"},"wordCount":362,"commentCount":0,"publisher":{"@id":"https:\/\/www.aclanester56.com\/velo\/#organization"},"image":{"@id":"https:\/\/www.aclanester56.com\/velo\/tour-du-bocage-et-de-lernee-2023-le-debrief\/#primaryimage"},"thumbnailUrl":"https:\/\/www.aclanester56.com\/velo\/wp-content\/uploads\/2023\/03\/Compo-2.png","articleSection":["AC LANESTER 56"],"inLanguage":"fr-FR","potentialAction":[{"@type":"CommentAction","name":"Comment","target":["https:\/\/www.aclanester56.com\/velo\/tour-du-bocage-et-de-lernee-2023-le-debrief\/#respond"]}]},{"@type":"WebPage","@id":"https:\/\/www.aclanester56.com\/velo\/tour-du-bocage-et-de-lernee-2023-le-debrief\/","url":"https:\/\/www.aclanester56.com\/velo\/tour-du-bocage-et-de-lernee-2023-le-debrief\/","name":"Tour du Bocage et de l'Ern\u00e9e 2023 : Le d\u00e9brief' - Avenir Cycliste Lanester 56","isPartOf":{"@id":"https:\/\/www.aclanester56.com\/velo\/#website"},"primaryImageOfPage":{"@id":"https:\/\/www.aclanester56.com\/velo\/tour-du-bocage-et-de-lernee-2023-le-debrief\/#primaryimage"},"image":{"@id":"https:\/\/www.aclanester56.com\/velo\/tour-du-bocage-et-de-lernee-2023-le-debrief\/#primaryimage"},"thumbnailUrl":"https:\/\/www.aclanester56.com\/velo\/wp-content\/uploads\/2023\/03\/Compo-2.png","datePublished":"2023-03-28T20:08:20+00:00","dateModified":"2023-03-29T20:27:35+00:00","inLanguage":"fr-FR","potentialAction":[{"@type":"ReadAction","target":["https:\/\/www.aclanester56.com\/velo\/tour-du-bocage-et-de-lernee-2023-le-debrief\/"]}]},{"@type":"ImageObject","inLanguage":"fr-FR","@id":"https:\/\/www.aclanester56.com\/velo\/tour-du-bocage-et-de-lernee-2023-le-debrief\/#primaryimage","url":"https:\/\/www.aclanester56.com\/velo\/wp-content\/uploads\/2023\/03\/Compo-2.png","contentUrl":"https:\/\/www.aclanester56.com\/velo\/wp-content\/uploads\/2023\/03\/Compo-2.png","width":1640,"height":924},{"@type":"WebSite","@id":"https:\/\/www.aclanester56.com\/velo\/#website","url":"https:\/\/www.aclanester56.com\/velo\/","name":"Avenir Cycliste Lanester 56","description":"Club cycliste de l&#039;AC LANESTER 56","publisher":{"@id":"https:\/\/www.aclanester56.com\/velo\/#organization"},"potentialAction":[{"@type":"SearchAction","target":{"@type":"EntryPoint","urlTemplate":"https:\/\/www.aclanester56.com\/velo\/?s={search_term_string}"},"query-input":{"@type":"PropertyValueSpecification","valueRequired":true,"valueName":"search_term_string"}}],"inLanguage":"fr-FR"},{"@type":"Organization","@id":"https:\/\/www.aclanester56.com\/velo\/#organization","name":"Avenir Cycliste Lanester 56","url":"https:\/\/www.aclanester56.com\/velo\/","logo":{"@type":"ImageObject","inLanguage":"fr-FR","@id":"https:\/\/www.aclanester56.com\/velo\/#\/schema\/logo\/image\/","url":"https:\/\/www.aclanester56.com\/velo\/wp-content\/uploads\/2013\/04\/logo-ACL.jpg","contentUrl":"https:\/\/www.aclanester56.com\/velo\/wp-content\/uploads\/2013\/04\/logo-ACL.jpg","width":400,"height":334,"caption":"Avenir Cycliste Lanester 56"},"image":{"@id":"https:\/\/www.aclanester56.com\/velo\/#\/schema\/logo\/image\/"},"sameAs":["https:\/\/www.facebook.com\/pages\/AC-Lanester-56\/190286300991242?fref=ts"]},{"@type":"Person","@id":"https:\/\/www.aclanester56.com\/velo\/#\/schema\/person\/ca2a44a5fd969e9dd846c72d3b33bc01","name":"Jean-Christophe","url":"https:\/\/www.aclanester56.com\/velo\/author\/jeanchristophe\/"}]}},"_links":{"self":[{"href":"https:\/\/www.aclanester56.com\/velo\/wp-json\/wp\/v2\/posts\/42296","targetHints":{"allow":["GET"]}}],"collection":[{"href":"https:\/\/www.aclanester56.com\/velo\/wp-json\/wp\/v2\/posts"}],"about":[{"href":"https:\/\/www.aclanester56.com\/velo\/wp-json\/wp\/v2\/types\/post"}],"author":[{"embeddable":true,"href":"https:\/\/www.aclanester56.com\/velo\/wp-json\/wp\/v2\/users\/14"}],"replies":[{"embeddable":true,"href":"https:\/\/www.aclanester56.com\/velo\/wp-json\/wp\/v2\/comments?post=42296"}],"version-history":[{"count":3,"href":"https:\/\/www.aclanester56.com\/velo\/wp-json\/wp\/v2\/posts\/42296\/revisions"}],"predecessor-version":[{"id":42318,"href":"https:\/\/www.aclanester56.com\/velo\/wp-json\/wp\/v2\/posts\/42296\/revisions\/42318"}],"wp:featuredmedia":[{"embeddable":true,"href":"https:\/\/www.aclanester56.com\/velo\/wp-json\/wp\/v2\/media\/42315"}],"wp:attachment":[{"href":"https:\/\/www.aclanester56.com\/velo\/wp-json\/wp\/v2\/media?parent=42296"}],"wp:term":[{"taxonomy":"category","embeddable":true,"href":"https:\/\/www.aclanester56.com\/velo\/wp-json\/wp\/v2\/categories?post=42296"},{"taxonomy":"post_tag","embeddable":true,"href":"https:\/\/www.aclanester56.com\/velo\/wp-json\/wp\/v2\/tags?post=42296"}],"curies":[{"name":"wp","href":"https:\/\/api.w.org\/{rel}","templated":true}]}}