{"id":42481,"date":"2024-02-18T18:53:24","date_gmt":"2024-02-18T16:53:24","guid":{"rendered":"https:\/\/www.aclanester56.com\/velo\/?p=42481"},"modified":"2024-02-18T18:53:24","modified_gmt":"2024-02-18T16:53:24","slug":"warren-barguil-a-signe-sa-licence-2024-a-lac-lanester-56-formation","status":"publish","type":"post","link":"https:\/\/www.aclanester56.com\/velo\/warren-barguil-a-signe-sa-licence-2024-a-lac-lanester-56-formation\/","title":{"rendered":"Warren Barguil a sign\u00e9 sa licence 2024 \u00e0 l&rsquo;AC Lanester 56 Formation"},"content":{"rendered":"<p><!--more--><\/p>\n<div class=\"x11i5rnm xat24cr x1mh8g0r x1vvkbs xtlvy1s x126k92a\">\n<div dir=\"auto\">Le cycliste professionnel <span class=\"xt0psk2\">Warren Barguil<\/span> (Team DSM-Firmenich PostNL) a sign\u00e9 sa licence FFC au sein de l&rsquo;<span class=\"xt0psk2\">AC Lanester 56 Formation<\/span>, o\u00f9 il avait effectu\u00e9 ses premiers tours de roue sur la route en cadet en 2006 !<\/div>\n<div dir=\"auto\">&nbsp;<\/div>\n<\/div>\n<div class=\"x11i5rnm xat24cr x1mh8g0r x1vvkbs xtlvy1s x126k92a\">\n<div dir=\"auto\">Cet \u00e9v\u00e9nement (plus officieux qu&rsquo;officiel, puisque Warren avait d\u00e9j\u00e0 pris sa licence il y a quelques semaines pour pouvoir d\u00e9buter sa saison au Tour d&rsquo;Oman<span class=\"x3nfvp2 x1j61x8r x1fcty0u xdj266r xhhsvwb xat24cr xgzva0m xxymvpz xlup9mm x1kky2od\"><img loading=\"lazy\" decoding=\"async\" class=\"xz74otr\" src=\"https:\/\/static.xx.fbcdn.net\/images\/emoji.php\/v9\/tb0\/1.5\/16\/1f609.png\" alt=\"&#x1f609;\" width=\"16\" height=\"16\"\/><\/span>) a \u00e9t\u00e9 organis\u00e9 ce samedi chez notre partenaire <a href=\"https:\/\/www.giant-hennebont.fr\/fr\" target=\"_blank\" rel=\"noopener\"><span class=\"xt0psk2\">Giant Store Hennebont<\/span><\/a>, devant \u00e9lus, partenaires et dirigeants du club, dans la continuit\u00e9 de la s\u00e9ance d\u00e9dicaces organis\u00e9e par le magasin. Warren est ensuite venu saluer les participants de la finale Samedis Pop&rsquo; sur l&rsquo;anneau cycliste G\u00e9rard Le Maguer \u00e0 Lanester, o\u00f9 il a g\u00e2t\u00e9 les laur\u00e9ats avec plusieurs cadeaux !<\/div>\n<div dir=\"auto\">&nbsp;<\/div>\n<\/div>\n<div class=\"x11i5rnm xat24cr x1mh8g0r x1vvkbs xtlvy1s x126k92a\">\n<div dir=\"auto\">Un grand merci \u00e0 Warren pour sa disponibilit\u00e9 et \u00e0 Luc Carrour et son \u00e9quipe pour l&rsquo;accueil lors de ce sympathique moment !<\/div>\n<div dir=\"auto\">ngg_shortcode_0_placeholder<\/div>\n<\/div>\n","protected":false},"excerpt":{"rendered":"","protected":false},"author":14,"featured_media":42482,"comment_status":"open","ping_status":"open","sticky":false,"template":"","format":"standard","meta":{"ngg_post_thumbnail":0,"footnotes":""},"categories":[5,6],"tags":[],"class_list":["post-42481","post","type-post","status-publish","format-standard","has-post-thumbnail","hentry","category-ac-lanester-56","category-les-rendez-vous"],"yoast_head":"<!-- This site is optimized with the Yoast SEO plugin v27.5 - https:\/\/yoast.com\/product\/yoast-seo-wordpress\/ -->\n<title>Warren Barguil a sign\u00e9 sa licence 2024 \u00e0 l&#039;AC Lanester 56 Formation - Avenir Cycliste Lanester 56<\/title>\n<meta name=\"robots\" content=\"index, follow, max-snippet:-1, max-image-preview:large, max-video-preview:-1\" \/>\n<link rel=\"canonical\" href=\"https:\/\/www.aclanester56.com\/velo\/warren-barguil-a-signe-sa-licence-2024-a-lac-lanester-56-formation\/\" \/>\n<meta property=\"og:locale\" content=\"fr_FR\" \/>\n<meta property=\"og:type\" content=\"article\" \/>\n<meta property=\"og:title\" content=\"Warren Barguil a sign\u00e9 sa licence 2024 \u00e0 l&#039;AC Lanester 56 Formation - Avenir Cycliste Lanester 56\" \/>\n<meta property=\"og:url\" content=\"https:\/\/www.aclanester56.com\/velo\/warren-barguil-a-signe-sa-licence-2024-a-lac-lanester-56-formation\/\" \/>\n<meta property=\"og:site_name\" content=\"Avenir Cycliste Lanester 56\" \/>\n<meta property=\"article:publisher\" content=\"https:\/\/www.facebook.com\/pages\/AC-Lanester-56\/190286300991242?fref=ts\" \/>\n<meta property=\"article:published_time\" content=\"2024-02-18T16:53:24+00:00\" \/>\n<meta property=\"og:image\" content=\"https:\/\/www.aclanester56.com\/velo\/wp-content\/uploads\/2024\/02\/SignWB.png\" \/>\n\t<meta property=\"og:image:width\" content=\"880\" \/>\n\t<meta property=\"og:image:height\" content=\"450\" \/>\n\t<meta property=\"og:image:type\" content=\"image\/png\" \/>\n<meta name=\"author\" content=\"Jean-Christophe\" \/>\n<meta name=\"twitter:label1\" content=\"\u00c9crit par\" \/>\n\t<meta name=\"twitter:data1\" content=\"Jean-Christophe\" \/>\n\t<meta name=\"twitter:label2\" content=\"Dur\u00e9e de lecture estim\u00e9e\" \/>\n\t<meta name=\"twitter:data2\" content=\"2 minutes\" \/>\n<script type=\"application\/ld+json\" class=\"yoast-schema-graph\">{\"@context\":\"https:\\\/\\\/schema.org\",\"@graph\":[{\"@type\":\"Article\",\"@id\":\"https:\\\/\\\/www.aclanester56.com\\\/velo\\\/warren-barguil-a-signe-sa-licence-2024-a-lac-lanester-56-formation\\\/#article\",\"isPartOf\":{\"@id\":\"https:\\\/\\\/www.aclanester56.com\\\/velo\\\/warren-barguil-a-signe-sa-licence-2024-a-lac-lanester-56-formation\\\/\"},\"author\":{\"name\":\"Jean-Christophe\",\"@id\":\"https:\\\/\\\/www.aclanester56.com\\\/velo\\\/#\\\/schema\\\/person\\\/ca2a44a5fd969e9dd846c72d3b33bc01\"},\"headline\":\"Warren Barguil a sign\u00e9 sa licence 2024 \u00e0 l&rsquo;AC Lanester 56 Formation\",\"datePublished\":\"2024-02-18T16:53:24+00:00\",\"mainEntityOfPage\":{\"@id\":\"https:\\\/\\\/www.aclanester56.com\\\/velo\\\/warren-barguil-a-signe-sa-licence-2024-a-lac-lanester-56-formation\\\/\"},\"wordCount\":165,\"commentCount\":0,\"publisher\":{\"@id\":\"https:\\\/\\\/www.aclanester56.com\\\/velo\\\/#organization\"},\"image\":{\"@id\":\"https:\\\/\\\/www.aclanester56.com\\\/velo\\\/warren-barguil-a-signe-sa-licence-2024-a-lac-lanester-56-formation\\\/#primaryimage\"},\"thumbnailUrl\":\"https:\\\/\\\/www.aclanester56.com\\\/velo\\\/wp-content\\\/uploads\\\/2024\\\/02\\\/SignWB.png\",\"articleSection\":[\"AC LANESTER 56\",\"Les rendez-vous\"],\"inLanguage\":\"fr-FR\",\"potentialAction\":[{\"@type\":\"CommentAction\",\"name\":\"Comment\",\"target\":[\"https:\\\/\\\/www.aclanester56.com\\\/velo\\\/warren-barguil-a-signe-sa-licence-2024-a-lac-lanester-56-formation\\\/#respond\"]}]},{\"@type\":\"WebPage\",\"@id\":\"https:\\\/\\\/www.aclanester56.com\\\/velo\\\/warren-barguil-a-signe-sa-licence-2024-a-lac-lanester-56-formation\\\/\",\"url\":\"https:\\\/\\\/www.aclanester56.com\\\/velo\\\/warren-barguil-a-signe-sa-licence-2024-a-lac-lanester-56-formation\\\/\",\"name\":\"Warren Barguil a sign\u00e9 sa licence 2024 \u00e0 l'AC Lanester 56 Formation - Avenir Cycliste Lanester 56\",\"isPartOf\":{\"@id\":\"https:\\\/\\\/www.aclanester56.com\\\/velo\\\/#website\"},\"primaryImageOfPage\":{\"@id\":\"https:\\\/\\\/www.aclanester56.com\\\/velo\\\/warren-barguil-a-signe-sa-licence-2024-a-lac-lanester-56-formation\\\/#primaryimage\"},\"image\":{\"@id\":\"https:\\\/\\\/www.aclanester56.com\\\/velo\\\/warren-barguil-a-signe-sa-licence-2024-a-lac-lanester-56-formation\\\/#primaryimage\"},\"thumbnailUrl\":\"https:\\\/\\\/www.aclanester56.com\\\/velo\\\/wp-content\\\/uploads\\\/2024\\\/02\\\/SignWB.png\",\"datePublished\":\"2024-02-18T16:53:24+00:00\",\"inLanguage\":\"fr-FR\",\"potentialAction\":[{\"@type\":\"ReadAction\",\"target\":[\"https:\\\/\\\/www.aclanester56.com\\\/velo\\\/warren-barguil-a-signe-sa-licence-2024-a-lac-lanester-56-formation\\\/\"]}]},{\"@type\":\"ImageObject\",\"inLanguage\":\"fr-FR\",\"@id\":\"https:\\\/\\\/www.aclanester56.com\\\/velo\\\/warren-barguil-a-signe-sa-licence-2024-a-lac-lanester-56-formation\\\/#primaryimage\",\"url\":\"https:\\\/\\\/www.aclanester56.com\\\/velo\\\/wp-content\\\/uploads\\\/2024\\\/02\\\/SignWB.png\",\"contentUrl\":\"https:\\\/\\\/www.aclanester56.com\\\/velo\\\/wp-content\\\/uploads\\\/2024\\\/02\\\/SignWB.png\",\"width\":880,\"height\":450},{\"@type\":\"WebSite\",\"@id\":\"https:\\\/\\\/www.aclanester56.com\\\/velo\\\/#website\",\"url\":\"https:\\\/\\\/www.aclanester56.com\\\/velo\\\/\",\"name\":\"Avenir Cycliste Lanester 56\",\"description\":\"Club cycliste de l&#039;AC LANESTER 56\",\"publisher\":{\"@id\":\"https:\\\/\\\/www.aclanester56.com\\\/velo\\\/#organization\"},\"potentialAction\":[{\"@type\":\"SearchAction\",\"target\":{\"@type\":\"EntryPoint\",\"urlTemplate\":\"https:\\\/\\\/www.aclanester56.com\\\/velo\\\/?s={search_term_string}\"},\"query-input\":{\"@type\":\"PropertyValueSpecification\",\"valueRequired\":true,\"valueName\":\"search_term_string\"}}],\"inLanguage\":\"fr-FR\"},{\"@type\":\"Organization\",\"@id\":\"https:\\\/\\\/www.aclanester56.com\\\/velo\\\/#organization\",\"name\":\"Avenir Cycliste Lanester 56\",\"url\":\"https:\\\/\\\/www.aclanester56.com\\\/velo\\\/\",\"logo\":{\"@type\":\"ImageObject\",\"inLanguage\":\"fr-FR\",\"@id\":\"https:\\\/\\\/www.aclanester56.com\\\/velo\\\/#\\\/schema\\\/logo\\\/image\\\/\",\"url\":\"https:\\\/\\\/www.aclanester56.com\\\/velo\\\/wp-content\\\/uploads\\\/2013\\\/04\\\/logo-ACL.jpg\",\"contentUrl\":\"https:\\\/\\\/www.aclanester56.com\\\/velo\\\/wp-content\\\/uploads\\\/2013\\\/04\\\/logo-ACL.jpg\",\"width\":400,\"height\":334,\"caption\":\"Avenir Cycliste Lanester 56\"},\"image\":{\"@id\":\"https:\\\/\\\/www.aclanester56.com\\\/velo\\\/#\\\/schema\\\/logo\\\/image\\\/\"},\"sameAs\":[\"https:\\\/\\\/www.facebook.com\\\/pages\\\/AC-Lanester-56\\\/190286300991242?fref=ts\"]},{\"@type\":\"Person\",\"@id\":\"https:\\\/\\\/www.aclanester56.com\\\/velo\\\/#\\\/schema\\\/person\\\/ca2a44a5fd969e9dd846c72d3b33bc01\",\"name\":\"Jean-Christophe\",\"url\":\"https:\\\/\\\/www.aclanester56.com\\\/velo\\\/author\\\/jeanchristophe\\\/\"}]}<\/script>\n<!-- \/ Yoast SEO plugin. -->","yoast_head_json":{"title":"Warren Barguil a sign\u00e9 sa licence 2024 \u00e0 l'AC Lanester 56 Formation - Avenir Cycliste Lanester 56","robots":{"index":"index","follow":"follow","max-snippet":"max-snippet:-1","max-image-preview":"max-image-preview:large","max-video-preview":"max-video-preview:-1"},"canonical":"https:\/\/www.aclanester56.com\/velo\/warren-barguil-a-signe-sa-licence-2024-a-lac-lanester-56-formation\/","og_locale":"fr_FR","og_type":"article","og_title":"Warren Barguil a sign\u00e9 sa licence 2024 \u00e0 l'AC Lanester 56 Formation - Avenir Cycliste Lanester 56","og_url":"https:\/\/www.aclanester56.com\/velo\/warren-barguil-a-signe-sa-licence-2024-a-lac-lanester-56-formation\/","og_site_name":"Avenir Cycliste Lanester 56","article_publisher":"https:\/\/www.facebook.com\/pages\/AC-Lanester-56\/190286300991242?fref=ts","article_published_time":"2024-02-18T16:53:24+00:00","og_image":[{"width":880,"height":450,"url":"https:\/\/www.aclanester56.com\/velo\/wp-content\/uploads\/2024\/02\/SignWB.png","type":"image\/png"}],"author":"Jean-Christophe","twitter_misc":{"\u00c9crit par":"Jean-Christophe","Dur\u00e9e de lecture estim\u00e9e":"2 minutes"},"schema":{"@context":"https:\/\/schema.org","@graph":[{"@type":"Article","@id":"https:\/\/www.aclanester56.com\/velo\/warren-barguil-a-signe-sa-licence-2024-a-lac-lanester-56-formation\/#article","isPartOf":{"@id":"https:\/\/www.aclanester56.com\/velo\/warren-barguil-a-signe-sa-licence-2024-a-lac-lanester-56-formation\/"},"author":{"name":"Jean-Christophe","@id":"https:\/\/www.aclanester56.com\/velo\/#\/schema\/person\/ca2a44a5fd969e9dd846c72d3b33bc01"},"headline":"Warren Barguil a sign\u00e9 sa licence 2024 \u00e0 l&rsquo;AC Lanester 56 Formation","datePublished":"2024-02-18T16:53:24+00:00","mainEntityOfPage":{"@id":"https:\/\/www.aclanester56.com\/velo\/warren-barguil-a-signe-sa-licence-2024-a-lac-lanester-56-formation\/"},"wordCount":165,"commentCount":0,"publisher":{"@id":"https:\/\/www.aclanester56.com\/velo\/#organization"},"image":{"@id":"https:\/\/www.aclanester56.com\/velo\/warren-barguil-a-signe-sa-licence-2024-a-lac-lanester-56-formation\/#primaryimage"},"thumbnailUrl":"https:\/\/www.aclanester56.com\/velo\/wp-content\/uploads\/2024\/02\/SignWB.png","articleSection":["AC LANESTER 56","Les rendez-vous"],"inLanguage":"fr-FR","potentialAction":[{"@type":"CommentAction","name":"Comment","target":["https:\/\/www.aclanester56.com\/velo\/warren-barguil-a-signe-sa-licence-2024-a-lac-lanester-56-formation\/#respond"]}]},{"@type":"WebPage","@id":"https:\/\/www.aclanester56.com\/velo\/warren-barguil-a-signe-sa-licence-2024-a-lac-lanester-56-formation\/","url":"https:\/\/www.aclanester56.com\/velo\/warren-barguil-a-signe-sa-licence-2024-a-lac-lanester-56-formation\/","name":"Warren Barguil a sign\u00e9 sa licence 2024 \u00e0 l'AC Lanester 56 Formation - Avenir Cycliste Lanester 56","isPartOf":{"@id":"https:\/\/www.aclanester56.com\/velo\/#website"},"primaryImageOfPage":{"@id":"https:\/\/www.aclanester56.com\/velo\/warren-barguil-a-signe-sa-licence-2024-a-lac-lanester-56-formation\/#primaryimage"},"image":{"@id":"https:\/\/www.aclanester56.com\/velo\/warren-barguil-a-signe-sa-licence-2024-a-lac-lanester-56-formation\/#primaryimage"},"thumbnailUrl":"https:\/\/www.aclanester56.com\/velo\/wp-content\/uploads\/2024\/02\/SignWB.png","datePublished":"2024-02-18T16:53:24+00:00","inLanguage":"fr-FR","potentialAction":[{"@type":"ReadAction","target":["https:\/\/www.aclanester56.com\/velo\/warren-barguil-a-signe-sa-licence-2024-a-lac-lanester-56-formation\/"]}]},{"@type":"ImageObject","inLanguage":"fr-FR","@id":"https:\/\/www.aclanester56.com\/velo\/warren-barguil-a-signe-sa-licence-2024-a-lac-lanester-56-formation\/#primaryimage","url":"https:\/\/www.aclanester56.com\/velo\/wp-content\/uploads\/2024\/02\/SignWB.png","contentUrl":"https:\/\/www.aclanester56.com\/velo\/wp-content\/uploads\/2024\/02\/SignWB.png","width":880,"height":450},{"@type":"WebSite","@id":"https:\/\/www.aclanester56.com\/velo\/#website","url":"https:\/\/www.aclanester56.com\/velo\/","name":"Avenir Cycliste Lanester 56","description":"Club cycliste de l&#039;AC LANESTER 56","publisher":{"@id":"https:\/\/www.aclanester56.com\/velo\/#organization"},"potentialAction":[{"@type":"SearchAction","target":{"@type":"EntryPoint","urlTemplate":"https:\/\/www.aclanester56.com\/velo\/?s={search_term_string}"},"query-input":{"@type":"PropertyValueSpecification","valueRequired":true,"valueName":"search_term_string"}}],"inLanguage":"fr-FR"},{"@type":"Organization","@id":"https:\/\/www.aclanester56.com\/velo\/#organization","name":"Avenir Cycliste Lanester 56","url":"https:\/\/www.aclanester56.com\/velo\/","logo":{"@type":"ImageObject","inLanguage":"fr-FR","@id":"https:\/\/www.aclanester56.com\/velo\/#\/schema\/logo\/image\/","url":"https:\/\/www.aclanester56.com\/velo\/wp-content\/uploads\/2013\/04\/logo-ACL.jpg","contentUrl":"https:\/\/www.aclanester56.com\/velo\/wp-content\/uploads\/2013\/04\/logo-ACL.jpg","width":400,"height":334,"caption":"Avenir Cycliste Lanester 56"},"image":{"@id":"https:\/\/www.aclanester56.com\/velo\/#\/schema\/logo\/image\/"},"sameAs":["https:\/\/www.facebook.com\/pages\/AC-Lanester-56\/190286300991242?fref=ts"]},{"@type":"Person","@id":"https:\/\/www.aclanester56.com\/velo\/#\/schema\/person\/ca2a44a5fd969e9dd846c72d3b33bc01","name":"Jean-Christophe","url":"https:\/\/www.aclanester56.com\/velo\/author\/jeanchristophe\/"}]}},"_links":{"self":[{"href":"https:\/\/www.aclanester56.com\/velo\/wp-json\/wp\/v2\/posts\/42481","targetHints":{"allow":["GET"]}}],"collection":[{"href":"https:\/\/www.aclanester56.com\/velo\/wp-json\/wp\/v2\/posts"}],"about":[{"href":"https:\/\/www.aclanester56.com\/velo\/wp-json\/wp\/v2\/types\/post"}],"author":[{"embeddable":true,"href":"https:\/\/www.aclanester56.com\/velo\/wp-json\/wp\/v2\/users\/14"}],"replies":[{"embeddable":true,"href":"https:\/\/www.aclanester56.com\/velo\/wp-json\/wp\/v2\/comments?post=42481"}],"version-history":[{"count":1,"href":"https:\/\/www.aclanester56.com\/velo\/wp-json\/wp\/v2\/posts\/42481\/revisions"}],"predecessor-version":[{"id":42489,"href":"https:\/\/www.aclanester56.com\/velo\/wp-json\/wp\/v2\/posts\/42481\/revisions\/42489"}],"wp:featuredmedia":[{"embeddable":true,"href":"https:\/\/www.aclanester56.com\/velo\/wp-json\/wp\/v2\/media\/42482"}],"wp:attachment":[{"href":"https:\/\/www.aclanester56.com\/velo\/wp-json\/wp\/v2\/media?parent=42481"}],"wp:term":[{"taxonomy":"category","embeddable":true,"href":"https:\/\/www.aclanester56.com\/velo\/wp-json\/wp\/v2\/categories?post=42481"},{"taxonomy":"post_tag","embeddable":true,"href":"https:\/\/www.aclanester56.com\/velo\/wp-json\/wp\/v2\/tags?post=42481"}],"curies":[{"name":"wp","href":"https:\/\/api.w.org\/{rel}","templated":true}]}}