{"id":42609,"date":"2025-01-18T16:26:08","date_gmt":"2025-01-18T14:26:08","guid":{"rendered":"https:\/\/www.aclanester56.com\/velo\/?p=42609"},"modified":"2025-01-18T19:54:27","modified_gmt":"2025-01-18T17:54:27","slug":"samedis-pop-2025-classements-de-la-1ere-journee","status":"publish","type":"post","link":"https:\/\/www.aclanester56.com\/velo\/samedis-pop-2025-classements-de-la-1ere-journee\/","title":{"rendered":"Samedis Pop&rsquo; 2025 &#8211; Classements de la 1\u00e8re journ\u00e9e"},"content":{"rendered":"<p><!--more--><\/p>\n<p><span style=\"color: #ff6600;\"><strong>SAMEDIS POP\u2019 2025 \u2013 CLASSEMENT DE LA MANCHE #1 : 200 METRES LANC\u00c9<\/strong><\/span><\/p>\n<p><strong>U13 Filles n\u00e9es en 2014\/2013 :<\/strong><br \/>\n1 DESFONTAINES Linoa (VELOCE VANNETAIS) 18&Prime;67 12 pts<br \/>\n2 GARIDO ALLEE Axelle (AC PAYS DE BAUD) 20&Prime;15 10 pts<br \/>\n3 PIPET PENIN Maelys (MOELAN CYCLO CLUB) 22&Prime;30 7 pts<br \/>\n4 JAN Maiwenn (AC PAYS DE BAUD) 23&Prime;04 8 pts<\/p>\n<p><strong>U15 Filles n\u00e9es en 2012\/2011 :<\/strong><br \/>\n1 COUGOULAT LE STUNFF L\u00e9ane (AC LANESTER 56) 17&Prime;96 12 pts<br \/>\n2 CHARRIER Yolene (AC PAYS DE BAUD) 18&Prime;55 10 pts<br \/>\n3 FUSIER Margaux (CC PLANCOETIN) 18&Prime;99 8 pts<br \/>\n4 LE ROUX Olivia (AC LANESTER 56) 19&Prime;74 7 pts<\/p>\n<p><strong>U12 Gar\u00e7ons n\u00e9s en 2014 :<\/strong><br \/>\n1 LE RUYET Rapha\u00ebl (AC PAYS DE BAUD) 19&Prime;30 12 pts<br \/>\n2 CUTULLIC L\u00e9on (MOELAN CYCLO CLUB) 19&Prime;72 10 pts<br \/>\n3 JAFFREZO Elouen (OC LOCMINE) 21&Prime;17 8 pts<br \/>\n4 REGNARD Hippolyte (KITCHEN RIDER) 21&Prime;73 7 pts<\/p>\n<p><strong>U13 Gar\u00e7ons n\u00e9s en 2013 :<\/strong><br \/>\n1 LE BOUQUIN Melvyn (OC LOCMINE) 16&Prime;81 12 pts<br \/>\n2 NANDELEC Tanguy (VELOCE VANNETAIS) 17&Prime;18 10 pts<br \/>\n3 ANIZAN RAVE Beryl (UCL HENNEBONT) 17&Prime;66 8 pts<br \/>\n4 MONCHAUX No\u00e9 (OC LOCMINE) 18&Prime;45 7 pts<br \/>\n5 LE METOUR K\u00e9vin (UC ALREENNE) 18&Prime;74 6 pts<br \/>\n6 RIOT F\u00e9licien (UC ALREENNE) 18&Prime;95 5 pts<br \/>\n7 LE MARRE Soan (AC LANESTER 56) 19&Prime;06 4 pts<br \/>\n8 GUYONVARCH Evan (AC LANESTER 56) 19&Prime;49 3 pts<\/p>\n<p><strong>U14 Gar\u00e7ons n\u00e9s en 2012 :<\/strong><br \/>\n1 NICOLAS KORFEL Adrien (OC LOCMINE) 17&Prime;20 12 pts<br \/>\n2 MORICE Cl\u00e9ment (UC ALREENNE) 17&Prime;65 10 pts<br \/>\n3 RENAULT Titouan (AC LANESTER 56) 18&Prime;10 8 pts<br \/>\n4 CORLAY Maxence (AC PAYS DE BAUD) 18&Prime;77 7 pts<br \/>\n5 PERRET Mathis (UC QUIMPERLOISE) 21&Prime;06 6 pts<\/p>\n<p><strong>U15 Gar\u00e7ons n\u00e9s en 2011 :<\/strong><br \/>\n1 BOUVRON Evan (US PONTCHATELAINE) 15&Prime;46 12 pts<br \/>\n2 LE TERRIEN Matis (UCL HENNEBONT) 16&Prime;35 10 pts<br \/>\n3 LE FUR Tom (UC QUIMPERLOISE) 17&Prime;21 8 pts<br \/>\n4 LERENDU Jules (AC LANESTER 56) 18&Prime;68 7 pts<br \/>\n5 KOCISOVA Owenn (AC PAYS DE BAUD) 19&Prime;47 6 pts<\/p>\n<p><span style=\"color: #ff6600;\"><strong>SAMEDIS POP\u2019 2025 \u2013 CLASSEMENT DE LA MANCHE #2 : COURSE TEMPO<\/strong><\/span><\/p>\n<p><strong>U13 Filles n\u00e9es en 2014\/2013 :<\/strong><br \/>\n1 DESFONTAINES Linoa (VELOCE VANNETAIS) 12 pts<br \/>\n2 GARIDO ALLEE Axelle (AC PAYS DE BAUD) 10 pts<br \/>\n3 PIPET PENIN Maelys (MOELAN CYCLO CLUB) 8 pts<br \/>\n4 JAN Maiwenn (AC PAYS DE BAUD) 7 pts<\/p>\n<p><strong>U15 Filles n\u00e9es en 2012\/2011 :<\/strong><br \/>\n1 CHARRIER Yolene (AC PAYS DE BAUD) 12 pts<br \/>\n2 COUGOULAT LE STUNFF L\u00e9ane (AC LANESTER 56) 10 pts<br \/>\n3 FUSIER Margaux (CC PLANCOETIN) 8 pts<br \/>\n4 LE ROUX Olivia (AC LANESTER 56) 7 pts<\/p>\n<p><strong>U12 Gar\u00e7ons n\u00e9s en 2014 :<\/strong><br \/>\n1 LE RUYET Rapha\u00ebl (AC PAYS DE BAUD) 12 pts<br \/>\n2 CUTULLIC L\u00e9on (MOELAN CYCLO CLUB) 10 pts<br \/>\n3 JAFFREZO Elouen (OC LOCMINE) 8 pts<br \/>\n4 REGNARD Hippolyte (KITCHEN RIDER) 7 pts<\/p>\n<p><strong>U13 Gar\u00e7ons n\u00e9s en 2013 :<\/strong><br \/>\n1 NANDELEC Tanguy (VELOCE VANNETAIS) 12 pts<br \/>\n2 LE BOUQUIN Melvyn (OC LOCMINE) 10 pts<br \/>\n3 RIOT F\u00e9licien (UC ALREENNE) 8 pts<br \/>\n4 LE METOUR K\u00e9vin (UC ALREENNE) 7 pts<br \/>\n5 ANIZAN RAVE Beryl (UCL HENNEBONT) 6 pts<br \/>\n6 LE MARRE Soan (AC LANESTER 56) 5 pts<br \/>\n7 GUYONVARCH Evan (AC LANESTER 56) 4 pts<br \/>\n8 MONCHAUX No\u00e9 (OC LOCMINE) 3 pts<\/p>\n<p><strong>U14 Gar\u00e7ons n\u00e9s en 2012 :<\/strong><br \/>\n1 NICOLAS KORFEL Adrien (OC LOCMINE) 12 pts<br \/>\n2 PERRET Mathis (UC QUIMPERLOISE) 10 pts<br \/>\n3 MORICE Cl\u00e9ment (UC ALREENNE) 8 pts<br \/>\n4 CORLAY Maxence (AC PAYS DE BAUD) 7 pts<br \/>\n5 RENAULT Titouan (AC LANESTER 56) 6 pts<\/p>\n<p><strong>U15 Gar\u00e7ons n\u00e9s en 2011 :<\/strong><br \/>\n1 BOUVRON Evan (US PONTCHATELAINE) 12 pts<br \/>\n2 LE TERRIEN Matis (UCL HENNEBONT) 10 pts<br \/>\n3 LE FUR Tom (UC QUIMPERLOISE) 8 pts<br \/>\n4 LERENDU Jules (AC LANESTER 56) 7 pts<br \/>\n5 KOCISOVA Owenn (AC PAYS DE BAUD) 6 pts<\/p>\n<p><span style=\"color: #ff6600;\"><strong>SAMEDIS POP\u2019 2025 \u2013 CLASSEMENT GENERAL APRES MANCHE #2<\/strong><\/span><\/p>\n<p><strong>U13 Filles n\u00e9es en 2014\/2013 :<\/strong><br \/>\n1 DESFONTAINES Linoa (VELOCE VANNETAIS) 24 pts (12+12)<br \/>\n2 GARIDO ALLEE Axelle (AC PAYS DE BAUD) 20 pts (10+10)<br \/>\n3 PIPET PENIN Maelys (MOELAN CYCLO CLUB) 16 pts (8+8)<br \/>\n4 JAN Maiwenn (AC PAYS DE BAUD) 14 pts (7+7)<\/p>\n<p><strong>U15 Filles n\u00e9es en 2012\/2011 :<\/strong><br \/>\n1 COUGOULAT LE STUNFF L\u00e9ane (AC LANESTER 56) 22 pts (12+10)<br \/>\n1 CHARRIER Yolene (AC PAYS DE BAUD) 22 pts (10+12)<br \/>\n3 FUSIER Margaux (CC PLANCOETIN) 16 pts (8+8)<br \/>\n4 LE ROUX Olivia (AC LANESTER 56) 14 pts (7+7)<\/p>\n<p><strong>U12 Gar\u00e7ons n\u00e9s en 2014 :<\/strong><br \/>\n1 LE RUYET Rapha\u00ebl (AC PAYS DE BAUD) 24 pts (12+12)<br \/>\n2 CUTULLIC L\u00e9on (MOELAN CYCLO CLUB) 20 pts (10+10)<br \/>\n3 JAFFREZO Elouen (OC LOCMINE) 16 pts (8+8)<br \/>\n4 REGNARD Hippolyte (KITCHEN RIDER) 14 pts (7+7)<\/p>\n<p><strong>U13 Gar\u00e7ons n\u00e9s en 2013 :<\/strong><br \/>\n1 LE BOUQUIN Melvyn (OC LOCMINE) 22 pts (12+10)<br \/>\n1 NANDELEC Tanguy (VELOCE VANNETAIS) 22 pts (10+12)<br \/>\n3 ANIZAN RAVE Beryl (UCL HENNEBONT) 14 pts (8+6)<br \/>\n4 RIOT F\u00e9licien (UC ALREENNE) 13 pts (5+8)<br \/>\n4 LE METOUR K\u00e9vin (UC ALREENNE) 13 pts (6+7)<br \/>\n6 MONCHAUX No\u00e9 (OC LOCMINE) 10 pts (7+3)<br \/>\n7 LE MARRE Soan (AC LANESTER 56) 9 pts (4+5)<br \/>\n8 GUYONVARCH Evan (AC LANESTER 56) 7 pts (3+4)<\/p>\n<p><strong>U14 Gar\u00e7ons n\u00e9s en 2012 :<\/strong><br \/>\n1 NICOLAS KORFEL Adrien (OC LOCMINE) 24 pts (12+12)<br \/>\n2 MORICE Cl\u00e9ment (UC ALREENNE) 18 pts (10+8)<br \/>\n3 PERRET Mathis (UC QUIMPERLOISE) 16 pts (6+10)<br \/>\n4 RENAULT Titouan (AC LANESTER 56) 14 pts (8+6)<br \/>\n4 CORLAY Maxence (AC PAYS DE BAUD) 14 pts (7+7)<\/p>\n<p><strong>U15 Gar\u00e7ons n\u00e9s en 2011 :<\/strong><br \/>\n1 BOUVRON Evan (US PONTCHATELAINE) 24 pts (12+12)<br \/>\n2 LE TERRIEN Matis (UCL HENNEBONT) 20 pts (10+10)<br \/>\n3 LE FUR Tom (UC QUIMPERLOISE) 16 pts (8+8)<br \/>\n4 LERENDU Jules (AC LANESTER 56) 14 pts (7+7)<br \/>\n5 KOCISOVA Owenn (AC PAYS DE BAUD) 12 pts (6+6)<\/p>\n","protected":false},"excerpt":{"rendered":"","protected":false},"author":14,"featured_media":42611,"comment_status":"closed","ping_status":"closed","sticky":false,"template":"","format":"standard","meta":{"ngg_post_thumbnail":0,"footnotes":""},"categories":[5,7,74,37],"tags":[],"class_list":["post-42609","post","type-post","status-publish","format-standard","has-post-thumbnail","hentry","category-ac-lanester-56","category-organisations","category-piste","category-samedi-decouverte"],"yoast_head":"<!-- This site is optimized with the Yoast SEO plugin v27.4 - https:\/\/yoast.com\/product\/yoast-seo-wordpress\/ -->\n<title>Samedis Pop&#039; 2025 - Classements de la 1\u00e8re journ\u00e9e - Avenir Cycliste Lanester 56<\/title>\n<meta name=\"robots\" content=\"index, follow, max-snippet:-1, max-image-preview:large, max-video-preview:-1\" \/>\n<link rel=\"canonical\" href=\"https:\/\/www.aclanester56.com\/velo\/samedis-pop-2025-classements-de-la-1ere-journee\/\" \/>\n<meta property=\"og:locale\" content=\"fr_FR\" \/>\n<meta property=\"og:type\" content=\"article\" \/>\n<meta property=\"og:title\" content=\"Samedis Pop&#039; 2025 - Classements de la 1\u00e8re journ\u00e9e - Avenir Cycliste Lanester 56\" \/>\n<meta property=\"og:url\" content=\"https:\/\/www.aclanester56.com\/velo\/samedis-pop-2025-classements-de-la-1ere-journee\/\" \/>\n<meta property=\"og:site_name\" content=\"Avenir Cycliste Lanester 56\" \/>\n<meta property=\"article:publisher\" content=\"https:\/\/www.facebook.com\/pages\/AC-Lanester-56\/190286300991242?fref=ts\" \/>\n<meta property=\"article:published_time\" content=\"2025-01-18T14:26:08+00:00\" \/>\n<meta property=\"article:modified_time\" content=\"2025-01-18T17:54:27+00:00\" \/>\n<meta property=\"og:image\" content=\"https:\/\/www.aclanester56.com\/velo\/wp-content\/uploads\/2025\/01\/Sans-titre-4320-x-2880-px-3-800x533.png\" \/>\n\t<meta property=\"og:image:width\" content=\"800\" \/>\n\t<meta property=\"og:image:height\" content=\"533\" \/>\n\t<meta property=\"og:image:type\" content=\"image\/png\" \/>\n<meta name=\"author\" content=\"Jean-Christophe\" \/>\n<meta name=\"twitter:label1\" content=\"\u00c9crit par\" \/>\n\t<meta name=\"twitter:data1\" content=\"Jean-Christophe\" \/>\n\t<meta name=\"twitter:label2\" content=\"Dur\u00e9e de lecture estim\u00e9e\" \/>\n\t<meta name=\"twitter:data2\" content=\"5 minutes\" \/>\n<script type=\"application\/ld+json\" class=\"yoast-schema-graph\">{\"@context\":\"https:\\\/\\\/schema.org\",\"@graph\":[{\"@type\":\"Article\",\"@id\":\"https:\\\/\\\/www.aclanester56.com\\\/velo\\\/samedis-pop-2025-classements-de-la-1ere-journee\\\/#article\",\"isPartOf\":{\"@id\":\"https:\\\/\\\/www.aclanester56.com\\\/velo\\\/samedis-pop-2025-classements-de-la-1ere-journee\\\/\"},\"author\":{\"name\":\"Jean-Christophe\",\"@id\":\"https:\\\/\\\/www.aclanester56.com\\\/velo\\\/#\\\/schema\\\/person\\\/ca2a44a5fd969e9dd846c72d3b33bc01\"},\"headline\":\"Samedis Pop&rsquo; 2025 &#8211; Classements de la 1\u00e8re journ\u00e9e\",\"datePublished\":\"2025-01-18T14:26:08+00:00\",\"dateModified\":\"2025-01-18T17:54:27+00:00\",\"mainEntityOfPage\":{\"@id\":\"https:\\\/\\\/www.aclanester56.com\\\/velo\\\/samedis-pop-2025-classements-de-la-1ere-journee\\\/\"},\"wordCount\":682,\"publisher\":{\"@id\":\"https:\\\/\\\/www.aclanester56.com\\\/velo\\\/#organization\"},\"image\":{\"@id\":\"https:\\\/\\\/www.aclanester56.com\\\/velo\\\/samedis-pop-2025-classements-de-la-1ere-journee\\\/#primaryimage\"},\"thumbnailUrl\":\"https:\\\/\\\/www.aclanester56.com\\\/velo\\\/wp-content\\\/uploads\\\/2025\\\/01\\\/Sans-titre-4320-x-2880-px-3.png\",\"articleSection\":[\"AC LANESTER 56\",\"Les organisations\",\"Piste\",\"Samedi d\u00e9couverte\"],\"inLanguage\":\"fr-FR\"},{\"@type\":\"WebPage\",\"@id\":\"https:\\\/\\\/www.aclanester56.com\\\/velo\\\/samedis-pop-2025-classements-de-la-1ere-journee\\\/\",\"url\":\"https:\\\/\\\/www.aclanester56.com\\\/velo\\\/samedis-pop-2025-classements-de-la-1ere-journee\\\/\",\"name\":\"Samedis Pop' 2025 - Classements de la 1\u00e8re journ\u00e9e - Avenir Cycliste Lanester 56\",\"isPartOf\":{\"@id\":\"https:\\\/\\\/www.aclanester56.com\\\/velo\\\/#website\"},\"primaryImageOfPage\":{\"@id\":\"https:\\\/\\\/www.aclanester56.com\\\/velo\\\/samedis-pop-2025-classements-de-la-1ere-journee\\\/#primaryimage\"},\"image\":{\"@id\":\"https:\\\/\\\/www.aclanester56.com\\\/velo\\\/samedis-pop-2025-classements-de-la-1ere-journee\\\/#primaryimage\"},\"thumbnailUrl\":\"https:\\\/\\\/www.aclanester56.com\\\/velo\\\/wp-content\\\/uploads\\\/2025\\\/01\\\/Sans-titre-4320-x-2880-px-3.png\",\"datePublished\":\"2025-01-18T14:26:08+00:00\",\"dateModified\":\"2025-01-18T17:54:27+00:00\",\"inLanguage\":\"fr-FR\",\"potentialAction\":[{\"@type\":\"ReadAction\",\"target\":[\"https:\\\/\\\/www.aclanester56.com\\\/velo\\\/samedis-pop-2025-classements-de-la-1ere-journee\\\/\"]}]},{\"@type\":\"ImageObject\",\"inLanguage\":\"fr-FR\",\"@id\":\"https:\\\/\\\/www.aclanester56.com\\\/velo\\\/samedis-pop-2025-classements-de-la-1ere-journee\\\/#primaryimage\",\"url\":\"https:\\\/\\\/www.aclanester56.com\\\/velo\\\/wp-content\\\/uploads\\\/2025\\\/01\\\/Sans-titre-4320-x-2880-px-3.png\",\"contentUrl\":\"https:\\\/\\\/www.aclanester56.com\\\/velo\\\/wp-content\\\/uploads\\\/2025\\\/01\\\/Sans-titre-4320-x-2880-px-3.png\",\"width\":4320,\"height\":2880},{\"@type\":\"WebSite\",\"@id\":\"https:\\\/\\\/www.aclanester56.com\\\/velo\\\/#website\",\"url\":\"https:\\\/\\\/www.aclanester56.com\\\/velo\\\/\",\"name\":\"Avenir Cycliste Lanester 56\",\"description\":\"Club cycliste de l&#039;AC LANESTER 56\",\"publisher\":{\"@id\":\"https:\\\/\\\/www.aclanester56.com\\\/velo\\\/#organization\"},\"potentialAction\":[{\"@type\":\"SearchAction\",\"target\":{\"@type\":\"EntryPoint\",\"urlTemplate\":\"https:\\\/\\\/www.aclanester56.com\\\/velo\\\/?s={search_term_string}\"},\"query-input\":{\"@type\":\"PropertyValueSpecification\",\"valueRequired\":true,\"valueName\":\"search_term_string\"}}],\"inLanguage\":\"fr-FR\"},{\"@type\":\"Organization\",\"@id\":\"https:\\\/\\\/www.aclanester56.com\\\/velo\\\/#organization\",\"name\":\"Avenir Cycliste Lanester 56\",\"url\":\"https:\\\/\\\/www.aclanester56.com\\\/velo\\\/\",\"logo\":{\"@type\":\"ImageObject\",\"inLanguage\":\"fr-FR\",\"@id\":\"https:\\\/\\\/www.aclanester56.com\\\/velo\\\/#\\\/schema\\\/logo\\\/image\\\/\",\"url\":\"https:\\\/\\\/www.aclanester56.com\\\/velo\\\/wp-content\\\/uploads\\\/2013\\\/04\\\/logo-ACL.jpg\",\"contentUrl\":\"https:\\\/\\\/www.aclanester56.com\\\/velo\\\/wp-content\\\/uploads\\\/2013\\\/04\\\/logo-ACL.jpg\",\"width\":400,\"height\":334,\"caption\":\"Avenir Cycliste Lanester 56\"},\"image\":{\"@id\":\"https:\\\/\\\/www.aclanester56.com\\\/velo\\\/#\\\/schema\\\/logo\\\/image\\\/\"},\"sameAs\":[\"https:\\\/\\\/www.facebook.com\\\/pages\\\/AC-Lanester-56\\\/190286300991242?fref=ts\"]},{\"@type\":\"Person\",\"@id\":\"https:\\\/\\\/www.aclanester56.com\\\/velo\\\/#\\\/schema\\\/person\\\/ca2a44a5fd969e9dd846c72d3b33bc01\",\"name\":\"Jean-Christophe\",\"url\":\"https:\\\/\\\/www.aclanester56.com\\\/velo\\\/author\\\/jeanchristophe\\\/\"}]}<\/script>\n<!-- \/ Yoast SEO plugin. -->","yoast_head_json":{"title":"Samedis Pop' 2025 - Classements de la 1\u00e8re journ\u00e9e - Avenir Cycliste Lanester 56","robots":{"index":"index","follow":"follow","max-snippet":"max-snippet:-1","max-image-preview":"max-image-preview:large","max-video-preview":"max-video-preview:-1"},"canonical":"https:\/\/www.aclanester56.com\/velo\/samedis-pop-2025-classements-de-la-1ere-journee\/","og_locale":"fr_FR","og_type":"article","og_title":"Samedis Pop' 2025 - Classements de la 1\u00e8re journ\u00e9e - Avenir Cycliste Lanester 56","og_url":"https:\/\/www.aclanester56.com\/velo\/samedis-pop-2025-classements-de-la-1ere-journee\/","og_site_name":"Avenir Cycliste Lanester 56","article_publisher":"https:\/\/www.facebook.com\/pages\/AC-Lanester-56\/190286300991242?fref=ts","article_published_time":"2025-01-18T14:26:08+00:00","article_modified_time":"2025-01-18T17:54:27+00:00","og_image":[{"width":800,"height":533,"url":"https:\/\/www.aclanester56.com\/velo\/wp-content\/uploads\/2025\/01\/Sans-titre-4320-x-2880-px-3-800x533.png","type":"image\/png"}],"author":"Jean-Christophe","twitter_misc":{"\u00c9crit par":"Jean-Christophe","Dur\u00e9e de lecture estim\u00e9e":"5 minutes"},"schema":{"@context":"https:\/\/schema.org","@graph":[{"@type":"Article","@id":"https:\/\/www.aclanester56.com\/velo\/samedis-pop-2025-classements-de-la-1ere-journee\/#article","isPartOf":{"@id":"https:\/\/www.aclanester56.com\/velo\/samedis-pop-2025-classements-de-la-1ere-journee\/"},"author":{"name":"Jean-Christophe","@id":"https:\/\/www.aclanester56.com\/velo\/#\/schema\/person\/ca2a44a5fd969e9dd846c72d3b33bc01"},"headline":"Samedis Pop&rsquo; 2025 &#8211; Classements de la 1\u00e8re journ\u00e9e","datePublished":"2025-01-18T14:26:08+00:00","dateModified":"2025-01-18T17:54:27+00:00","mainEntityOfPage":{"@id":"https:\/\/www.aclanester56.com\/velo\/samedis-pop-2025-classements-de-la-1ere-journee\/"},"wordCount":682,"publisher":{"@id":"https:\/\/www.aclanester56.com\/velo\/#organization"},"image":{"@id":"https:\/\/www.aclanester56.com\/velo\/samedis-pop-2025-classements-de-la-1ere-journee\/#primaryimage"},"thumbnailUrl":"https:\/\/www.aclanester56.com\/velo\/wp-content\/uploads\/2025\/01\/Sans-titre-4320-x-2880-px-3.png","articleSection":["AC LANESTER 56","Les organisations","Piste","Samedi d\u00e9couverte"],"inLanguage":"fr-FR"},{"@type":"WebPage","@id":"https:\/\/www.aclanester56.com\/velo\/samedis-pop-2025-classements-de-la-1ere-journee\/","url":"https:\/\/www.aclanester56.com\/velo\/samedis-pop-2025-classements-de-la-1ere-journee\/","name":"Samedis Pop' 2025 - Classements de la 1\u00e8re journ\u00e9e - Avenir Cycliste Lanester 56","isPartOf":{"@id":"https:\/\/www.aclanester56.com\/velo\/#website"},"primaryImageOfPage":{"@id":"https:\/\/www.aclanester56.com\/velo\/samedis-pop-2025-classements-de-la-1ere-journee\/#primaryimage"},"image":{"@id":"https:\/\/www.aclanester56.com\/velo\/samedis-pop-2025-classements-de-la-1ere-journee\/#primaryimage"},"thumbnailUrl":"https:\/\/www.aclanester56.com\/velo\/wp-content\/uploads\/2025\/01\/Sans-titre-4320-x-2880-px-3.png","datePublished":"2025-01-18T14:26:08+00:00","dateModified":"2025-01-18T17:54:27+00:00","inLanguage":"fr-FR","potentialAction":[{"@type":"ReadAction","target":["https:\/\/www.aclanester56.com\/velo\/samedis-pop-2025-classements-de-la-1ere-journee\/"]}]},{"@type":"ImageObject","inLanguage":"fr-FR","@id":"https:\/\/www.aclanester56.com\/velo\/samedis-pop-2025-classements-de-la-1ere-journee\/#primaryimage","url":"https:\/\/www.aclanester56.com\/velo\/wp-content\/uploads\/2025\/01\/Sans-titre-4320-x-2880-px-3.png","contentUrl":"https:\/\/www.aclanester56.com\/velo\/wp-content\/uploads\/2025\/01\/Sans-titre-4320-x-2880-px-3.png","width":4320,"height":2880},{"@type":"WebSite","@id":"https:\/\/www.aclanester56.com\/velo\/#website","url":"https:\/\/www.aclanester56.com\/velo\/","name":"Avenir Cycliste Lanester 56","description":"Club cycliste de l&#039;AC LANESTER 56","publisher":{"@id":"https:\/\/www.aclanester56.com\/velo\/#organization"},"potentialAction":[{"@type":"SearchAction","target":{"@type":"EntryPoint","urlTemplate":"https:\/\/www.aclanester56.com\/velo\/?s={search_term_string}"},"query-input":{"@type":"PropertyValueSpecification","valueRequired":true,"valueName":"search_term_string"}}],"inLanguage":"fr-FR"},{"@type":"Organization","@id":"https:\/\/www.aclanester56.com\/velo\/#organization","name":"Avenir Cycliste Lanester 56","url":"https:\/\/www.aclanester56.com\/velo\/","logo":{"@type":"ImageObject","inLanguage":"fr-FR","@id":"https:\/\/www.aclanester56.com\/velo\/#\/schema\/logo\/image\/","url":"https:\/\/www.aclanester56.com\/velo\/wp-content\/uploads\/2013\/04\/logo-ACL.jpg","contentUrl":"https:\/\/www.aclanester56.com\/velo\/wp-content\/uploads\/2013\/04\/logo-ACL.jpg","width":400,"height":334,"caption":"Avenir Cycliste Lanester 56"},"image":{"@id":"https:\/\/www.aclanester56.com\/velo\/#\/schema\/logo\/image\/"},"sameAs":["https:\/\/www.facebook.com\/pages\/AC-Lanester-56\/190286300991242?fref=ts"]},{"@type":"Person","@id":"https:\/\/www.aclanester56.com\/velo\/#\/schema\/person\/ca2a44a5fd969e9dd846c72d3b33bc01","name":"Jean-Christophe","url":"https:\/\/www.aclanester56.com\/velo\/author\/jeanchristophe\/"}]}},"_links":{"self":[{"href":"https:\/\/www.aclanester56.com\/velo\/wp-json\/wp\/v2\/posts\/42609","targetHints":{"allow":["GET"]}}],"collection":[{"href":"https:\/\/www.aclanester56.com\/velo\/wp-json\/wp\/v2\/posts"}],"about":[{"href":"https:\/\/www.aclanester56.com\/velo\/wp-json\/wp\/v2\/types\/post"}],"author":[{"embeddable":true,"href":"https:\/\/www.aclanester56.com\/velo\/wp-json\/wp\/v2\/users\/14"}],"replies":[{"embeddable":true,"href":"https:\/\/www.aclanester56.com\/velo\/wp-json\/wp\/v2\/comments?post=42609"}],"version-history":[{"count":3,"href":"https:\/\/www.aclanester56.com\/velo\/wp-json\/wp\/v2\/posts\/42609\/revisions"}],"predecessor-version":[{"id":42618,"href":"https:\/\/www.aclanester56.com\/velo\/wp-json\/wp\/v2\/posts\/42609\/revisions\/42618"}],"wp:featuredmedia":[{"embeddable":true,"href":"https:\/\/www.aclanester56.com\/velo\/wp-json\/wp\/v2\/media\/42611"}],"wp:attachment":[{"href":"https:\/\/www.aclanester56.com\/velo\/wp-json\/wp\/v2\/media?parent=42609"}],"wp:term":[{"taxonomy":"category","embeddable":true,"href":"https:\/\/www.aclanester56.com\/velo\/wp-json\/wp\/v2\/categories?post=42609"},{"taxonomy":"post_tag","embeddable":true,"href":"https:\/\/www.aclanester56.com\/velo\/wp-json\/wp\/v2\/tags?post=42609"}],"curies":[{"name":"wp","href":"https:\/\/api.w.org\/{rel}","templated":true}]}}