{"id":4315,"date":"2010-09-20T18:14:21","date_gmt":"2010-09-20T17:14:21","guid":{"rendered":"http:\/\/www.aclanester56.com\/velo\/?p=4315"},"modified":"2010-09-22T10:42:10","modified_gmt":"2010-09-22T09:42:10","slug":"belle-fin-de-saison-pour-les-cadets","status":"publish","type":"post","link":"https:\/\/www.aclanester56.com\/velo\/belle-fin-de-saison-pour-les-cadets\/","title":{"rendered":"Belle fin de saison pour les cadets"},"content":{"rendered":"<div id=\"attachment_4320\" style=\"width: 370px\" class=\"wp-caption alignleft\"><a href=\"http:\/\/www.aclanester56.com\/velo\/wp-content\/uploads\/2010\/09\/Arriv\u00e9e-Muzillac1.jpg\"><img loading=\"lazy\" decoding=\"async\" aria-describedby=\"caption-attachment-4320\" class=\"size-full wp-image-4320\" title=\"Le Lanest\u00e9rien Pierre Hol\u00e9 (2\u00e8me en partant de la droite) prend une tr\u00e8s belle 4\u00e8me place au sprint \u00e0 Muzillac (photo : Camille Nicol)\" src=\"http:\/\/www.aclanester56.com\/velo\/wp-content\/uploads\/2010\/09\/Arriv\u00e9e-Muzillac1.jpg\" alt=\"\" width=\"360\" height=\"265\" srcset=\"https:\/\/www.aclanester56.com\/velo\/wp-content\/uploads\/2010\/09\/Arriv\u00e9e-Muzillac1.jpg 720w, https:\/\/www.aclanester56.com\/velo\/wp-content\/uploads\/2010\/09\/Arriv\u00e9e-Muzillac1-300x220.jpg 300w\" sizes=\"auto, (max-width: 360px) 100vw, 360px\" \/><\/a><p id=\"caption-attachment-4320\" class=\"wp-caption-text\">Le Lanest\u00e9rien Pierre Hol\u00e9 (2\u00e8me en partant de la droite) prend une tr\u00e8s belle 4\u00e8me place au sprint \u00e0 Muzillac (photo : Camille Nicol)<\/p><\/div>\n<p><br class=\"spacer_\" \/><\/p>\n<p>Ce week end la route de l&rsquo;espoir \u00e0 Muzillac, marquait la fin de la saison pour les cadets. Apres sa victoire \u00e0 Lorient Lanveur, Pierre Hol\u00e9 a confirm\u00e9 sa grande forme du moment en allant\u00a0chercher une belle 4e place \u00e0 Muzillac.<\/p>\n<p><br class=\"spacer_\" \/><\/p>\n<p><!--more--><\/p>\n<p><br class=\"spacer_\" \/><\/p>\n<p><div id=\"attachment_4323\" style=\"width: 370px\" class=\"wp-caption alignright\"><a href=\"http:\/\/www.aclanester56.com\/velo\/wp-content\/uploads\/2010\/09\/Thomas-Josso.jpg\"><img loading=\"lazy\" decoding=\"async\" aria-describedby=\"caption-attachment-4323\" class=\"size-full wp-image-4323\" title=\"Thomas Josso, ici \u00e0 gauche, aux avant-postes (photo : Camille Nicol)\" src=\"http:\/\/www.aclanester56.com\/velo\/wp-content\/uploads\/2010\/09\/Thomas-Josso.jpg\" alt=\"\" width=\"360\" height=\"240\" srcset=\"https:\/\/www.aclanester56.com\/velo\/wp-content\/uploads\/2010\/09\/Thomas-Josso.jpg 720w, https:\/\/www.aclanester56.com\/velo\/wp-content\/uploads\/2010\/09\/Thomas-Josso-300x200.jpg 300w\" sizes=\"auto, (max-width: 360px) 100vw, 360px\" \/><\/a><p id=\"caption-attachment-4323\" class=\"wp-caption-text\">Thomas Josso, ici \u00e0 gauche, aux avant-postes (photo : Camille Nicol)<\/p><\/div><br \/>\n<div id=\"attachment_4324\" style=\"width: 370px\" class=\"wp-caption alignleft\"><a href=\"http:\/\/www.aclanester56.com\/velo\/wp-content\/uploads\/2010\/09\/melvyn-Le-Hen-et-Pierre-Hol\u00e9.jpg\" ><img loading=\"lazy\" decoding=\"async\" aria-describedby=\"caption-attachment-4324\" src=\"http:\/\/www.aclanester56.com\/velo\/wp-content\/uploads\/2010\/09\/melvyn-Le-Hen-et-Pierre-Hol\u00e9.jpg\" alt=\"\" title=\"Melvyn Le Hen et Pierre Hol\u00e9 au d\u00e9part (photo : Camille Nicol)\" width=\"360\" height=\"240\" class=\"size-full wp-image-4324\" srcset=\"https:\/\/www.aclanester56.com\/velo\/wp-content\/uploads\/2010\/09\/melvyn-Le-Hen-et-Pierre-Hol\u00e9.jpg 720w, https:\/\/www.aclanester56.com\/velo\/wp-content\/uploads\/2010\/09\/melvyn-Le-Hen-et-Pierre-Hol\u00e9-300x199.jpg 300w\" sizes=\"auto, (max-width: 360px) 100vw, 360px\" \/><\/a><p id=\"caption-attachment-4324\" class=\"wp-caption-text\">Melvyn Le Hen et Pierre Hol\u00e9 au d\u00e9part (photo : Camille Nicol)<\/p><\/div><\/p>\n<p><br class=\"spacer_\" \/><\/p>\n<p><br class=\"spacer_\" \/><\/p>\n<p><br class=\"spacer_\" \/><\/p>\n<p><br class=\"spacer_\" \/><\/p>\n<p><br class=\"spacer_\" \/><\/p>\n<p><br class=\"spacer_\" \/><\/p>\n<p>Melvyn Le Hen et Thomas Josso terminent aussi dans le 1er groupe aux alentours de la 15e place. Ces r\u00e9sultats sont tr\u00e8s encourageants pour nos \u00a0jeunes qui sont cadets 1\u00e8re ann\u00e9e et que l&rsquo;on retrouvera l&rsquo;an prochain dans cette cat\u00e9gorie avec de grandes ambitions.<\/p>\n<p><br class=\"spacer_\" \/><\/p>\n<p><br class=\"spacer_\" \/><\/p>\n","protected":false},"excerpt":{"rendered":"<p>Ce week end la route de l&rsquo;espoir \u00e0 Muzillac, marquait la fin de la saison pour les cadets. Apres sa [&hellip;]<\/p>\n","protected":false},"author":14,"featured_media":4320,"comment_status":"open","ping_status":"closed","sticky":false,"template":"","format":"standard","meta":{"ngg_post_thumbnail":0,"footnotes":""},"categories":[5,22],"tags":[],"class_list":["post-4315","post","type-post","status-publish","format-standard","has-post-thumbnail","hentry","category-ac-lanester-56","category-resultats-cadets"],"yoast_head":"<!-- This site is optimized with the Yoast SEO plugin v27.5 - https:\/\/yoast.com\/product\/yoast-seo-wordpress\/ -->\n<title>Belle fin de saison pour les cadets - Avenir Cycliste Lanester 56<\/title>\n<meta name=\"robots\" content=\"index, follow, max-snippet:-1, max-image-preview:large, max-video-preview:-1\" \/>\n<link rel=\"canonical\" href=\"https:\/\/www.aclanester56.com\/velo\/belle-fin-de-saison-pour-les-cadets\/\" \/>\n<meta property=\"og:locale\" content=\"fr_FR\" \/>\n<meta property=\"og:type\" content=\"article\" \/>\n<meta property=\"og:title\" content=\"Belle fin de saison pour les cadets - Avenir Cycliste Lanester 56\" \/>\n<meta property=\"og:description\" content=\"Ce week end la route de l&rsquo;espoir \u00e0 Muzillac, marquait la fin de la saison pour les cadets. Apres sa [&hellip;]\" \/>\n<meta property=\"og:url\" content=\"https:\/\/www.aclanester56.com\/velo\/belle-fin-de-saison-pour-les-cadets\/\" \/>\n<meta property=\"og:site_name\" content=\"Avenir Cycliste Lanester 56\" \/>\n<meta property=\"article:publisher\" content=\"https:\/\/www.facebook.com\/pages\/AC-Lanester-56\/190286300991242?fref=ts\" \/>\n<meta property=\"article:published_time\" content=\"2010-09-20T17:14:21+00:00\" \/>\n<meta property=\"article:modified_time\" content=\"2010-09-22T09:42:10+00:00\" \/>\n<meta property=\"og:image\" content=\"https:\/\/www.aclanester56.com\/velo\/wp-content\/uploads\/2010\/09\/Arriv\u00e9e-Muzillac1.jpg\" \/>\n\t<meta property=\"og:image:width\" content=\"720\" \/>\n\t<meta property=\"og:image:height\" content=\"529\" \/>\n\t<meta property=\"og:image:type\" content=\"image\/jpeg\" \/>\n<meta name=\"author\" content=\"Jean-Christophe\" \/>\n<meta name=\"twitter:label1\" content=\"\u00c9crit par\" \/>\n\t<meta name=\"twitter:data1\" content=\"Jean-Christophe\" \/>\n\t<meta name=\"twitter:label2\" content=\"Dur\u00e9e de lecture estim\u00e9e\" \/>\n\t<meta name=\"twitter:data2\" content=\"1 minute\" \/>\n<script type=\"application\/ld+json\" class=\"yoast-schema-graph\">{\"@context\":\"https:\\\/\\\/schema.org\",\"@graph\":[{\"@type\":\"Article\",\"@id\":\"https:\\\/\\\/www.aclanester56.com\\\/velo\\\/belle-fin-de-saison-pour-les-cadets\\\/#article\",\"isPartOf\":{\"@id\":\"https:\\\/\\\/www.aclanester56.com\\\/velo\\\/belle-fin-de-saison-pour-les-cadets\\\/\"},\"author\":{\"name\":\"Jean-Christophe\",\"@id\":\"https:\\\/\\\/www.aclanester56.com\\\/velo\\\/#\\\/schema\\\/person\\\/ca2a44a5fd969e9dd846c72d3b33bc01\"},\"headline\":\"Belle fin de saison pour les cadets\",\"datePublished\":\"2010-09-20T17:14:21+00:00\",\"dateModified\":\"2010-09-22T09:42:10+00:00\",\"mainEntityOfPage\":{\"@id\":\"https:\\\/\\\/www.aclanester56.com\\\/velo\\\/belle-fin-de-saison-pour-les-cadets\\\/\"},\"wordCount\":163,\"commentCount\":0,\"publisher\":{\"@id\":\"https:\\\/\\\/www.aclanester56.com\\\/velo\\\/#organization\"},\"image\":{\"@id\":\"https:\\\/\\\/www.aclanester56.com\\\/velo\\\/belle-fin-de-saison-pour-les-cadets\\\/#primaryimage\"},\"thumbnailUrl\":\"https:\\\/\\\/www.aclanester56.com\\\/velo\\\/wp-content\\\/uploads\\\/2010\\\/09\\\/Arriv\u00e9e-Muzillac1.jpg\",\"articleSection\":[\"AC LANESTER 56\",\"R\u00e9sultats Cadets\"],\"inLanguage\":\"fr-FR\",\"potentialAction\":[{\"@type\":\"CommentAction\",\"name\":\"Comment\",\"target\":[\"https:\\\/\\\/www.aclanester56.com\\\/velo\\\/belle-fin-de-saison-pour-les-cadets\\\/#respond\"]}]},{\"@type\":\"WebPage\",\"@id\":\"https:\\\/\\\/www.aclanester56.com\\\/velo\\\/belle-fin-de-saison-pour-les-cadets\\\/\",\"url\":\"https:\\\/\\\/www.aclanester56.com\\\/velo\\\/belle-fin-de-saison-pour-les-cadets\\\/\",\"name\":\"Belle fin de saison pour les cadets - Avenir Cycliste Lanester 56\",\"isPartOf\":{\"@id\":\"https:\\\/\\\/www.aclanester56.com\\\/velo\\\/#website\"},\"primaryImageOfPage\":{\"@id\":\"https:\\\/\\\/www.aclanester56.com\\\/velo\\\/belle-fin-de-saison-pour-les-cadets\\\/#primaryimage\"},\"image\":{\"@id\":\"https:\\\/\\\/www.aclanester56.com\\\/velo\\\/belle-fin-de-saison-pour-les-cadets\\\/#primaryimage\"},\"thumbnailUrl\":\"https:\\\/\\\/www.aclanester56.com\\\/velo\\\/wp-content\\\/uploads\\\/2010\\\/09\\\/Arriv\u00e9e-Muzillac1.jpg\",\"datePublished\":\"2010-09-20T17:14:21+00:00\",\"dateModified\":\"2010-09-22T09:42:10+00:00\",\"inLanguage\":\"fr-FR\",\"potentialAction\":[{\"@type\":\"ReadAction\",\"target\":[\"https:\\\/\\\/www.aclanester56.com\\\/velo\\\/belle-fin-de-saison-pour-les-cadets\\\/\"]}]},{\"@type\":\"ImageObject\",\"inLanguage\":\"fr-FR\",\"@id\":\"https:\\\/\\\/www.aclanester56.com\\\/velo\\\/belle-fin-de-saison-pour-les-cadets\\\/#primaryimage\",\"url\":\"https:\\\/\\\/www.aclanester56.com\\\/velo\\\/wp-content\\\/uploads\\\/2010\\\/09\\\/Arriv\u00e9e-Muzillac1.jpg\",\"contentUrl\":\"https:\\\/\\\/www.aclanester56.com\\\/velo\\\/wp-content\\\/uploads\\\/2010\\\/09\\\/Arriv\u00e9e-Muzillac1.jpg\",\"width\":720,\"height\":529,\"caption\":\"Le Lanest\u00e9rien Pierre Hol\u00e9 (2\u00e8me en partant de la droite) prend une tr\u00e8s belle 4\u00e8me place au sprint \u00e0 Muzillac (photo : Camille Nicol)\"},{\"@type\":\"WebSite\",\"@id\":\"https:\\\/\\\/www.aclanester56.com\\\/velo\\\/#website\",\"url\":\"https:\\\/\\\/www.aclanester56.com\\\/velo\\\/\",\"name\":\"Avenir Cycliste Lanester 56\",\"description\":\"Club cycliste de l&#039;AC LANESTER 56\",\"publisher\":{\"@id\":\"https:\\\/\\\/www.aclanester56.com\\\/velo\\\/#organization\"},\"potentialAction\":[{\"@type\":\"SearchAction\",\"target\":{\"@type\":\"EntryPoint\",\"urlTemplate\":\"https:\\\/\\\/www.aclanester56.com\\\/velo\\\/?s={search_term_string}\"},\"query-input\":{\"@type\":\"PropertyValueSpecification\",\"valueRequired\":true,\"valueName\":\"search_term_string\"}}],\"inLanguage\":\"fr-FR\"},{\"@type\":\"Organization\",\"@id\":\"https:\\\/\\\/www.aclanester56.com\\\/velo\\\/#organization\",\"name\":\"Avenir Cycliste Lanester 56\",\"url\":\"https:\\\/\\\/www.aclanester56.com\\\/velo\\\/\",\"logo\":{\"@type\":\"ImageObject\",\"inLanguage\":\"fr-FR\",\"@id\":\"https:\\\/\\\/www.aclanester56.com\\\/velo\\\/#\\\/schema\\\/logo\\\/image\\\/\",\"url\":\"https:\\\/\\\/www.aclanester56.com\\\/velo\\\/wp-content\\\/uploads\\\/2013\\\/04\\\/logo-ACL.jpg\",\"contentUrl\":\"https:\\\/\\\/www.aclanester56.com\\\/velo\\\/wp-content\\\/uploads\\\/2013\\\/04\\\/logo-ACL.jpg\",\"width\":400,\"height\":334,\"caption\":\"Avenir Cycliste Lanester 56\"},\"image\":{\"@id\":\"https:\\\/\\\/www.aclanester56.com\\\/velo\\\/#\\\/schema\\\/logo\\\/image\\\/\"},\"sameAs\":[\"https:\\\/\\\/www.facebook.com\\\/pages\\\/AC-Lanester-56\\\/190286300991242?fref=ts\"]},{\"@type\":\"Person\",\"@id\":\"https:\\\/\\\/www.aclanester56.com\\\/velo\\\/#\\\/schema\\\/person\\\/ca2a44a5fd969e9dd846c72d3b33bc01\",\"name\":\"Jean-Christophe\",\"url\":\"https:\\\/\\\/www.aclanester56.com\\\/velo\\\/author\\\/jeanchristophe\\\/\"}]}<\/script>\n<!-- \/ Yoast SEO plugin. -->","yoast_head_json":{"title":"Belle fin de saison pour les cadets - Avenir Cycliste Lanester 56","robots":{"index":"index","follow":"follow","max-snippet":"max-snippet:-1","max-image-preview":"max-image-preview:large","max-video-preview":"max-video-preview:-1"},"canonical":"https:\/\/www.aclanester56.com\/velo\/belle-fin-de-saison-pour-les-cadets\/","og_locale":"fr_FR","og_type":"article","og_title":"Belle fin de saison pour les cadets - Avenir Cycliste Lanester 56","og_description":"Ce week end la route de l&rsquo;espoir \u00e0 Muzillac, marquait la fin de la saison pour les cadets. Apres sa [&hellip;]","og_url":"https:\/\/www.aclanester56.com\/velo\/belle-fin-de-saison-pour-les-cadets\/","og_site_name":"Avenir Cycliste Lanester 56","article_publisher":"https:\/\/www.facebook.com\/pages\/AC-Lanester-56\/190286300991242?fref=ts","article_published_time":"2010-09-20T17:14:21+00:00","article_modified_time":"2010-09-22T09:42:10+00:00","og_image":[{"width":720,"height":529,"url":"https:\/\/www.aclanester56.com\/velo\/wp-content\/uploads\/2010\/09\/Arriv\u00e9e-Muzillac1.jpg","type":"image\/jpeg"}],"author":"Jean-Christophe","twitter_misc":{"\u00c9crit par":"Jean-Christophe","Dur\u00e9e de lecture estim\u00e9e":"1 minute"},"schema":{"@context":"https:\/\/schema.org","@graph":[{"@type":"Article","@id":"https:\/\/www.aclanester56.com\/velo\/belle-fin-de-saison-pour-les-cadets\/#article","isPartOf":{"@id":"https:\/\/www.aclanester56.com\/velo\/belle-fin-de-saison-pour-les-cadets\/"},"author":{"name":"Jean-Christophe","@id":"https:\/\/www.aclanester56.com\/velo\/#\/schema\/person\/ca2a44a5fd969e9dd846c72d3b33bc01"},"headline":"Belle fin de saison pour les cadets","datePublished":"2010-09-20T17:14:21+00:00","dateModified":"2010-09-22T09:42:10+00:00","mainEntityOfPage":{"@id":"https:\/\/www.aclanester56.com\/velo\/belle-fin-de-saison-pour-les-cadets\/"},"wordCount":163,"commentCount":0,"publisher":{"@id":"https:\/\/www.aclanester56.com\/velo\/#organization"},"image":{"@id":"https:\/\/www.aclanester56.com\/velo\/belle-fin-de-saison-pour-les-cadets\/#primaryimage"},"thumbnailUrl":"https:\/\/www.aclanester56.com\/velo\/wp-content\/uploads\/2010\/09\/Arriv\u00e9e-Muzillac1.jpg","articleSection":["AC LANESTER 56","R\u00e9sultats Cadets"],"inLanguage":"fr-FR","potentialAction":[{"@type":"CommentAction","name":"Comment","target":["https:\/\/www.aclanester56.com\/velo\/belle-fin-de-saison-pour-les-cadets\/#respond"]}]},{"@type":"WebPage","@id":"https:\/\/www.aclanester56.com\/velo\/belle-fin-de-saison-pour-les-cadets\/","url":"https:\/\/www.aclanester56.com\/velo\/belle-fin-de-saison-pour-les-cadets\/","name":"Belle fin de saison pour les cadets - Avenir Cycliste Lanester 56","isPartOf":{"@id":"https:\/\/www.aclanester56.com\/velo\/#website"},"primaryImageOfPage":{"@id":"https:\/\/www.aclanester56.com\/velo\/belle-fin-de-saison-pour-les-cadets\/#primaryimage"},"image":{"@id":"https:\/\/www.aclanester56.com\/velo\/belle-fin-de-saison-pour-les-cadets\/#primaryimage"},"thumbnailUrl":"https:\/\/www.aclanester56.com\/velo\/wp-content\/uploads\/2010\/09\/Arriv\u00e9e-Muzillac1.jpg","datePublished":"2010-09-20T17:14:21+00:00","dateModified":"2010-09-22T09:42:10+00:00","inLanguage":"fr-FR","potentialAction":[{"@type":"ReadAction","target":["https:\/\/www.aclanester56.com\/velo\/belle-fin-de-saison-pour-les-cadets\/"]}]},{"@type":"ImageObject","inLanguage":"fr-FR","@id":"https:\/\/www.aclanester56.com\/velo\/belle-fin-de-saison-pour-les-cadets\/#primaryimage","url":"https:\/\/www.aclanester56.com\/velo\/wp-content\/uploads\/2010\/09\/Arriv\u00e9e-Muzillac1.jpg","contentUrl":"https:\/\/www.aclanester56.com\/velo\/wp-content\/uploads\/2010\/09\/Arriv\u00e9e-Muzillac1.jpg","width":720,"height":529,"caption":"Le Lanest\u00e9rien Pierre Hol\u00e9 (2\u00e8me en partant de la droite) prend une tr\u00e8s belle 4\u00e8me place au sprint \u00e0 Muzillac (photo : Camille Nicol)"},{"@type":"WebSite","@id":"https:\/\/www.aclanester56.com\/velo\/#website","url":"https:\/\/www.aclanester56.com\/velo\/","name":"Avenir Cycliste Lanester 56","description":"Club cycliste de l&#039;AC LANESTER 56","publisher":{"@id":"https:\/\/www.aclanester56.com\/velo\/#organization"},"potentialAction":[{"@type":"SearchAction","target":{"@type":"EntryPoint","urlTemplate":"https:\/\/www.aclanester56.com\/velo\/?s={search_term_string}"},"query-input":{"@type":"PropertyValueSpecification","valueRequired":true,"valueName":"search_term_string"}}],"inLanguage":"fr-FR"},{"@type":"Organization","@id":"https:\/\/www.aclanester56.com\/velo\/#organization","name":"Avenir Cycliste Lanester 56","url":"https:\/\/www.aclanester56.com\/velo\/","logo":{"@type":"ImageObject","inLanguage":"fr-FR","@id":"https:\/\/www.aclanester56.com\/velo\/#\/schema\/logo\/image\/","url":"https:\/\/www.aclanester56.com\/velo\/wp-content\/uploads\/2013\/04\/logo-ACL.jpg","contentUrl":"https:\/\/www.aclanester56.com\/velo\/wp-content\/uploads\/2013\/04\/logo-ACL.jpg","width":400,"height":334,"caption":"Avenir Cycliste Lanester 56"},"image":{"@id":"https:\/\/www.aclanester56.com\/velo\/#\/schema\/logo\/image\/"},"sameAs":["https:\/\/www.facebook.com\/pages\/AC-Lanester-56\/190286300991242?fref=ts"]},{"@type":"Person","@id":"https:\/\/www.aclanester56.com\/velo\/#\/schema\/person\/ca2a44a5fd969e9dd846c72d3b33bc01","name":"Jean-Christophe","url":"https:\/\/www.aclanester56.com\/velo\/author\/jeanchristophe\/"}]}},"_links":{"self":[{"href":"https:\/\/www.aclanester56.com\/velo\/wp-json\/wp\/v2\/posts\/4315","targetHints":{"allow":["GET"]}}],"collection":[{"href":"https:\/\/www.aclanester56.com\/velo\/wp-json\/wp\/v2\/posts"}],"about":[{"href":"https:\/\/www.aclanester56.com\/velo\/wp-json\/wp\/v2\/types\/post"}],"author":[{"embeddable":true,"href":"https:\/\/www.aclanester56.com\/velo\/wp-json\/wp\/v2\/users\/14"}],"replies":[{"embeddable":true,"href":"https:\/\/www.aclanester56.com\/velo\/wp-json\/wp\/v2\/comments?post=4315"}],"version-history":[{"count":0,"href":"https:\/\/www.aclanester56.com\/velo\/wp-json\/wp\/v2\/posts\/4315\/revisions"}],"wp:featuredmedia":[{"embeddable":true,"href":"https:\/\/www.aclanester56.com\/velo\/wp-json\/wp\/v2\/media\/4320"}],"wp:attachment":[{"href":"https:\/\/www.aclanester56.com\/velo\/wp-json\/wp\/v2\/media?parent=4315"}],"wp:term":[{"taxonomy":"category","embeddable":true,"href":"https:\/\/www.aclanester56.com\/velo\/wp-json\/wp\/v2\/categories?post=4315"},{"taxonomy":"post_tag","embeddable":true,"href":"https:\/\/www.aclanester56.com\/velo\/wp-json\/wp\/v2\/tags?post=4315"}],"curies":[{"name":"wp","href":"https:\/\/api.w.org\/{rel}","templated":true}]}}