{"id":4328,"date":"2010-09-21T12:11:29","date_gmt":"2010-09-21T11:11:29","guid":{"rendered":"http:\/\/www.aclanester56.com\/velo\/?p=4328"},"modified":"2010-09-22T10:43:45","modified_gmt":"2010-09-22T09:43:45","slug":"retour-en-images-sur-le-tour-de-moselle","status":"publish","type":"post","link":"https:\/\/www.aclanester56.com\/velo\/retour-en-images-sur-le-tour-de-moselle\/","title":{"rendered":"Retour en images sur le Tour de Moselle"},"content":{"rendered":"<div id=\"attachment_4329\" style=\"width: 410px\" class=\"wp-caption alignleft\"><a  href=\"http:\/\/www.aclanester56.com\/velo\/wp-content\/uploads\/2010\/09\/032B-BARGUIL-WARREN-800x534.jpg\"><img loading=\"lazy\" decoding=\"async\" aria-describedby=\"caption-attachment-4329\" class=\"size-large wp-image-4329\" title=\"Warren Barguil, ici sur le contre-la-montre, a brillament montr\u00e9 les couleurs de l'Equipe de France Espoirs sur le Tour de Moselle (photo : Herv\u00e9 Dancerelle - www.directvelo.com)\" src=\"http:\/\/www.aclanester56.com\/velo\/wp-content\/uploads\/2010\/09\/032B-BARGUIL-WARREN-800x534.jpg\" alt=\"\" width=\"400\" height=\"267\" srcset=\"https:\/\/www.aclanester56.com\/velo\/wp-content\/uploads\/2010\/09\/032B-BARGUIL-WARREN-800x534.jpg 800w, https:\/\/www.aclanester56.com\/velo\/wp-content\/uploads\/2010\/09\/032B-BARGUIL-WARREN-300x200.jpg 300w\" sizes=\"auto, (max-width: 400px) 100vw, 400px\" \/><\/a><p id=\"caption-attachment-4329\" class=\"wp-caption-text\">Warren Barguil, ici sur le contre-la-montre, a brillament montr\u00e9 les couleurs de l&#39;Equipe de France Espoirs sur le Tour de Moselle (photo : Herv\u00e9 Dancerelle - www.directvelo.com)<\/p><\/div>\n<p>Retrouvez, gr\u00e2ce \u00e0 Herv\u00e9 Dancerelle (<a href=\"http:\/\/www.directvelo.com\/\">www.directvelo.com<\/a>), sur notre galerie photos quelques images de Warren Barguil qui a particip\u00e9 au Tour de Moselle\u00a0sous les couleurs de l&rsquo;\u00e9quipe de France.<\/p>\n<p><br class=\"spacer_\" \/><\/p>\n<p><br class=\"spacer_\" \/><\/p>\n<p><!--more--><\/p>\n<p><br class=\"spacer_\" \/><\/p>\n<p>Pour acc\u00e9der \u00e0 la galerie de photos,\u00a0 <a href=\"http:\/\/www.aclanester56.com\/velo\/medias\/photos\/?album=3&amp;gallery=41\">cliquez sur ce lien<\/a>.<\/p>\n<p><br class=\"spacer_\" \/><\/p>\n<p>Vous pouvez retrouver les diff\u00e9rents classements de Warren sur ce Tour de Moselle en\u00a0<a href=\"http:\/\/www.aclanester56.com\/velo\/2010\/09\/18\/warren-barguil-en-equipe-de-france-sur-le-tour-de-moselle\/\">cliquant ici<\/a>.<\/p>\n","protected":false},"excerpt":{"rendered":"<p>Retrouvez, gr\u00e2ce \u00e0 Herv\u00e9 Dancerelle (www.directvelo.com), sur notre galerie photos quelques images de Warren Barguil qui a particip\u00e9 au Tour [&hellip;]<\/p>\n","protected":false},"author":14,"featured_media":4329,"comment_status":"open","ping_status":"closed","sticky":false,"template":"","format":"standard","meta":{"ngg_post_thumbnail":0,"footnotes":""},"categories":[5,14,17],"tags":[],"class_list":["post-4328","post","type-post","status-publish","format-standard","has-post-thumbnail","hentry","category-ac-lanester-56","category-actualites-dn","category-resultats-dn"],"yoast_head":"<!-- This site is optimized with the Yoast SEO plugin v27.5 - https:\/\/yoast.com\/product\/yoast-seo-wordpress\/ -->\n<title>Retour en images sur le Tour de Moselle - Avenir Cycliste Lanester 56<\/title>\n<meta name=\"robots\" content=\"index, follow, max-snippet:-1, max-image-preview:large, max-video-preview:-1\" \/>\n<link rel=\"canonical\" href=\"https:\/\/www.aclanester56.com\/velo\/retour-en-images-sur-le-tour-de-moselle\/\" \/>\n<meta property=\"og:locale\" content=\"fr_FR\" \/>\n<meta property=\"og:type\" content=\"article\" \/>\n<meta property=\"og:title\" content=\"Retour en images sur le Tour de Moselle - Avenir Cycliste Lanester 56\" \/>\n<meta property=\"og:description\" content=\"Retrouvez, gr\u00e2ce \u00e0 Herv\u00e9 Dancerelle (www.directvelo.com), sur notre galerie photos quelques images de Warren Barguil qui a particip\u00e9 au Tour [&hellip;]\" \/>\n<meta property=\"og:url\" content=\"https:\/\/www.aclanester56.com\/velo\/retour-en-images-sur-le-tour-de-moselle\/\" \/>\n<meta property=\"og:site_name\" content=\"Avenir Cycliste Lanester 56\" \/>\n<meta property=\"article:publisher\" content=\"https:\/\/www.facebook.com\/pages\/AC-Lanester-56\/190286300991242?fref=ts\" \/>\n<meta property=\"article:published_time\" content=\"2010-09-21T11:11:29+00:00\" \/>\n<meta property=\"article:modified_time\" content=\"2010-09-22T09:43:45+00:00\" \/>\n<meta property=\"og:image\" content=\"https:\/\/www.aclanester56.com\/velo\/wp-content\/uploads\/2010\/09\/032B-BARGUIL-WARREN-800x534.jpg\" \/>\n\t<meta property=\"og:image:width\" content=\"800\" \/>\n\t<meta property=\"og:image:height\" content=\"534\" \/>\n\t<meta property=\"og:image:type\" content=\"image\/jpeg\" \/>\n<meta name=\"author\" content=\"Jean-Christophe\" \/>\n<meta name=\"twitter:label1\" content=\"\u00c9crit par\" \/>\n\t<meta name=\"twitter:data1\" content=\"Jean-Christophe\" \/>\n<script type=\"application\/ld+json\" class=\"yoast-schema-graph\">{\"@context\":\"https:\\\/\\\/schema.org\",\"@graph\":[{\"@type\":\"Article\",\"@id\":\"https:\\\/\\\/www.aclanester56.com\\\/velo\\\/retour-en-images-sur-le-tour-de-moselle\\\/#article\",\"isPartOf\":{\"@id\":\"https:\\\/\\\/www.aclanester56.com\\\/velo\\\/retour-en-images-sur-le-tour-de-moselle\\\/\"},\"author\":{\"name\":\"Jean-Christophe\",\"@id\":\"https:\\\/\\\/www.aclanester56.com\\\/velo\\\/#\\\/schema\\\/person\\\/ca2a44a5fd969e9dd846c72d3b33bc01\"},\"headline\":\"Retour en images sur le Tour de Moselle\",\"datePublished\":\"2010-09-21T11:11:29+00:00\",\"dateModified\":\"2010-09-22T09:43:45+00:00\",\"mainEntityOfPage\":{\"@id\":\"https:\\\/\\\/www.aclanester56.com\\\/velo\\\/retour-en-images-sur-le-tour-de-moselle\\\/\"},\"wordCount\":105,\"commentCount\":0,\"publisher\":{\"@id\":\"https:\\\/\\\/www.aclanester56.com\\\/velo\\\/#organization\"},\"image\":{\"@id\":\"https:\\\/\\\/www.aclanester56.com\\\/velo\\\/retour-en-images-sur-le-tour-de-moselle\\\/#primaryimage\"},\"thumbnailUrl\":\"https:\\\/\\\/www.aclanester56.com\\\/velo\\\/wp-content\\\/uploads\\\/2010\\\/09\\\/032B-BARGUIL-WARREN.jpg\",\"articleSection\":[\"AC LANESTER 56\",\"Actualit\u00e9s DN\",\"R\u00e9sultats DN\"],\"inLanguage\":\"fr-FR\",\"potentialAction\":[{\"@type\":\"CommentAction\",\"name\":\"Comment\",\"target\":[\"https:\\\/\\\/www.aclanester56.com\\\/velo\\\/retour-en-images-sur-le-tour-de-moselle\\\/#respond\"]}]},{\"@type\":\"WebPage\",\"@id\":\"https:\\\/\\\/www.aclanester56.com\\\/velo\\\/retour-en-images-sur-le-tour-de-moselle\\\/\",\"url\":\"https:\\\/\\\/www.aclanester56.com\\\/velo\\\/retour-en-images-sur-le-tour-de-moselle\\\/\",\"name\":\"Retour en images sur le Tour de Moselle - Avenir Cycliste Lanester 56\",\"isPartOf\":{\"@id\":\"https:\\\/\\\/www.aclanester56.com\\\/velo\\\/#website\"},\"primaryImageOfPage\":{\"@id\":\"https:\\\/\\\/www.aclanester56.com\\\/velo\\\/retour-en-images-sur-le-tour-de-moselle\\\/#primaryimage\"},\"image\":{\"@id\":\"https:\\\/\\\/www.aclanester56.com\\\/velo\\\/retour-en-images-sur-le-tour-de-moselle\\\/#primaryimage\"},\"thumbnailUrl\":\"https:\\\/\\\/www.aclanester56.com\\\/velo\\\/wp-content\\\/uploads\\\/2010\\\/09\\\/032B-BARGUIL-WARREN.jpg\",\"datePublished\":\"2010-09-21T11:11:29+00:00\",\"dateModified\":\"2010-09-22T09:43:45+00:00\",\"inLanguage\":\"fr-FR\",\"potentialAction\":[{\"@type\":\"ReadAction\",\"target\":[\"https:\\\/\\\/www.aclanester56.com\\\/velo\\\/retour-en-images-sur-le-tour-de-moselle\\\/\"]}]},{\"@type\":\"ImageObject\",\"inLanguage\":\"fr-FR\",\"@id\":\"https:\\\/\\\/www.aclanester56.com\\\/velo\\\/retour-en-images-sur-le-tour-de-moselle\\\/#primaryimage\",\"url\":\"https:\\\/\\\/www.aclanester56.com\\\/velo\\\/wp-content\\\/uploads\\\/2010\\\/09\\\/032B-BARGUIL-WARREN.jpg\",\"contentUrl\":\"https:\\\/\\\/www.aclanester56.com\\\/velo\\\/wp-content\\\/uploads\\\/2010\\\/09\\\/032B-BARGUIL-WARREN.jpg\",\"width\":2896,\"height\":1936,\"caption\":\"Warren Barguil, ici sur le contre-la-montre, a brillament montr\u00e9 les couleurs de l'Equipe de France Espoirs sur le Tour de Moselle (photo : Herv\u00e9 Dancerelle - www.directvelo.com)\"},{\"@type\":\"WebSite\",\"@id\":\"https:\\\/\\\/www.aclanester56.com\\\/velo\\\/#website\",\"url\":\"https:\\\/\\\/www.aclanester56.com\\\/velo\\\/\",\"name\":\"Avenir Cycliste Lanester 56\",\"description\":\"Club cycliste de l&#039;AC LANESTER 56\",\"publisher\":{\"@id\":\"https:\\\/\\\/www.aclanester56.com\\\/velo\\\/#organization\"},\"potentialAction\":[{\"@type\":\"SearchAction\",\"target\":{\"@type\":\"EntryPoint\",\"urlTemplate\":\"https:\\\/\\\/www.aclanester56.com\\\/velo\\\/?s={search_term_string}\"},\"query-input\":{\"@type\":\"PropertyValueSpecification\",\"valueRequired\":true,\"valueName\":\"search_term_string\"}}],\"inLanguage\":\"fr-FR\"},{\"@type\":\"Organization\",\"@id\":\"https:\\\/\\\/www.aclanester56.com\\\/velo\\\/#organization\",\"name\":\"Avenir Cycliste Lanester 56\",\"url\":\"https:\\\/\\\/www.aclanester56.com\\\/velo\\\/\",\"logo\":{\"@type\":\"ImageObject\",\"inLanguage\":\"fr-FR\",\"@id\":\"https:\\\/\\\/www.aclanester56.com\\\/velo\\\/#\\\/schema\\\/logo\\\/image\\\/\",\"url\":\"https:\\\/\\\/www.aclanester56.com\\\/velo\\\/wp-content\\\/uploads\\\/2013\\\/04\\\/logo-ACL.jpg\",\"contentUrl\":\"https:\\\/\\\/www.aclanester56.com\\\/velo\\\/wp-content\\\/uploads\\\/2013\\\/04\\\/logo-ACL.jpg\",\"width\":400,\"height\":334,\"caption\":\"Avenir Cycliste Lanester 56\"},\"image\":{\"@id\":\"https:\\\/\\\/www.aclanester56.com\\\/velo\\\/#\\\/schema\\\/logo\\\/image\\\/\"},\"sameAs\":[\"https:\\\/\\\/www.facebook.com\\\/pages\\\/AC-Lanester-56\\\/190286300991242?fref=ts\"]},{\"@type\":\"Person\",\"@id\":\"https:\\\/\\\/www.aclanester56.com\\\/velo\\\/#\\\/schema\\\/person\\\/ca2a44a5fd969e9dd846c72d3b33bc01\",\"name\":\"Jean-Christophe\",\"url\":\"https:\\\/\\\/www.aclanester56.com\\\/velo\\\/author\\\/jeanchristophe\\\/\"}]}<\/script>\n<!-- \/ Yoast SEO plugin. -->","yoast_head_json":{"title":"Retour en images sur le Tour de Moselle - Avenir Cycliste Lanester 56","robots":{"index":"index","follow":"follow","max-snippet":"max-snippet:-1","max-image-preview":"max-image-preview:large","max-video-preview":"max-video-preview:-1"},"canonical":"https:\/\/www.aclanester56.com\/velo\/retour-en-images-sur-le-tour-de-moselle\/","og_locale":"fr_FR","og_type":"article","og_title":"Retour en images sur le Tour de Moselle - Avenir Cycliste Lanester 56","og_description":"Retrouvez, gr\u00e2ce \u00e0 Herv\u00e9 Dancerelle (www.directvelo.com), sur notre galerie photos quelques images de Warren Barguil qui a particip\u00e9 au Tour [&hellip;]","og_url":"https:\/\/www.aclanester56.com\/velo\/retour-en-images-sur-le-tour-de-moselle\/","og_site_name":"Avenir Cycliste Lanester 56","article_publisher":"https:\/\/www.facebook.com\/pages\/AC-Lanester-56\/190286300991242?fref=ts","article_published_time":"2010-09-21T11:11:29+00:00","article_modified_time":"2010-09-22T09:43:45+00:00","og_image":[{"width":800,"height":534,"url":"https:\/\/www.aclanester56.com\/velo\/wp-content\/uploads\/2010\/09\/032B-BARGUIL-WARREN-800x534.jpg","type":"image\/jpeg"}],"author":"Jean-Christophe","twitter_misc":{"\u00c9crit par":"Jean-Christophe"},"schema":{"@context":"https:\/\/schema.org","@graph":[{"@type":"Article","@id":"https:\/\/www.aclanester56.com\/velo\/retour-en-images-sur-le-tour-de-moselle\/#article","isPartOf":{"@id":"https:\/\/www.aclanester56.com\/velo\/retour-en-images-sur-le-tour-de-moselle\/"},"author":{"name":"Jean-Christophe","@id":"https:\/\/www.aclanester56.com\/velo\/#\/schema\/person\/ca2a44a5fd969e9dd846c72d3b33bc01"},"headline":"Retour en images sur le Tour de Moselle","datePublished":"2010-09-21T11:11:29+00:00","dateModified":"2010-09-22T09:43:45+00:00","mainEntityOfPage":{"@id":"https:\/\/www.aclanester56.com\/velo\/retour-en-images-sur-le-tour-de-moselle\/"},"wordCount":105,"commentCount":0,"publisher":{"@id":"https:\/\/www.aclanester56.com\/velo\/#organization"},"image":{"@id":"https:\/\/www.aclanester56.com\/velo\/retour-en-images-sur-le-tour-de-moselle\/#primaryimage"},"thumbnailUrl":"https:\/\/www.aclanester56.com\/velo\/wp-content\/uploads\/2010\/09\/032B-BARGUIL-WARREN.jpg","articleSection":["AC LANESTER 56","Actualit\u00e9s DN","R\u00e9sultats DN"],"inLanguage":"fr-FR","potentialAction":[{"@type":"CommentAction","name":"Comment","target":["https:\/\/www.aclanester56.com\/velo\/retour-en-images-sur-le-tour-de-moselle\/#respond"]}]},{"@type":"WebPage","@id":"https:\/\/www.aclanester56.com\/velo\/retour-en-images-sur-le-tour-de-moselle\/","url":"https:\/\/www.aclanester56.com\/velo\/retour-en-images-sur-le-tour-de-moselle\/","name":"Retour en images sur le Tour de Moselle - Avenir Cycliste Lanester 56","isPartOf":{"@id":"https:\/\/www.aclanester56.com\/velo\/#website"},"primaryImageOfPage":{"@id":"https:\/\/www.aclanester56.com\/velo\/retour-en-images-sur-le-tour-de-moselle\/#primaryimage"},"image":{"@id":"https:\/\/www.aclanester56.com\/velo\/retour-en-images-sur-le-tour-de-moselle\/#primaryimage"},"thumbnailUrl":"https:\/\/www.aclanester56.com\/velo\/wp-content\/uploads\/2010\/09\/032B-BARGUIL-WARREN.jpg","datePublished":"2010-09-21T11:11:29+00:00","dateModified":"2010-09-22T09:43:45+00:00","inLanguage":"fr-FR","potentialAction":[{"@type":"ReadAction","target":["https:\/\/www.aclanester56.com\/velo\/retour-en-images-sur-le-tour-de-moselle\/"]}]},{"@type":"ImageObject","inLanguage":"fr-FR","@id":"https:\/\/www.aclanester56.com\/velo\/retour-en-images-sur-le-tour-de-moselle\/#primaryimage","url":"https:\/\/www.aclanester56.com\/velo\/wp-content\/uploads\/2010\/09\/032B-BARGUIL-WARREN.jpg","contentUrl":"https:\/\/www.aclanester56.com\/velo\/wp-content\/uploads\/2010\/09\/032B-BARGUIL-WARREN.jpg","width":2896,"height":1936,"caption":"Warren Barguil, ici sur le contre-la-montre, a brillament montr\u00e9 les couleurs de l'Equipe de France Espoirs sur le Tour de Moselle (photo : Herv\u00e9 Dancerelle - www.directvelo.com)"},{"@type":"WebSite","@id":"https:\/\/www.aclanester56.com\/velo\/#website","url":"https:\/\/www.aclanester56.com\/velo\/","name":"Avenir Cycliste Lanester 56","description":"Club cycliste de l&#039;AC LANESTER 56","publisher":{"@id":"https:\/\/www.aclanester56.com\/velo\/#organization"},"potentialAction":[{"@type":"SearchAction","target":{"@type":"EntryPoint","urlTemplate":"https:\/\/www.aclanester56.com\/velo\/?s={search_term_string}"},"query-input":{"@type":"PropertyValueSpecification","valueRequired":true,"valueName":"search_term_string"}}],"inLanguage":"fr-FR"},{"@type":"Organization","@id":"https:\/\/www.aclanester56.com\/velo\/#organization","name":"Avenir Cycliste Lanester 56","url":"https:\/\/www.aclanester56.com\/velo\/","logo":{"@type":"ImageObject","inLanguage":"fr-FR","@id":"https:\/\/www.aclanester56.com\/velo\/#\/schema\/logo\/image\/","url":"https:\/\/www.aclanester56.com\/velo\/wp-content\/uploads\/2013\/04\/logo-ACL.jpg","contentUrl":"https:\/\/www.aclanester56.com\/velo\/wp-content\/uploads\/2013\/04\/logo-ACL.jpg","width":400,"height":334,"caption":"Avenir Cycliste Lanester 56"},"image":{"@id":"https:\/\/www.aclanester56.com\/velo\/#\/schema\/logo\/image\/"},"sameAs":["https:\/\/www.facebook.com\/pages\/AC-Lanester-56\/190286300991242?fref=ts"]},{"@type":"Person","@id":"https:\/\/www.aclanester56.com\/velo\/#\/schema\/person\/ca2a44a5fd969e9dd846c72d3b33bc01","name":"Jean-Christophe","url":"https:\/\/www.aclanester56.com\/velo\/author\/jeanchristophe\/"}]}},"_links":{"self":[{"href":"https:\/\/www.aclanester56.com\/velo\/wp-json\/wp\/v2\/posts\/4328","targetHints":{"allow":["GET"]}}],"collection":[{"href":"https:\/\/www.aclanester56.com\/velo\/wp-json\/wp\/v2\/posts"}],"about":[{"href":"https:\/\/www.aclanester56.com\/velo\/wp-json\/wp\/v2\/types\/post"}],"author":[{"embeddable":true,"href":"https:\/\/www.aclanester56.com\/velo\/wp-json\/wp\/v2\/users\/14"}],"replies":[{"embeddable":true,"href":"https:\/\/www.aclanester56.com\/velo\/wp-json\/wp\/v2\/comments?post=4328"}],"version-history":[{"count":0,"href":"https:\/\/www.aclanester56.com\/velo\/wp-json\/wp\/v2\/posts\/4328\/revisions"}],"wp:featuredmedia":[{"embeddable":true,"href":"https:\/\/www.aclanester56.com\/velo\/wp-json\/wp\/v2\/media\/4329"}],"wp:attachment":[{"href":"https:\/\/www.aclanester56.com\/velo\/wp-json\/wp\/v2\/media?parent=4328"}],"wp:term":[{"taxonomy":"category","embeddable":true,"href":"https:\/\/www.aclanester56.com\/velo\/wp-json\/wp\/v2\/categories?post=4328"},{"taxonomy":"post_tag","embeddable":true,"href":"https:\/\/www.aclanester56.com\/velo\/wp-json\/wp\/v2\/tags?post=4328"}],"curies":[{"name":"wp","href":"https:\/\/api.w.org\/{rel}","templated":true}]}}