{"id":4394,"date":"2010-09-27T11:01:25","date_gmt":"2010-09-27T10:01:25","guid":{"rendered":"http:\/\/www.aclanester56.com\/velo\/?p=4394"},"modified":"2010-09-28T10:12:05","modified_gmt":"2010-09-28T09:12:05","slug":"championnat-de-bretagne-du-contre-la-montre-2-podiums-pour-les-lanesteriens","status":"publish","type":"post","link":"https:\/\/www.aclanester56.com\/velo\/championnat-de-bretagne-du-contre-la-montre-2-podiums-pour-les-lanesteriens\/","title":{"rendered":"Championnat de Bretagne du Contre-la-Montre : 2 podiums pour les Lanest\u00e9riens !"},"content":{"rendered":"<div id=\"attachment_4402\" style=\"width: 410px\" class=\"wp-caption alignleft\"><a href=\"http:\/\/www.aclanester56.com\/velo\/wp-content\/uploads\/2010\/09\/CLM_Bretagne_2010_05-800x533.jpg\"><img loading=\"lazy\" decoding=\"async\" aria-describedby=\"caption-attachment-4402\" class=\"size-large wp-image-4402\" title=\"Le Lanest\u00e9rien Vincent GUEGO passe de tr\u00e8s peu \u00e0 c\u00f4t\u00e9 du titre de champion de Bretagne \u00e0 Lanfains ! (photo Pascal MERIEN)\" src=\"http:\/\/www.aclanester56.com\/velo\/wp-content\/uploads\/2010\/09\/CLM_Bretagne_2010_05-800x533.jpg\" alt=\"\" width=\"400\" height=\"265\" \/><\/a><p id=\"caption-attachment-4402\" class=\"wp-caption-text\">Le Lanest\u00e9rien Vincent GUEGO passe de tr\u00e8s peu \u00e0 c\u00f4t\u00e9 du titre de champion de Bretagne \u00e0 Lanfains ! (photo Pascal MERIEN)<\/p><\/div>\n<p>Le championnat de Bretagne du contre-la-montre i<span style=\"font-size: small;\">ndividuel se disputait hier \u00e0 Lanfains, petite ville des C\u00f4tes d&rsquo;Armor situ\u00e9e quelques kilom\u00e8tres au Sud de Quintin. Face \u00e0 une rude concurrence, les Lanest\u00e9riens s&rsquo;y sont d\u00e9plac\u00e9s avec ambition, et ne sont vraiment pas pass\u00e9s loin du titre &#8230;<\/span><\/p>\n<p><!--more--><\/p>\n<p><span style=\"font-size: small;\">Titrant les sp\u00e9cialistes de la discipline dans les cat\u00e9gories f\u00e9minines, juniors, espoirs et \u00e9lites hommes, ce championnat \u00e9tait organis\u00e9 par Marcel Rault, <a href=\"http:\/\/cyclesrault.com\/\">partenaire de l&rsquo;AC Lanester 56<\/a>, et \u00e9galement papa de Yann Rault, coureur au club et champion du Morbihan \u00e9lite 2010. Les juniors avaient \u00e0 parcourir une boucle de 13.5 kms en solitaire, tandis que les espoirs et \u00e9lites devaient parcourir cette m\u00eame boucle \u00e0 deux reprises. <\/span><\/p>\n<p><span style=\"font-size: small;\"> <\/span><\/p>\n<div id=\"attachment_4407\" style=\"width: 410px\" class=\"wp-caption alignright\"><a href=\"http:\/\/www.aclanester56.com\/velo\/wp-content\/uploads\/2010\/09\/CLM_Bretagne_2010_09-800x533.jpg\"><img loading=\"lazy\" decoding=\"async\" aria-describedby=\"caption-attachment-4407\" class=\"size-large wp-image-4407\" title=\"Vincent GUEGO, ici \u00e0 gauche, vice-champion de Bretagne pour la 2\u00e8me ann\u00e9e cons\u00e9cutive, prouve qu'il figure bien parmi les meilleurs Bretons !\" src=\"http:\/\/www.aclanester56.com\/velo\/wp-content\/uploads\/2010\/09\/CLM_Bretagne_2010_09-800x533.jpg\" alt=\"\" width=\"400\" height=\"265\" \/><\/a><p id=\"caption-attachment-4407\" class=\"wp-caption-text\">Vincent GUEGO, ici \u00e0 gauche, vice-champion de Bretagne pour la 2\u00e8me ann\u00e9e cons\u00e9cutive, prouve qu&#39;il figure bien parmi les meilleurs sp\u00e9cialistes bretons du chrono ! (photo Pascal MERIEN)<\/p><\/div>\n<p>Dans la course des juniors, o\u00f9 le champion de France et le champion du Monde notamment \u00e9taient au d\u00e9part, les deux Lanest\u00e9riens engag\u00e9s ont r\u00e9alis\u00e9 une belle course, Thomas Le Boucher et Anthony Mira terminant respectivement \u00e0 la 8\u00e8me place et \u00e0 la 9\u00e8me place, avec moins d&rsquo;une seconde d&rsquo;\u00e9cart entre chacun d&rsquo;eux ! Ils conc\u00e8dent tous les deux moins de 30 secondes au vainqueur, le Languidicien Jordann Le Gal.<\/p>\n<p><br class=\"spacer_\" \/><\/p>\n<p><span style=\"font-size: small;\">Chez les \u00e9lites, le Lanest\u00e9rien Vincent Gu\u00e9go, d\u00e9j\u00e0 vice champion de Bretagne du contre-la-montre l&rsquo;an pass\u00e9, termine une nouvelle fois second, conc\u00e9dant cette fois seulement 6 secondes au Hennebontais Florian Auberger, qui remporte le titre. Warren Barguil termine \u00e0 la 6\u00e8me place au classement scratch, et monte sur la troisi\u00e8me marche du podium du championnat de Bretagne du contre-la-montre dans la cat\u00e9gorie espoir, \u00e0 moins de 5 secondes du champion espoir Florent Mall\u00e9gol. <\/span><\/p>\n<div id=\"attachment_4410\" style=\"width: 410px\" class=\"wp-caption alignleft\"><a href=\"http:\/\/www.aclanester56.com\/velo\/wp-content\/uploads\/2010\/09\/CLM_Bretagne_2010_08-800x533.jpg\"><img loading=\"lazy\" decoding=\"async\" aria-describedby=\"caption-attachment-4410\" class=\"size-large wp-image-4410\" title=\"Warren Barguil, ici \u00e0 droite, vainqueur la veille sur les fortes pentes de Quimperl\u00e9, montre qu'il est \u00e9galement un solide rouleur en terminant \u00e0 la 3\u00e8me place du championnat de Bretagne espoirs (photo Pascal MERIEN)\" src=\"http:\/\/www.aclanester56.com\/velo\/wp-content\/uploads\/2010\/09\/CLM_Bretagne_2010_08-800x533.jpg\" alt=\"\" width=\"400\" height=\"265\" \/><\/a><p id=\"caption-attachment-4410\" class=\"wp-caption-text\">Warren BARGUIL, ici \u00e0 droite, vainqueur la veille sur les fortes pentes de Quimperl\u00e9, montre qu&#39;il est \u00e9galement un solide rouleur en terminant \u00e0 la 3\u00e8me place du championnat de Bretagne espoirs (photo Pascal MERIEN)<\/p><\/div>\n<p><br class=\"spacer_\" \/><\/p>\n<p>Retrouvez sur notre galerie photo (<a href=\"http:\/\/www.aclanester56.com\/velo\/medias\/photos\/?album=3&amp;gallery=42\">en cliquant ici<\/a>), quelques clich\u00e9s des Lanest\u00e9riens pris par Pascal MERIEN \u00e0 Lanfains hier, que nous remercions beaucoup !<\/p>\n<p><br class=\"spacer_\" \/><\/p>\n<p><br class=\"spacer_\" \/><\/p>\n<p><br class=\"spacer_\" \/><\/p>\n<p><br class=\"spacer_\" \/><\/p>\n<p><br class=\"spacer_\" \/><\/p>\n<p><br class=\"spacer_\" \/><\/p>\n<p><br class=\"spacer_\" \/><\/p>\n<p><br class=\"spacer_\" \/><\/p>\n<p><span style=\"font-size: small;\"><br \/>\n <\/span><\/p>\n<p><span style=\"font-size: small;\"><span style=\"text-decoration: underline;\"><strong>Classement Juniors hommes :<\/strong><\/span><\/span><\/p>\n<p>1 Jordan Le Gal (VC Languidic) \u00a0les 13.5 kms en 18&rsquo;44\u00a0\u00bb (moyenne : 43.225 km\/h)<br \/>\n 2 Olivier Le Gac (VS Plabennec) \u00e0 1&Prime;<br \/>\n 3 Maxime Bredin (VSP Lamballe) \u00e0 11&Prime;<br \/>\n 4 Mathieu Le Lavandier (VC Pontivy) \u00e0 11&Prime;<br \/>\n 5 Vincent Colas (VSP Lamballe) \u00e0 18&Prime;<br \/>\n 6 Maxime Cam (UC Briochine) \u00e0 19&Prime;<br \/>\n 7 Maxime Le Lavandier (VC Pontivy) \u00e0 24&Prime;<br \/>\n <span style=\"background-color: #ff6600;\"> 8 Thomas Le Boucher (AC Lanester 56) \u00e0 26&Prime;<br \/>\n 9 Anthony Mira (AC Lanester 56) \u00e0 27&Prime;<\/span><br \/>\n 10 Geoffrey Millour (VS Plabennec) \u00e0 33&Prime;<\/p>\n<p><br class=\"spacer_\" \/><\/p>\n<p><span style=\"font-size: small;\"><span style=\"text-decoration: underline;\"><strong> <\/strong><\/span><\/span><\/p>\n<p><span style=\"text-decoration: underline;\"><strong>Classement Elites hommes :<\/strong><\/span><\/p>\n<p><span style=\"font-size: small;\">1 Florian Auberger (Hennebont Cyclisme) les 27 kms en 36&rsquo;16\u00a0\u00bb (moyenne : 44.651 km\/h)<br \/>\n <span style=\"background-color: #ff6600;\"> 2 Vincent Gu\u00e9go (AC Lanester 56) \u00e0 5&Prime;<br \/>\n <\/span> 3 Florent Mall\u00e9gol (C\u00f4tes d&rsquo;Armor Marie Morin) 1er espoir \u00e0 23&Prime;<br \/>\n 4 Fabien Sidaner (C\u00f4tes-d&rsquo;Armor Marie Morin) \u00e0 27&Prime;<br \/>\n 5 Maxime Daniel (Sojasun Espoir ACNC) 2e espoir \u00e0 28&Prime;<br \/>\n <span style=\"background-color: #ff6600;\"> 6 Warren Barguil (AC Lanester 56) 3e espoir \u00e0 28&Prime;<br \/>\n <\/span> 7 Armindo Fonseca (C\u00f4tes d&rsquo;Armor Marie Morin) \u00e0 1&rsquo;07\u00a0\u00bb<br \/>\n 8 Nicolas Gicquel (EC Rance Fr\u00e9mur) \u00e0 1&rsquo;26\u00a0\u00bb<br \/>\n 9 Julien J\u00e9gou (C\u00f4tes d&rsquo;Armor\u00a0 Marie Morin) \u00e0 1&rsquo;34\u00a0\u00bb<br \/>\n 10 Baptiste P\u00e9cheul (Sojasun Espoir ACNC) \u00e0 1&rsquo;52\u00a0\u00bb<br \/>\n <span style=\"background-color: #ff6600;\"> 11 Romain Guillou (AC Lanester 56) \u00e0 1&rsquo;56\u00a0\u00bb<br \/>\n 15 K\u00e9vin Sadoudi (AC Lanester 56) \u00e0 2&rsquo;38\u00a0\u00bb<br \/>\n 19 William Le Corre (AC Lanester 56) \u00e0 3&rsquo;17\u00a0\u00bb<br \/>\n 25 Mathieu GAULTIER (AC Lanester 56) \u00e0 4&rsquo;11\u00a0\u00bb<\/span><\/span><\/p>\n<p><br class=\"spacer_\" \/><\/p>\n<p><span style=\"font-size: xx-small;\"><br \/>\n <\/span><\/p>\n<p><span style=\"font-size: small;\"><br \/>\n <\/span><\/p>\n","protected":false},"excerpt":{"rendered":"<p>Le championnat de Bretagne du contre-la-montre individuel se disputait hier \u00e0 Lanfains, petite ville des C\u00f4tes d&rsquo;Armor situ\u00e9e quelques kilom\u00e8tres [&hellip;]<\/p>\n","protected":false},"author":14,"featured_media":4402,"comment_status":"open","ping_status":"closed","sticky":false,"template":"","format":"standard","meta":{"ngg_post_thumbnail":0,"footnotes":""},"categories":[5,14,17,21],"tags":[],"class_list":["post-4394","post","type-post","status-publish","format-standard","has-post-thumbnail","hentry","category-ac-lanester-56","category-actualites-dn","category-resultats-dn","category-resultats-juniors"],"yoast_head":"<!-- This site is optimized with the Yoast SEO plugin v27.4 - https:\/\/yoast.com\/product\/yoast-seo-wordpress\/ -->\n<title>Championnat de Bretagne du Contre-la-Montre : 2 podiums pour les Lanest\u00e9riens ! - Avenir Cycliste Lanester 56<\/title>\n<meta name=\"robots\" content=\"index, follow, max-snippet:-1, max-image-preview:large, max-video-preview:-1\" \/>\n<link rel=\"canonical\" href=\"https:\/\/www.aclanester56.com\/velo\/championnat-de-bretagne-du-contre-la-montre-2-podiums-pour-les-lanesteriens\/\" \/>\n<meta property=\"og:locale\" content=\"fr_FR\" \/>\n<meta property=\"og:type\" content=\"article\" \/>\n<meta property=\"og:title\" content=\"Championnat de Bretagne du Contre-la-Montre : 2 podiums pour les Lanest\u00e9riens ! - Avenir Cycliste Lanester 56\" \/>\n<meta property=\"og:description\" content=\"Le championnat de Bretagne du contre-la-montre individuel se disputait hier \u00e0 Lanfains, petite ville des C\u00f4tes d&rsquo;Armor situ\u00e9e quelques kilom\u00e8tres [&hellip;]\" \/>\n<meta property=\"og:url\" content=\"https:\/\/www.aclanester56.com\/velo\/championnat-de-bretagne-du-contre-la-montre-2-podiums-pour-les-lanesteriens\/\" \/>\n<meta property=\"og:site_name\" content=\"Avenir Cycliste Lanester 56\" \/>\n<meta property=\"article:publisher\" content=\"https:\/\/www.facebook.com\/pages\/AC-Lanester-56\/190286300991242?fref=ts\" \/>\n<meta property=\"article:published_time\" content=\"2010-09-27T10:01:25+00:00\" \/>\n<meta property=\"article:modified_time\" content=\"2010-09-28T09:12:05+00:00\" \/>\n<meta property=\"og:image\" content=\"https:\/\/www.aclanester56.com\/velo\/wp-content\/uploads\/2010\/09\/CLM_Bretagne_2010_05.jpg\" \/>\n\t<meta property=\"og:image:width\" content=\"1280\" \/>\n\t<meta property=\"og:image:height\" content=\"853\" \/>\n\t<meta property=\"og:image:type\" content=\"image\/jpeg\" \/>\n<meta name=\"author\" content=\"Jean-Christophe\" \/>\n<meta name=\"twitter:label1\" content=\"\u00c9crit par\" \/>\n\t<meta name=\"twitter:data1\" content=\"Jean-Christophe\" \/>\n\t<meta name=\"twitter:label2\" content=\"Dur\u00e9e de lecture estim\u00e9e\" \/>\n\t<meta name=\"twitter:data2\" content=\"3 minutes\" \/>\n<script type=\"application\/ld+json\" class=\"yoast-schema-graph\">{\"@context\":\"https:\\\/\\\/schema.org\",\"@graph\":[{\"@type\":\"Article\",\"@id\":\"https:\\\/\\\/www.aclanester56.com\\\/velo\\\/championnat-de-bretagne-du-contre-la-montre-2-podiums-pour-les-lanesteriens\\\/#article\",\"isPartOf\":{\"@id\":\"https:\\\/\\\/www.aclanester56.com\\\/velo\\\/championnat-de-bretagne-du-contre-la-montre-2-podiums-pour-les-lanesteriens\\\/\"},\"author\":{\"name\":\"Jean-Christophe\",\"@id\":\"https:\\\/\\\/www.aclanester56.com\\\/velo\\\/#\\\/schema\\\/person\\\/ca2a44a5fd969e9dd846c72d3b33bc01\"},\"headline\":\"Championnat de Bretagne du Contre-la-Montre : 2 podiums pour les Lanest\u00e9riens !\",\"datePublished\":\"2010-09-27T10:01:25+00:00\",\"dateModified\":\"2010-09-28T09:12:05+00:00\",\"mainEntityOfPage\":{\"@id\":\"https:\\\/\\\/www.aclanester56.com\\\/velo\\\/championnat-de-bretagne-du-contre-la-montre-2-podiums-pour-les-lanesteriens\\\/\"},\"wordCount\":565,\"commentCount\":0,\"publisher\":{\"@id\":\"https:\\\/\\\/www.aclanester56.com\\\/velo\\\/#organization\"},\"image\":{\"@id\":\"https:\\\/\\\/www.aclanester56.com\\\/velo\\\/championnat-de-bretagne-du-contre-la-montre-2-podiums-pour-les-lanesteriens\\\/#primaryimage\"},\"thumbnailUrl\":\"https:\\\/\\\/www.aclanester56.com\\\/velo\\\/wp-content\\\/uploads\\\/2010\\\/09\\\/CLM_Bretagne_2010_05.jpg\",\"articleSection\":[\"AC LANESTER 56\",\"Actualit\u00e9s DN\",\"R\u00e9sultats DN\",\"R\u00e9sultats Juniors\"],\"inLanguage\":\"fr-FR\",\"potentialAction\":[{\"@type\":\"CommentAction\",\"name\":\"Comment\",\"target\":[\"https:\\\/\\\/www.aclanester56.com\\\/velo\\\/championnat-de-bretagne-du-contre-la-montre-2-podiums-pour-les-lanesteriens\\\/#respond\"]}]},{\"@type\":\"WebPage\",\"@id\":\"https:\\\/\\\/www.aclanester56.com\\\/velo\\\/championnat-de-bretagne-du-contre-la-montre-2-podiums-pour-les-lanesteriens\\\/\",\"url\":\"https:\\\/\\\/www.aclanester56.com\\\/velo\\\/championnat-de-bretagne-du-contre-la-montre-2-podiums-pour-les-lanesteriens\\\/\",\"name\":\"Championnat de Bretagne du Contre-la-Montre : 2 podiums pour les Lanest\u00e9riens ! - Avenir Cycliste Lanester 56\",\"isPartOf\":{\"@id\":\"https:\\\/\\\/www.aclanester56.com\\\/velo\\\/#website\"},\"primaryImageOfPage\":{\"@id\":\"https:\\\/\\\/www.aclanester56.com\\\/velo\\\/championnat-de-bretagne-du-contre-la-montre-2-podiums-pour-les-lanesteriens\\\/#primaryimage\"},\"image\":{\"@id\":\"https:\\\/\\\/www.aclanester56.com\\\/velo\\\/championnat-de-bretagne-du-contre-la-montre-2-podiums-pour-les-lanesteriens\\\/#primaryimage\"},\"thumbnailUrl\":\"https:\\\/\\\/www.aclanester56.com\\\/velo\\\/wp-content\\\/uploads\\\/2010\\\/09\\\/CLM_Bretagne_2010_05.jpg\",\"datePublished\":\"2010-09-27T10:01:25+00:00\",\"dateModified\":\"2010-09-28T09:12:05+00:00\",\"inLanguage\":\"fr-FR\",\"potentialAction\":[{\"@type\":\"ReadAction\",\"target\":[\"https:\\\/\\\/www.aclanester56.com\\\/velo\\\/championnat-de-bretagne-du-contre-la-montre-2-podiums-pour-les-lanesteriens\\\/\"]}]},{\"@type\":\"ImageObject\",\"inLanguage\":\"fr-FR\",\"@id\":\"https:\\\/\\\/www.aclanester56.com\\\/velo\\\/championnat-de-bretagne-du-contre-la-montre-2-podiums-pour-les-lanesteriens\\\/#primaryimage\",\"url\":\"https:\\\/\\\/www.aclanester56.com\\\/velo\\\/wp-content\\\/uploads\\\/2010\\\/09\\\/CLM_Bretagne_2010_05.jpg\",\"contentUrl\":\"https:\\\/\\\/www.aclanester56.com\\\/velo\\\/wp-content\\\/uploads\\\/2010\\\/09\\\/CLM_Bretagne_2010_05.jpg\",\"width\":1280,\"height\":853,\"caption\":\"Le Lanest\u00e9rien Vincent GUEGO passe de tr\u00e8s peu \u00e0 c\u00f4t\u00e9 du titre de champion de Bretagne \u00e0 Lanfains ! (photo Pascal MERIEN)\"},{\"@type\":\"WebSite\",\"@id\":\"https:\\\/\\\/www.aclanester56.com\\\/velo\\\/#website\",\"url\":\"https:\\\/\\\/www.aclanester56.com\\\/velo\\\/\",\"name\":\"Avenir Cycliste Lanester 56\",\"description\":\"Club cycliste de l&#039;AC LANESTER 56\",\"publisher\":{\"@id\":\"https:\\\/\\\/www.aclanester56.com\\\/velo\\\/#organization\"},\"potentialAction\":[{\"@type\":\"SearchAction\",\"target\":{\"@type\":\"EntryPoint\",\"urlTemplate\":\"https:\\\/\\\/www.aclanester56.com\\\/velo\\\/?s={search_term_string}\"},\"query-input\":{\"@type\":\"PropertyValueSpecification\",\"valueRequired\":true,\"valueName\":\"search_term_string\"}}],\"inLanguage\":\"fr-FR\"},{\"@type\":\"Organization\",\"@id\":\"https:\\\/\\\/www.aclanester56.com\\\/velo\\\/#organization\",\"name\":\"Avenir Cycliste Lanester 56\",\"url\":\"https:\\\/\\\/www.aclanester56.com\\\/velo\\\/\",\"logo\":{\"@type\":\"ImageObject\",\"inLanguage\":\"fr-FR\",\"@id\":\"https:\\\/\\\/www.aclanester56.com\\\/velo\\\/#\\\/schema\\\/logo\\\/image\\\/\",\"url\":\"https:\\\/\\\/www.aclanester56.com\\\/velo\\\/wp-content\\\/uploads\\\/2013\\\/04\\\/logo-ACL.jpg\",\"contentUrl\":\"https:\\\/\\\/www.aclanester56.com\\\/velo\\\/wp-content\\\/uploads\\\/2013\\\/04\\\/logo-ACL.jpg\",\"width\":400,\"height\":334,\"caption\":\"Avenir Cycliste Lanester 56\"},\"image\":{\"@id\":\"https:\\\/\\\/www.aclanester56.com\\\/velo\\\/#\\\/schema\\\/logo\\\/image\\\/\"},\"sameAs\":[\"https:\\\/\\\/www.facebook.com\\\/pages\\\/AC-Lanester-56\\\/190286300991242?fref=ts\"]},{\"@type\":\"Person\",\"@id\":\"https:\\\/\\\/www.aclanester56.com\\\/velo\\\/#\\\/schema\\\/person\\\/ca2a44a5fd969e9dd846c72d3b33bc01\",\"name\":\"Jean-Christophe\",\"url\":\"https:\\\/\\\/www.aclanester56.com\\\/velo\\\/author\\\/jeanchristophe\\\/\"}]}<\/script>\n<!-- \/ Yoast SEO plugin. -->","yoast_head_json":{"title":"Championnat de Bretagne du Contre-la-Montre : 2 podiums pour les Lanest\u00e9riens ! - Avenir Cycliste Lanester 56","robots":{"index":"index","follow":"follow","max-snippet":"max-snippet:-1","max-image-preview":"max-image-preview:large","max-video-preview":"max-video-preview:-1"},"canonical":"https:\/\/www.aclanester56.com\/velo\/championnat-de-bretagne-du-contre-la-montre-2-podiums-pour-les-lanesteriens\/","og_locale":"fr_FR","og_type":"article","og_title":"Championnat de Bretagne du Contre-la-Montre : 2 podiums pour les Lanest\u00e9riens ! - Avenir Cycliste Lanester 56","og_description":"Le championnat de Bretagne du contre-la-montre individuel se disputait hier \u00e0 Lanfains, petite ville des C\u00f4tes d&rsquo;Armor situ\u00e9e quelques kilom\u00e8tres [&hellip;]","og_url":"https:\/\/www.aclanester56.com\/velo\/championnat-de-bretagne-du-contre-la-montre-2-podiums-pour-les-lanesteriens\/","og_site_name":"Avenir Cycliste Lanester 56","article_publisher":"https:\/\/www.facebook.com\/pages\/AC-Lanester-56\/190286300991242?fref=ts","article_published_time":"2010-09-27T10:01:25+00:00","article_modified_time":"2010-09-28T09:12:05+00:00","og_image":[{"width":1280,"height":853,"url":"https:\/\/www.aclanester56.com\/velo\/wp-content\/uploads\/2010\/09\/CLM_Bretagne_2010_05.jpg","type":"image\/jpeg"}],"author":"Jean-Christophe","twitter_misc":{"\u00c9crit par":"Jean-Christophe","Dur\u00e9e de lecture estim\u00e9e":"3 minutes"},"schema":{"@context":"https:\/\/schema.org","@graph":[{"@type":"Article","@id":"https:\/\/www.aclanester56.com\/velo\/championnat-de-bretagne-du-contre-la-montre-2-podiums-pour-les-lanesteriens\/#article","isPartOf":{"@id":"https:\/\/www.aclanester56.com\/velo\/championnat-de-bretagne-du-contre-la-montre-2-podiums-pour-les-lanesteriens\/"},"author":{"name":"Jean-Christophe","@id":"https:\/\/www.aclanester56.com\/velo\/#\/schema\/person\/ca2a44a5fd969e9dd846c72d3b33bc01"},"headline":"Championnat de Bretagne du Contre-la-Montre : 2 podiums pour les Lanest\u00e9riens !","datePublished":"2010-09-27T10:01:25+00:00","dateModified":"2010-09-28T09:12:05+00:00","mainEntityOfPage":{"@id":"https:\/\/www.aclanester56.com\/velo\/championnat-de-bretagne-du-contre-la-montre-2-podiums-pour-les-lanesteriens\/"},"wordCount":565,"commentCount":0,"publisher":{"@id":"https:\/\/www.aclanester56.com\/velo\/#organization"},"image":{"@id":"https:\/\/www.aclanester56.com\/velo\/championnat-de-bretagne-du-contre-la-montre-2-podiums-pour-les-lanesteriens\/#primaryimage"},"thumbnailUrl":"https:\/\/www.aclanester56.com\/velo\/wp-content\/uploads\/2010\/09\/CLM_Bretagne_2010_05.jpg","articleSection":["AC LANESTER 56","Actualit\u00e9s DN","R\u00e9sultats DN","R\u00e9sultats Juniors"],"inLanguage":"fr-FR","potentialAction":[{"@type":"CommentAction","name":"Comment","target":["https:\/\/www.aclanester56.com\/velo\/championnat-de-bretagne-du-contre-la-montre-2-podiums-pour-les-lanesteriens\/#respond"]}]},{"@type":"WebPage","@id":"https:\/\/www.aclanester56.com\/velo\/championnat-de-bretagne-du-contre-la-montre-2-podiums-pour-les-lanesteriens\/","url":"https:\/\/www.aclanester56.com\/velo\/championnat-de-bretagne-du-contre-la-montre-2-podiums-pour-les-lanesteriens\/","name":"Championnat de Bretagne du Contre-la-Montre : 2 podiums pour les Lanest\u00e9riens ! - Avenir Cycliste Lanester 56","isPartOf":{"@id":"https:\/\/www.aclanester56.com\/velo\/#website"},"primaryImageOfPage":{"@id":"https:\/\/www.aclanester56.com\/velo\/championnat-de-bretagne-du-contre-la-montre-2-podiums-pour-les-lanesteriens\/#primaryimage"},"image":{"@id":"https:\/\/www.aclanester56.com\/velo\/championnat-de-bretagne-du-contre-la-montre-2-podiums-pour-les-lanesteriens\/#primaryimage"},"thumbnailUrl":"https:\/\/www.aclanester56.com\/velo\/wp-content\/uploads\/2010\/09\/CLM_Bretagne_2010_05.jpg","datePublished":"2010-09-27T10:01:25+00:00","dateModified":"2010-09-28T09:12:05+00:00","inLanguage":"fr-FR","potentialAction":[{"@type":"ReadAction","target":["https:\/\/www.aclanester56.com\/velo\/championnat-de-bretagne-du-contre-la-montre-2-podiums-pour-les-lanesteriens\/"]}]},{"@type":"ImageObject","inLanguage":"fr-FR","@id":"https:\/\/www.aclanester56.com\/velo\/championnat-de-bretagne-du-contre-la-montre-2-podiums-pour-les-lanesteriens\/#primaryimage","url":"https:\/\/www.aclanester56.com\/velo\/wp-content\/uploads\/2010\/09\/CLM_Bretagne_2010_05.jpg","contentUrl":"https:\/\/www.aclanester56.com\/velo\/wp-content\/uploads\/2010\/09\/CLM_Bretagne_2010_05.jpg","width":1280,"height":853,"caption":"Le Lanest\u00e9rien Vincent GUEGO passe de tr\u00e8s peu \u00e0 c\u00f4t\u00e9 du titre de champion de Bretagne \u00e0 Lanfains ! (photo Pascal MERIEN)"},{"@type":"WebSite","@id":"https:\/\/www.aclanester56.com\/velo\/#website","url":"https:\/\/www.aclanester56.com\/velo\/","name":"Avenir Cycliste Lanester 56","description":"Club cycliste de l&#039;AC LANESTER 56","publisher":{"@id":"https:\/\/www.aclanester56.com\/velo\/#organization"},"potentialAction":[{"@type":"SearchAction","target":{"@type":"EntryPoint","urlTemplate":"https:\/\/www.aclanester56.com\/velo\/?s={search_term_string}"},"query-input":{"@type":"PropertyValueSpecification","valueRequired":true,"valueName":"search_term_string"}}],"inLanguage":"fr-FR"},{"@type":"Organization","@id":"https:\/\/www.aclanester56.com\/velo\/#organization","name":"Avenir Cycliste Lanester 56","url":"https:\/\/www.aclanester56.com\/velo\/","logo":{"@type":"ImageObject","inLanguage":"fr-FR","@id":"https:\/\/www.aclanester56.com\/velo\/#\/schema\/logo\/image\/","url":"https:\/\/www.aclanester56.com\/velo\/wp-content\/uploads\/2013\/04\/logo-ACL.jpg","contentUrl":"https:\/\/www.aclanester56.com\/velo\/wp-content\/uploads\/2013\/04\/logo-ACL.jpg","width":400,"height":334,"caption":"Avenir Cycliste Lanester 56"},"image":{"@id":"https:\/\/www.aclanester56.com\/velo\/#\/schema\/logo\/image\/"},"sameAs":["https:\/\/www.facebook.com\/pages\/AC-Lanester-56\/190286300991242?fref=ts"]},{"@type":"Person","@id":"https:\/\/www.aclanester56.com\/velo\/#\/schema\/person\/ca2a44a5fd969e9dd846c72d3b33bc01","name":"Jean-Christophe","url":"https:\/\/www.aclanester56.com\/velo\/author\/jeanchristophe\/"}]}},"_links":{"self":[{"href":"https:\/\/www.aclanester56.com\/velo\/wp-json\/wp\/v2\/posts\/4394","targetHints":{"allow":["GET"]}}],"collection":[{"href":"https:\/\/www.aclanester56.com\/velo\/wp-json\/wp\/v2\/posts"}],"about":[{"href":"https:\/\/www.aclanester56.com\/velo\/wp-json\/wp\/v2\/types\/post"}],"author":[{"embeddable":true,"href":"https:\/\/www.aclanester56.com\/velo\/wp-json\/wp\/v2\/users\/14"}],"replies":[{"embeddable":true,"href":"https:\/\/www.aclanester56.com\/velo\/wp-json\/wp\/v2\/comments?post=4394"}],"version-history":[{"count":0,"href":"https:\/\/www.aclanester56.com\/velo\/wp-json\/wp\/v2\/posts\/4394\/revisions"}],"wp:featuredmedia":[{"embeddable":true,"href":"https:\/\/www.aclanester56.com\/velo\/wp-json\/wp\/v2\/media\/4402"}],"wp:attachment":[{"href":"https:\/\/www.aclanester56.com\/velo\/wp-json\/wp\/v2\/media?parent=4394"}],"wp:term":[{"taxonomy":"category","embeddable":true,"href":"https:\/\/www.aclanester56.com\/velo\/wp-json\/wp\/v2\/categories?post=4394"},{"taxonomy":"post_tag","embeddable":true,"href":"https:\/\/www.aclanester56.com\/velo\/wp-json\/wp\/v2\/tags?post=4394"}],"curies":[{"name":"wp","href":"https:\/\/api.w.org\/{rel}","templated":true}]}}