{"id":4446,"date":"2010-10-01T22:53:12","date_gmt":"2010-10-01T21:53:12","guid":{"rendered":"http:\/\/www.aclanester56.com\/velo\/?p=4446"},"modified":"2010-10-01T22:57:53","modified_gmt":"2010-10-01T21:57:53","slug":"classement-national-par-points-ffc-tous-les-resultats","status":"publish","type":"post","link":"https:\/\/www.aclanester56.com\/velo\/classement-national-par-points-ffc-tous-les-resultats\/","title":{"rendered":"Classement national par points FFC : Tous les r\u00e9sultats !"},"content":{"rendered":"<div id=\"attachment_4447\" style=\"width: 370px\" class=\"wp-caption alignleft\"><a href=\"http:\/\/www.aclanester56.com\/velo\/wp-content\/uploads\/2010\/10\/Mickael-Siby.jpg\"><img loading=\"lazy\" decoding=\"async\" aria-describedby=\"caption-attachment-4447\" class=\"size-full wp-image-4447\" title=\"L'excellent Mickael SIBY, plusieurs fois victorieux cette ann\u00e9e, devrait franchir un nouvel \u00e9chelon la saison prochaine ! (photo Bruno PERREL)\" src=\"http:\/\/www.aclanester56.com\/velo\/wp-content\/uploads\/2010\/10\/Mickael-Siby.jpg\" alt=\"\" width=\"360\" height=\"240\" srcset=\"https:\/\/www.aclanester56.com\/velo\/wp-content\/uploads\/2010\/10\/Mickael-Siby.jpg 719w, https:\/\/www.aclanester56.com\/velo\/wp-content\/uploads\/2010\/10\/Mickael-Siby-300x199.jpg 300w\" sizes=\"auto, (max-width: 360px) 100vw, 360px\" \/><\/a><p id=\"caption-attachment-4447\" class=\"wp-caption-text\">L&#39;excellent Mickael SIBY, plusieurs fois victorieux cette ann\u00e9e 2010 qu'il a d\u00e9but\u00e9 en 3\u00e8me cat\u00e9gorie, devrait franchir un nouvel \u00e9chelon la saison prochaine ! (photo Bruno PERREL)<\/p><\/div>\n<p>Retrouvez le nombre de points marqu\u00e9s par les licenci\u00e9s Lanest\u00e9riens en cette saison 2010 !<\/p>\n<p><br class=\"spacer_\" \/><\/p>\n<p><!--more--><\/p>\n<p>La lecture de ce classement doit \u00eatre r\u00e9alis\u00e9e avec pr\u00e9caution car sa construction est compl\u00e8tement arbitraire et ne refl\u00e8te pas toujours la valeur de chaque individualit\u00e9 ! Pour rappel, il ne sert uniquement qu&rsquo;\u00e0 classifier chaque coureur dans sa nouvelle cat\u00e9gorie pour l&rsquo;ann\u00e9e 2011.<\/p>\n<p><br class=\"spacer_\" \/><\/p>\n<p><br class=\"spacer_\" \/><\/p>\n<p><br class=\"spacer_\" \/><\/p>\n<p><br class=\"spacer_\" \/><\/p>\n<p><br class=\"spacer_\" \/><\/p>\n<div id=\"_mcePaste\">Vincent RAGOT \t\t&#8211; 11902.28 Pts<\/div>\n<div id=\"_mcePaste\">Warren BARGUIL \t\t&#8211; 7685.54 Pts<\/div>\n<div id=\"_mcePaste\">Yoann DAVID \t\t&#8211; 7114.50 Pts<\/div>\n<div id=\"_mcePaste\">William LE CORRE \t\t&#8211; 3857.30 Pts<\/div>\n<div id=\"_mcePaste\">Vincent GUEZENNEC \t&#8211; 2545.79 Pts<\/div>\n<div id=\"_mcePaste\">Vincent GUEGO \t\t&#8211; 2139.88 Pts<\/div>\n<div id=\"_mcePaste\">Yann RAULT \t\t\t&#8211; 1896.32 Pts<\/div>\n<div id=\"_mcePaste\">Kevin SADOUDI \t\t&#8211; 1373.33 Pts<\/div>\n<div id=\"_mcePaste\">Alastair CARR \t\t&#8211; 807.95 Pts<\/div>\n<div id=\"_mcePaste\">Mickael SIBY \t\t&#8211; 769.44 Pts<\/div>\n<div id=\"_mcePaste\">Anthony MIRA \t\t&#8211; 631.16 Pts<\/div>\n<div id=\"_mcePaste\">Gwenol\u00e9 MICHEL \t\t&#8211; 615.30 Pts<\/div>\n<div id=\"_mcePaste\">Romain GUILLOU \t\t&#8211; 595.28 Pts<\/div>\n<div id=\"_mcePaste\">Ma\u00ebl NIVINOU \t\t&#8211; 474.80 Pts<\/div>\n<div id=\"_mcePaste\">Matthieu GAULTIER \t&#8211; 225.96 Pts<\/div>\n<div id=\"_mcePaste\">Gildas LE PRIELLEC \t&#8211; 213.14 Pts<\/div>\n<div id=\"_mcePaste\">David RAULT \t\t&#8211; 197.92 Pts<\/div>\n<div id=\"_mcePaste\">Davy LE KER \t\t&#8211; 116.49 Pts<\/div>\n<div id=\"_mcePaste\">Julien KERBIRIOU \t\t&#8211; 109.54 Pts<\/div>\n<div id=\"_mcePaste\">Damien TYMEN \t\t&#8211; 104.21 Pts<\/div>\n<div id=\"_mcePaste\">Jef BONNO \t\t\t&#8211; 94.38 Pts<\/div>\n<div id=\"_mcePaste\">Thomas LE BOUCHER \t&#8211; 84.68 Pts<\/div>\n<div id=\"_mcePaste\">Jonathan MIRA \t\t&#8211; 82.84 Pts<\/div>\n<div id=\"_mcePaste\">Olivier LEONARD \t\t&#8211; 81.68 Pts<\/div>\n<div id=\"_mcePaste\">Benoit LE BRUCHEC \t&#8211; 74.58 Pts<\/div>\n<div id=\"_mcePaste\">Pierre LE HEN \t\t&#8211; 63.30 Pts<\/div>\n<div id=\"_mcePaste\">F\u00e9lix BONNO \t\t&#8211; 59.68 Pts<\/div>\n<div id=\"_mcePaste\">Guillaume MARTIN \t\t&#8211; 43.30 Pts<\/div>\n<div id=\"_mcePaste\">Rodolphe HENRY \t\t&#8211; 29.84 Pts<\/div>\n<div id=\"_mcePaste\">J\u00e9r\u00e9my MEBON \t\t&#8211; 13.30 Pts<\/div>\n<div><\/div>\n<div><\/div>\n<p><br class=\"spacer_\" \/><\/p>\n<p><br class=\"spacer_\" \/><\/p>\n","protected":false},"excerpt":{"rendered":"<p>Retrouvez le nombre de points marqu\u00e9s par les licenci\u00e9s Lanest\u00e9riens en cette saison 2010 !<\/p>\n","protected":false},"author":14,"featured_media":4447,"comment_status":"open","ping_status":"closed","sticky":false,"template":"","format":"standard","meta":{"ngg_post_thumbnail":0,"footnotes":""},"categories":[5],"tags":[],"class_list":["post-4446","post","type-post","status-publish","format-standard","has-post-thumbnail","hentry","category-ac-lanester-56"],"yoast_head":"<!-- This site is optimized with the Yoast SEO plugin v27.4 - https:\/\/yoast.com\/product\/yoast-seo-wordpress\/ -->\n<title>Classement national par points FFC : Tous les r\u00e9sultats ! - Avenir Cycliste Lanester 56<\/title>\n<meta name=\"robots\" content=\"index, follow, max-snippet:-1, max-image-preview:large, max-video-preview:-1\" \/>\n<link rel=\"canonical\" href=\"https:\/\/www.aclanester56.com\/velo\/classement-national-par-points-ffc-tous-les-resultats\/\" \/>\n<meta property=\"og:locale\" content=\"fr_FR\" \/>\n<meta property=\"og:type\" content=\"article\" \/>\n<meta property=\"og:title\" content=\"Classement national par points FFC : Tous les r\u00e9sultats ! - Avenir Cycliste Lanester 56\" \/>\n<meta property=\"og:description\" content=\"Retrouvez le nombre de points marqu\u00e9s par les licenci\u00e9s Lanest\u00e9riens en cette saison 2010 !\" \/>\n<meta property=\"og:url\" content=\"https:\/\/www.aclanester56.com\/velo\/classement-national-par-points-ffc-tous-les-resultats\/\" \/>\n<meta property=\"og:site_name\" content=\"Avenir Cycliste Lanester 56\" \/>\n<meta property=\"article:publisher\" content=\"https:\/\/www.facebook.com\/pages\/AC-Lanester-56\/190286300991242?fref=ts\" \/>\n<meta property=\"article:published_time\" content=\"2010-10-01T21:53:12+00:00\" \/>\n<meta property=\"article:modified_time\" content=\"2010-10-01T21:57:53+00:00\" \/>\n<meta property=\"og:image\" content=\"https:\/\/www.aclanester56.com\/velo\/wp-content\/uploads\/2010\/10\/Mickael-Siby.jpg\" \/>\n\t<meta property=\"og:image:width\" content=\"719\" \/>\n\t<meta property=\"og:image:height\" content=\"478\" \/>\n\t<meta property=\"og:image:type\" content=\"image\/jpeg\" \/>\n<meta name=\"author\" content=\"Jean-Christophe\" \/>\n<meta name=\"twitter:label1\" content=\"\u00c9crit par\" \/>\n\t<meta name=\"twitter:data1\" content=\"Jean-Christophe\" \/>\n\t<meta name=\"twitter:label2\" content=\"Dur\u00e9e de lecture estim\u00e9e\" \/>\n\t<meta name=\"twitter:data2\" content=\"1 minute\" \/>\n<script type=\"application\/ld+json\" class=\"yoast-schema-graph\">{\"@context\":\"https:\\\/\\\/schema.org\",\"@graph\":[{\"@type\":\"Article\",\"@id\":\"https:\\\/\\\/www.aclanester56.com\\\/velo\\\/classement-national-par-points-ffc-tous-les-resultats\\\/#article\",\"isPartOf\":{\"@id\":\"https:\\\/\\\/www.aclanester56.com\\\/velo\\\/classement-national-par-points-ffc-tous-les-resultats\\\/\"},\"author\":{\"name\":\"Jean-Christophe\",\"@id\":\"https:\\\/\\\/www.aclanester56.com\\\/velo\\\/#\\\/schema\\\/person\\\/ca2a44a5fd969e9dd846c72d3b33bc01\"},\"headline\":\"Classement national par points FFC : Tous les r\u00e9sultats !\",\"datePublished\":\"2010-10-01T21:53:12+00:00\",\"dateModified\":\"2010-10-01T21:57:53+00:00\",\"mainEntityOfPage\":{\"@id\":\"https:\\\/\\\/www.aclanester56.com\\\/velo\\\/classement-national-par-points-ffc-tous-les-resultats\\\/\"},\"wordCount\":241,\"commentCount\":0,\"publisher\":{\"@id\":\"https:\\\/\\\/www.aclanester56.com\\\/velo\\\/#organization\"},\"image\":{\"@id\":\"https:\\\/\\\/www.aclanester56.com\\\/velo\\\/classement-national-par-points-ffc-tous-les-resultats\\\/#primaryimage\"},\"thumbnailUrl\":\"https:\\\/\\\/www.aclanester56.com\\\/velo\\\/wp-content\\\/uploads\\\/2010\\\/10\\\/Mickael-Siby.jpg\",\"articleSection\":[\"AC LANESTER 56\"],\"inLanguage\":\"fr-FR\",\"potentialAction\":[{\"@type\":\"CommentAction\",\"name\":\"Comment\",\"target\":[\"https:\\\/\\\/www.aclanester56.com\\\/velo\\\/classement-national-par-points-ffc-tous-les-resultats\\\/#respond\"]}]},{\"@type\":\"WebPage\",\"@id\":\"https:\\\/\\\/www.aclanester56.com\\\/velo\\\/classement-national-par-points-ffc-tous-les-resultats\\\/\",\"url\":\"https:\\\/\\\/www.aclanester56.com\\\/velo\\\/classement-national-par-points-ffc-tous-les-resultats\\\/\",\"name\":\"Classement national par points FFC : Tous les r\u00e9sultats ! - Avenir Cycliste Lanester 56\",\"isPartOf\":{\"@id\":\"https:\\\/\\\/www.aclanester56.com\\\/velo\\\/#website\"},\"primaryImageOfPage\":{\"@id\":\"https:\\\/\\\/www.aclanester56.com\\\/velo\\\/classement-national-par-points-ffc-tous-les-resultats\\\/#primaryimage\"},\"image\":{\"@id\":\"https:\\\/\\\/www.aclanester56.com\\\/velo\\\/classement-national-par-points-ffc-tous-les-resultats\\\/#primaryimage\"},\"thumbnailUrl\":\"https:\\\/\\\/www.aclanester56.com\\\/velo\\\/wp-content\\\/uploads\\\/2010\\\/10\\\/Mickael-Siby.jpg\",\"datePublished\":\"2010-10-01T21:53:12+00:00\",\"dateModified\":\"2010-10-01T21:57:53+00:00\",\"inLanguage\":\"fr-FR\",\"potentialAction\":[{\"@type\":\"ReadAction\",\"target\":[\"https:\\\/\\\/www.aclanester56.com\\\/velo\\\/classement-national-par-points-ffc-tous-les-resultats\\\/\"]}]},{\"@type\":\"ImageObject\",\"inLanguage\":\"fr-FR\",\"@id\":\"https:\\\/\\\/www.aclanester56.com\\\/velo\\\/classement-national-par-points-ffc-tous-les-resultats\\\/#primaryimage\",\"url\":\"https:\\\/\\\/www.aclanester56.com\\\/velo\\\/wp-content\\\/uploads\\\/2010\\\/10\\\/Mickael-Siby.jpg\",\"contentUrl\":\"https:\\\/\\\/www.aclanester56.com\\\/velo\\\/wp-content\\\/uploads\\\/2010\\\/10\\\/Mickael-Siby.jpg\",\"width\":719,\"height\":478,\"caption\":\"L'excellent Mickael SIBY, plusieurs fois victorieux cette ann\u00e9e, devrait franchir un nouvel \u00e9chelon la saison prochaine ! (photo Bruno PERREL)\"},{\"@type\":\"WebSite\",\"@id\":\"https:\\\/\\\/www.aclanester56.com\\\/velo\\\/#website\",\"url\":\"https:\\\/\\\/www.aclanester56.com\\\/velo\\\/\",\"name\":\"Avenir Cycliste Lanester 56\",\"description\":\"Club cycliste de l&#039;AC LANESTER 56\",\"publisher\":{\"@id\":\"https:\\\/\\\/www.aclanester56.com\\\/velo\\\/#organization\"},\"potentialAction\":[{\"@type\":\"SearchAction\",\"target\":{\"@type\":\"EntryPoint\",\"urlTemplate\":\"https:\\\/\\\/www.aclanester56.com\\\/velo\\\/?s={search_term_string}\"},\"query-input\":{\"@type\":\"PropertyValueSpecification\",\"valueRequired\":true,\"valueName\":\"search_term_string\"}}],\"inLanguage\":\"fr-FR\"},{\"@type\":\"Organization\",\"@id\":\"https:\\\/\\\/www.aclanester56.com\\\/velo\\\/#organization\",\"name\":\"Avenir Cycliste Lanester 56\",\"url\":\"https:\\\/\\\/www.aclanester56.com\\\/velo\\\/\",\"logo\":{\"@type\":\"ImageObject\",\"inLanguage\":\"fr-FR\",\"@id\":\"https:\\\/\\\/www.aclanester56.com\\\/velo\\\/#\\\/schema\\\/logo\\\/image\\\/\",\"url\":\"https:\\\/\\\/www.aclanester56.com\\\/velo\\\/wp-content\\\/uploads\\\/2013\\\/04\\\/logo-ACL.jpg\",\"contentUrl\":\"https:\\\/\\\/www.aclanester56.com\\\/velo\\\/wp-content\\\/uploads\\\/2013\\\/04\\\/logo-ACL.jpg\",\"width\":400,\"height\":334,\"caption\":\"Avenir Cycliste Lanester 56\"},\"image\":{\"@id\":\"https:\\\/\\\/www.aclanester56.com\\\/velo\\\/#\\\/schema\\\/logo\\\/image\\\/\"},\"sameAs\":[\"https:\\\/\\\/www.facebook.com\\\/pages\\\/AC-Lanester-56\\\/190286300991242?fref=ts\"]},{\"@type\":\"Person\",\"@id\":\"https:\\\/\\\/www.aclanester56.com\\\/velo\\\/#\\\/schema\\\/person\\\/ca2a44a5fd969e9dd846c72d3b33bc01\",\"name\":\"Jean-Christophe\",\"url\":\"https:\\\/\\\/www.aclanester56.com\\\/velo\\\/author\\\/jeanchristophe\\\/\"}]}<\/script>\n<!-- \/ Yoast SEO plugin. -->","yoast_head_json":{"title":"Classement national par points FFC : Tous les r\u00e9sultats ! - Avenir Cycliste Lanester 56","robots":{"index":"index","follow":"follow","max-snippet":"max-snippet:-1","max-image-preview":"max-image-preview:large","max-video-preview":"max-video-preview:-1"},"canonical":"https:\/\/www.aclanester56.com\/velo\/classement-national-par-points-ffc-tous-les-resultats\/","og_locale":"fr_FR","og_type":"article","og_title":"Classement national par points FFC : Tous les r\u00e9sultats ! - Avenir Cycliste Lanester 56","og_description":"Retrouvez le nombre de points marqu\u00e9s par les licenci\u00e9s Lanest\u00e9riens en cette saison 2010 !","og_url":"https:\/\/www.aclanester56.com\/velo\/classement-national-par-points-ffc-tous-les-resultats\/","og_site_name":"Avenir Cycliste Lanester 56","article_publisher":"https:\/\/www.facebook.com\/pages\/AC-Lanester-56\/190286300991242?fref=ts","article_published_time":"2010-10-01T21:53:12+00:00","article_modified_time":"2010-10-01T21:57:53+00:00","og_image":[{"width":719,"height":478,"url":"https:\/\/www.aclanester56.com\/velo\/wp-content\/uploads\/2010\/10\/Mickael-Siby.jpg","type":"image\/jpeg"}],"author":"Jean-Christophe","twitter_misc":{"\u00c9crit par":"Jean-Christophe","Dur\u00e9e de lecture estim\u00e9e":"1 minute"},"schema":{"@context":"https:\/\/schema.org","@graph":[{"@type":"Article","@id":"https:\/\/www.aclanester56.com\/velo\/classement-national-par-points-ffc-tous-les-resultats\/#article","isPartOf":{"@id":"https:\/\/www.aclanester56.com\/velo\/classement-national-par-points-ffc-tous-les-resultats\/"},"author":{"name":"Jean-Christophe","@id":"https:\/\/www.aclanester56.com\/velo\/#\/schema\/person\/ca2a44a5fd969e9dd846c72d3b33bc01"},"headline":"Classement national par points FFC : Tous les r\u00e9sultats !","datePublished":"2010-10-01T21:53:12+00:00","dateModified":"2010-10-01T21:57:53+00:00","mainEntityOfPage":{"@id":"https:\/\/www.aclanester56.com\/velo\/classement-national-par-points-ffc-tous-les-resultats\/"},"wordCount":241,"commentCount":0,"publisher":{"@id":"https:\/\/www.aclanester56.com\/velo\/#organization"},"image":{"@id":"https:\/\/www.aclanester56.com\/velo\/classement-national-par-points-ffc-tous-les-resultats\/#primaryimage"},"thumbnailUrl":"https:\/\/www.aclanester56.com\/velo\/wp-content\/uploads\/2010\/10\/Mickael-Siby.jpg","articleSection":["AC LANESTER 56"],"inLanguage":"fr-FR","potentialAction":[{"@type":"CommentAction","name":"Comment","target":["https:\/\/www.aclanester56.com\/velo\/classement-national-par-points-ffc-tous-les-resultats\/#respond"]}]},{"@type":"WebPage","@id":"https:\/\/www.aclanester56.com\/velo\/classement-national-par-points-ffc-tous-les-resultats\/","url":"https:\/\/www.aclanester56.com\/velo\/classement-national-par-points-ffc-tous-les-resultats\/","name":"Classement national par points FFC : Tous les r\u00e9sultats ! - Avenir Cycliste Lanester 56","isPartOf":{"@id":"https:\/\/www.aclanester56.com\/velo\/#website"},"primaryImageOfPage":{"@id":"https:\/\/www.aclanester56.com\/velo\/classement-national-par-points-ffc-tous-les-resultats\/#primaryimage"},"image":{"@id":"https:\/\/www.aclanester56.com\/velo\/classement-national-par-points-ffc-tous-les-resultats\/#primaryimage"},"thumbnailUrl":"https:\/\/www.aclanester56.com\/velo\/wp-content\/uploads\/2010\/10\/Mickael-Siby.jpg","datePublished":"2010-10-01T21:53:12+00:00","dateModified":"2010-10-01T21:57:53+00:00","inLanguage":"fr-FR","potentialAction":[{"@type":"ReadAction","target":["https:\/\/www.aclanester56.com\/velo\/classement-national-par-points-ffc-tous-les-resultats\/"]}]},{"@type":"ImageObject","inLanguage":"fr-FR","@id":"https:\/\/www.aclanester56.com\/velo\/classement-national-par-points-ffc-tous-les-resultats\/#primaryimage","url":"https:\/\/www.aclanester56.com\/velo\/wp-content\/uploads\/2010\/10\/Mickael-Siby.jpg","contentUrl":"https:\/\/www.aclanester56.com\/velo\/wp-content\/uploads\/2010\/10\/Mickael-Siby.jpg","width":719,"height":478,"caption":"L'excellent Mickael SIBY, plusieurs fois victorieux cette ann\u00e9e, devrait franchir un nouvel \u00e9chelon la saison prochaine ! (photo Bruno PERREL)"},{"@type":"WebSite","@id":"https:\/\/www.aclanester56.com\/velo\/#website","url":"https:\/\/www.aclanester56.com\/velo\/","name":"Avenir Cycliste Lanester 56","description":"Club cycliste de l&#039;AC LANESTER 56","publisher":{"@id":"https:\/\/www.aclanester56.com\/velo\/#organization"},"potentialAction":[{"@type":"SearchAction","target":{"@type":"EntryPoint","urlTemplate":"https:\/\/www.aclanester56.com\/velo\/?s={search_term_string}"},"query-input":{"@type":"PropertyValueSpecification","valueRequired":true,"valueName":"search_term_string"}}],"inLanguage":"fr-FR"},{"@type":"Organization","@id":"https:\/\/www.aclanester56.com\/velo\/#organization","name":"Avenir Cycliste Lanester 56","url":"https:\/\/www.aclanester56.com\/velo\/","logo":{"@type":"ImageObject","inLanguage":"fr-FR","@id":"https:\/\/www.aclanester56.com\/velo\/#\/schema\/logo\/image\/","url":"https:\/\/www.aclanester56.com\/velo\/wp-content\/uploads\/2013\/04\/logo-ACL.jpg","contentUrl":"https:\/\/www.aclanester56.com\/velo\/wp-content\/uploads\/2013\/04\/logo-ACL.jpg","width":400,"height":334,"caption":"Avenir Cycliste Lanester 56"},"image":{"@id":"https:\/\/www.aclanester56.com\/velo\/#\/schema\/logo\/image\/"},"sameAs":["https:\/\/www.facebook.com\/pages\/AC-Lanester-56\/190286300991242?fref=ts"]},{"@type":"Person","@id":"https:\/\/www.aclanester56.com\/velo\/#\/schema\/person\/ca2a44a5fd969e9dd846c72d3b33bc01","name":"Jean-Christophe","url":"https:\/\/www.aclanester56.com\/velo\/author\/jeanchristophe\/"}]}},"_links":{"self":[{"href":"https:\/\/www.aclanester56.com\/velo\/wp-json\/wp\/v2\/posts\/4446","targetHints":{"allow":["GET"]}}],"collection":[{"href":"https:\/\/www.aclanester56.com\/velo\/wp-json\/wp\/v2\/posts"}],"about":[{"href":"https:\/\/www.aclanester56.com\/velo\/wp-json\/wp\/v2\/types\/post"}],"author":[{"embeddable":true,"href":"https:\/\/www.aclanester56.com\/velo\/wp-json\/wp\/v2\/users\/14"}],"replies":[{"embeddable":true,"href":"https:\/\/www.aclanester56.com\/velo\/wp-json\/wp\/v2\/comments?post=4446"}],"version-history":[{"count":0,"href":"https:\/\/www.aclanester56.com\/velo\/wp-json\/wp\/v2\/posts\/4446\/revisions"}],"wp:featuredmedia":[{"embeddable":true,"href":"https:\/\/www.aclanester56.com\/velo\/wp-json\/wp\/v2\/media\/4447"}],"wp:attachment":[{"href":"https:\/\/www.aclanester56.com\/velo\/wp-json\/wp\/v2\/media?parent=4446"}],"wp:term":[{"taxonomy":"category","embeddable":true,"href":"https:\/\/www.aclanester56.com\/velo\/wp-json\/wp\/v2\/categories?post=4446"},{"taxonomy":"post_tag","embeddable":true,"href":"https:\/\/www.aclanester56.com\/velo\/wp-json\/wp\/v2\/tags?post=4446"}],"curies":[{"name":"wp","href":"https:\/\/api.w.org\/{rel}","templated":true}]}}