{"id":4458,"date":"2010-10-04T12:43:07","date_gmt":"2010-10-04T11:43:07","guid":{"rendered":"http:\/\/www.aclanester56.com\/velo\/?p=4458"},"modified":"2010-10-07T10:39:28","modified_gmt":"2010-10-07T09:39:28","slug":"paris-connere","status":"publish","type":"post","link":"https:\/\/www.aclanester56.com\/velo\/paris-connere\/","title":{"rendered":"Paris-Connerr\u00e9 2010 : Warren Barguil 6\u00e8me"},"content":{"rendered":"<p>Les Lanest\u00e9riens ont particip\u00e9 hier \u00e0 l&rsquo;une des plus belles classiques de fin de saison, \u00e0 l&rsquo;occasion de Paris-Connerr\u00e9. Pr\u00e8s de 200 coureurs se sont \u00e9lanc\u00e9s d&rsquo;Emanc\u00e9 (petite ville situ\u00e9e \u00e0 la limite des d\u00e9partements des Yvelines et d&rsquo;Eure-et-Loire). Un plateau royal, puisque beaucoup des meilleurs coureurs Fran\u00e7ais avaient fait le d\u00e9placement.<\/p>\n<p><!--more--><\/p>\n<p><br class=\"spacer_\" \/><\/p>\n<p>La premi\u00e8re partie de la course se disputait sur les plates routes de la Beauce, avant de se rendre dans le Perche, pour filer vers Connerr\u00e9, pr\u00e8s de Le Mans. Sur ce terrain tr\u00e8s d\u00e9gag\u00e9, le vent joue souvent un r\u00f4le pr\u00e9pond\u00e9rant. Cette 40\u00e8me \u00e9dition de Paris-Conn\u00e9r\u00e9 n&rsquo;a pas d\u00e9rog\u00e9 \u00e0 la r\u00e8gle, puisqu&rsquo;en moins de 50 kilom\u00e8tres, le peloton \u00e9tait\u00a0d\u00e9j\u00e0\u00a0scind\u00e9 en plusieurs paquets. Les Lanest\u00e9riens Vincent GUEZENNEC et Warren BARGUIL ne se sont pas fait pi\u00e9ger et ont pris le bon wagon. A une quinzaine de kilom\u00e8tres de l&rsquo;arriv\u00e9e, ils figurent d&rsquo;ailleurs dans le groupe de huit coureurs qui caracole en t\u00eate de course. A moins de 2 kilom\u00e8tres du but, un petit groupe de quelques coureurs r\u00e9ussit \u00e0 faire la jonction avec l&rsquo;\u00e9chapp\u00e9e, et ce sont donc une quinzaine d&rsquo;unit\u00e9s qui se pr\u00e9sente pour le sprint final. A ce jeu l\u00e0, c&rsquo;est le Vend\u00e9en Tony HUREL qui s&rsquo;impose en costaud \u00e0 Connerr\u00e9, devan\u00e7ant Renaud PIOLINE (CM Aubervilliers) et Romain GUILLEMOIS (Vend\u00e9e U). Warren Barguil termine \u00e0 une belle 6\u00e8me place.<\/p>\n<p><br class=\"spacer_\" \/><\/p>\n<p><span style=\"text-decoration: underline;\"><strong>Classement : <\/strong><\/span><\/p>\n<p>1\u00a0HUREL\u00a0Tony (VENDEE U PAYS DE LA LOIRE) 1\u00e8re Cat\u00e9gorie\u00a04h15&rsquo;32\u00a0\u00bb<br \/>\n 2\u00a0PIOLINE\u00a0Renaud (CM AUBERVILLIERS 93) 1\u00e8re Cat\u00e9gorie \u00e0 0&Prime;<br \/>\n 3\u00a0GUILLEMOIS\u00a0ROMAIN (VENDEE U PAYS DE LA LOIRE) 1\u00e8re Cat\u00e9gorie \u00e0 0&Prime;<br \/>\n 4\u00a0CANTOURNET\u00a0BENJAMIN (S.C.OLYMPIQUE DE DIJON) 1\u00e8re Cat\u00e9gorie \u00e0 0&Prime;<br \/>\n 5\u00a0GUAY\u00a0JULIEN (CC NOGENT \/ OISE) 1\u00e8re Cat\u00e9gorie \u00e0 0&Prime;<br \/>\n <span style=\"background-color: #ff6600;\">6\u00a0BARGUIL\u00a0Warren (AC LANESTER 56) 1\u00e8re Cat\u00e9gorie \u00e0 0&Prime;<br \/>\n <\/span>7\u00a0COURTEILLE\u00a0ARNAUD (UC NANTES ATLANTIQUE) 1\u00e8re Cat\u00e9gorie \u00e0 0&Prime;<br \/>\n 8\u00a0TEGUEL\u00a0ERWAN (UC NANTES ATLANTIQUE) 1\u00e8re Cat\u00e9gorie \u00e0 0&Prime;<br \/>\n 9\u00a0SINNER\u00a0Benoit (TEAM BONNAT 91) 1\u00e8re Cat\u00e9gorie \u00e0 0&Prime;<br \/>\n 10\u00a0RACAULT\u00a0Ronan (CM AUBERVILLIERS 93) 1\u00e8re Cat\u00e9gorie \u00e0 0&Prime;<br \/>\n <span style=\"background-color: #ff6600;\">14\u00a0GUEZENNEC\u00a0Vincent (AC LANESTER 56) 1\u00e8re Cat\u00e9gorie \u00e0 0&Prime;<br \/>\n 50\u00a0CARR\u00a0Alastair (AC LANESTER 56) 1\u00e8re Cat\u00e9gorie \u00e0 1&rsquo;38\u00a0\u00bb<\/span><\/p>\n<p><span style=\"background-color: #ff6600;\"><br \/>\n <\/span><\/p>\n","protected":false},"excerpt":{"rendered":"<p>Les Lanest\u00e9riens ont particip\u00e9 hier \u00e0 l&rsquo;une des plus belles classiques de fin de saison, \u00e0 l&rsquo;occasion de Paris-Connerr\u00e9. Pr\u00e8s [&hellip;]<\/p>\n","protected":false},"author":14,"featured_media":0,"comment_status":"open","ping_status":"closed","sticky":false,"template":"","format":"standard","meta":{"ngg_post_thumbnail":0,"footnotes":""},"categories":[5],"tags":[],"class_list":["post-4458","post","type-post","status-publish","format-standard","hentry","category-ac-lanester-56"],"yoast_head":"<!-- This site is optimized with the Yoast SEO plugin v27.5 - https:\/\/yoast.com\/product\/yoast-seo-wordpress\/ -->\n<title>Paris-Connerr\u00e9 2010 : Warren Barguil 6\u00e8me - Avenir Cycliste Lanester 56<\/title>\n<meta name=\"robots\" content=\"index, follow, max-snippet:-1, max-image-preview:large, max-video-preview:-1\" \/>\n<link rel=\"canonical\" href=\"https:\/\/www.aclanester56.com\/velo\/paris-connere\/\" \/>\n<meta property=\"og:locale\" content=\"fr_FR\" \/>\n<meta property=\"og:type\" content=\"article\" \/>\n<meta property=\"og:title\" content=\"Paris-Connerr\u00e9 2010 : Warren Barguil 6\u00e8me - Avenir Cycliste Lanester 56\" \/>\n<meta property=\"og:description\" content=\"Les Lanest\u00e9riens ont particip\u00e9 hier \u00e0 l&rsquo;une des plus belles classiques de fin de saison, \u00e0 l&rsquo;occasion de Paris-Connerr\u00e9. Pr\u00e8s [&hellip;]\" \/>\n<meta property=\"og:url\" content=\"https:\/\/www.aclanester56.com\/velo\/paris-connere\/\" \/>\n<meta property=\"og:site_name\" content=\"Avenir Cycliste Lanester 56\" \/>\n<meta property=\"article:publisher\" content=\"https:\/\/www.facebook.com\/pages\/AC-Lanester-56\/190286300991242?fref=ts\" \/>\n<meta property=\"article:published_time\" content=\"2010-10-04T11:43:07+00:00\" \/>\n<meta property=\"article:modified_time\" content=\"2010-10-07T09:39:28+00:00\" \/>\n<meta name=\"author\" content=\"Jean-Christophe\" \/>\n<meta name=\"twitter:label1\" content=\"\u00c9crit par\" \/>\n\t<meta name=\"twitter:data1\" content=\"Jean-Christophe\" \/>\n\t<meta name=\"twitter:label2\" content=\"Dur\u00e9e de lecture estim\u00e9e\" \/>\n\t<meta name=\"twitter:data2\" content=\"2 minutes\" \/>\n<script type=\"application\/ld+json\" class=\"yoast-schema-graph\">{\"@context\":\"https:\\\/\\\/schema.org\",\"@graph\":[{\"@type\":\"Article\",\"@id\":\"https:\\\/\\\/www.aclanester56.com\\\/velo\\\/paris-connere\\\/#article\",\"isPartOf\":{\"@id\":\"https:\\\/\\\/www.aclanester56.com\\\/velo\\\/paris-connere\\\/\"},\"author\":{\"name\":\"Jean-Christophe\",\"@id\":\"https:\\\/\\\/www.aclanester56.com\\\/velo\\\/#\\\/schema\\\/person\\\/ca2a44a5fd969e9dd846c72d3b33bc01\"},\"headline\":\"Paris-Connerr\u00e9 2010 : Warren Barguil 6\u00e8me\",\"datePublished\":\"2010-10-04T11:43:07+00:00\",\"dateModified\":\"2010-10-07T09:39:28+00:00\",\"mainEntityOfPage\":{\"@id\":\"https:\\\/\\\/www.aclanester56.com\\\/velo\\\/paris-connere\\\/\"},\"wordCount\":355,\"commentCount\":1,\"publisher\":{\"@id\":\"https:\\\/\\\/www.aclanester56.com\\\/velo\\\/#organization\"},\"articleSection\":[\"AC LANESTER 56\"],\"inLanguage\":\"fr-FR\",\"potentialAction\":[{\"@type\":\"CommentAction\",\"name\":\"Comment\",\"target\":[\"https:\\\/\\\/www.aclanester56.com\\\/velo\\\/paris-connere\\\/#respond\"]}]},{\"@type\":\"WebPage\",\"@id\":\"https:\\\/\\\/www.aclanester56.com\\\/velo\\\/paris-connere\\\/\",\"url\":\"https:\\\/\\\/www.aclanester56.com\\\/velo\\\/paris-connere\\\/\",\"name\":\"Paris-Connerr\u00e9 2010 : Warren Barguil 6\u00e8me - Avenir Cycliste Lanester 56\",\"isPartOf\":{\"@id\":\"https:\\\/\\\/www.aclanester56.com\\\/velo\\\/#website\"},\"datePublished\":\"2010-10-04T11:43:07+00:00\",\"dateModified\":\"2010-10-07T09:39:28+00:00\",\"inLanguage\":\"fr-FR\",\"potentialAction\":[{\"@type\":\"ReadAction\",\"target\":[\"https:\\\/\\\/www.aclanester56.com\\\/velo\\\/paris-connere\\\/\"]}]},{\"@type\":\"WebSite\",\"@id\":\"https:\\\/\\\/www.aclanester56.com\\\/velo\\\/#website\",\"url\":\"https:\\\/\\\/www.aclanester56.com\\\/velo\\\/\",\"name\":\"Avenir Cycliste Lanester 56\",\"description\":\"Club cycliste de l&#039;AC LANESTER 56\",\"publisher\":{\"@id\":\"https:\\\/\\\/www.aclanester56.com\\\/velo\\\/#organization\"},\"potentialAction\":[{\"@type\":\"SearchAction\",\"target\":{\"@type\":\"EntryPoint\",\"urlTemplate\":\"https:\\\/\\\/www.aclanester56.com\\\/velo\\\/?s={search_term_string}\"},\"query-input\":{\"@type\":\"PropertyValueSpecification\",\"valueRequired\":true,\"valueName\":\"search_term_string\"}}],\"inLanguage\":\"fr-FR\"},{\"@type\":\"Organization\",\"@id\":\"https:\\\/\\\/www.aclanester56.com\\\/velo\\\/#organization\",\"name\":\"Avenir Cycliste Lanester 56\",\"url\":\"https:\\\/\\\/www.aclanester56.com\\\/velo\\\/\",\"logo\":{\"@type\":\"ImageObject\",\"inLanguage\":\"fr-FR\",\"@id\":\"https:\\\/\\\/www.aclanester56.com\\\/velo\\\/#\\\/schema\\\/logo\\\/image\\\/\",\"url\":\"https:\\\/\\\/www.aclanester56.com\\\/velo\\\/wp-content\\\/uploads\\\/2013\\\/04\\\/logo-ACL.jpg\",\"contentUrl\":\"https:\\\/\\\/www.aclanester56.com\\\/velo\\\/wp-content\\\/uploads\\\/2013\\\/04\\\/logo-ACL.jpg\",\"width\":400,\"height\":334,\"caption\":\"Avenir Cycliste Lanester 56\"},\"image\":{\"@id\":\"https:\\\/\\\/www.aclanester56.com\\\/velo\\\/#\\\/schema\\\/logo\\\/image\\\/\"},\"sameAs\":[\"https:\\\/\\\/www.facebook.com\\\/pages\\\/AC-Lanester-56\\\/190286300991242?fref=ts\"]},{\"@type\":\"Person\",\"@id\":\"https:\\\/\\\/www.aclanester56.com\\\/velo\\\/#\\\/schema\\\/person\\\/ca2a44a5fd969e9dd846c72d3b33bc01\",\"name\":\"Jean-Christophe\",\"url\":\"https:\\\/\\\/www.aclanester56.com\\\/velo\\\/author\\\/jeanchristophe\\\/\"}]}<\/script>\n<!-- \/ Yoast SEO plugin. -->","yoast_head_json":{"title":"Paris-Connerr\u00e9 2010 : Warren Barguil 6\u00e8me - Avenir Cycliste Lanester 56","robots":{"index":"index","follow":"follow","max-snippet":"max-snippet:-1","max-image-preview":"max-image-preview:large","max-video-preview":"max-video-preview:-1"},"canonical":"https:\/\/www.aclanester56.com\/velo\/paris-connere\/","og_locale":"fr_FR","og_type":"article","og_title":"Paris-Connerr\u00e9 2010 : Warren Barguil 6\u00e8me - Avenir Cycliste Lanester 56","og_description":"Les Lanest\u00e9riens ont particip\u00e9 hier \u00e0 l&rsquo;une des plus belles classiques de fin de saison, \u00e0 l&rsquo;occasion de Paris-Connerr\u00e9. Pr\u00e8s [&hellip;]","og_url":"https:\/\/www.aclanester56.com\/velo\/paris-connere\/","og_site_name":"Avenir Cycliste Lanester 56","article_publisher":"https:\/\/www.facebook.com\/pages\/AC-Lanester-56\/190286300991242?fref=ts","article_published_time":"2010-10-04T11:43:07+00:00","article_modified_time":"2010-10-07T09:39:28+00:00","author":"Jean-Christophe","twitter_misc":{"\u00c9crit par":"Jean-Christophe","Dur\u00e9e de lecture estim\u00e9e":"2 minutes"},"schema":{"@context":"https:\/\/schema.org","@graph":[{"@type":"Article","@id":"https:\/\/www.aclanester56.com\/velo\/paris-connere\/#article","isPartOf":{"@id":"https:\/\/www.aclanester56.com\/velo\/paris-connere\/"},"author":{"name":"Jean-Christophe","@id":"https:\/\/www.aclanester56.com\/velo\/#\/schema\/person\/ca2a44a5fd969e9dd846c72d3b33bc01"},"headline":"Paris-Connerr\u00e9 2010 : Warren Barguil 6\u00e8me","datePublished":"2010-10-04T11:43:07+00:00","dateModified":"2010-10-07T09:39:28+00:00","mainEntityOfPage":{"@id":"https:\/\/www.aclanester56.com\/velo\/paris-connere\/"},"wordCount":355,"commentCount":1,"publisher":{"@id":"https:\/\/www.aclanester56.com\/velo\/#organization"},"articleSection":["AC LANESTER 56"],"inLanguage":"fr-FR","potentialAction":[{"@type":"CommentAction","name":"Comment","target":["https:\/\/www.aclanester56.com\/velo\/paris-connere\/#respond"]}]},{"@type":"WebPage","@id":"https:\/\/www.aclanester56.com\/velo\/paris-connere\/","url":"https:\/\/www.aclanester56.com\/velo\/paris-connere\/","name":"Paris-Connerr\u00e9 2010 : Warren Barguil 6\u00e8me - Avenir Cycliste Lanester 56","isPartOf":{"@id":"https:\/\/www.aclanester56.com\/velo\/#website"},"datePublished":"2010-10-04T11:43:07+00:00","dateModified":"2010-10-07T09:39:28+00:00","inLanguage":"fr-FR","potentialAction":[{"@type":"ReadAction","target":["https:\/\/www.aclanester56.com\/velo\/paris-connere\/"]}]},{"@type":"WebSite","@id":"https:\/\/www.aclanester56.com\/velo\/#website","url":"https:\/\/www.aclanester56.com\/velo\/","name":"Avenir Cycliste Lanester 56","description":"Club cycliste de l&#039;AC LANESTER 56","publisher":{"@id":"https:\/\/www.aclanester56.com\/velo\/#organization"},"potentialAction":[{"@type":"SearchAction","target":{"@type":"EntryPoint","urlTemplate":"https:\/\/www.aclanester56.com\/velo\/?s={search_term_string}"},"query-input":{"@type":"PropertyValueSpecification","valueRequired":true,"valueName":"search_term_string"}}],"inLanguage":"fr-FR"},{"@type":"Organization","@id":"https:\/\/www.aclanester56.com\/velo\/#organization","name":"Avenir Cycliste Lanester 56","url":"https:\/\/www.aclanester56.com\/velo\/","logo":{"@type":"ImageObject","inLanguage":"fr-FR","@id":"https:\/\/www.aclanester56.com\/velo\/#\/schema\/logo\/image\/","url":"https:\/\/www.aclanester56.com\/velo\/wp-content\/uploads\/2013\/04\/logo-ACL.jpg","contentUrl":"https:\/\/www.aclanester56.com\/velo\/wp-content\/uploads\/2013\/04\/logo-ACL.jpg","width":400,"height":334,"caption":"Avenir Cycliste Lanester 56"},"image":{"@id":"https:\/\/www.aclanester56.com\/velo\/#\/schema\/logo\/image\/"},"sameAs":["https:\/\/www.facebook.com\/pages\/AC-Lanester-56\/190286300991242?fref=ts"]},{"@type":"Person","@id":"https:\/\/www.aclanester56.com\/velo\/#\/schema\/person\/ca2a44a5fd969e9dd846c72d3b33bc01","name":"Jean-Christophe","url":"https:\/\/www.aclanester56.com\/velo\/author\/jeanchristophe\/"}]}},"_links":{"self":[{"href":"https:\/\/www.aclanester56.com\/velo\/wp-json\/wp\/v2\/posts\/4458","targetHints":{"allow":["GET"]}}],"collection":[{"href":"https:\/\/www.aclanester56.com\/velo\/wp-json\/wp\/v2\/posts"}],"about":[{"href":"https:\/\/www.aclanester56.com\/velo\/wp-json\/wp\/v2\/types\/post"}],"author":[{"embeddable":true,"href":"https:\/\/www.aclanester56.com\/velo\/wp-json\/wp\/v2\/users\/14"}],"replies":[{"embeddable":true,"href":"https:\/\/www.aclanester56.com\/velo\/wp-json\/wp\/v2\/comments?post=4458"}],"version-history":[{"count":0,"href":"https:\/\/www.aclanester56.com\/velo\/wp-json\/wp\/v2\/posts\/4458\/revisions"}],"wp:attachment":[{"href":"https:\/\/www.aclanester56.com\/velo\/wp-json\/wp\/v2\/media?parent=4458"}],"wp:term":[{"taxonomy":"category","embeddable":true,"href":"https:\/\/www.aclanester56.com\/velo\/wp-json\/wp\/v2\/categories?post=4458"},{"taxonomy":"post_tag","embeddable":true,"href":"https:\/\/www.aclanester56.com\/velo\/wp-json\/wp\/v2\/tags?post=4458"}],"curies":[{"name":"wp","href":"https:\/\/api.w.org\/{rel}","templated":true}]}}