{"id":4690,"date":"2010-10-20T16:00:32","date_gmt":"2010-10-20T15:00:32","guid":{"rendered":"http:\/\/www.aclanester56.com\/velo\/?p=4690"},"modified":"2010-10-21T12:34:44","modified_gmt":"2010-10-21T11:34:44","slug":"maxime-cornic-le-cyclo-crossman","status":"publish","type":"post","link":"https:\/\/www.aclanester56.com\/velo\/maxime-cornic-le-cyclo-crossman\/","title":{"rendered":"Maxime CORNIC, le cyclo-crossman"},"content":{"rendered":"<div id=\"attachment_4691\" style=\"width: 410px\" class=\"wp-caption alignleft\"><a href=\"http:\/\/www.aclanester56.com\/velo\/wp-content\/uploads\/2010\/10\/DSC_0108-800x532.jpg\"><img loading=\"lazy\" decoding=\"async\" aria-describedby=\"caption-attachment-4691\" class=\"size-large wp-image-4691\" title=\"Maxime CORNIC, malchanceux sur la premi\u00e8re manche du Troph\u00e9e R\u00e9gional de cyclo-cross \u00e0 Kerlouan (photo Sylvie TRETOUT)\" src=\"http:\/\/www.aclanester56.com\/velo\/wp-content\/uploads\/2010\/10\/DSC_0108-800x532.jpg\" alt=\"\" width=\"400\" height=\"265\" srcset=\"https:\/\/www.aclanester56.com\/velo\/wp-content\/uploads\/2010\/10\/DSC_0108-800x532.jpg 800w, https:\/\/www.aclanester56.com\/velo\/wp-content\/uploads\/2010\/10\/DSC_0108-300x199.jpg 300w, https:\/\/www.aclanester56.com\/velo\/wp-content\/uploads\/2010\/10\/DSC_0108.jpg 1024w\" sizes=\"auto, (max-width: 400px) 100vw, 400px\" \/><\/a><p id=\"caption-attachment-4691\" class=\"wp-caption-text\">Maxime CORNIC, malchanceux sur la premi\u00e8re manche du Troph\u00e9e R\u00e9gional de cyclo-cross \u00e0 Kerlouan (photo Sylvie TRETOUT)<\/p><\/div>\n<p>Les spectateurs qui assistaient dimanche dernier \u00e0 la premi\u00e8re manche du Troph\u00e9e R\u00e9gional de cyclo-cross \u00e0 Kerlouan ont pu d\u00e9couvrir Maxime CORNIC sous ses nouvelles couleurs de l&rsquo;AC LANESTER 56. L&rsquo;\u00e9quipe de cyclo-cross lanest\u00e9rienne aurait-elle cr\u00e9\u00e9 une vocation chez l&rsquo;ancien vice-champion de France juniors sur route ? Explications.<\/p>\n<p><!--more--><\/p>\n<p><br class=\"spacer_\" \/><\/p>\n<p>Non, Maxime CORNIC n&rsquo;a pas rejoint le TEAM CYCLO-CROSS AVENIR ! Absent des circuits sur route pendant pr\u00e8s de cinq mois cette saison, il s&rsquo;est mis d&rsquo;accord avec Rodolphe HENRY pour retrouver la condition en pratiquant le cyclo-cross. C&rsquo;est donc avant tout pour pr\u00e9parer la saison sur route 2011 qu&rsquo;il sillonne les sous-bois actuellement !<\/p>\n<p><br class=\"spacer_\" \/><\/p>\n<div id=\"attachment_4699\" style=\"width: 265px\" class=\"wp-caption alignright\"><a href=\"http:\/\/www.aclanester56.com\/velo\/wp-content\/uploads\/2010\/10\/DSC_0035.jpg\" ><img loading=\"lazy\" decoding=\"async\" aria-describedby=\"caption-attachment-4699\" src=\"http:\/\/www.aclanester56.com\/velo\/wp-content\/uploads\/2010\/10\/DSC_0035.jpg\" alt=\"\" title=\"Maxime CORNIC, sous ses nouvelles couleurs de l&#039;AC LANESTER 56 (photo Sylvie TRETOUT)\" width=\"255\" height=\"384\" class=\"size-full wp-image-4699\" srcset=\"https:\/\/www.aclanester56.com\/velo\/wp-content\/uploads\/2010\/10\/DSC_0035.jpg 511w, https:\/\/www.aclanester56.com\/velo\/wp-content\/uploads\/2010\/10\/DSC_0035-199x300.jpg 199w, https:\/\/www.aclanester56.com\/velo\/wp-content\/uploads\/2010\/10\/DSC_0035-399x600.jpg 399w\" sizes=\"auto, (max-width: 255px) 100vw, 255px\" \/><\/a><p id=\"caption-attachment-4699\" class=\"wp-caption-text\">Maxime CORNIC, sous ses nouvelles couleurs de l'AC LANESTER 56 (photo Sylvie TRETOUT)<\/p><\/div>\n<p>Pourtant, il semble d\u00e9j\u00e0 disposer d&rsquo;un bon coup de p\u00e9dale ! En effet, parti en derni\u00e8re ligne de la premi\u00e8re manche du Troph\u00e9e R\u00e9gional espoirs disput\u00e9 \u00e0 Kerlouan dimanche dernier, il figurait encore, \u00e0 moins d&rsquo;un tour de l&rsquo;arriv\u00e9e, aux c\u00f4t\u00e9s de son nouveau co\u00e9quipier Aur\u00e9lien DANIEL, champion de Bretagne de VTT en titre, qui termine \u00e0 la 5\u00e8me place du classement espoirs. Mais Maxime \u00e9tait victime d&rsquo;un d\u00e9jantage, ce qui l&rsquo;obligeait \u00e0 parcourir une majeure partie du dernier tour en courant \u00e0 c\u00f4t\u00e9 de son v\u00e9lo ! Il termine \u00e0 une 18\u00e8me place au classement scratch juniors\/espoirs, un classement qui ne refl\u00e8te absolument pas la belle course qu&rsquo;il a r\u00e9alis\u00e9e.<\/p>\n<p><br class=\"spacer_\" \/><\/p>\n<p>Maxime CORNIC participera au championnat du Morbihan de cyclo-cross \u00e0 Taupont dimanche prochain. La semaine suivante, pendant que ses co\u00e9quipiers disputeront la premi\u00e8re manche du Challenge National \u00e0 Saverne, en Alsace, Maxime sera au d\u00e9part d&rsquo;un cyclo-cross r\u00e9gional pour am\u00e9liorer sa condition.<\/p>\n<p><br class=\"spacer_\" \/><\/p>\n<p>N\u00e9anmoins, son nouvel entra\u00eeneur Rodolphe HENRY a remarqu\u00e9 le bon comportement de ce coureur \u00e0 Kerlouan et pr\u00e9cise que \u00ab\u00a0<em><strong>si les prochains r\u00e9sultats de Maxime sont aussi encourageants, et qu&rsquo;il continue \u00e0 progresser dans la discipline, il accompagnera les autres cyclo-crossmen lanest\u00e9riens sur la deuxi\u00e8me manche du Challenge National de cyclo-cross<\/strong><\/em>\u00ab\u00a0, qui aura lieu \u00e0 Miramas, du c\u00f4t\u00e9 de Marseille.<\/p>\n<p><br class=\"spacer_\" \/><\/p>\n<p>Nous vous encourageons \u00e0 aller applaudir Maxime et les autres cyclo-crossmen lanest\u00e9riens qui seront dimanche au d\u00e9part des championnats du Morbihan juniors et espoirs \u00e0 Taupont !<\/p>\n<p><br class=\"spacer_\" \/><\/p>\n","protected":false},"excerpt":{"rendered":"<p>Les spectateurs qui assistaient dimanche dernier \u00e0 la premi\u00e8re manche du Troph\u00e9e R\u00e9gional de cyclo-cross \u00e0 Kerlouan ont pu d\u00e9couvrir [&hellip;]<\/p>\n","protected":false},"author":14,"featured_media":4691,"comment_status":"open","ping_status":"closed","sticky":false,"template":"","format":"standard","meta":{"ngg_post_thumbnail":0,"footnotes":""},"categories":[5],"tags":[],"class_list":["post-4690","post","type-post","status-publish","format-standard","has-post-thumbnail","hentry","category-ac-lanester-56"],"yoast_head":"<!-- This site is optimized with the Yoast SEO plugin v27.5 - https:\/\/yoast.com\/product\/yoast-seo-wordpress\/ -->\n<title>Maxime CORNIC, le cyclo-crossman - Avenir Cycliste Lanester 56<\/title>\n<meta name=\"robots\" content=\"index, follow, max-snippet:-1, max-image-preview:large, max-video-preview:-1\" \/>\n<link rel=\"canonical\" href=\"https:\/\/www.aclanester56.com\/velo\/maxime-cornic-le-cyclo-crossman\/\" \/>\n<meta property=\"og:locale\" content=\"fr_FR\" \/>\n<meta property=\"og:type\" content=\"article\" \/>\n<meta property=\"og:title\" content=\"Maxime CORNIC, le cyclo-crossman - Avenir Cycliste Lanester 56\" \/>\n<meta property=\"og:description\" content=\"Les spectateurs qui assistaient dimanche dernier \u00e0 la premi\u00e8re manche du Troph\u00e9e R\u00e9gional de cyclo-cross \u00e0 Kerlouan ont pu d\u00e9couvrir [&hellip;]\" \/>\n<meta property=\"og:url\" content=\"https:\/\/www.aclanester56.com\/velo\/maxime-cornic-le-cyclo-crossman\/\" \/>\n<meta property=\"og:site_name\" content=\"Avenir Cycliste Lanester 56\" \/>\n<meta property=\"article:publisher\" content=\"https:\/\/www.facebook.com\/pages\/AC-Lanester-56\/190286300991242?fref=ts\" \/>\n<meta property=\"article:published_time\" content=\"2010-10-20T15:00:32+00:00\" \/>\n<meta property=\"article:modified_time\" content=\"2010-10-21T11:34:44+00:00\" \/>\n<meta property=\"og:image\" content=\"https:\/\/www.aclanester56.com\/velo\/wp-content\/uploads\/2010\/10\/DSC_0108.jpg\" \/>\n\t<meta property=\"og:image:width\" content=\"1024\" \/>\n\t<meta property=\"og:image:height\" content=\"681\" \/>\n\t<meta property=\"og:image:type\" content=\"image\/jpeg\" \/>\n<meta name=\"author\" content=\"Jean-Christophe\" \/>\n<meta name=\"twitter:label1\" content=\"\u00c9crit par\" \/>\n\t<meta name=\"twitter:data1\" content=\"Jean-Christophe\" \/>\n\t<meta name=\"twitter:label2\" content=\"Dur\u00e9e de lecture estim\u00e9e\" \/>\n\t<meta name=\"twitter:data2\" content=\"2 minutes\" \/>\n<script type=\"application\/ld+json\" class=\"yoast-schema-graph\">{\"@context\":\"https:\\\/\\\/schema.org\",\"@graph\":[{\"@type\":\"Article\",\"@id\":\"https:\\\/\\\/www.aclanester56.com\\\/velo\\\/maxime-cornic-le-cyclo-crossman\\\/#article\",\"isPartOf\":{\"@id\":\"https:\\\/\\\/www.aclanester56.com\\\/velo\\\/maxime-cornic-le-cyclo-crossman\\\/\"},\"author\":{\"name\":\"Jean-Christophe\",\"@id\":\"https:\\\/\\\/www.aclanester56.com\\\/velo\\\/#\\\/schema\\\/person\\\/ca2a44a5fd969e9dd846c72d3b33bc01\"},\"headline\":\"Maxime CORNIC, le cyclo-crossman\",\"datePublished\":\"2010-10-20T15:00:32+00:00\",\"dateModified\":\"2010-10-21T11:34:44+00:00\",\"mainEntityOfPage\":{\"@id\":\"https:\\\/\\\/www.aclanester56.com\\\/velo\\\/maxime-cornic-le-cyclo-crossman\\\/\"},\"wordCount\":412,\"commentCount\":0,\"publisher\":{\"@id\":\"https:\\\/\\\/www.aclanester56.com\\\/velo\\\/#organization\"},\"image\":{\"@id\":\"https:\\\/\\\/www.aclanester56.com\\\/velo\\\/maxime-cornic-le-cyclo-crossman\\\/#primaryimage\"},\"thumbnailUrl\":\"https:\\\/\\\/www.aclanester56.com\\\/velo\\\/wp-content\\\/uploads\\\/2010\\\/10\\\/DSC_0108.jpg\",\"articleSection\":[\"AC LANESTER 56\"],\"inLanguage\":\"fr-FR\",\"potentialAction\":[{\"@type\":\"CommentAction\",\"name\":\"Comment\",\"target\":[\"https:\\\/\\\/www.aclanester56.com\\\/velo\\\/maxime-cornic-le-cyclo-crossman\\\/#respond\"]}]},{\"@type\":\"WebPage\",\"@id\":\"https:\\\/\\\/www.aclanester56.com\\\/velo\\\/maxime-cornic-le-cyclo-crossman\\\/\",\"url\":\"https:\\\/\\\/www.aclanester56.com\\\/velo\\\/maxime-cornic-le-cyclo-crossman\\\/\",\"name\":\"Maxime CORNIC, le cyclo-crossman - Avenir Cycliste Lanester 56\",\"isPartOf\":{\"@id\":\"https:\\\/\\\/www.aclanester56.com\\\/velo\\\/#website\"},\"primaryImageOfPage\":{\"@id\":\"https:\\\/\\\/www.aclanester56.com\\\/velo\\\/maxime-cornic-le-cyclo-crossman\\\/#primaryimage\"},\"image\":{\"@id\":\"https:\\\/\\\/www.aclanester56.com\\\/velo\\\/maxime-cornic-le-cyclo-crossman\\\/#primaryimage\"},\"thumbnailUrl\":\"https:\\\/\\\/www.aclanester56.com\\\/velo\\\/wp-content\\\/uploads\\\/2010\\\/10\\\/DSC_0108.jpg\",\"datePublished\":\"2010-10-20T15:00:32+00:00\",\"dateModified\":\"2010-10-21T11:34:44+00:00\",\"inLanguage\":\"fr-FR\",\"potentialAction\":[{\"@type\":\"ReadAction\",\"target\":[\"https:\\\/\\\/www.aclanester56.com\\\/velo\\\/maxime-cornic-le-cyclo-crossman\\\/\"]}]},{\"@type\":\"ImageObject\",\"inLanguage\":\"fr-FR\",\"@id\":\"https:\\\/\\\/www.aclanester56.com\\\/velo\\\/maxime-cornic-le-cyclo-crossman\\\/#primaryimage\",\"url\":\"https:\\\/\\\/www.aclanester56.com\\\/velo\\\/wp-content\\\/uploads\\\/2010\\\/10\\\/DSC_0108.jpg\",\"contentUrl\":\"https:\\\/\\\/www.aclanester56.com\\\/velo\\\/wp-content\\\/uploads\\\/2010\\\/10\\\/DSC_0108.jpg\",\"width\":1024,\"height\":681,\"caption\":\"Maxime CORNIC, malchanceux sur la premi\u00e8re manche du Troph\u00e9e R\u00e9gional de cyclo-cross \u00e0 Kerlouan (photo Sylvie TRETOUT)\"},{\"@type\":\"WebSite\",\"@id\":\"https:\\\/\\\/www.aclanester56.com\\\/velo\\\/#website\",\"url\":\"https:\\\/\\\/www.aclanester56.com\\\/velo\\\/\",\"name\":\"Avenir Cycliste Lanester 56\",\"description\":\"Club cycliste de l&#039;AC LANESTER 56\",\"publisher\":{\"@id\":\"https:\\\/\\\/www.aclanester56.com\\\/velo\\\/#organization\"},\"potentialAction\":[{\"@type\":\"SearchAction\",\"target\":{\"@type\":\"EntryPoint\",\"urlTemplate\":\"https:\\\/\\\/www.aclanester56.com\\\/velo\\\/?s={search_term_string}\"},\"query-input\":{\"@type\":\"PropertyValueSpecification\",\"valueRequired\":true,\"valueName\":\"search_term_string\"}}],\"inLanguage\":\"fr-FR\"},{\"@type\":\"Organization\",\"@id\":\"https:\\\/\\\/www.aclanester56.com\\\/velo\\\/#organization\",\"name\":\"Avenir Cycliste Lanester 56\",\"url\":\"https:\\\/\\\/www.aclanester56.com\\\/velo\\\/\",\"logo\":{\"@type\":\"ImageObject\",\"inLanguage\":\"fr-FR\",\"@id\":\"https:\\\/\\\/www.aclanester56.com\\\/velo\\\/#\\\/schema\\\/logo\\\/image\\\/\",\"url\":\"https:\\\/\\\/www.aclanester56.com\\\/velo\\\/wp-content\\\/uploads\\\/2013\\\/04\\\/logo-ACL.jpg\",\"contentUrl\":\"https:\\\/\\\/www.aclanester56.com\\\/velo\\\/wp-content\\\/uploads\\\/2013\\\/04\\\/logo-ACL.jpg\",\"width\":400,\"height\":334,\"caption\":\"Avenir Cycliste Lanester 56\"},\"image\":{\"@id\":\"https:\\\/\\\/www.aclanester56.com\\\/velo\\\/#\\\/schema\\\/logo\\\/image\\\/\"},\"sameAs\":[\"https:\\\/\\\/www.facebook.com\\\/pages\\\/AC-Lanester-56\\\/190286300991242?fref=ts\"]},{\"@type\":\"Person\",\"@id\":\"https:\\\/\\\/www.aclanester56.com\\\/velo\\\/#\\\/schema\\\/person\\\/ca2a44a5fd969e9dd846c72d3b33bc01\",\"name\":\"Jean-Christophe\",\"url\":\"https:\\\/\\\/www.aclanester56.com\\\/velo\\\/author\\\/jeanchristophe\\\/\"}]}<\/script>\n<!-- \/ Yoast SEO plugin. -->","yoast_head_json":{"title":"Maxime CORNIC, le cyclo-crossman - Avenir Cycliste Lanester 56","robots":{"index":"index","follow":"follow","max-snippet":"max-snippet:-1","max-image-preview":"max-image-preview:large","max-video-preview":"max-video-preview:-1"},"canonical":"https:\/\/www.aclanester56.com\/velo\/maxime-cornic-le-cyclo-crossman\/","og_locale":"fr_FR","og_type":"article","og_title":"Maxime CORNIC, le cyclo-crossman - Avenir Cycliste Lanester 56","og_description":"Les spectateurs qui assistaient dimanche dernier \u00e0 la premi\u00e8re manche du Troph\u00e9e R\u00e9gional de cyclo-cross \u00e0 Kerlouan ont pu d\u00e9couvrir [&hellip;]","og_url":"https:\/\/www.aclanester56.com\/velo\/maxime-cornic-le-cyclo-crossman\/","og_site_name":"Avenir Cycliste Lanester 56","article_publisher":"https:\/\/www.facebook.com\/pages\/AC-Lanester-56\/190286300991242?fref=ts","article_published_time":"2010-10-20T15:00:32+00:00","article_modified_time":"2010-10-21T11:34:44+00:00","og_image":[{"width":1024,"height":681,"url":"https:\/\/www.aclanester56.com\/velo\/wp-content\/uploads\/2010\/10\/DSC_0108.jpg","type":"image\/jpeg"}],"author":"Jean-Christophe","twitter_misc":{"\u00c9crit par":"Jean-Christophe","Dur\u00e9e de lecture estim\u00e9e":"2 minutes"},"schema":{"@context":"https:\/\/schema.org","@graph":[{"@type":"Article","@id":"https:\/\/www.aclanester56.com\/velo\/maxime-cornic-le-cyclo-crossman\/#article","isPartOf":{"@id":"https:\/\/www.aclanester56.com\/velo\/maxime-cornic-le-cyclo-crossman\/"},"author":{"name":"Jean-Christophe","@id":"https:\/\/www.aclanester56.com\/velo\/#\/schema\/person\/ca2a44a5fd969e9dd846c72d3b33bc01"},"headline":"Maxime CORNIC, le cyclo-crossman","datePublished":"2010-10-20T15:00:32+00:00","dateModified":"2010-10-21T11:34:44+00:00","mainEntityOfPage":{"@id":"https:\/\/www.aclanester56.com\/velo\/maxime-cornic-le-cyclo-crossman\/"},"wordCount":412,"commentCount":0,"publisher":{"@id":"https:\/\/www.aclanester56.com\/velo\/#organization"},"image":{"@id":"https:\/\/www.aclanester56.com\/velo\/maxime-cornic-le-cyclo-crossman\/#primaryimage"},"thumbnailUrl":"https:\/\/www.aclanester56.com\/velo\/wp-content\/uploads\/2010\/10\/DSC_0108.jpg","articleSection":["AC LANESTER 56"],"inLanguage":"fr-FR","potentialAction":[{"@type":"CommentAction","name":"Comment","target":["https:\/\/www.aclanester56.com\/velo\/maxime-cornic-le-cyclo-crossman\/#respond"]}]},{"@type":"WebPage","@id":"https:\/\/www.aclanester56.com\/velo\/maxime-cornic-le-cyclo-crossman\/","url":"https:\/\/www.aclanester56.com\/velo\/maxime-cornic-le-cyclo-crossman\/","name":"Maxime CORNIC, le cyclo-crossman - Avenir Cycliste Lanester 56","isPartOf":{"@id":"https:\/\/www.aclanester56.com\/velo\/#website"},"primaryImageOfPage":{"@id":"https:\/\/www.aclanester56.com\/velo\/maxime-cornic-le-cyclo-crossman\/#primaryimage"},"image":{"@id":"https:\/\/www.aclanester56.com\/velo\/maxime-cornic-le-cyclo-crossman\/#primaryimage"},"thumbnailUrl":"https:\/\/www.aclanester56.com\/velo\/wp-content\/uploads\/2010\/10\/DSC_0108.jpg","datePublished":"2010-10-20T15:00:32+00:00","dateModified":"2010-10-21T11:34:44+00:00","inLanguage":"fr-FR","potentialAction":[{"@type":"ReadAction","target":["https:\/\/www.aclanester56.com\/velo\/maxime-cornic-le-cyclo-crossman\/"]}]},{"@type":"ImageObject","inLanguage":"fr-FR","@id":"https:\/\/www.aclanester56.com\/velo\/maxime-cornic-le-cyclo-crossman\/#primaryimage","url":"https:\/\/www.aclanester56.com\/velo\/wp-content\/uploads\/2010\/10\/DSC_0108.jpg","contentUrl":"https:\/\/www.aclanester56.com\/velo\/wp-content\/uploads\/2010\/10\/DSC_0108.jpg","width":1024,"height":681,"caption":"Maxime CORNIC, malchanceux sur la premi\u00e8re manche du Troph\u00e9e R\u00e9gional de cyclo-cross \u00e0 Kerlouan (photo Sylvie TRETOUT)"},{"@type":"WebSite","@id":"https:\/\/www.aclanester56.com\/velo\/#website","url":"https:\/\/www.aclanester56.com\/velo\/","name":"Avenir Cycliste Lanester 56","description":"Club cycliste de l&#039;AC LANESTER 56","publisher":{"@id":"https:\/\/www.aclanester56.com\/velo\/#organization"},"potentialAction":[{"@type":"SearchAction","target":{"@type":"EntryPoint","urlTemplate":"https:\/\/www.aclanester56.com\/velo\/?s={search_term_string}"},"query-input":{"@type":"PropertyValueSpecification","valueRequired":true,"valueName":"search_term_string"}}],"inLanguage":"fr-FR"},{"@type":"Organization","@id":"https:\/\/www.aclanester56.com\/velo\/#organization","name":"Avenir Cycliste Lanester 56","url":"https:\/\/www.aclanester56.com\/velo\/","logo":{"@type":"ImageObject","inLanguage":"fr-FR","@id":"https:\/\/www.aclanester56.com\/velo\/#\/schema\/logo\/image\/","url":"https:\/\/www.aclanester56.com\/velo\/wp-content\/uploads\/2013\/04\/logo-ACL.jpg","contentUrl":"https:\/\/www.aclanester56.com\/velo\/wp-content\/uploads\/2013\/04\/logo-ACL.jpg","width":400,"height":334,"caption":"Avenir Cycliste Lanester 56"},"image":{"@id":"https:\/\/www.aclanester56.com\/velo\/#\/schema\/logo\/image\/"},"sameAs":["https:\/\/www.facebook.com\/pages\/AC-Lanester-56\/190286300991242?fref=ts"]},{"@type":"Person","@id":"https:\/\/www.aclanester56.com\/velo\/#\/schema\/person\/ca2a44a5fd969e9dd846c72d3b33bc01","name":"Jean-Christophe","url":"https:\/\/www.aclanester56.com\/velo\/author\/jeanchristophe\/"}]}},"_links":{"self":[{"href":"https:\/\/www.aclanester56.com\/velo\/wp-json\/wp\/v2\/posts\/4690","targetHints":{"allow":["GET"]}}],"collection":[{"href":"https:\/\/www.aclanester56.com\/velo\/wp-json\/wp\/v2\/posts"}],"about":[{"href":"https:\/\/www.aclanester56.com\/velo\/wp-json\/wp\/v2\/types\/post"}],"author":[{"embeddable":true,"href":"https:\/\/www.aclanester56.com\/velo\/wp-json\/wp\/v2\/users\/14"}],"replies":[{"embeddable":true,"href":"https:\/\/www.aclanester56.com\/velo\/wp-json\/wp\/v2\/comments?post=4690"}],"version-history":[{"count":0,"href":"https:\/\/www.aclanester56.com\/velo\/wp-json\/wp\/v2\/posts\/4690\/revisions"}],"wp:featuredmedia":[{"embeddable":true,"href":"https:\/\/www.aclanester56.com\/velo\/wp-json\/wp\/v2\/media\/4691"}],"wp:attachment":[{"href":"https:\/\/www.aclanester56.com\/velo\/wp-json\/wp\/v2\/media?parent=4690"}],"wp:term":[{"taxonomy":"category","embeddable":true,"href":"https:\/\/www.aclanester56.com\/velo\/wp-json\/wp\/v2\/categories?post=4690"},{"taxonomy":"post_tag","embeddable":true,"href":"https:\/\/www.aclanester56.com\/velo\/wp-json\/wp\/v2\/tags?post=4690"}],"curies":[{"name":"wp","href":"https:\/\/api.w.org\/{rel}","templated":true}]}}