{"id":4787,"date":"2010-10-23T07:00:51","date_gmt":"2010-10-23T06:00:51","guid":{"rendered":"http:\/\/www.aclanester56.com\/velo\/?p=4787"},"modified":"2010-11-01T17:26:32","modified_gmt":"2010-11-01T16:26:32","slug":"championnats-du-morbihan-de-cyclo-cross-demain-a-taupont","status":"publish","type":"post","link":"https:\/\/www.aclanester56.com\/velo\/championnats-du-morbihan-de-cyclo-cross-demain-a-taupont\/","title":{"rendered":"Championnats du Morbihan de Cyclo-Cross demain \u00e0 Taupont"},"content":{"rendered":"<div id=\"attachment_4789\" style=\"width: 410px\" class=\"wp-caption alignleft\"><a href=\"http:\/\/www.aclanester56.com\/velo\/wp-content\/uploads\/2010\/10\/DSC_0119-800x532.jpg\"><img loading=\"lazy\" decoding=\"async\" aria-describedby=\"caption-attachment-4789\" class=\"size-large wp-image-4789\" title=\"Antoine COZ et Aur\u00e9lien DANIEL, tenteront respectivement de remporter le titre d\u00e9partemental chez les juniors et chez les espoirs (photo Sylvie TRETOUT)\" src=\"http:\/\/www.aclanester56.com\/velo\/wp-content\/uploads\/2010\/10\/DSC_0119-800x532.jpg\" alt=\"\" width=\"400\" height=\"265\" srcset=\"https:\/\/www.aclanester56.com\/velo\/wp-content\/uploads\/2010\/10\/DSC_0119-800x532.jpg 800w, https:\/\/www.aclanester56.com\/velo\/wp-content\/uploads\/2010\/10\/DSC_0119-300x199.jpg 300w, https:\/\/www.aclanester56.com\/velo\/wp-content\/uploads\/2010\/10\/DSC_0119.jpg 1024w\" sizes=\"auto, (max-width: 400px) 100vw, 400px\" \/><\/a><p id=\"caption-attachment-4789\" class=\"wp-caption-text\">Antoine COZ et Aur\u00e9lien DANIEL, tenteront respectivement de remporter le titre d\u00e9partemental chez les juniors et chez les espoirs (photo Sylvie TRETOUT)<\/p><\/div>\n<p>Les Lanest\u00e9riens du TEAM CYCLO-CROSS AVENIR seront attendus demain lors des championnats du Morbihan de cyclo-cross, qui auront lieu \u00e0 Taupont.<\/p>\n<p><br class=\"spacer_\" \/><\/p>\n<p><br class=\"spacer_\" \/><\/p>\n<p><!--more--><\/p>\n<p><br class=\"spacer_\" \/><\/p>\n<p>Chez les juniors, les lanest\u00e9riens Flavian LE GUELLEC et Antoine COZ, qui sont actuellement les deux meilleurs bretons comme le montre leur joli doubl\u00e9 sur la premi\u00e8re manche du Troph\u00e9e R\u00e9gional \u00e0 Kerlouan, devraient se battre pour succ\u00e9der \u00e0 &#8230; Antoine COZ ! Il s&rsquo;agira de leur dernier test avant leur premier grand objectif, la premi\u00e8re manche du challenge national de Saverne.<\/p>\n<p><br class=\"spacer_\" \/><\/p>\n<p>Les lanest\u00e9riens Christophe BALANNEC et Aur\u00e9lien DANIEL devraient figurer sur les plus hautes marches du podium chez les espoirs. Mais ils tenteront surtout de s&rsquo;imposer face \u00e0 leurs redoutables a\u00een\u00e9s (puisque les espoirs participeront \u00e9galement \u00e0 la course des \u00e9lites), dont le plouaysien Yoann CORBIHAN et le qu\u00e9vennois Christophe LE BOUEDEC. Nous suivrons \u00e9galement avec attention la prestation de Maxime CORNIC, qui avait montr\u00e9 de belles possibilit\u00e9s \u00e0 Kerlouan dimanche dernier.<\/p>\n<p>Attention, les horaires de ces championnats ont \u00e9t\u00e9 modifi\u00e9s. Voici le programme :<\/p>\n<p style=\"padding-left: 30px;\">&#8211; 14h30 &#8211; Minimes &#8211; 15&prime;<\/p>\n<p style=\"padding-left: 30px;\">&#8211; 15h &#8211; Juniors &#8211; Cadets &#8211; Dames &#8211; 40&prime; (juniors) et 30&prime; (cadets et dames)<\/p>\n<p style=\"padding-left: 30px;\">&#8211; 16h &#8211; Espoirs &#8211; Seniors &#8211; 50&prime;<\/p>\n<p>Bonne chance \u00e0 nos cyclo-crossmen !<\/p>\n<p><br class=\"spacer_\" \/><\/p>\n","protected":false},"excerpt":{"rendered":"<p>Les Lanest\u00e9riens du TEAM CYCLO-CROSS AVENIR seront attendus demain lors des championnats du Morbihan de cyclo-cross, qui auront lieu \u00e0 [&hellip;]<\/p>\n","protected":false},"author":14,"featured_media":4789,"comment_status":"open","ping_status":"closed","sticky":false,"template":"","format":"standard","meta":{"ngg_post_thumbnail":0,"footnotes":""},"categories":[5,28],"tags":[],"class_list":["post-4787","post","type-post","status-publish","format-standard","has-post-thumbnail","hentry","category-ac-lanester-56","category-resultats-cyclo-cross"],"yoast_head":"<!-- This site is optimized with the Yoast SEO plugin v27.5 - https:\/\/yoast.com\/product\/yoast-seo-wordpress\/ -->\n<title>Championnats du Morbihan de Cyclo-Cross demain \u00e0 Taupont - Avenir Cycliste Lanester 56<\/title>\n<meta name=\"robots\" content=\"index, follow, max-snippet:-1, max-image-preview:large, max-video-preview:-1\" \/>\n<link rel=\"canonical\" href=\"https:\/\/www.aclanester56.com\/velo\/championnats-du-morbihan-de-cyclo-cross-demain-a-taupont\/\" \/>\n<meta property=\"og:locale\" content=\"fr_FR\" \/>\n<meta property=\"og:type\" content=\"article\" \/>\n<meta property=\"og:title\" content=\"Championnats du Morbihan de Cyclo-Cross demain \u00e0 Taupont - Avenir Cycliste Lanester 56\" \/>\n<meta property=\"og:description\" content=\"Les Lanest\u00e9riens du TEAM CYCLO-CROSS AVENIR seront attendus demain lors des championnats du Morbihan de cyclo-cross, qui auront lieu \u00e0 [&hellip;]\" \/>\n<meta property=\"og:url\" content=\"https:\/\/www.aclanester56.com\/velo\/championnats-du-morbihan-de-cyclo-cross-demain-a-taupont\/\" \/>\n<meta property=\"og:site_name\" content=\"Avenir Cycliste Lanester 56\" \/>\n<meta property=\"article:publisher\" content=\"https:\/\/www.facebook.com\/pages\/AC-Lanester-56\/190286300991242?fref=ts\" \/>\n<meta property=\"article:published_time\" content=\"2010-10-23T06:00:51+00:00\" \/>\n<meta property=\"article:modified_time\" content=\"2010-11-01T16:26:32+00:00\" \/>\n<meta property=\"og:image\" content=\"https:\/\/www.aclanester56.com\/velo\/wp-content\/uploads\/2010\/10\/DSC_0119.jpg\" \/>\n\t<meta property=\"og:image:width\" content=\"1024\" \/>\n\t<meta property=\"og:image:height\" content=\"681\" \/>\n\t<meta property=\"og:image:type\" content=\"image\/jpeg\" \/>\n<meta name=\"author\" content=\"Jean-Christophe\" \/>\n<meta name=\"twitter:label1\" content=\"\u00c9crit par\" \/>\n\t<meta name=\"twitter:data1\" content=\"Jean-Christophe\" \/>\n\t<meta name=\"twitter:label2\" content=\"Dur\u00e9e de lecture estim\u00e9e\" \/>\n\t<meta name=\"twitter:data2\" content=\"1 minute\" \/>\n<script type=\"application\/ld+json\" class=\"yoast-schema-graph\">{\"@context\":\"https:\\\/\\\/schema.org\",\"@graph\":[{\"@type\":\"Article\",\"@id\":\"https:\\\/\\\/www.aclanester56.com\\\/velo\\\/championnats-du-morbihan-de-cyclo-cross-demain-a-taupont\\\/#article\",\"isPartOf\":{\"@id\":\"https:\\\/\\\/www.aclanester56.com\\\/velo\\\/championnats-du-morbihan-de-cyclo-cross-demain-a-taupont\\\/\"},\"author\":{\"name\":\"Jean-Christophe\",\"@id\":\"https:\\\/\\\/www.aclanester56.com\\\/velo\\\/#\\\/schema\\\/person\\\/ca2a44a5fd969e9dd846c72d3b33bc01\"},\"headline\":\"Championnats du Morbihan de Cyclo-Cross demain \u00e0 Taupont\",\"datePublished\":\"2010-10-23T06:00:51+00:00\",\"dateModified\":\"2010-11-01T16:26:32+00:00\",\"mainEntityOfPage\":{\"@id\":\"https:\\\/\\\/www.aclanester56.com\\\/velo\\\/championnats-du-morbihan-de-cyclo-cross-demain-a-taupont\\\/\"},\"wordCount\":245,\"commentCount\":0,\"publisher\":{\"@id\":\"https:\\\/\\\/www.aclanester56.com\\\/velo\\\/#organization\"},\"image\":{\"@id\":\"https:\\\/\\\/www.aclanester56.com\\\/velo\\\/championnats-du-morbihan-de-cyclo-cross-demain-a-taupont\\\/#primaryimage\"},\"thumbnailUrl\":\"https:\\\/\\\/www.aclanester56.com\\\/velo\\\/wp-content\\\/uploads\\\/2010\\\/10\\\/DSC_0119.jpg\",\"articleSection\":[\"AC LANESTER 56\",\"R\u00e9sultats Cyclo-Cross\"],\"inLanguage\":\"fr-FR\",\"potentialAction\":[{\"@type\":\"CommentAction\",\"name\":\"Comment\",\"target\":[\"https:\\\/\\\/www.aclanester56.com\\\/velo\\\/championnats-du-morbihan-de-cyclo-cross-demain-a-taupont\\\/#respond\"]}]},{\"@type\":\"WebPage\",\"@id\":\"https:\\\/\\\/www.aclanester56.com\\\/velo\\\/championnats-du-morbihan-de-cyclo-cross-demain-a-taupont\\\/\",\"url\":\"https:\\\/\\\/www.aclanester56.com\\\/velo\\\/championnats-du-morbihan-de-cyclo-cross-demain-a-taupont\\\/\",\"name\":\"Championnats du Morbihan de Cyclo-Cross demain \u00e0 Taupont - Avenir Cycliste Lanester 56\",\"isPartOf\":{\"@id\":\"https:\\\/\\\/www.aclanester56.com\\\/velo\\\/#website\"},\"primaryImageOfPage\":{\"@id\":\"https:\\\/\\\/www.aclanester56.com\\\/velo\\\/championnats-du-morbihan-de-cyclo-cross-demain-a-taupont\\\/#primaryimage\"},\"image\":{\"@id\":\"https:\\\/\\\/www.aclanester56.com\\\/velo\\\/championnats-du-morbihan-de-cyclo-cross-demain-a-taupont\\\/#primaryimage\"},\"thumbnailUrl\":\"https:\\\/\\\/www.aclanester56.com\\\/velo\\\/wp-content\\\/uploads\\\/2010\\\/10\\\/DSC_0119.jpg\",\"datePublished\":\"2010-10-23T06:00:51+00:00\",\"dateModified\":\"2010-11-01T16:26:32+00:00\",\"inLanguage\":\"fr-FR\",\"potentialAction\":[{\"@type\":\"ReadAction\",\"target\":[\"https:\\\/\\\/www.aclanester56.com\\\/velo\\\/championnats-du-morbihan-de-cyclo-cross-demain-a-taupont\\\/\"]}]},{\"@type\":\"ImageObject\",\"inLanguage\":\"fr-FR\",\"@id\":\"https:\\\/\\\/www.aclanester56.com\\\/velo\\\/championnats-du-morbihan-de-cyclo-cross-demain-a-taupont\\\/#primaryimage\",\"url\":\"https:\\\/\\\/www.aclanester56.com\\\/velo\\\/wp-content\\\/uploads\\\/2010\\\/10\\\/DSC_0119.jpg\",\"contentUrl\":\"https:\\\/\\\/www.aclanester56.com\\\/velo\\\/wp-content\\\/uploads\\\/2010\\\/10\\\/DSC_0119.jpg\",\"width\":1024,\"height\":681,\"caption\":\"Antoine COZ et Aur\u00e9lien DANIEL, tenteront respectivement de remporter le titre d\u00e9partemental chez les juniors et chez les espoirs (photo Sylvie TRETOUT)\"},{\"@type\":\"WebSite\",\"@id\":\"https:\\\/\\\/www.aclanester56.com\\\/velo\\\/#website\",\"url\":\"https:\\\/\\\/www.aclanester56.com\\\/velo\\\/\",\"name\":\"Avenir Cycliste Lanester 56\",\"description\":\"Club cycliste de l&#039;AC LANESTER 56\",\"publisher\":{\"@id\":\"https:\\\/\\\/www.aclanester56.com\\\/velo\\\/#organization\"},\"potentialAction\":[{\"@type\":\"SearchAction\",\"target\":{\"@type\":\"EntryPoint\",\"urlTemplate\":\"https:\\\/\\\/www.aclanester56.com\\\/velo\\\/?s={search_term_string}\"},\"query-input\":{\"@type\":\"PropertyValueSpecification\",\"valueRequired\":true,\"valueName\":\"search_term_string\"}}],\"inLanguage\":\"fr-FR\"},{\"@type\":\"Organization\",\"@id\":\"https:\\\/\\\/www.aclanester56.com\\\/velo\\\/#organization\",\"name\":\"Avenir Cycliste Lanester 56\",\"url\":\"https:\\\/\\\/www.aclanester56.com\\\/velo\\\/\",\"logo\":{\"@type\":\"ImageObject\",\"inLanguage\":\"fr-FR\",\"@id\":\"https:\\\/\\\/www.aclanester56.com\\\/velo\\\/#\\\/schema\\\/logo\\\/image\\\/\",\"url\":\"https:\\\/\\\/www.aclanester56.com\\\/velo\\\/wp-content\\\/uploads\\\/2013\\\/04\\\/logo-ACL.jpg\",\"contentUrl\":\"https:\\\/\\\/www.aclanester56.com\\\/velo\\\/wp-content\\\/uploads\\\/2013\\\/04\\\/logo-ACL.jpg\",\"width\":400,\"height\":334,\"caption\":\"Avenir Cycliste Lanester 56\"},\"image\":{\"@id\":\"https:\\\/\\\/www.aclanester56.com\\\/velo\\\/#\\\/schema\\\/logo\\\/image\\\/\"},\"sameAs\":[\"https:\\\/\\\/www.facebook.com\\\/pages\\\/AC-Lanester-56\\\/190286300991242?fref=ts\"]},{\"@type\":\"Person\",\"@id\":\"https:\\\/\\\/www.aclanester56.com\\\/velo\\\/#\\\/schema\\\/person\\\/ca2a44a5fd969e9dd846c72d3b33bc01\",\"name\":\"Jean-Christophe\",\"url\":\"https:\\\/\\\/www.aclanester56.com\\\/velo\\\/author\\\/jeanchristophe\\\/\"}]}<\/script>\n<!-- \/ Yoast SEO plugin. -->","yoast_head_json":{"title":"Championnats du Morbihan de Cyclo-Cross demain \u00e0 Taupont - Avenir Cycliste Lanester 56","robots":{"index":"index","follow":"follow","max-snippet":"max-snippet:-1","max-image-preview":"max-image-preview:large","max-video-preview":"max-video-preview:-1"},"canonical":"https:\/\/www.aclanester56.com\/velo\/championnats-du-morbihan-de-cyclo-cross-demain-a-taupont\/","og_locale":"fr_FR","og_type":"article","og_title":"Championnats du Morbihan de Cyclo-Cross demain \u00e0 Taupont - Avenir Cycliste Lanester 56","og_description":"Les Lanest\u00e9riens du TEAM CYCLO-CROSS AVENIR seront attendus demain lors des championnats du Morbihan de cyclo-cross, qui auront lieu \u00e0 [&hellip;]","og_url":"https:\/\/www.aclanester56.com\/velo\/championnats-du-morbihan-de-cyclo-cross-demain-a-taupont\/","og_site_name":"Avenir Cycliste Lanester 56","article_publisher":"https:\/\/www.facebook.com\/pages\/AC-Lanester-56\/190286300991242?fref=ts","article_published_time":"2010-10-23T06:00:51+00:00","article_modified_time":"2010-11-01T16:26:32+00:00","og_image":[{"width":1024,"height":681,"url":"https:\/\/www.aclanester56.com\/velo\/wp-content\/uploads\/2010\/10\/DSC_0119.jpg","type":"image\/jpeg"}],"author":"Jean-Christophe","twitter_misc":{"\u00c9crit par":"Jean-Christophe","Dur\u00e9e de lecture estim\u00e9e":"1 minute"},"schema":{"@context":"https:\/\/schema.org","@graph":[{"@type":"Article","@id":"https:\/\/www.aclanester56.com\/velo\/championnats-du-morbihan-de-cyclo-cross-demain-a-taupont\/#article","isPartOf":{"@id":"https:\/\/www.aclanester56.com\/velo\/championnats-du-morbihan-de-cyclo-cross-demain-a-taupont\/"},"author":{"name":"Jean-Christophe","@id":"https:\/\/www.aclanester56.com\/velo\/#\/schema\/person\/ca2a44a5fd969e9dd846c72d3b33bc01"},"headline":"Championnats du Morbihan de Cyclo-Cross demain \u00e0 Taupont","datePublished":"2010-10-23T06:00:51+00:00","dateModified":"2010-11-01T16:26:32+00:00","mainEntityOfPage":{"@id":"https:\/\/www.aclanester56.com\/velo\/championnats-du-morbihan-de-cyclo-cross-demain-a-taupont\/"},"wordCount":245,"commentCount":0,"publisher":{"@id":"https:\/\/www.aclanester56.com\/velo\/#organization"},"image":{"@id":"https:\/\/www.aclanester56.com\/velo\/championnats-du-morbihan-de-cyclo-cross-demain-a-taupont\/#primaryimage"},"thumbnailUrl":"https:\/\/www.aclanester56.com\/velo\/wp-content\/uploads\/2010\/10\/DSC_0119.jpg","articleSection":["AC LANESTER 56","R\u00e9sultats Cyclo-Cross"],"inLanguage":"fr-FR","potentialAction":[{"@type":"CommentAction","name":"Comment","target":["https:\/\/www.aclanester56.com\/velo\/championnats-du-morbihan-de-cyclo-cross-demain-a-taupont\/#respond"]}]},{"@type":"WebPage","@id":"https:\/\/www.aclanester56.com\/velo\/championnats-du-morbihan-de-cyclo-cross-demain-a-taupont\/","url":"https:\/\/www.aclanester56.com\/velo\/championnats-du-morbihan-de-cyclo-cross-demain-a-taupont\/","name":"Championnats du Morbihan de Cyclo-Cross demain \u00e0 Taupont - Avenir Cycliste Lanester 56","isPartOf":{"@id":"https:\/\/www.aclanester56.com\/velo\/#website"},"primaryImageOfPage":{"@id":"https:\/\/www.aclanester56.com\/velo\/championnats-du-morbihan-de-cyclo-cross-demain-a-taupont\/#primaryimage"},"image":{"@id":"https:\/\/www.aclanester56.com\/velo\/championnats-du-morbihan-de-cyclo-cross-demain-a-taupont\/#primaryimage"},"thumbnailUrl":"https:\/\/www.aclanester56.com\/velo\/wp-content\/uploads\/2010\/10\/DSC_0119.jpg","datePublished":"2010-10-23T06:00:51+00:00","dateModified":"2010-11-01T16:26:32+00:00","inLanguage":"fr-FR","potentialAction":[{"@type":"ReadAction","target":["https:\/\/www.aclanester56.com\/velo\/championnats-du-morbihan-de-cyclo-cross-demain-a-taupont\/"]}]},{"@type":"ImageObject","inLanguage":"fr-FR","@id":"https:\/\/www.aclanester56.com\/velo\/championnats-du-morbihan-de-cyclo-cross-demain-a-taupont\/#primaryimage","url":"https:\/\/www.aclanester56.com\/velo\/wp-content\/uploads\/2010\/10\/DSC_0119.jpg","contentUrl":"https:\/\/www.aclanester56.com\/velo\/wp-content\/uploads\/2010\/10\/DSC_0119.jpg","width":1024,"height":681,"caption":"Antoine COZ et Aur\u00e9lien DANIEL, tenteront respectivement de remporter le titre d\u00e9partemental chez les juniors et chez les espoirs (photo Sylvie TRETOUT)"},{"@type":"WebSite","@id":"https:\/\/www.aclanester56.com\/velo\/#website","url":"https:\/\/www.aclanester56.com\/velo\/","name":"Avenir Cycliste Lanester 56","description":"Club cycliste de l&#039;AC LANESTER 56","publisher":{"@id":"https:\/\/www.aclanester56.com\/velo\/#organization"},"potentialAction":[{"@type":"SearchAction","target":{"@type":"EntryPoint","urlTemplate":"https:\/\/www.aclanester56.com\/velo\/?s={search_term_string}"},"query-input":{"@type":"PropertyValueSpecification","valueRequired":true,"valueName":"search_term_string"}}],"inLanguage":"fr-FR"},{"@type":"Organization","@id":"https:\/\/www.aclanester56.com\/velo\/#organization","name":"Avenir Cycliste Lanester 56","url":"https:\/\/www.aclanester56.com\/velo\/","logo":{"@type":"ImageObject","inLanguage":"fr-FR","@id":"https:\/\/www.aclanester56.com\/velo\/#\/schema\/logo\/image\/","url":"https:\/\/www.aclanester56.com\/velo\/wp-content\/uploads\/2013\/04\/logo-ACL.jpg","contentUrl":"https:\/\/www.aclanester56.com\/velo\/wp-content\/uploads\/2013\/04\/logo-ACL.jpg","width":400,"height":334,"caption":"Avenir Cycliste Lanester 56"},"image":{"@id":"https:\/\/www.aclanester56.com\/velo\/#\/schema\/logo\/image\/"},"sameAs":["https:\/\/www.facebook.com\/pages\/AC-Lanester-56\/190286300991242?fref=ts"]},{"@type":"Person","@id":"https:\/\/www.aclanester56.com\/velo\/#\/schema\/person\/ca2a44a5fd969e9dd846c72d3b33bc01","name":"Jean-Christophe","url":"https:\/\/www.aclanester56.com\/velo\/author\/jeanchristophe\/"}]}},"_links":{"self":[{"href":"https:\/\/www.aclanester56.com\/velo\/wp-json\/wp\/v2\/posts\/4787","targetHints":{"allow":["GET"]}}],"collection":[{"href":"https:\/\/www.aclanester56.com\/velo\/wp-json\/wp\/v2\/posts"}],"about":[{"href":"https:\/\/www.aclanester56.com\/velo\/wp-json\/wp\/v2\/types\/post"}],"author":[{"embeddable":true,"href":"https:\/\/www.aclanester56.com\/velo\/wp-json\/wp\/v2\/users\/14"}],"replies":[{"embeddable":true,"href":"https:\/\/www.aclanester56.com\/velo\/wp-json\/wp\/v2\/comments?post=4787"}],"version-history":[{"count":0,"href":"https:\/\/www.aclanester56.com\/velo\/wp-json\/wp\/v2\/posts\/4787\/revisions"}],"wp:featuredmedia":[{"embeddable":true,"href":"https:\/\/www.aclanester56.com\/velo\/wp-json\/wp\/v2\/media\/4789"}],"wp:attachment":[{"href":"https:\/\/www.aclanester56.com\/velo\/wp-json\/wp\/v2\/media?parent=4787"}],"wp:term":[{"taxonomy":"category","embeddable":true,"href":"https:\/\/www.aclanester56.com\/velo\/wp-json\/wp\/v2\/categories?post=4787"},{"taxonomy":"post_tag","embeddable":true,"href":"https:\/\/www.aclanester56.com\/velo\/wp-json\/wp\/v2\/tags?post=4787"}],"curies":[{"name":"wp","href":"https:\/\/api.w.org\/{rel}","templated":true}]}}