{"id":4802,"date":"2010-10-26T10:33:31","date_gmt":"2010-10-26T09:33:31","guid":{"rendered":"http:\/\/www.aclanester56.com\/velo\/?p=4802"},"modified":"2010-11-18T14:19:54","modified_gmt":"2010-11-18T13:19:54","slug":"programme-de-courses-du-team-cyclo-cross-avenir","status":"publish","type":"post","link":"https:\/\/www.aclanester56.com\/velo\/programme-de-courses-du-team-cyclo-cross-avenir\/","title":{"rendered":"Programme de courses du TEAM CYCLO-CROSS AVENIR"},"content":{"rendered":"<div id=\"attachment_4807\" style=\"width: 410px\" class=\"wp-caption alignleft\"><a href=\"http:\/\/www.aclanester56.com\/velo\/wp-content\/uploads\/2010\/10\/100_1221.jpg\" ><img loading=\"lazy\" decoding=\"async\" aria-describedby=\"caption-attachment-4807\" src=\"http:\/\/www.aclanester56.com\/velo\/wp-content\/uploads\/2010\/10\/100_1221.jpg\" alt=\"\" title=\"Un copieux calendrier attend les coureurs du TEAM CYCLO-CROSS AVENIR (photo Cl\u00e9ment HENRY)\" width=\"400\" height=\"300\" class=\"size-full wp-image-4807\" srcset=\"https:\/\/www.aclanester56.com\/velo\/wp-content\/uploads\/2010\/10\/100_1221.jpg 800w, https:\/\/www.aclanester56.com\/velo\/wp-content\/uploads\/2010\/10\/100_1221-300x225.jpg 300w\" sizes=\"auto, (max-width: 400px) 100vw, 400px\" \/><\/a><p id=\"caption-attachment-4807\" class=\"wp-caption-text\">Un copieux calendrier attend les coureurs du TEAM CYCLO-CROSS AVENIR (photo Cl\u00e9ment HENRY)<\/p><\/div>\n<p style=\"text-align: justify;\">L&rsquo;\u00e9quipe de cyclo-cross de l&rsquo;AC LANESTER 56 a r\u00e9ussi son d\u00e9but de saison hivernal en Bretagne, puisque ses coureurs ont remport\u00e9 toutes les \u00e9preuves auxquelles ils ont particip\u00e9 ! En effet, les juniors Flavian LE GUELLEC et Antoine COZ ont pris les deux premi\u00e8res places sur le Troph\u00e9e R\u00e9gional de Kerlouan et sur le championnat du Morbihan de cyclo-cross \u00e0 Taupont. Chez les espoirs, Christophe BALANNEC a remport\u00e9 \u00e9galement la premi\u00e8re manche du Troph\u00e9e R\u00e9gional, ainsi que le championnat du Morbihan espoirs\/\u00e9lites, tandis qu&rsquo;Aur\u00e9lien DANIEL, 5\u00e8me \u00e0 Kerlouan, devenait vice-champion du Morbihan espoirs \u00e0 Taupont. D\u00e8s le week-end prochain, ils seront confront\u00e9s au gratin du cyclo-cross fran\u00e7ais, lors de la premi\u00e8re manche du challenge national de cyclo-cross. Nous vous faisons d\u00e9couvrir le programme pr\u00e9visionnel des courses \u00e9tabli par l&rsquo;encadrement du TEAM CYCLO-CROSS AVENIR.<\/p>\n<p><!--more--><\/p>\n<p><br class=\"spacer_\" \/><\/p>\n<p><strong><span style=\"text-decoration: underline;\">Octobre :<\/span><\/strong><\/p>\n<p>17 octobre : 1\u00e8re manche du Troph\u00e9e R\u00e9gional \u00e0 Kerlouan (29)<\/p>\n<p>24 octobre : Championnats du Morbihan de cyclo-cross \u00e0 Taupont<\/p>\n<p>31 octobre : 1\u00e8re manche du Challenge National \u00e0 Saverne (67)<\/p>\n<p><strong><span style=\"text-decoration: underline;\">Novembre <\/span><\/strong>:<\/p>\n<p>6 \u00a0novembre : cyclo-cross r\u00e9gional de Loctudy (29)<\/p>\n<p>7 \u00a0novembre : cyclo-cross national de Plougasnou (29)<\/p>\n<p>14 novembre : cyclo-cross national de Quelneuc (56)<\/p>\n<p>21 novembre : 2\u00e8me manche du Challenge National \u00e0 Miramas (13)<\/p>\n<p>28 novembre : cyclo-cross r\u00e9gional de Saint-Maugan (35)<\/p>\n<p><strong><span style=\"font-weight: normal;\"> <\/span><span style=\"text-decoration: underline;\">D\u00e9cembre :<\/span><\/strong><\/p>\n<p>5 d\u00e9cembre : Championnat de Bretagne \u00e0 Plouay (56)<\/p>\n<p>12 d\u00e9cembre : 3\u00e8me et derni\u00e8re manche du Challenge National \u00e0 St Jean-de-Monts (85)<\/p>\n<p>19 d\u00e9cembre : 2\u00e8me manche du Troph\u00e9e R\u00e9gional \u00e0 Plessala (22)<\/p>\n<p>26 d\u00e9cembre : cyclo-cross national de Camors (56)<\/p>\n<p><strong><span style=\"text-decoration: underline;\">Janvier :<\/span><\/strong><\/p>\n<p>8 &amp; 9 janvier : Championnat de France \u00e0 Lanarvily (29) (les coureurs s\u00e9lectionn\u00e9s participeront \u00e0 l&rsquo;\u00e9preuve avec le Comit\u00e9 de Bretagne)<\/p>\n<p>23 janvier : 3\u00e8me et derni\u00e8re manche du Troph\u00e9e R\u00e9gional \u00e0 La M\u00e9zi\u00e8re (35)<\/p>\n<p><br class=\"spacer_\" \/><\/p>\n<p><br class=\"spacer_\" \/><\/p>\n","protected":false},"excerpt":{"rendered":"<p>L&rsquo;\u00e9quipe de cyclo-cross de l&rsquo;AC LANESTER 56 a r\u00e9ussi son d\u00e9but de saison hivernal en Bretagne, puisque ses coureurs ont [&hellip;]<\/p>\n","protected":false},"author":14,"featured_media":4807,"comment_status":"open","ping_status":"closed","sticky":false,"template":"","format":"standard","meta":{"ngg_post_thumbnail":0,"footnotes":""},"categories":[5,14,4,6,28],"tags":[],"class_list":["post-4802","post","type-post","status-publish","format-standard","has-post-thumbnail","hentry","category-ac-lanester-56","category-actualites-dn","category-competitions","category-les-rendez-vous","category-resultats-cyclo-cross"],"yoast_head":"<!-- This site is optimized with the Yoast SEO plugin v27.5 - https:\/\/yoast.com\/product\/yoast-seo-wordpress\/ -->\n<title>Programme de courses du TEAM CYCLO-CROSS AVENIR - Avenir Cycliste Lanester 56<\/title>\n<meta name=\"robots\" content=\"index, follow, max-snippet:-1, max-image-preview:large, max-video-preview:-1\" \/>\n<link rel=\"canonical\" href=\"https:\/\/www.aclanester56.com\/velo\/programme-de-courses-du-team-cyclo-cross-avenir\/\" \/>\n<meta property=\"og:locale\" content=\"fr_FR\" \/>\n<meta property=\"og:type\" content=\"article\" \/>\n<meta property=\"og:title\" content=\"Programme de courses du TEAM CYCLO-CROSS AVENIR - Avenir Cycliste Lanester 56\" \/>\n<meta property=\"og:description\" content=\"L&rsquo;\u00e9quipe de cyclo-cross de l&rsquo;AC LANESTER 56 a r\u00e9ussi son d\u00e9but de saison hivernal en Bretagne, puisque ses coureurs ont [&hellip;]\" \/>\n<meta property=\"og:url\" content=\"https:\/\/www.aclanester56.com\/velo\/programme-de-courses-du-team-cyclo-cross-avenir\/\" \/>\n<meta property=\"og:site_name\" content=\"Avenir Cycliste Lanester 56\" \/>\n<meta property=\"article:publisher\" content=\"https:\/\/www.facebook.com\/pages\/AC-Lanester-56\/190286300991242?fref=ts\" \/>\n<meta property=\"article:published_time\" content=\"2010-10-26T09:33:31+00:00\" \/>\n<meta property=\"article:modified_time\" content=\"2010-11-18T13:19:54+00:00\" \/>\n<meta property=\"og:image\" content=\"https:\/\/www.aclanester56.com\/velo\/wp-content\/uploads\/2010\/10\/100_1221.jpg\" \/>\n\t<meta property=\"og:image:width\" content=\"800\" \/>\n\t<meta property=\"og:image:height\" content=\"600\" \/>\n\t<meta property=\"og:image:type\" content=\"image\/jpeg\" \/>\n<meta name=\"author\" content=\"Jean-Christophe\" \/>\n<meta name=\"twitter:label1\" content=\"\u00c9crit par\" \/>\n\t<meta name=\"twitter:data1\" content=\"Jean-Christophe\" \/>\n\t<meta name=\"twitter:label2\" content=\"Dur\u00e9e de lecture estim\u00e9e\" \/>\n\t<meta name=\"twitter:data2\" content=\"1 minute\" \/>\n<script type=\"application\/ld+json\" class=\"yoast-schema-graph\">{\"@context\":\"https:\\\/\\\/schema.org\",\"@graph\":[{\"@type\":\"Article\",\"@id\":\"https:\\\/\\\/www.aclanester56.com\\\/velo\\\/programme-de-courses-du-team-cyclo-cross-avenir\\\/#article\",\"isPartOf\":{\"@id\":\"https:\\\/\\\/www.aclanester56.com\\\/velo\\\/programme-de-courses-du-team-cyclo-cross-avenir\\\/\"},\"author\":{\"name\":\"Jean-Christophe\",\"@id\":\"https:\\\/\\\/www.aclanester56.com\\\/velo\\\/#\\\/schema\\\/person\\\/ca2a44a5fd969e9dd846c72d3b33bc01\"},\"headline\":\"Programme de courses du TEAM CYCLO-CROSS AVENIR\",\"datePublished\":\"2010-10-26T09:33:31+00:00\",\"dateModified\":\"2010-11-18T13:19:54+00:00\",\"mainEntityOfPage\":{\"@id\":\"https:\\\/\\\/www.aclanester56.com\\\/velo\\\/programme-de-courses-du-team-cyclo-cross-avenir\\\/\"},\"wordCount\":299,\"commentCount\":0,\"publisher\":{\"@id\":\"https:\\\/\\\/www.aclanester56.com\\\/velo\\\/#organization\"},\"image\":{\"@id\":\"https:\\\/\\\/www.aclanester56.com\\\/velo\\\/programme-de-courses-du-team-cyclo-cross-avenir\\\/#primaryimage\"},\"thumbnailUrl\":\"https:\\\/\\\/www.aclanester56.com\\\/velo\\\/wp-content\\\/uploads\\\/2010\\\/10\\\/100_1221.jpg\",\"articleSection\":[\"AC LANESTER 56\",\"Actualit\u00e9s DN\",\"Les comp\u00e9titions\",\"Les rendez-vous\",\"R\u00e9sultats Cyclo-Cross\"],\"inLanguage\":\"fr-FR\",\"potentialAction\":[{\"@type\":\"CommentAction\",\"name\":\"Comment\",\"target\":[\"https:\\\/\\\/www.aclanester56.com\\\/velo\\\/programme-de-courses-du-team-cyclo-cross-avenir\\\/#respond\"]}]},{\"@type\":\"WebPage\",\"@id\":\"https:\\\/\\\/www.aclanester56.com\\\/velo\\\/programme-de-courses-du-team-cyclo-cross-avenir\\\/\",\"url\":\"https:\\\/\\\/www.aclanester56.com\\\/velo\\\/programme-de-courses-du-team-cyclo-cross-avenir\\\/\",\"name\":\"Programme de courses du TEAM CYCLO-CROSS AVENIR - Avenir Cycliste Lanester 56\",\"isPartOf\":{\"@id\":\"https:\\\/\\\/www.aclanester56.com\\\/velo\\\/#website\"},\"primaryImageOfPage\":{\"@id\":\"https:\\\/\\\/www.aclanester56.com\\\/velo\\\/programme-de-courses-du-team-cyclo-cross-avenir\\\/#primaryimage\"},\"image\":{\"@id\":\"https:\\\/\\\/www.aclanester56.com\\\/velo\\\/programme-de-courses-du-team-cyclo-cross-avenir\\\/#primaryimage\"},\"thumbnailUrl\":\"https:\\\/\\\/www.aclanester56.com\\\/velo\\\/wp-content\\\/uploads\\\/2010\\\/10\\\/100_1221.jpg\",\"datePublished\":\"2010-10-26T09:33:31+00:00\",\"dateModified\":\"2010-11-18T13:19:54+00:00\",\"inLanguage\":\"fr-FR\",\"potentialAction\":[{\"@type\":\"ReadAction\",\"target\":[\"https:\\\/\\\/www.aclanester56.com\\\/velo\\\/programme-de-courses-du-team-cyclo-cross-avenir\\\/\"]}]},{\"@type\":\"ImageObject\",\"inLanguage\":\"fr-FR\",\"@id\":\"https:\\\/\\\/www.aclanester56.com\\\/velo\\\/programme-de-courses-du-team-cyclo-cross-avenir\\\/#primaryimage\",\"url\":\"https:\\\/\\\/www.aclanester56.com\\\/velo\\\/wp-content\\\/uploads\\\/2010\\\/10\\\/100_1221.jpg\",\"contentUrl\":\"https:\\\/\\\/www.aclanester56.com\\\/velo\\\/wp-content\\\/uploads\\\/2010\\\/10\\\/100_1221.jpg\",\"width\":800,\"height\":600,\"caption\":\"Un copieux calendrier attend les coureurs du TEAM CYCLO-CROSS AVENIR (photo Cl\u00e9ment HENRY)\"},{\"@type\":\"WebSite\",\"@id\":\"https:\\\/\\\/www.aclanester56.com\\\/velo\\\/#website\",\"url\":\"https:\\\/\\\/www.aclanester56.com\\\/velo\\\/\",\"name\":\"Avenir Cycliste Lanester 56\",\"description\":\"Club cycliste de l&#039;AC LANESTER 56\",\"publisher\":{\"@id\":\"https:\\\/\\\/www.aclanester56.com\\\/velo\\\/#organization\"},\"potentialAction\":[{\"@type\":\"SearchAction\",\"target\":{\"@type\":\"EntryPoint\",\"urlTemplate\":\"https:\\\/\\\/www.aclanester56.com\\\/velo\\\/?s={search_term_string}\"},\"query-input\":{\"@type\":\"PropertyValueSpecification\",\"valueRequired\":true,\"valueName\":\"search_term_string\"}}],\"inLanguage\":\"fr-FR\"},{\"@type\":\"Organization\",\"@id\":\"https:\\\/\\\/www.aclanester56.com\\\/velo\\\/#organization\",\"name\":\"Avenir Cycliste Lanester 56\",\"url\":\"https:\\\/\\\/www.aclanester56.com\\\/velo\\\/\",\"logo\":{\"@type\":\"ImageObject\",\"inLanguage\":\"fr-FR\",\"@id\":\"https:\\\/\\\/www.aclanester56.com\\\/velo\\\/#\\\/schema\\\/logo\\\/image\\\/\",\"url\":\"https:\\\/\\\/www.aclanester56.com\\\/velo\\\/wp-content\\\/uploads\\\/2013\\\/04\\\/logo-ACL.jpg\",\"contentUrl\":\"https:\\\/\\\/www.aclanester56.com\\\/velo\\\/wp-content\\\/uploads\\\/2013\\\/04\\\/logo-ACL.jpg\",\"width\":400,\"height\":334,\"caption\":\"Avenir Cycliste Lanester 56\"},\"image\":{\"@id\":\"https:\\\/\\\/www.aclanester56.com\\\/velo\\\/#\\\/schema\\\/logo\\\/image\\\/\"},\"sameAs\":[\"https:\\\/\\\/www.facebook.com\\\/pages\\\/AC-Lanester-56\\\/190286300991242?fref=ts\"]},{\"@type\":\"Person\",\"@id\":\"https:\\\/\\\/www.aclanester56.com\\\/velo\\\/#\\\/schema\\\/person\\\/ca2a44a5fd969e9dd846c72d3b33bc01\",\"name\":\"Jean-Christophe\",\"url\":\"https:\\\/\\\/www.aclanester56.com\\\/velo\\\/author\\\/jeanchristophe\\\/\"}]}<\/script>\n<!-- \/ Yoast SEO plugin. -->","yoast_head_json":{"title":"Programme de courses du TEAM CYCLO-CROSS AVENIR - Avenir Cycliste Lanester 56","robots":{"index":"index","follow":"follow","max-snippet":"max-snippet:-1","max-image-preview":"max-image-preview:large","max-video-preview":"max-video-preview:-1"},"canonical":"https:\/\/www.aclanester56.com\/velo\/programme-de-courses-du-team-cyclo-cross-avenir\/","og_locale":"fr_FR","og_type":"article","og_title":"Programme de courses du TEAM CYCLO-CROSS AVENIR - Avenir Cycliste Lanester 56","og_description":"L&rsquo;\u00e9quipe de cyclo-cross de l&rsquo;AC LANESTER 56 a r\u00e9ussi son d\u00e9but de saison hivernal en Bretagne, puisque ses coureurs ont [&hellip;]","og_url":"https:\/\/www.aclanester56.com\/velo\/programme-de-courses-du-team-cyclo-cross-avenir\/","og_site_name":"Avenir Cycliste Lanester 56","article_publisher":"https:\/\/www.facebook.com\/pages\/AC-Lanester-56\/190286300991242?fref=ts","article_published_time":"2010-10-26T09:33:31+00:00","article_modified_time":"2010-11-18T13:19:54+00:00","og_image":[{"width":800,"height":600,"url":"https:\/\/www.aclanester56.com\/velo\/wp-content\/uploads\/2010\/10\/100_1221.jpg","type":"image\/jpeg"}],"author":"Jean-Christophe","twitter_misc":{"\u00c9crit par":"Jean-Christophe","Dur\u00e9e de lecture estim\u00e9e":"1 minute"},"schema":{"@context":"https:\/\/schema.org","@graph":[{"@type":"Article","@id":"https:\/\/www.aclanester56.com\/velo\/programme-de-courses-du-team-cyclo-cross-avenir\/#article","isPartOf":{"@id":"https:\/\/www.aclanester56.com\/velo\/programme-de-courses-du-team-cyclo-cross-avenir\/"},"author":{"name":"Jean-Christophe","@id":"https:\/\/www.aclanester56.com\/velo\/#\/schema\/person\/ca2a44a5fd969e9dd846c72d3b33bc01"},"headline":"Programme de courses du TEAM CYCLO-CROSS AVENIR","datePublished":"2010-10-26T09:33:31+00:00","dateModified":"2010-11-18T13:19:54+00:00","mainEntityOfPage":{"@id":"https:\/\/www.aclanester56.com\/velo\/programme-de-courses-du-team-cyclo-cross-avenir\/"},"wordCount":299,"commentCount":0,"publisher":{"@id":"https:\/\/www.aclanester56.com\/velo\/#organization"},"image":{"@id":"https:\/\/www.aclanester56.com\/velo\/programme-de-courses-du-team-cyclo-cross-avenir\/#primaryimage"},"thumbnailUrl":"https:\/\/www.aclanester56.com\/velo\/wp-content\/uploads\/2010\/10\/100_1221.jpg","articleSection":["AC LANESTER 56","Actualit\u00e9s DN","Les comp\u00e9titions","Les rendez-vous","R\u00e9sultats Cyclo-Cross"],"inLanguage":"fr-FR","potentialAction":[{"@type":"CommentAction","name":"Comment","target":["https:\/\/www.aclanester56.com\/velo\/programme-de-courses-du-team-cyclo-cross-avenir\/#respond"]}]},{"@type":"WebPage","@id":"https:\/\/www.aclanester56.com\/velo\/programme-de-courses-du-team-cyclo-cross-avenir\/","url":"https:\/\/www.aclanester56.com\/velo\/programme-de-courses-du-team-cyclo-cross-avenir\/","name":"Programme de courses du TEAM CYCLO-CROSS AVENIR - Avenir Cycliste Lanester 56","isPartOf":{"@id":"https:\/\/www.aclanester56.com\/velo\/#website"},"primaryImageOfPage":{"@id":"https:\/\/www.aclanester56.com\/velo\/programme-de-courses-du-team-cyclo-cross-avenir\/#primaryimage"},"image":{"@id":"https:\/\/www.aclanester56.com\/velo\/programme-de-courses-du-team-cyclo-cross-avenir\/#primaryimage"},"thumbnailUrl":"https:\/\/www.aclanester56.com\/velo\/wp-content\/uploads\/2010\/10\/100_1221.jpg","datePublished":"2010-10-26T09:33:31+00:00","dateModified":"2010-11-18T13:19:54+00:00","inLanguage":"fr-FR","potentialAction":[{"@type":"ReadAction","target":["https:\/\/www.aclanester56.com\/velo\/programme-de-courses-du-team-cyclo-cross-avenir\/"]}]},{"@type":"ImageObject","inLanguage":"fr-FR","@id":"https:\/\/www.aclanester56.com\/velo\/programme-de-courses-du-team-cyclo-cross-avenir\/#primaryimage","url":"https:\/\/www.aclanester56.com\/velo\/wp-content\/uploads\/2010\/10\/100_1221.jpg","contentUrl":"https:\/\/www.aclanester56.com\/velo\/wp-content\/uploads\/2010\/10\/100_1221.jpg","width":800,"height":600,"caption":"Un copieux calendrier attend les coureurs du TEAM CYCLO-CROSS AVENIR (photo Cl\u00e9ment HENRY)"},{"@type":"WebSite","@id":"https:\/\/www.aclanester56.com\/velo\/#website","url":"https:\/\/www.aclanester56.com\/velo\/","name":"Avenir Cycliste Lanester 56","description":"Club cycliste de l&#039;AC LANESTER 56","publisher":{"@id":"https:\/\/www.aclanester56.com\/velo\/#organization"},"potentialAction":[{"@type":"SearchAction","target":{"@type":"EntryPoint","urlTemplate":"https:\/\/www.aclanester56.com\/velo\/?s={search_term_string}"},"query-input":{"@type":"PropertyValueSpecification","valueRequired":true,"valueName":"search_term_string"}}],"inLanguage":"fr-FR"},{"@type":"Organization","@id":"https:\/\/www.aclanester56.com\/velo\/#organization","name":"Avenir Cycliste Lanester 56","url":"https:\/\/www.aclanester56.com\/velo\/","logo":{"@type":"ImageObject","inLanguage":"fr-FR","@id":"https:\/\/www.aclanester56.com\/velo\/#\/schema\/logo\/image\/","url":"https:\/\/www.aclanester56.com\/velo\/wp-content\/uploads\/2013\/04\/logo-ACL.jpg","contentUrl":"https:\/\/www.aclanester56.com\/velo\/wp-content\/uploads\/2013\/04\/logo-ACL.jpg","width":400,"height":334,"caption":"Avenir Cycliste Lanester 56"},"image":{"@id":"https:\/\/www.aclanester56.com\/velo\/#\/schema\/logo\/image\/"},"sameAs":["https:\/\/www.facebook.com\/pages\/AC-Lanester-56\/190286300991242?fref=ts"]},{"@type":"Person","@id":"https:\/\/www.aclanester56.com\/velo\/#\/schema\/person\/ca2a44a5fd969e9dd846c72d3b33bc01","name":"Jean-Christophe","url":"https:\/\/www.aclanester56.com\/velo\/author\/jeanchristophe\/"}]}},"_links":{"self":[{"href":"https:\/\/www.aclanester56.com\/velo\/wp-json\/wp\/v2\/posts\/4802","targetHints":{"allow":["GET"]}}],"collection":[{"href":"https:\/\/www.aclanester56.com\/velo\/wp-json\/wp\/v2\/posts"}],"about":[{"href":"https:\/\/www.aclanester56.com\/velo\/wp-json\/wp\/v2\/types\/post"}],"author":[{"embeddable":true,"href":"https:\/\/www.aclanester56.com\/velo\/wp-json\/wp\/v2\/users\/14"}],"replies":[{"embeddable":true,"href":"https:\/\/www.aclanester56.com\/velo\/wp-json\/wp\/v2\/comments?post=4802"}],"version-history":[{"count":0,"href":"https:\/\/www.aclanester56.com\/velo\/wp-json\/wp\/v2\/posts\/4802\/revisions"}],"wp:featuredmedia":[{"embeddable":true,"href":"https:\/\/www.aclanester56.com\/velo\/wp-json\/wp\/v2\/media\/4807"}],"wp:attachment":[{"href":"https:\/\/www.aclanester56.com\/velo\/wp-json\/wp\/v2\/media?parent=4802"}],"wp:term":[{"taxonomy":"category","embeddable":true,"href":"https:\/\/www.aclanester56.com\/velo\/wp-json\/wp\/v2\/categories?post=4802"},{"taxonomy":"post_tag","embeddable":true,"href":"https:\/\/www.aclanester56.com\/velo\/wp-json\/wp\/v2\/tags?post=4802"}],"curies":[{"name":"wp","href":"https:\/\/api.w.org\/{rel}","templated":true}]}}