{"id":4856,"date":"2010-10-31T11:03:07","date_gmt":"2010-10-31T10:03:07","guid":{"rendered":"http:\/\/www.aclanester56.com\/velo\/?p=4856"},"modified":"2010-11-18T14:15:23","modified_gmt":"2010-11-18T13:15:23","slug":"4856","status":"publish","type":"post","link":"https:\/\/www.aclanester56.com\/velo\/4856\/","title":{"rendered":"1\u00e8re manche du Challenge National de cyclo-cross juniors : COZ 24\u00e8me, LE GUELLEC malade !"},"content":{"rendered":"<div id=\"attachment_4887\" style=\"width: 330px\" class=\"wp-caption alignleft\"><a href=\"http:\/\/www.aclanester56.com\/velo\/wp-content\/uploads\/2010\/10\/Flavian-LE-GUELLEC-2.jpg\"><img loading=\"lazy\" decoding=\"async\" aria-describedby=\"caption-attachment-4887\" class=\"size-full wp-image-4887\" title=\"Un jour-sans \u00e0 Saverne pour le champion du Morbihan junior Flavian LE GUELLEC, malade\" src=\"http:\/\/www.aclanester56.com\/velo\/wp-content\/uploads\/2010\/10\/Flavian-LE-GUELLEC-2.jpg\" alt=\"\" width=\"320\" height=\"213\" srcset=\"https:\/\/www.aclanester56.com\/velo\/wp-content\/uploads\/2010\/10\/Flavian-LE-GUELLEC-2.jpg 640w, https:\/\/www.aclanester56.com\/velo\/wp-content\/uploads\/2010\/10\/Flavian-LE-GUELLEC-2-300x199.jpg 300w\" sizes=\"auto, (max-width: 320px) 100vw, 320px\" \/><\/a><p id=\"caption-attachment-4887\" class=\"wp-caption-text\">Un jour-sans \u00e0 Saverne pour le champion du Morbihan junior Flavian LE GUELLEC, malade<\/p><\/div>\n<p style=\"text-align: justify;\">Les cyclo-crossmen de l&rsquo;AC LANESTER 56 participaient aujourd&rsquo;hui \u00e0 la premi\u00e8re manche du challenge national de cyclo-cross \u00e0 Saverne (67), en Alsace. Malheureusement, les membres du TEAM CYCLO-CROSS AVENIR ont \u00e9t\u00e9 victimes d&rsquo;une intoxication alimentaire lors du repas de la veille au soir. Si Antoine COZ r\u00e9alise une bonne performance, le champion du Morbihan Flavian LE GUELLEC \u00e9tait tr\u00e8s loin de son niveau !<\/p>\n<p><br class=\"spacer_\" \/><\/p>\n<p><!--more--><\/p>\n<p><br class=\"spacer_\" \/><\/p>\n<p><br class=\"spacer_\" \/><\/p>\n<p><br class=\"spacer_\" \/><\/p>\n<p><br class=\"spacer_\" \/><\/p>\n<div id=\"attachment_4885\" style=\"width: 330px\" class=\"wp-caption alignright\"><a href=\"http:\/\/www.aclanester56.com\/velo\/wp-content\/uploads\/2010\/10\/Antoine-COZ.jpg\"><img loading=\"lazy\" decoding=\"async\" aria-describedby=\"caption-attachment-4885\" class=\"size-full wp-image-4885\" title=\"Antoine COZ (AC LANESTER 56) termine \u00e0 une encourageante 24\u00e8me place chez les juniors\" src=\"http:\/\/www.aclanester56.com\/velo\/wp-content\/uploads\/2010\/10\/Antoine-COZ.jpg\" alt=\"\" width=\"320\" height=\"213\" srcset=\"https:\/\/www.aclanester56.com\/velo\/wp-content\/uploads\/2010\/10\/Antoine-COZ.jpg 640w, https:\/\/www.aclanester56.com\/velo\/wp-content\/uploads\/2010\/10\/Antoine-COZ-300x199.jpg 300w\" sizes=\"auto, (max-width: 320px) 100vw, 320px\" \/><\/a><p id=\"caption-attachment-4885\" class=\"wp-caption-text\">Antoine COZ (AC LANESTER 56) termine \u00e0 une encourageante 24\u00e8me place chez les juniors<\/p><\/div>\n<p style=\"text-align: justify;\">M\u00eame si le terrain est devenu tr\u00e8s boueux par d&rsquo;importantes averses pendant la nuit, c&rsquo;est sous le soleil que les 149 juniors s&rsquo;\u00e9lancent pour une course d&rsquo;une quarantaine de minutes. C&rsquo;est d&rsquo;ailleurs le Lanest\u00e9rien Flavian LE GUELLEC qui d\u00e9marre en boulet de canon. Malheureusement, le soci\u00e9taire du TEAM CYCLO-CROSS AVENIR n&rsquo;a absolument aucune force dans les jambes et voit tout le peloton le doubler inexorablement ! Malgr\u00e9 ce moment tr\u00e8s difficile, Flavian a fait preuve de courage pour terminer l&rsquo;\u00e9preuve, puisqu&rsquo;on apprendra qu&rsquo;il \u00e9tait victime d&rsquo;une intoxication alimentaire &#8230; <\/p>\n<p style=\"text-align: justify;\">Pour en revenir \u00e0 la course, le vainqueur du challenge national cadets l&rsquo;an pass\u00e9 Quentin JAUREGUI (VCLP MARSEILLE) prend rapidement la t\u00eate de l&rsquo;\u00e9preuve pour ne plus la quitter, remportant donc cette premi\u00e8re manche du challenge national juniors. Les Marseillais r\u00e9alisent une incroyable performance en pla\u00e7ant trois coureurs dans les quatre premiers !<\/p>\n<p>C\u00f4t\u00e9 lanest\u00e9rien, Flavian LE GUELLEC termine 70\u00e8me, tandis qu&rsquo;Antoine COZ termine \u00e0 une belle 24\u00e8me place. \u00ab\u00a0Antoine r\u00e9alise une bonne performance, mais il peut beaucoup mieux faire !\u00a0\u00bb, souligne Rodolphe HENRY. <\/p>\n<p><br class=\"spacer_\" \/><\/p>\n<p style=\"text-align: justify;\">Retrouvez d\u00e8s \u00e0 pr\u00e9sent les photos des courses juniors et espoirs dans notre galerie photos <a href=\"http:\/\/www.aclanester56.com\/velo\/medias\/photos\/?album=3&amp;gallery=46\">en cliquant ici <\/a>!<\/p>\n<p><br class=\"spacer_\" \/><\/p>\n<p style=\"text-align: justify;\">A noter que le site directvelo.com a parl\u00e9 du TEAM CYCLO-CROSS AVENIR ! Retrouvez l&rsquo;article correspondant <a href=\"http:\/\/www.directvelo.com\/direct-velo\/actualites\/11011\/l-ac-lanester-mise-sur-le-cyclo-cross.html\">en cliquant ici<\/a> !<\/p>\n<p><br class=\"spacer_\" \/><\/p>\n<p><strong><span style=\"text-decoration: underline;\">Classement juniors :<br \/>\n <\/span><\/strong> 1 &#8211; Quentin JAUREGUI (VC LA POMME MARSEILLE)<br \/>\n 2 &#8211; Fabien DOUBEY (FRANCHE-COMTE) \u00e0 14&Prime;<br \/>\n 3 &#8211; Benjamin GELABERT (VC LP MARSEILLE) \u00e0 32&Prime;<br \/>\n 4 &#8211; Quentin CHARLES (VC LP MARSEILLE) \u00e0 49&Prime;\u00a0<br \/>\n 5 &#8211; Kevin BOUVARD (RHONES-ALPES) \u00e0 1&rsquo;00\u00a0\u00bb<br \/>\n <span style=\"background-color: #ff6600;\"> 24 &#8211; Antoine COZ (AC LANESTER 56) \u00e0 2&rsquo;52\u00a0\u00bb<br \/>\n 70 &#8211; Flavian LE GUELLEC (AC LANESTER 56) \u00e0 5&rsquo;46\u00a0\u00bb<\/span><\/p>\n<p><br class=\"spacer_\" \/><\/p>\n","protected":false},"excerpt":{"rendered":"<p>Les cyclo-crossmen de l&rsquo;AC LANESTER 56 participaient aujourd&rsquo;hui \u00e0 la premi\u00e8re manche du challenge national de cyclo-cross \u00e0 Saverne (67), [&hellip;]<\/p>\n","protected":false},"author":14,"featured_media":4887,"comment_status":"open","ping_status":"closed","sticky":false,"template":"","format":"standard","meta":{"ngg_post_thumbnail":0,"footnotes":""},"categories":[5,28],"tags":[],"class_list":["post-4856","post","type-post","status-publish","format-standard","has-post-thumbnail","hentry","category-ac-lanester-56","category-resultats-cyclo-cross"],"yoast_head":"<!-- This site is optimized with the Yoast SEO plugin v27.5 - https:\/\/yoast.com\/product\/yoast-seo-wordpress\/ -->\n<title>1\u00e8re manche du Challenge National de cyclo-cross juniors : COZ 24\u00e8me, LE GUELLEC malade ! - Avenir Cycliste Lanester 56<\/title>\n<meta name=\"robots\" content=\"index, follow, max-snippet:-1, max-image-preview:large, max-video-preview:-1\" \/>\n<link rel=\"canonical\" href=\"https:\/\/www.aclanester56.com\/velo\/4856\/\" \/>\n<meta property=\"og:locale\" content=\"fr_FR\" \/>\n<meta property=\"og:type\" content=\"article\" \/>\n<meta property=\"og:title\" content=\"1\u00e8re manche du Challenge National de cyclo-cross juniors : COZ 24\u00e8me, LE GUELLEC malade ! - Avenir Cycliste Lanester 56\" \/>\n<meta property=\"og:description\" content=\"Les cyclo-crossmen de l&rsquo;AC LANESTER 56 participaient aujourd&rsquo;hui \u00e0 la premi\u00e8re manche du challenge national de cyclo-cross \u00e0 Saverne (67), [&hellip;]\" \/>\n<meta property=\"og:url\" content=\"https:\/\/www.aclanester56.com\/velo\/4856\/\" \/>\n<meta property=\"og:site_name\" content=\"Avenir Cycliste Lanester 56\" \/>\n<meta property=\"article:publisher\" content=\"https:\/\/www.facebook.com\/pages\/AC-Lanester-56\/190286300991242?fref=ts\" \/>\n<meta property=\"article:published_time\" content=\"2010-10-31T10:03:07+00:00\" \/>\n<meta property=\"article:modified_time\" content=\"2010-11-18T13:15:23+00:00\" \/>\n<meta property=\"og:image\" content=\"https:\/\/www.aclanester56.com\/velo\/wp-content\/uploads\/2010\/10\/Flavian-LE-GUELLEC-2.jpg\" \/>\n\t<meta property=\"og:image:width\" content=\"640\" \/>\n\t<meta property=\"og:image:height\" content=\"426\" \/>\n\t<meta property=\"og:image:type\" content=\"image\/jpeg\" \/>\n<meta name=\"author\" content=\"Jean-Christophe\" \/>\n<meta name=\"twitter:label1\" content=\"\u00c9crit par\" \/>\n\t<meta name=\"twitter:data1\" content=\"Jean-Christophe\" \/>\n\t<meta name=\"twitter:label2\" content=\"Dur\u00e9e de lecture estim\u00e9e\" \/>\n\t<meta name=\"twitter:data2\" content=\"2 minutes\" \/>\n<script type=\"application\/ld+json\" class=\"yoast-schema-graph\">{\"@context\":\"https:\\\/\\\/schema.org\",\"@graph\":[{\"@type\":\"Article\",\"@id\":\"https:\\\/\\\/www.aclanester56.com\\\/velo\\\/4856\\\/#article\",\"isPartOf\":{\"@id\":\"https:\\\/\\\/www.aclanester56.com\\\/velo\\\/4856\\\/\"},\"author\":{\"name\":\"Jean-Christophe\",\"@id\":\"https:\\\/\\\/www.aclanester56.com\\\/velo\\\/#\\\/schema\\\/person\\\/ca2a44a5fd969e9dd846c72d3b33bc01\"},\"headline\":\"1\u00e8re manche du Challenge National de cyclo-cross juniors : COZ 24\u00e8me, LE GUELLEC malade !\",\"datePublished\":\"2010-10-31T10:03:07+00:00\",\"dateModified\":\"2010-11-18T13:15:23+00:00\",\"mainEntityOfPage\":{\"@id\":\"https:\\\/\\\/www.aclanester56.com\\\/velo\\\/4856\\\/\"},\"wordCount\":379,\"commentCount\":1,\"publisher\":{\"@id\":\"https:\\\/\\\/www.aclanester56.com\\\/velo\\\/#organization\"},\"image\":{\"@id\":\"https:\\\/\\\/www.aclanester56.com\\\/velo\\\/4856\\\/#primaryimage\"},\"thumbnailUrl\":\"https:\\\/\\\/www.aclanester56.com\\\/velo\\\/wp-content\\\/uploads\\\/2010\\\/10\\\/Flavian-LE-GUELLEC-2.jpg\",\"articleSection\":[\"AC LANESTER 56\",\"R\u00e9sultats Cyclo-Cross\"],\"inLanguage\":\"fr-FR\",\"potentialAction\":[{\"@type\":\"CommentAction\",\"name\":\"Comment\",\"target\":[\"https:\\\/\\\/www.aclanester56.com\\\/velo\\\/4856\\\/#respond\"]}]},{\"@type\":\"WebPage\",\"@id\":\"https:\\\/\\\/www.aclanester56.com\\\/velo\\\/4856\\\/\",\"url\":\"https:\\\/\\\/www.aclanester56.com\\\/velo\\\/4856\\\/\",\"name\":\"1\u00e8re manche du Challenge National de cyclo-cross juniors : COZ 24\u00e8me, LE GUELLEC malade ! - Avenir Cycliste Lanester 56\",\"isPartOf\":{\"@id\":\"https:\\\/\\\/www.aclanester56.com\\\/velo\\\/#website\"},\"primaryImageOfPage\":{\"@id\":\"https:\\\/\\\/www.aclanester56.com\\\/velo\\\/4856\\\/#primaryimage\"},\"image\":{\"@id\":\"https:\\\/\\\/www.aclanester56.com\\\/velo\\\/4856\\\/#primaryimage\"},\"thumbnailUrl\":\"https:\\\/\\\/www.aclanester56.com\\\/velo\\\/wp-content\\\/uploads\\\/2010\\\/10\\\/Flavian-LE-GUELLEC-2.jpg\",\"datePublished\":\"2010-10-31T10:03:07+00:00\",\"dateModified\":\"2010-11-18T13:15:23+00:00\",\"inLanguage\":\"fr-FR\",\"potentialAction\":[{\"@type\":\"ReadAction\",\"target\":[\"https:\\\/\\\/www.aclanester56.com\\\/velo\\\/4856\\\/\"]}]},{\"@type\":\"ImageObject\",\"inLanguage\":\"fr-FR\",\"@id\":\"https:\\\/\\\/www.aclanester56.com\\\/velo\\\/4856\\\/#primaryimage\",\"url\":\"https:\\\/\\\/www.aclanester56.com\\\/velo\\\/wp-content\\\/uploads\\\/2010\\\/10\\\/Flavian-LE-GUELLEC-2.jpg\",\"contentUrl\":\"https:\\\/\\\/www.aclanester56.com\\\/velo\\\/wp-content\\\/uploads\\\/2010\\\/10\\\/Flavian-LE-GUELLEC-2.jpg\",\"width\":640,\"height\":426,\"caption\":\"Un jour-sans \u00e0 Saverne pour le champion du Morbihan juniors Flavian LE GUELLEC\"},{\"@type\":\"WebSite\",\"@id\":\"https:\\\/\\\/www.aclanester56.com\\\/velo\\\/#website\",\"url\":\"https:\\\/\\\/www.aclanester56.com\\\/velo\\\/\",\"name\":\"Avenir Cycliste Lanester 56\",\"description\":\"Club cycliste de l&#039;AC LANESTER 56\",\"publisher\":{\"@id\":\"https:\\\/\\\/www.aclanester56.com\\\/velo\\\/#organization\"},\"potentialAction\":[{\"@type\":\"SearchAction\",\"target\":{\"@type\":\"EntryPoint\",\"urlTemplate\":\"https:\\\/\\\/www.aclanester56.com\\\/velo\\\/?s={search_term_string}\"},\"query-input\":{\"@type\":\"PropertyValueSpecification\",\"valueRequired\":true,\"valueName\":\"search_term_string\"}}],\"inLanguage\":\"fr-FR\"},{\"@type\":\"Organization\",\"@id\":\"https:\\\/\\\/www.aclanester56.com\\\/velo\\\/#organization\",\"name\":\"Avenir Cycliste Lanester 56\",\"url\":\"https:\\\/\\\/www.aclanester56.com\\\/velo\\\/\",\"logo\":{\"@type\":\"ImageObject\",\"inLanguage\":\"fr-FR\",\"@id\":\"https:\\\/\\\/www.aclanester56.com\\\/velo\\\/#\\\/schema\\\/logo\\\/image\\\/\",\"url\":\"https:\\\/\\\/www.aclanester56.com\\\/velo\\\/wp-content\\\/uploads\\\/2013\\\/04\\\/logo-ACL.jpg\",\"contentUrl\":\"https:\\\/\\\/www.aclanester56.com\\\/velo\\\/wp-content\\\/uploads\\\/2013\\\/04\\\/logo-ACL.jpg\",\"width\":400,\"height\":334,\"caption\":\"Avenir Cycliste Lanester 56\"},\"image\":{\"@id\":\"https:\\\/\\\/www.aclanester56.com\\\/velo\\\/#\\\/schema\\\/logo\\\/image\\\/\"},\"sameAs\":[\"https:\\\/\\\/www.facebook.com\\\/pages\\\/AC-Lanester-56\\\/190286300991242?fref=ts\"]},{\"@type\":\"Person\",\"@id\":\"https:\\\/\\\/www.aclanester56.com\\\/velo\\\/#\\\/schema\\\/person\\\/ca2a44a5fd969e9dd846c72d3b33bc01\",\"name\":\"Jean-Christophe\",\"url\":\"https:\\\/\\\/www.aclanester56.com\\\/velo\\\/author\\\/jeanchristophe\\\/\"}]}<\/script>\n<!-- \/ Yoast SEO plugin. -->","yoast_head_json":{"title":"1\u00e8re manche du Challenge National de cyclo-cross juniors : COZ 24\u00e8me, LE GUELLEC malade ! - Avenir Cycliste Lanester 56","robots":{"index":"index","follow":"follow","max-snippet":"max-snippet:-1","max-image-preview":"max-image-preview:large","max-video-preview":"max-video-preview:-1"},"canonical":"https:\/\/www.aclanester56.com\/velo\/4856\/","og_locale":"fr_FR","og_type":"article","og_title":"1\u00e8re manche du Challenge National de cyclo-cross juniors : COZ 24\u00e8me, LE GUELLEC malade ! - Avenir Cycliste Lanester 56","og_description":"Les cyclo-crossmen de l&rsquo;AC LANESTER 56 participaient aujourd&rsquo;hui \u00e0 la premi\u00e8re manche du challenge national de cyclo-cross \u00e0 Saverne (67), [&hellip;]","og_url":"https:\/\/www.aclanester56.com\/velo\/4856\/","og_site_name":"Avenir Cycliste Lanester 56","article_publisher":"https:\/\/www.facebook.com\/pages\/AC-Lanester-56\/190286300991242?fref=ts","article_published_time":"2010-10-31T10:03:07+00:00","article_modified_time":"2010-11-18T13:15:23+00:00","og_image":[{"width":640,"height":426,"url":"https:\/\/www.aclanester56.com\/velo\/wp-content\/uploads\/2010\/10\/Flavian-LE-GUELLEC-2.jpg","type":"image\/jpeg"}],"author":"Jean-Christophe","twitter_misc":{"\u00c9crit par":"Jean-Christophe","Dur\u00e9e de lecture estim\u00e9e":"2 minutes"},"schema":{"@context":"https:\/\/schema.org","@graph":[{"@type":"Article","@id":"https:\/\/www.aclanester56.com\/velo\/4856\/#article","isPartOf":{"@id":"https:\/\/www.aclanester56.com\/velo\/4856\/"},"author":{"name":"Jean-Christophe","@id":"https:\/\/www.aclanester56.com\/velo\/#\/schema\/person\/ca2a44a5fd969e9dd846c72d3b33bc01"},"headline":"1\u00e8re manche du Challenge National de cyclo-cross juniors : COZ 24\u00e8me, LE GUELLEC malade !","datePublished":"2010-10-31T10:03:07+00:00","dateModified":"2010-11-18T13:15:23+00:00","mainEntityOfPage":{"@id":"https:\/\/www.aclanester56.com\/velo\/4856\/"},"wordCount":379,"commentCount":1,"publisher":{"@id":"https:\/\/www.aclanester56.com\/velo\/#organization"},"image":{"@id":"https:\/\/www.aclanester56.com\/velo\/4856\/#primaryimage"},"thumbnailUrl":"https:\/\/www.aclanester56.com\/velo\/wp-content\/uploads\/2010\/10\/Flavian-LE-GUELLEC-2.jpg","articleSection":["AC LANESTER 56","R\u00e9sultats Cyclo-Cross"],"inLanguage":"fr-FR","potentialAction":[{"@type":"CommentAction","name":"Comment","target":["https:\/\/www.aclanester56.com\/velo\/4856\/#respond"]}]},{"@type":"WebPage","@id":"https:\/\/www.aclanester56.com\/velo\/4856\/","url":"https:\/\/www.aclanester56.com\/velo\/4856\/","name":"1\u00e8re manche du Challenge National de cyclo-cross juniors : COZ 24\u00e8me, LE GUELLEC malade ! - Avenir Cycliste Lanester 56","isPartOf":{"@id":"https:\/\/www.aclanester56.com\/velo\/#website"},"primaryImageOfPage":{"@id":"https:\/\/www.aclanester56.com\/velo\/4856\/#primaryimage"},"image":{"@id":"https:\/\/www.aclanester56.com\/velo\/4856\/#primaryimage"},"thumbnailUrl":"https:\/\/www.aclanester56.com\/velo\/wp-content\/uploads\/2010\/10\/Flavian-LE-GUELLEC-2.jpg","datePublished":"2010-10-31T10:03:07+00:00","dateModified":"2010-11-18T13:15:23+00:00","inLanguage":"fr-FR","potentialAction":[{"@type":"ReadAction","target":["https:\/\/www.aclanester56.com\/velo\/4856\/"]}]},{"@type":"ImageObject","inLanguage":"fr-FR","@id":"https:\/\/www.aclanester56.com\/velo\/4856\/#primaryimage","url":"https:\/\/www.aclanester56.com\/velo\/wp-content\/uploads\/2010\/10\/Flavian-LE-GUELLEC-2.jpg","contentUrl":"https:\/\/www.aclanester56.com\/velo\/wp-content\/uploads\/2010\/10\/Flavian-LE-GUELLEC-2.jpg","width":640,"height":426,"caption":"Un jour-sans \u00e0 Saverne pour le champion du Morbihan juniors Flavian LE GUELLEC"},{"@type":"WebSite","@id":"https:\/\/www.aclanester56.com\/velo\/#website","url":"https:\/\/www.aclanester56.com\/velo\/","name":"Avenir Cycliste Lanester 56","description":"Club cycliste de l&#039;AC LANESTER 56","publisher":{"@id":"https:\/\/www.aclanester56.com\/velo\/#organization"},"potentialAction":[{"@type":"SearchAction","target":{"@type":"EntryPoint","urlTemplate":"https:\/\/www.aclanester56.com\/velo\/?s={search_term_string}"},"query-input":{"@type":"PropertyValueSpecification","valueRequired":true,"valueName":"search_term_string"}}],"inLanguage":"fr-FR"},{"@type":"Organization","@id":"https:\/\/www.aclanester56.com\/velo\/#organization","name":"Avenir Cycliste Lanester 56","url":"https:\/\/www.aclanester56.com\/velo\/","logo":{"@type":"ImageObject","inLanguage":"fr-FR","@id":"https:\/\/www.aclanester56.com\/velo\/#\/schema\/logo\/image\/","url":"https:\/\/www.aclanester56.com\/velo\/wp-content\/uploads\/2013\/04\/logo-ACL.jpg","contentUrl":"https:\/\/www.aclanester56.com\/velo\/wp-content\/uploads\/2013\/04\/logo-ACL.jpg","width":400,"height":334,"caption":"Avenir Cycliste Lanester 56"},"image":{"@id":"https:\/\/www.aclanester56.com\/velo\/#\/schema\/logo\/image\/"},"sameAs":["https:\/\/www.facebook.com\/pages\/AC-Lanester-56\/190286300991242?fref=ts"]},{"@type":"Person","@id":"https:\/\/www.aclanester56.com\/velo\/#\/schema\/person\/ca2a44a5fd969e9dd846c72d3b33bc01","name":"Jean-Christophe","url":"https:\/\/www.aclanester56.com\/velo\/author\/jeanchristophe\/"}]}},"_links":{"self":[{"href":"https:\/\/www.aclanester56.com\/velo\/wp-json\/wp\/v2\/posts\/4856","targetHints":{"allow":["GET"]}}],"collection":[{"href":"https:\/\/www.aclanester56.com\/velo\/wp-json\/wp\/v2\/posts"}],"about":[{"href":"https:\/\/www.aclanester56.com\/velo\/wp-json\/wp\/v2\/types\/post"}],"author":[{"embeddable":true,"href":"https:\/\/www.aclanester56.com\/velo\/wp-json\/wp\/v2\/users\/14"}],"replies":[{"embeddable":true,"href":"https:\/\/www.aclanester56.com\/velo\/wp-json\/wp\/v2\/comments?post=4856"}],"version-history":[{"count":0,"href":"https:\/\/www.aclanester56.com\/velo\/wp-json\/wp\/v2\/posts\/4856\/revisions"}],"wp:featuredmedia":[{"embeddable":true,"href":"https:\/\/www.aclanester56.com\/velo\/wp-json\/wp\/v2\/media\/4887"}],"wp:attachment":[{"href":"https:\/\/www.aclanester56.com\/velo\/wp-json\/wp\/v2\/media?parent=4856"}],"wp:term":[{"taxonomy":"category","embeddable":true,"href":"https:\/\/www.aclanester56.com\/velo\/wp-json\/wp\/v2\/categories?post=4856"},{"taxonomy":"post_tag","embeddable":true,"href":"https:\/\/www.aclanester56.com\/velo\/wp-json\/wp\/v2\/tags?post=4856"}],"curies":[{"name":"wp","href":"https:\/\/api.w.org\/{rel}","templated":true}]}}