{"id":4897,"date":"2010-10-31T17:22:24","date_gmt":"2010-10-31T16:22:24","guid":{"rendered":"http:\/\/www.aclanester56.com\/velo\/?p=4897"},"modified":"2010-11-18T14:13:09","modified_gmt":"2010-11-18T13:13:09","slug":"1ere-manche-du-challenge-national-de-cyclo-cross-elites-florian-le-corre-7eme","status":"publish","type":"post","link":"https:\/\/www.aclanester56.com\/velo\/1ere-manche-du-challenge-national-de-cyclo-cross-elites-florian-le-corre-7eme\/","title":{"rendered":"1\u00e8re manche du Challenge National de cyclo-cross \u00e9lites : Florian LE CORRE 7\u00e8me !"},"content":{"rendered":"<div id=\"attachment_4932\" style=\"width: 370px\" class=\"wp-caption alignleft\"><a href=\"http:\/\/www.aclanester56.com\/velo\/wp-content\/uploads\/2010\/10\/Florian-LE-CORRE4.jpg\" ><img loading=\"lazy\" decoding=\"async\" aria-describedby=\"caption-attachment-4932\" src=\"http:\/\/www.aclanester56.com\/velo\/wp-content\/uploads\/2010\/10\/Florian-LE-CORRE4.jpg\" alt=\"\" title=\"Florian LE CORRE prend une superbe 7\u00e8me place \u00e0 Saverne ! (photo Julien BERRE)\" width=\"360\" height=\"238\" class=\"size-full wp-image-4932\" srcset=\"https:\/\/www.aclanester56.com\/velo\/wp-content\/uploads\/2010\/10\/Florian-LE-CORRE4.jpg 720w, https:\/\/www.aclanester56.com\/velo\/wp-content\/uploads\/2010\/10\/Florian-LE-CORRE4-300x198.jpg 300w\" sizes=\"auto, (max-width: 360px) 100vw, 360px\" \/><\/a><p id=\"caption-attachment-4932\" class=\"wp-caption-text\">Florian LE CORRE prend une superbe 7\u00e8me place \u00e0 Saverne ! (photo Julien BERRE)<\/p><\/div>\n<p style=\"text-align: justify;\">Apr\u00e8s les m\u00e9saventures rencontr\u00e9es par les champions du Morbihan lanest\u00e9riens Flavian LE GUELLEC et Christophe BALANNEC lors des \u00e9preuves juniors et espoirs, l&rsquo;ensemble du TEAM CYCLO-CROSS AVENIR esp\u00e9rait voir un bon comportement de Florian LE CORRE dans la course reine des \u00e9lites amateurs et professionnels pour revenir en Bretagne sur une bonne note. <\/p>\n<p><!--more--><\/p>\n<p><br class=\"spacer_\" \/><\/p>\n<p><br class=\"spacer_\" \/><\/p>\n<p><br class=\"spacer_\" \/><\/p>\n<p><br class=\"spacer_\" \/><\/p>\n<p><br class=\"spacer_\" \/><\/p>\n<p><br class=\"spacer_\" \/><\/p>\n<div id=\"attachment_4935\" style=\"width: 370px\" class=\"wp-caption alignright\"><a href=\"http:\/\/www.aclanester56.com\/velo\/wp-content\/uploads\/2010\/10\/Florian-LE-CORRE2.jpg\"><img loading=\"lazy\" decoding=\"async\" aria-describedby=\"caption-attachment-4935\" src=\"http:\/\/www.aclanester56.com\/velo\/wp-content\/uploads\/2010\/10\/Florian-LE-CORRE2.jpg\" alt=\"\" title=\"Florian LE CORRE, ici en plein effort sur la partie asphalt\u00e9e du circuit (photo Julien BERRE)\" width=\"360\" height=\"239\" class=\"size-full wp-image-4935\" srcset=\"https:\/\/www.aclanester56.com\/velo\/wp-content\/uploads\/2010\/10\/Florian-LE-CORRE2.jpg 720w, https:\/\/www.aclanester56.com\/velo\/wp-content\/uploads\/2010\/10\/Florian-LE-CORRE2-300x199.jpg 300w\" sizes=\"auto, (max-width: 360px) 100vw, 360px\" \/><\/a><p id=\"caption-attachment-4935\" class=\"wp-caption-text\">Florian LE CORRE, ici en plein effort sur la partie asphalt\u00e9e du circuit (photo Julien BERRE)<\/p><\/div>\n<p style=\"text-align: justify;\">Florian LE CORRE a r\u00e9alis\u00e9 une excellente course, montrant qu&rsquo;il a recouvr\u00e9 quasiment tous ses moyens depuis son terrible accident il y a moins d&rsquo;un an.<\/p>\n<p style=\"text-align: justify;\">Le coureur du TEAM CYCLO-CROSS AVENIR a longtemps figur\u00e9 dans une contre-attaque, avec notamment le champion olympique de VTT Julien ABSALON (ORBEA), derri\u00e8re six coureurs qui ont caracol\u00e9 en t\u00eate jusqu&rsquo;\u00e0 la mi-course. Les professionnels Francis MOUREY (La Fran\u00e7aise Des Jeux) et Steve CHAINEL (BOUYGUES TELECOM) se d\u00e9tachaient pour s&rsquo;expliquer au sprint et c&rsquo;est le second nomm\u00e9 qui l&#8217;emportait. La troisi\u00e8me marche du podium revenait \u00e0 l&rsquo;excellent Matthieu BOULO, qui portait l&rsquo;ann\u00e9e derni\u00e8re encore le maillot de l&rsquo;AC LANESTER 56. Le n\u00e9o-lanest\u00e9rien Florian LE CORRE prend une tr\u00e8s belle 7\u00e8me place, dans le sillage de Julien ABSALON, \u00e0 l&rsquo;issue des soixante minutes de course.<\/p>\n<div id=\"attachment_4936\" style=\"width: 370px\" class=\"wp-caption alignleft\"><a href=\"http:\/\/www.aclanester56.com\/velo\/wp-content\/uploads\/2010\/10\/Florian-LE-CORRE.jpg\" ><img loading=\"lazy\" decoding=\"async\" aria-describedby=\"caption-attachment-4936\" src=\"http:\/\/www.aclanester56.com\/velo\/wp-content\/uploads\/2010\/10\/Florian-LE-CORRE.jpg\" alt=\"\" title=\"Florian LE CORRE aux c\u00f4t\u00e9s de l&#039;ancien professionnel Romain VILLA (photo Julien BERRE)\" width=\"360\" height=\"240\" class=\"size-full wp-image-4936\" srcset=\"https:\/\/www.aclanester56.com\/velo\/wp-content\/uploads\/2010\/10\/Florian-LE-CORRE.jpg 720w, https:\/\/www.aclanester56.com\/velo\/wp-content\/uploads\/2010\/10\/Florian-LE-CORRE-300x199.jpg 300w\" sizes=\"auto, (max-width: 360px) 100vw, 360px\" \/><\/a><p id=\"caption-attachment-4936\" class=\"wp-caption-text\">Florian LE CORRE aux c\u00f4t\u00e9s de l'ancien professionnel Romain VILLA (photo Julien BERRE)<\/p><\/div>\n<p style=\"text-align: justify;\">En rentrant dans le top 10 d\u00e8s la premi\u00e8re manche du challenge national, Florian montre qu&rsquo;il repr\u00e9sente un formidable chef de file pour le TEAM CYCLO-CROSS AVENIR et qu&rsquo;on pourra compter sur lui pour faire briller les couleurs lanest\u00e9riennes cet hiver !<\/p>\n<p><br class=\"spacer_\" \/><\/p>\n<p>Remerciements \u00e0 Julien BERRE pour ses belles photos !<\/p>\n<p><br class=\"spacer_\" \/><\/p>\n<p><br class=\"spacer_\" \/><\/p>\n<p><br class=\"spacer_\" \/><\/p>\n<p><br class=\"spacer_\" \/><\/p>\n<p><br class=\"spacer_\" \/><\/p>\n<div id=\"attachment_4937\" style=\"width: 370px\" class=\"wp-caption alignright\"><a href=\"http:\/\/www.aclanester56.com\/velo\/wp-content\/uploads\/2010\/10\/Florian-LE-CORRE5.jpg\" ><img loading=\"lazy\" decoding=\"async\" aria-describedby=\"caption-attachment-4937\" src=\"http:\/\/www.aclanester56.com\/velo\/wp-content\/uploads\/2010\/10\/Florian-LE-CORRE5.jpg\" alt=\"\" title=\"Florian LE CORRE au passage des planches (photo Julien BERRE)\" width=\"360\" height=\"239\" class=\"size-full wp-image-4937\" srcset=\"https:\/\/www.aclanester56.com\/velo\/wp-content\/uploads\/2010\/10\/Florian-LE-CORRE5.jpg 720w, https:\/\/www.aclanester56.com\/velo\/wp-content\/uploads\/2010\/10\/Florian-LE-CORRE5-300x198.jpg 300w\" sizes=\"auto, (max-width: 360px) 100vw, 360px\" \/><\/a><p id=\"caption-attachment-4937\" class=\"wp-caption-text\">Florian LE CORRE au passage des planches devant le double champion olympique de VTT Julien ABSALON (photo Julien BERRE)<\/p><\/div>\n<p><span style=\"text-decoration: underline;\"><strong>Classement \u00e9lites:<\/strong><\/span><strong><br \/>\n<\/strong>1 &#8211; Steve CHAINEL \u00a0(BBOX BOUYGUES TELECOM)<br \/>\n2 &#8211; Francis MOUREY (FDJ.com) \u00e0 1&Prime;<br \/>\n3 &#8211; Matthieu BOULO (ROUBAIX-LILLE-METROPOLE) \u00e0 42&Prime;<br \/>\n4 &#8211; John GADRET (AG2R LA MONDIALE) \u00e0 55&Prime;\u00a0<br \/>\n5 &#8211; Guillaume PERROT (EC SAINT-ETIENNE SUR LOIRE)\u00a0\u00e0 1&rsquo;00\u00a0\u00bb<br \/>\n6 &#8211; Julien ABSALON (ORBEA)\u00a0\u00e0 1&rsquo;02\u00a0\u00bb<br \/>\n<span style=\"background-color: #ff6600;\">7 &#8211; Florian LE CORRE (AC LANESTER 56)\u00a0\u00e0 1&rsquo;08\u00a0\u00bb<br \/>\n<\/span>8 &#8211; Nicolas BAZIN (CM AUBERVILLIERS 93)\u00a0\u00e0 1&rsquo;22\u00a0\u00bb<br \/>\n9 &#8211; Laurent COLOMBATTO (AC BISONTINE)\u00a0\u00e0 1&rsquo;31\u00a0\u00bb<br \/>\n10 &#8211; Romain VILLA (SCO DIJON)) \u00e0 1&rsquo;37\u00a0\u00bb<\/p>\n<p><br class=\"spacer_\" \/><\/p>\n","protected":false},"excerpt":{"rendered":"<p>Apr\u00e8s les m\u00e9saventures rencontr\u00e9es par les champions du Morbihan lanest\u00e9riens Flavian LE GUELLEC et Christophe BALANNEC lors des \u00e9preuves juniors [&hellip;]<\/p>\n","protected":false},"author":14,"featured_media":4932,"comment_status":"open","ping_status":"closed","sticky":false,"template":"","format":"standard","meta":{"ngg_post_thumbnail":0,"footnotes":""},"categories":[5,28],"tags":[],"class_list":["post-4897","post","type-post","status-publish","format-standard","has-post-thumbnail","hentry","category-ac-lanester-56","category-resultats-cyclo-cross"],"yoast_head":"<!-- This site is optimized with the Yoast SEO plugin v27.5 - https:\/\/yoast.com\/product\/yoast-seo-wordpress\/ -->\n<title>1\u00e8re manche du Challenge National de cyclo-cross \u00e9lites : Florian LE CORRE 7\u00e8me ! - Avenir Cycliste Lanester 56<\/title>\n<meta name=\"robots\" content=\"index, follow, max-snippet:-1, max-image-preview:large, max-video-preview:-1\" \/>\n<link rel=\"canonical\" href=\"https:\/\/www.aclanester56.com\/velo\/1ere-manche-du-challenge-national-de-cyclo-cross-elites-florian-le-corre-7eme\/\" \/>\n<meta property=\"og:locale\" content=\"fr_FR\" \/>\n<meta property=\"og:type\" content=\"article\" \/>\n<meta property=\"og:title\" content=\"1\u00e8re manche du Challenge National de cyclo-cross \u00e9lites : Florian LE CORRE 7\u00e8me ! - Avenir Cycliste Lanester 56\" \/>\n<meta property=\"og:description\" content=\"Apr\u00e8s les m\u00e9saventures rencontr\u00e9es par les champions du Morbihan lanest\u00e9riens Flavian LE GUELLEC et Christophe BALANNEC lors des \u00e9preuves juniors [&hellip;]\" \/>\n<meta property=\"og:url\" content=\"https:\/\/www.aclanester56.com\/velo\/1ere-manche-du-challenge-national-de-cyclo-cross-elites-florian-le-corre-7eme\/\" \/>\n<meta property=\"og:site_name\" content=\"Avenir Cycliste Lanester 56\" \/>\n<meta property=\"article:publisher\" content=\"https:\/\/www.facebook.com\/pages\/AC-Lanester-56\/190286300991242?fref=ts\" \/>\n<meta property=\"article:published_time\" content=\"2010-10-31T16:22:24+00:00\" \/>\n<meta property=\"article:modified_time\" content=\"2010-11-18T13:13:09+00:00\" \/>\n<meta property=\"og:image\" content=\"https:\/\/www.aclanester56.com\/velo\/wp-content\/uploads\/2010\/10\/Florian-LE-CORRE4.jpg\" \/>\n\t<meta property=\"og:image:width\" content=\"720\" \/>\n\t<meta property=\"og:image:height\" content=\"477\" \/>\n\t<meta property=\"og:image:type\" content=\"image\/jpeg\" \/>\n<meta name=\"author\" content=\"Jean-Christophe\" \/>\n<meta name=\"twitter:label1\" content=\"\u00c9crit par\" \/>\n\t<meta name=\"twitter:data1\" content=\"Jean-Christophe\" \/>\n\t<meta name=\"twitter:label2\" content=\"Dur\u00e9e de lecture estim\u00e9e\" \/>\n\t<meta name=\"twitter:data2\" content=\"2 minutes\" \/>\n<script type=\"application\/ld+json\" class=\"yoast-schema-graph\">{\"@context\":\"https:\\\/\\\/schema.org\",\"@graph\":[{\"@type\":\"Article\",\"@id\":\"https:\\\/\\\/www.aclanester56.com\\\/velo\\\/1ere-manche-du-challenge-national-de-cyclo-cross-elites-florian-le-corre-7eme\\\/#article\",\"isPartOf\":{\"@id\":\"https:\\\/\\\/www.aclanester56.com\\\/velo\\\/1ere-manche-du-challenge-national-de-cyclo-cross-elites-florian-le-corre-7eme\\\/\"},\"author\":{\"name\":\"Jean-Christophe\",\"@id\":\"https:\\\/\\\/www.aclanester56.com\\\/velo\\\/#\\\/schema\\\/person\\\/ca2a44a5fd969e9dd846c72d3b33bc01\"},\"headline\":\"1\u00e8re manche du Challenge National de cyclo-cross \u00e9lites : Florian LE CORRE 7\u00e8me !\",\"datePublished\":\"2010-10-31T16:22:24+00:00\",\"dateModified\":\"2010-11-18T13:13:09+00:00\",\"mainEntityOfPage\":{\"@id\":\"https:\\\/\\\/www.aclanester56.com\\\/velo\\\/1ere-manche-du-challenge-national-de-cyclo-cross-elites-florian-le-corre-7eme\\\/\"},\"wordCount\":417,\"commentCount\":1,\"publisher\":{\"@id\":\"https:\\\/\\\/www.aclanester56.com\\\/velo\\\/#organization\"},\"image\":{\"@id\":\"https:\\\/\\\/www.aclanester56.com\\\/velo\\\/1ere-manche-du-challenge-national-de-cyclo-cross-elites-florian-le-corre-7eme\\\/#primaryimage\"},\"thumbnailUrl\":\"https:\\\/\\\/www.aclanester56.com\\\/velo\\\/wp-content\\\/uploads\\\/2010\\\/10\\\/Florian-LE-CORRE4.jpg\",\"articleSection\":[\"AC LANESTER 56\",\"R\u00e9sultats Cyclo-Cross\"],\"inLanguage\":\"fr-FR\",\"potentialAction\":[{\"@type\":\"CommentAction\",\"name\":\"Comment\",\"target\":[\"https:\\\/\\\/www.aclanester56.com\\\/velo\\\/1ere-manche-du-challenge-national-de-cyclo-cross-elites-florian-le-corre-7eme\\\/#respond\"]}]},{\"@type\":\"WebPage\",\"@id\":\"https:\\\/\\\/www.aclanester56.com\\\/velo\\\/1ere-manche-du-challenge-national-de-cyclo-cross-elites-florian-le-corre-7eme\\\/\",\"url\":\"https:\\\/\\\/www.aclanester56.com\\\/velo\\\/1ere-manche-du-challenge-national-de-cyclo-cross-elites-florian-le-corre-7eme\\\/\",\"name\":\"1\u00e8re manche du Challenge National de cyclo-cross \u00e9lites : Florian LE CORRE 7\u00e8me ! - Avenir Cycliste Lanester 56\",\"isPartOf\":{\"@id\":\"https:\\\/\\\/www.aclanester56.com\\\/velo\\\/#website\"},\"primaryImageOfPage\":{\"@id\":\"https:\\\/\\\/www.aclanester56.com\\\/velo\\\/1ere-manche-du-challenge-national-de-cyclo-cross-elites-florian-le-corre-7eme\\\/#primaryimage\"},\"image\":{\"@id\":\"https:\\\/\\\/www.aclanester56.com\\\/velo\\\/1ere-manche-du-challenge-national-de-cyclo-cross-elites-florian-le-corre-7eme\\\/#primaryimage\"},\"thumbnailUrl\":\"https:\\\/\\\/www.aclanester56.com\\\/velo\\\/wp-content\\\/uploads\\\/2010\\\/10\\\/Florian-LE-CORRE4.jpg\",\"datePublished\":\"2010-10-31T16:22:24+00:00\",\"dateModified\":\"2010-11-18T13:13:09+00:00\",\"inLanguage\":\"fr-FR\",\"potentialAction\":[{\"@type\":\"ReadAction\",\"target\":[\"https:\\\/\\\/www.aclanester56.com\\\/velo\\\/1ere-manche-du-challenge-national-de-cyclo-cross-elites-florian-le-corre-7eme\\\/\"]}]},{\"@type\":\"ImageObject\",\"inLanguage\":\"fr-FR\",\"@id\":\"https:\\\/\\\/www.aclanester56.com\\\/velo\\\/1ere-manche-du-challenge-national-de-cyclo-cross-elites-florian-le-corre-7eme\\\/#primaryimage\",\"url\":\"https:\\\/\\\/www.aclanester56.com\\\/velo\\\/wp-content\\\/uploads\\\/2010\\\/10\\\/Florian-LE-CORRE4.jpg\",\"contentUrl\":\"https:\\\/\\\/www.aclanester56.com\\\/velo\\\/wp-content\\\/uploads\\\/2010\\\/10\\\/Florian-LE-CORRE4.jpg\",\"width\":720,\"height\":477,\"caption\":\"Florian LE CORRE prend une superbe 7\u00e8me place \u00e0 Saverne ! (photo Julien BERRE)\"},{\"@type\":\"WebSite\",\"@id\":\"https:\\\/\\\/www.aclanester56.com\\\/velo\\\/#website\",\"url\":\"https:\\\/\\\/www.aclanester56.com\\\/velo\\\/\",\"name\":\"Avenir Cycliste Lanester 56\",\"description\":\"Club cycliste de l&#039;AC LANESTER 56\",\"publisher\":{\"@id\":\"https:\\\/\\\/www.aclanester56.com\\\/velo\\\/#organization\"},\"potentialAction\":[{\"@type\":\"SearchAction\",\"target\":{\"@type\":\"EntryPoint\",\"urlTemplate\":\"https:\\\/\\\/www.aclanester56.com\\\/velo\\\/?s={search_term_string}\"},\"query-input\":{\"@type\":\"PropertyValueSpecification\",\"valueRequired\":true,\"valueName\":\"search_term_string\"}}],\"inLanguage\":\"fr-FR\"},{\"@type\":\"Organization\",\"@id\":\"https:\\\/\\\/www.aclanester56.com\\\/velo\\\/#organization\",\"name\":\"Avenir Cycliste Lanester 56\",\"url\":\"https:\\\/\\\/www.aclanester56.com\\\/velo\\\/\",\"logo\":{\"@type\":\"ImageObject\",\"inLanguage\":\"fr-FR\",\"@id\":\"https:\\\/\\\/www.aclanester56.com\\\/velo\\\/#\\\/schema\\\/logo\\\/image\\\/\",\"url\":\"https:\\\/\\\/www.aclanester56.com\\\/velo\\\/wp-content\\\/uploads\\\/2013\\\/04\\\/logo-ACL.jpg\",\"contentUrl\":\"https:\\\/\\\/www.aclanester56.com\\\/velo\\\/wp-content\\\/uploads\\\/2013\\\/04\\\/logo-ACL.jpg\",\"width\":400,\"height\":334,\"caption\":\"Avenir Cycliste Lanester 56\"},\"image\":{\"@id\":\"https:\\\/\\\/www.aclanester56.com\\\/velo\\\/#\\\/schema\\\/logo\\\/image\\\/\"},\"sameAs\":[\"https:\\\/\\\/www.facebook.com\\\/pages\\\/AC-Lanester-56\\\/190286300991242?fref=ts\"]},{\"@type\":\"Person\",\"@id\":\"https:\\\/\\\/www.aclanester56.com\\\/velo\\\/#\\\/schema\\\/person\\\/ca2a44a5fd969e9dd846c72d3b33bc01\",\"name\":\"Jean-Christophe\",\"url\":\"https:\\\/\\\/www.aclanester56.com\\\/velo\\\/author\\\/jeanchristophe\\\/\"}]}<\/script>\n<!-- \/ Yoast SEO plugin. -->","yoast_head_json":{"title":"1\u00e8re manche du Challenge National de cyclo-cross \u00e9lites : Florian LE CORRE 7\u00e8me ! - Avenir Cycliste Lanester 56","robots":{"index":"index","follow":"follow","max-snippet":"max-snippet:-1","max-image-preview":"max-image-preview:large","max-video-preview":"max-video-preview:-1"},"canonical":"https:\/\/www.aclanester56.com\/velo\/1ere-manche-du-challenge-national-de-cyclo-cross-elites-florian-le-corre-7eme\/","og_locale":"fr_FR","og_type":"article","og_title":"1\u00e8re manche du Challenge National de cyclo-cross \u00e9lites : Florian LE CORRE 7\u00e8me ! - Avenir Cycliste Lanester 56","og_description":"Apr\u00e8s les m\u00e9saventures rencontr\u00e9es par les champions du Morbihan lanest\u00e9riens Flavian LE GUELLEC et Christophe BALANNEC lors des \u00e9preuves juniors [&hellip;]","og_url":"https:\/\/www.aclanester56.com\/velo\/1ere-manche-du-challenge-national-de-cyclo-cross-elites-florian-le-corre-7eme\/","og_site_name":"Avenir Cycliste Lanester 56","article_publisher":"https:\/\/www.facebook.com\/pages\/AC-Lanester-56\/190286300991242?fref=ts","article_published_time":"2010-10-31T16:22:24+00:00","article_modified_time":"2010-11-18T13:13:09+00:00","og_image":[{"width":720,"height":477,"url":"https:\/\/www.aclanester56.com\/velo\/wp-content\/uploads\/2010\/10\/Florian-LE-CORRE4.jpg","type":"image\/jpeg"}],"author":"Jean-Christophe","twitter_misc":{"\u00c9crit par":"Jean-Christophe","Dur\u00e9e de lecture estim\u00e9e":"2 minutes"},"schema":{"@context":"https:\/\/schema.org","@graph":[{"@type":"Article","@id":"https:\/\/www.aclanester56.com\/velo\/1ere-manche-du-challenge-national-de-cyclo-cross-elites-florian-le-corre-7eme\/#article","isPartOf":{"@id":"https:\/\/www.aclanester56.com\/velo\/1ere-manche-du-challenge-national-de-cyclo-cross-elites-florian-le-corre-7eme\/"},"author":{"name":"Jean-Christophe","@id":"https:\/\/www.aclanester56.com\/velo\/#\/schema\/person\/ca2a44a5fd969e9dd846c72d3b33bc01"},"headline":"1\u00e8re manche du Challenge National de cyclo-cross \u00e9lites : Florian LE CORRE 7\u00e8me !","datePublished":"2010-10-31T16:22:24+00:00","dateModified":"2010-11-18T13:13:09+00:00","mainEntityOfPage":{"@id":"https:\/\/www.aclanester56.com\/velo\/1ere-manche-du-challenge-national-de-cyclo-cross-elites-florian-le-corre-7eme\/"},"wordCount":417,"commentCount":1,"publisher":{"@id":"https:\/\/www.aclanester56.com\/velo\/#organization"},"image":{"@id":"https:\/\/www.aclanester56.com\/velo\/1ere-manche-du-challenge-national-de-cyclo-cross-elites-florian-le-corre-7eme\/#primaryimage"},"thumbnailUrl":"https:\/\/www.aclanester56.com\/velo\/wp-content\/uploads\/2010\/10\/Florian-LE-CORRE4.jpg","articleSection":["AC LANESTER 56","R\u00e9sultats Cyclo-Cross"],"inLanguage":"fr-FR","potentialAction":[{"@type":"CommentAction","name":"Comment","target":["https:\/\/www.aclanester56.com\/velo\/1ere-manche-du-challenge-national-de-cyclo-cross-elites-florian-le-corre-7eme\/#respond"]}]},{"@type":"WebPage","@id":"https:\/\/www.aclanester56.com\/velo\/1ere-manche-du-challenge-national-de-cyclo-cross-elites-florian-le-corre-7eme\/","url":"https:\/\/www.aclanester56.com\/velo\/1ere-manche-du-challenge-national-de-cyclo-cross-elites-florian-le-corre-7eme\/","name":"1\u00e8re manche du Challenge National de cyclo-cross \u00e9lites : Florian LE CORRE 7\u00e8me ! - Avenir Cycliste Lanester 56","isPartOf":{"@id":"https:\/\/www.aclanester56.com\/velo\/#website"},"primaryImageOfPage":{"@id":"https:\/\/www.aclanester56.com\/velo\/1ere-manche-du-challenge-national-de-cyclo-cross-elites-florian-le-corre-7eme\/#primaryimage"},"image":{"@id":"https:\/\/www.aclanester56.com\/velo\/1ere-manche-du-challenge-national-de-cyclo-cross-elites-florian-le-corre-7eme\/#primaryimage"},"thumbnailUrl":"https:\/\/www.aclanester56.com\/velo\/wp-content\/uploads\/2010\/10\/Florian-LE-CORRE4.jpg","datePublished":"2010-10-31T16:22:24+00:00","dateModified":"2010-11-18T13:13:09+00:00","inLanguage":"fr-FR","potentialAction":[{"@type":"ReadAction","target":["https:\/\/www.aclanester56.com\/velo\/1ere-manche-du-challenge-national-de-cyclo-cross-elites-florian-le-corre-7eme\/"]}]},{"@type":"ImageObject","inLanguage":"fr-FR","@id":"https:\/\/www.aclanester56.com\/velo\/1ere-manche-du-challenge-national-de-cyclo-cross-elites-florian-le-corre-7eme\/#primaryimage","url":"https:\/\/www.aclanester56.com\/velo\/wp-content\/uploads\/2010\/10\/Florian-LE-CORRE4.jpg","contentUrl":"https:\/\/www.aclanester56.com\/velo\/wp-content\/uploads\/2010\/10\/Florian-LE-CORRE4.jpg","width":720,"height":477,"caption":"Florian LE CORRE prend une superbe 7\u00e8me place \u00e0 Saverne ! (photo Julien BERRE)"},{"@type":"WebSite","@id":"https:\/\/www.aclanester56.com\/velo\/#website","url":"https:\/\/www.aclanester56.com\/velo\/","name":"Avenir Cycliste Lanester 56","description":"Club cycliste de l&#039;AC LANESTER 56","publisher":{"@id":"https:\/\/www.aclanester56.com\/velo\/#organization"},"potentialAction":[{"@type":"SearchAction","target":{"@type":"EntryPoint","urlTemplate":"https:\/\/www.aclanester56.com\/velo\/?s={search_term_string}"},"query-input":{"@type":"PropertyValueSpecification","valueRequired":true,"valueName":"search_term_string"}}],"inLanguage":"fr-FR"},{"@type":"Organization","@id":"https:\/\/www.aclanester56.com\/velo\/#organization","name":"Avenir Cycliste Lanester 56","url":"https:\/\/www.aclanester56.com\/velo\/","logo":{"@type":"ImageObject","inLanguage":"fr-FR","@id":"https:\/\/www.aclanester56.com\/velo\/#\/schema\/logo\/image\/","url":"https:\/\/www.aclanester56.com\/velo\/wp-content\/uploads\/2013\/04\/logo-ACL.jpg","contentUrl":"https:\/\/www.aclanester56.com\/velo\/wp-content\/uploads\/2013\/04\/logo-ACL.jpg","width":400,"height":334,"caption":"Avenir Cycliste Lanester 56"},"image":{"@id":"https:\/\/www.aclanester56.com\/velo\/#\/schema\/logo\/image\/"},"sameAs":["https:\/\/www.facebook.com\/pages\/AC-Lanester-56\/190286300991242?fref=ts"]},{"@type":"Person","@id":"https:\/\/www.aclanester56.com\/velo\/#\/schema\/person\/ca2a44a5fd969e9dd846c72d3b33bc01","name":"Jean-Christophe","url":"https:\/\/www.aclanester56.com\/velo\/author\/jeanchristophe\/"}]}},"_links":{"self":[{"href":"https:\/\/www.aclanester56.com\/velo\/wp-json\/wp\/v2\/posts\/4897","targetHints":{"allow":["GET"]}}],"collection":[{"href":"https:\/\/www.aclanester56.com\/velo\/wp-json\/wp\/v2\/posts"}],"about":[{"href":"https:\/\/www.aclanester56.com\/velo\/wp-json\/wp\/v2\/types\/post"}],"author":[{"embeddable":true,"href":"https:\/\/www.aclanester56.com\/velo\/wp-json\/wp\/v2\/users\/14"}],"replies":[{"embeddable":true,"href":"https:\/\/www.aclanester56.com\/velo\/wp-json\/wp\/v2\/comments?post=4897"}],"version-history":[{"count":0,"href":"https:\/\/www.aclanester56.com\/velo\/wp-json\/wp\/v2\/posts\/4897\/revisions"}],"wp:featuredmedia":[{"embeddable":true,"href":"https:\/\/www.aclanester56.com\/velo\/wp-json\/wp\/v2\/media\/4932"}],"wp:attachment":[{"href":"https:\/\/www.aclanester56.com\/velo\/wp-json\/wp\/v2\/media?parent=4897"}],"wp:term":[{"taxonomy":"category","embeddable":true,"href":"https:\/\/www.aclanester56.com\/velo\/wp-json\/wp\/v2\/categories?post=4897"},{"taxonomy":"post_tag","embeddable":true,"href":"https:\/\/www.aclanester56.com\/velo\/wp-json\/wp\/v2\/tags?post=4897"}],"curies":[{"name":"wp","href":"https:\/\/api.w.org\/{rel}","templated":true}]}}