{"id":5348,"date":"2010-11-22T12:58:38","date_gmt":"2010-11-22T11:58:38","guid":{"rendered":"http:\/\/www.aclanester56.com\/velo\/?p=5348"},"modified":"2010-11-23T15:22:51","modified_gmt":"2010-11-23T14:22:51","slug":"remise-des-brassards-du-credit-agricole-56","status":"publish","type":"post","link":"https:\/\/www.aclanester56.com\/velo\/remise-des-brassards-du-credit-agricole-56\/","title":{"rendered":"Remise des prix du brassard du Cr\u00e9dit Agricole 56"},"content":{"rendered":"<div id=\"attachment_5349\" style=\"width: 370px\" class=\"wp-caption alignleft\"><a  href=\"http:\/\/www.aclanester56.com\/velo\/wp-content\/uploads\/2010\/11\/nicolas-primas-et-vincent-teirlynck-\u00e0-Bul\u00e9on.jpg\"><img loading=\"lazy\" decoding=\"async\" aria-describedby=\"caption-attachment-5349\" class=\"size-full wp-image-5349\" title=\"Nicolas PRIMAS (qui devance ici Vincent TEIRLYNCK) est premier ex-aequo au brassard du CA 56 dans la cat\u00e9gorie minimes (photo Gabrielle TEIRLYNCK)\" src=\"http:\/\/www.aclanester56.com\/velo\/wp-content\/uploads\/2010\/11\/nicolas-primas-et-vincent-teirlynck-\u00e0-Bul\u00e9on.jpg\" alt=\"\" width=\"360\" height=\"241\" srcset=\"https:\/\/www.aclanester56.com\/velo\/wp-content\/uploads\/2010\/11\/nicolas-primas-et-vincent-teirlynck-\u00e0-Bul\u00e9on.jpg 720w, https:\/\/www.aclanester56.com\/velo\/wp-content\/uploads\/2010\/11\/nicolas-primas-et-vincent-teirlynck-\u00e0-Bul\u00e9on-300x200.jpg 300w\" sizes=\"auto, (max-width: 360px) 100vw, 360px\" \/><\/a><p id=\"caption-attachment-5349\" class=\"wp-caption-text\">Nicolas PRIMAS (qui devance ici Vincent TEIRLYNCK) est premier ex-aequo au brassard du CA 56 dans la cat\u00e9gorie minimes (photo Gabrielle TEIRLYNCK)<\/p><\/div>\n<p style=\"text-align: justify;\">\nLa remise des r\u00e9compenses du Brassard Cr\u00e9dit Agricole 56 aura lieu le vendredi 3 d\u00e9cembre au si\u00e8ge du Cr\u00e9dit Agricole du Morbihan \u00e0 Vannes. Plusieurs coureurs de l&rsquo;AC LANESTER 56 y seront r\u00e9compens\u00e9s.<\/p>\n<p><br class=\"spacer_\" \/><\/p>\n<p><!--more--><\/p>\n<p><br class=\"spacer_\" \/><\/p>\n<p style=\"text-align: justify;\">Cette soir\u00e9e d\u00e9butera \u00e0 18H30 par une conf\u00e9rence\/d\u00e9bat anim\u00e9e par Lo\u00efc LE BOURHIS, avec la participation du champion du monde juniors Olivier LE GAC, du champion de France juniors Mathieu LE LAVANDIER, de Samuel MONNERAIS, conseiller technique sportif et de David LAPPARTIENT, pr\u00e9sident de la F\u00e9d\u00e9ration Francaise de cyclisme.\u00a0La remise des prix aux diff\u00e9rents laur\u00e9ats suivra \u00e0 19H30.<\/p>\n<p><br class=\"spacer_\" \/><\/p>\n<p style=\"text-align: justify;\">Cette soir\u00e9e aura lieu le vendredi 3 d\u00e9cembre au si\u00e8ge du Cr\u00e9dit Agricole du Morbihan, avenue Keranguen \u00e0 Vannes.<\/p>\n<p><br class=\"spacer_\" \/><\/p>\n<p style=\"text-align: justify;\">Les classements (\u00e9tablis sur des \u00e9preuves pr\u00e9-d\u00e9finies du calendrier morbihannais) :<\/p>\n<p><br class=\"spacer_\" \/><\/p>\n<div id=\"_mcePaste\"><strong><span style=\"text-decoration: underline;\">Ecoles de cyclisme :<\/span><\/strong><\/div>\n<div id=\"_mcePaste\">1 &#8211; UC ALREENNE 69 pts<\/div>\n<div id=\"_mcePaste\">2 &#8211; ACP BAUD 58 pts<\/div>\n<div id=\"_mcePaste\">3 &#8211; VELOCE VANNETAIS 50 pts<\/div>\n<div id=\"_mcePaste\">4 &#8211; OC LOCMINE 46 pts<\/div>\n<div id=\"_mcePaste\">5 &#8211; VC PONTIVYEN 27 pts<\/div>\n<div id=\"_mcePaste\"><span style=\"background-color: #ff6600;\">14 &#8211; AC LANESTER 56 2 pts<\/span><\/div>\n<p><br class=\"spacer_\" \/><\/p>\n<div id=\"_mcePaste\"><strong><span style=\"text-decoration: underline;\">Dames minimes\/cadettes :<\/span><\/strong><\/div>\n<div id=\"_mcePaste\">1 &#8211; Marie BERNARD (ACP BAUD) 32 pts<\/div>\n<div id=\"_mcePaste\">2 &#8211; Coralie SERO (SC MALESTROIT) 27 pts<\/div>\n<div id=\"_mcePaste\">3 &#8211; Am\u00e9lie LE GUEVEL (ACP BAUD) 26 pts<\/div>\n<div id=\"_mcePaste\">4 &#8211; Manon PASCO (UC INGUINIEL) 12 pts<\/div>\n<div id=\"_mcePaste\">5 &#8211; C\u00e9cilia LE BRIS (VC PONTIVYEN) 10 pts<\/div>\n<div id=\"_mcePaste\"><span style=\"background-color: #ff6600;\">7 &#8211; Julie LE PRIELLEC (AC LANESTER 56) 7 pts<\/span><\/div>\n<p><br class=\"spacer_\" \/><\/p>\n<div id=\"_mcePaste\"><strong><span style=\"text-decoration: underline;\">Minimes :<\/span><\/strong><\/div>\n<div id=\"_mcePaste\"><span style=\"background-color: #ff6600;\">1 &#8211; Nicolas PRIMAS (AC LANESTER 56) 23 pts<\/span><\/div>\n<div id=\"_mcePaste\">1 &#8211; Mathieu NESTOUR (UCP PLOUAY) 23 pts<\/div>\n<div id=\"_mcePaste\">3 &#8211; Samuel KERVILY (UCP PLOUAY) 18 pts<\/div>\n<div id=\"_mcePaste\">4 &#8211; Th\u00e9ophile LEBLANC (VELOCE VANNETAIS) 16 pts<\/div>\n<div id=\"_mcePaste\">5 &#8211; Jason JEGAT (OC LOCMINE) 14 pts<\/div>\n<div id=\"_mcePaste\"><span style=\"background-color: #ff6600;\">6 &#8211; Vincent TEIRLYNCK (AC LANESTER 56) 13 pts<\/span><\/div>\n<p><br class=\"spacer_\" \/><\/p>\n<div id=\"_mcePaste\"><strong><span style=\"text-decoration: underline;\">Cadets :<\/span><\/strong><\/div>\n<div id=\"_mcePaste\">1 &#8211; Fran\u00e7ois LE BAGOUSSE (ACP BAUD 35 pts<\/div>\n<div id=\"_mcePaste\">2 &#8211; Gautier ABADIE (VELOCE VANNETAIS) 16 pts<\/div>\n<div id=\"_mcePaste\"><span style=\"background-color: #ff6600;\">3 &#8211; Pierre HOLE (AC LANESTER 56) 16 pts<\/span><\/div>\n<div id=\"_mcePaste\"><span style=\"background-color: #ff6600;\">4 &#8211; Romain LE PIPEC (AC LANESTER 56) 15 pts<\/span><\/div>\n<div id=\"_mcePaste\">5 &#8211; Antoine JAN (VC PONTIVYEN) 14 pts<\/div>\n<p><br class=\"spacer_\" \/><\/p>\n<div><strong><span style=\"text-decoration: underline;\">Juniors :<\/span><\/strong><\/div>\n<div id=\"_mcePaste\">1 &#8211; Mathieu LE LAVANDIER (VC PONTIVYEN) 42 pts<\/div>\n<div id=\"_mcePaste\">2 &#8211; Jordann LE GAL (VC LANGUIDIC) 20 pts<\/div>\n<div id=\"_mcePaste\">3 &#8211; Maxime LE LAVANDIER (VC PONTIVYEN) 19 pts<\/div>\n<div id=\"_mcePaste\"><span style=\"background-color: #ff6600;\">4 &#8211; Anthony MIRA (AC LANESTER 56) 13 pts<\/span><\/div>\n<div id=\"_mcePaste\">5 &#8211; Sylvain TANGUY (VC PONTIVYEN) 13 pts<\/div>\n<div id=\"_mcePaste\"><span style=\"background-color: #ff6600;\">8 &#8211; Thomas LE BOUCHER (AC LANESTER 56) 7 pts<\/span><\/div>\n<p><br class=\"spacer_\" \/><\/p>\n<div id=\"_mcePaste\"><strong><span style=\"text-decoration: underline;\">Pass-cyclisme :<\/span><\/strong><\/div>\n<div id=\"_mcePaste\">1 &#8211; Youenn GOULARD (SLA PLUMELOIS) 36 pts<\/div>\n<div id=\"_mcePaste\">2 &#8211; Julien CADIO (HENNEBONT CYCLISME) 24 pts<\/div>\n<div id=\"_mcePaste\">3 &#8211; Eric MALIVET (SC MALESTROIT) 22 pts<\/div>\n<div id=\"_mcePaste\">4 &#8211; Pierre LE BELLEGO (OC LOCMINE) 20 pts<\/div>\n<div id=\"_mcePaste\">5 &#8211; Patrice PLEYBER (UCP PLOUAY) 20 pts<\/div>\n<div id=\"_mcePaste\"><span style=\"background-color: #ff6600;\">26 &#8211; R\u00e9gis DESBOIS (AC LANESTER 56) 5 pts<\/span><\/div>\n<div id=\"_mcePaste\"><span style=\"background-color: #ff6600;\">26 &#8211; S\u00e9bastien MICHON (AC LANESTER 56) 5 pts<\/span><\/div>\n<p><br class=\"spacer_\" \/><\/p>\n<div id=\"_mcePaste\"><strong><span style=\"text-decoration: underline;\">3\u00e8me cat\u00e9gorie :<\/span><\/strong><\/div>\n<div id=\"_mcePaste\">1 &#8211; Gurvan HAMONIC (UCL HENNEBONT) 35 pts<\/div>\n<div id=\"_mcePaste\">2 &#8211; Jordann LE GAL (VC LANGUIDIC) 30 pts<\/div>\n<div id=\"_mcePaste\">3 &#8211; Vincent BIENFAIT (UCP JOSSELIN) 26 pts<\/div>\n<div id=\"_mcePaste\">4 &#8211; Mathieu LE LAVANDIER (VC PONTIVYEN) 21 pts<\/div>\n<div id=\"_mcePaste\">5 &#8211; Yann LE FOLL (EC QUEVENOISE) 21 pts<\/div>\n<div id=\"_mcePaste\"><span style=\"background-color: #ff6600;\">13 &#8211; Gildas LE PRIELLEC (AC LANESTER 56) 7 pts<\/span><\/div>\n<div id=\"_mcePaste\"><span style=\"background-color: #ff6600;\">27 &#8211; Julien KERBIRIOU (AC LANESTER 56) 2 pts<\/span><\/div>\n<p><br class=\"spacer_\" \/><\/p>\n<div id=\"_mcePaste\"><strong><span style=\"text-decoration: underline;\">2\u00e8me cat\u00e9gorie :<\/span><\/strong><\/div>\n<div id=\"_mcePaste\">1 &#8211; Tristan LE YONDRE (OC LOCMINE) 36 pts<\/div>\n<div id=\"_mcePaste\">2 &#8211; Paul BRIENT (EC QUEVENOISE) 23 pts<\/div>\n<div id=\"_mcePaste\">3 &#8211; Robert COQUEN (EC QUEVENOISE) 22 pts<\/div>\n<div id=\"_mcePaste\">4 &#8211; Fabrice GICQUELAY (HENNEBONT CYCLISME) 21 pts<\/div>\n<div id=\"_mcePaste\"><span style=\"background-color: #ff6600;\">5 &#8211; Micka\u00ebl SIBY (AC LANESTER 56) 18 pts<\/span><\/div>\n<div id=\"_mcePaste\"><span style=\"background-color: #ff6600;\">11 &#8211; Ma\u00ebl NIVINOU (AC LANESTER) 56 9 pts<\/span><\/div>\n<div id=\"_mcePaste\"><span style=\"background-color: #ff6600;\">20 &#8211; Davy LE KER (AC LANESTER 56) 5 pts<\/span><\/div>\n<div id=\"_mcePaste\"><span style=\"background-color: #ff6600;\">William LE CORRE (AC LANESTER 56) 12 pts (mont\u00e9 en 1\u00e8re cat\u00e9gorie en cours de saison et a eu un abattement de 70% de ses points)<\/span><\/div>\n<p><br class=\"spacer_\" \/><\/p>\n<div id=\"_mcePaste\"><strong><span style=\"text-decoration: underline;\">1\u00e8re cat\u00e9gorie :<\/span><\/strong><\/div>\n<div id=\"_mcePaste\">1 &#8211; Salva VILCHEZ (VC PONTIVYEN) 39 pts<\/div>\n<div id=\"_mcePaste\">2 &#8211; Lionel BERET (VC PONTIVYEN) 32 pts<\/div>\n<div id=\"_mcePaste\">3 &#8211; Simon GOUEDARD (VCP LORIENT) 32 pts<\/div>\n<div id=\"_mcePaste\">4 &#8211; Piotr ZIELINSKI (VCP LORIENT) 21 pts<\/div>\n<div id=\"_mcePaste\"><span style=\"background-color: #ff6600;\">5 &#8211; Vincent GUEZENNEC (AC LANESTER 56) 15 pts<\/span><\/div>\n<div id=\"_mcePaste\"><span style=\"background-color: #ff6600;\">5 &#8211; Yann RAULT (AC LANESTER 56) 15 pts<\/span><\/div>\n<div id=\"_mcePaste\"><span style=\"background-color: #ff6600;\">7 &#8211; Alastair CARR (AC LANESTER 56) 14 pts<\/span><\/div>\n<div id=\"_mcePaste\"><span style=\"background-color: #ff6600;\">8 &#8211; William LE CORRE (AC LANESTER 56) 13 pts<\/span><\/div>\n<div id=\"_mcePaste\"><span style=\"background-color: #ff6600;\">10 &#8211; Vincent GUEGO (AC LANESTER 56) 9 pts<\/span><\/div>\n<div id=\"_mcePaste\"><span style=\"background-color: #ff6600;\">17 &#8211; Warren BARGUIL (AC LANESTER 56) 4 pts<\/span><\/div>\n<div id=\"_mcePaste\"><span style=\"background-color: #ff6600;\">18 &#8211; Matthieu GAULTIER (AC LANESTER 56) 3 pts<\/span><\/div>\n<div id=\"_mcePaste\"><span style=\"background-color: #ff6600;\">19 &#8211; K\u00e9vin SADOUDI (AC LANESTER 56) 3 pts<\/span><\/div>\n<p><br class=\"spacer_\" \/><\/p>\n<div id=\"_mcePaste\"><strong><span style=\"text-decoration: underline;\">Clubs divisions nationales :<\/span><\/strong><\/div>\n<div id=\"_mcePaste\"><span style=\"background-color: #ff6600;\">1 &#8211; AC LANESTER 56 \u00a0 \u00a059 pts<\/span><\/div>\n<div id=\"_mcePaste\">2 &#8211; VCP LORIENT \u00a0 \u00a045 pts<\/div>\n<div id=\"_mcePaste\">3 &#8211; VC PONTIVYEN \u00a0 \u00a035 pts<\/div>\n<div id=\"_mcePaste\">4 &#8211; HENNEBONT CYCLISME \u00a0 \u00a034 pts<\/div>\n<p><br class=\"spacer_\" \/><\/p>\n<div id=\"_mcePaste\"><strong><span style=\"text-decoration: underline;\">Classement points clubs du brassard du Cr\u00e9dit Agricole (d\u00e9termin\u00e9 par les 5 premiers de l&rsquo;ensemble des cat\u00e9gories) :<\/span><\/strong><\/div>\n<div id=\"_mcePaste\">1 &#8211; VC PONTIVYEN 31 pts<\/div>\n<div id=\"_mcePaste\">2 &#8211; VELOCE VANNETAIS 27 pts<\/div>\n<div id=\"_mcePaste\">3 &#8211; ACP BAUD  22pts<\/div>\n<div id=\"_mcePaste\">4 &#8211; OC LOCMINE 22pts<\/div>\n<div id=\"_mcePaste\"><span style=\"background-color: #ff6600;\">5 &#8211; AC LANESTER 56 20pts<\/span><\/div>\n<p><br class=\"spacer_\" \/><\/p>\n","protected":false},"excerpt":{"rendered":"<p>La remise des r\u00e9compenses du Brassard Cr\u00e9dit Agricole 56 aura lieu le vendredi 3 d\u00e9cembre au si\u00e8ge du Cr\u00e9dit Agricole [&hellip;]<\/p>\n","protected":false},"author":14,"featured_media":5349,"comment_status":"open","ping_status":"closed","sticky":false,"template":"","format":"standard","meta":{"ngg_post_thumbnail":0,"footnotes":""},"categories":[5,16,19,18,22,17,24,21,23,20],"tags":[],"class_list":["post-5348","post","type-post","status-publish","format-standard","has-post-thumbnail","hentry","category-ac-lanester-56","category-resultats","category-resultats-2eme-categorie","category-resultats-3eme-categorie","category-resultats-cadets","category-resultats-dn","category-resultats-ecole-de-cyclisme","category-resultats-juniors","category-resultats-minimes","category-resultats-pass-cyclisme"],"yoast_head":"<!-- This site is optimized with the Yoast SEO plugin v27.5 - https:\/\/yoast.com\/product\/yoast-seo-wordpress\/ -->\n<title>Remise des prix du brassard du Cr\u00e9dit Agricole 56 - Avenir Cycliste Lanester 56<\/title>\n<meta name=\"robots\" content=\"index, follow, max-snippet:-1, max-image-preview:large, max-video-preview:-1\" \/>\n<link rel=\"canonical\" href=\"https:\/\/www.aclanester56.com\/velo\/remise-des-brassards-du-credit-agricole-56\/\" \/>\n<meta property=\"og:locale\" content=\"fr_FR\" \/>\n<meta property=\"og:type\" content=\"article\" \/>\n<meta property=\"og:title\" content=\"Remise des prix du brassard du Cr\u00e9dit Agricole 56 - Avenir Cycliste Lanester 56\" \/>\n<meta property=\"og:description\" content=\"La remise des r\u00e9compenses du Brassard Cr\u00e9dit Agricole 56 aura lieu le vendredi 3 d\u00e9cembre au si\u00e8ge du Cr\u00e9dit Agricole [&hellip;]\" \/>\n<meta property=\"og:url\" content=\"https:\/\/www.aclanester56.com\/velo\/remise-des-brassards-du-credit-agricole-56\/\" \/>\n<meta property=\"og:site_name\" content=\"Avenir Cycliste Lanester 56\" \/>\n<meta property=\"article:publisher\" content=\"https:\/\/www.facebook.com\/pages\/AC-Lanester-56\/190286300991242?fref=ts\" \/>\n<meta property=\"article:published_time\" content=\"2010-11-22T11:58:38+00:00\" \/>\n<meta property=\"article:modified_time\" content=\"2010-11-23T14:22:51+00:00\" \/>\n<meta property=\"og:image\" content=\"https:\/\/www.aclanester56.com\/velo\/wp-content\/uploads\/2010\/11\/nicolas-primas-et-vincent-teirlynck-\u00e0-Bul\u00e9on.jpg\" \/>\n\t<meta property=\"og:image:width\" content=\"720\" \/>\n\t<meta property=\"og:image:height\" content=\"482\" \/>\n\t<meta property=\"og:image:type\" content=\"image\/jpeg\" \/>\n<meta name=\"author\" content=\"Jean-Christophe\" \/>\n<meta name=\"twitter:label1\" content=\"\u00c9crit par\" \/>\n\t<meta name=\"twitter:data1\" content=\"Jean-Christophe\" \/>\n\t<meta name=\"twitter:label2\" content=\"Dur\u00e9e de lecture estim\u00e9e\" \/>\n\t<meta name=\"twitter:data2\" content=\"3 minutes\" \/>\n<script type=\"application\/ld+json\" class=\"yoast-schema-graph\">{\"@context\":\"https:\\\/\\\/schema.org\",\"@graph\":[{\"@type\":\"Article\",\"@id\":\"https:\\\/\\\/www.aclanester56.com\\\/velo\\\/remise-des-brassards-du-credit-agricole-56\\\/#article\",\"isPartOf\":{\"@id\":\"https:\\\/\\\/www.aclanester56.com\\\/velo\\\/remise-des-brassards-du-credit-agricole-56\\\/\"},\"author\":{\"name\":\"Jean-Christophe\",\"@id\":\"https:\\\/\\\/www.aclanester56.com\\\/velo\\\/#\\\/schema\\\/person\\\/ca2a44a5fd969e9dd846c72d3b33bc01\"},\"headline\":\"Remise des prix du brassard du Cr\u00e9dit Agricole 56\",\"datePublished\":\"2010-11-22T11:58:38+00:00\",\"dateModified\":\"2010-11-23T14:22:51+00:00\",\"mainEntityOfPage\":{\"@id\":\"https:\\\/\\\/www.aclanester56.com\\\/velo\\\/remise-des-brassards-du-credit-agricole-56\\\/\"},\"wordCount\":664,\"commentCount\":0,\"publisher\":{\"@id\":\"https:\\\/\\\/www.aclanester56.com\\\/velo\\\/#organization\"},\"image\":{\"@id\":\"https:\\\/\\\/www.aclanester56.com\\\/velo\\\/remise-des-brassards-du-credit-agricole-56\\\/#primaryimage\"},\"thumbnailUrl\":\"https:\\\/\\\/www.aclanester56.com\\\/velo\\\/wp-content\\\/uploads\\\/2010\\\/11\\\/nicolas-primas-et-vincent-teirlynck-\u00e0-Bul\u00e9on.jpg\",\"articleSection\":[\"AC LANESTER 56\",\"R\u00e9sultats\",\"R\u00e9sultats 2eme cat\u00e9gorie\",\"R\u00e9sultats 3eme cat\u00e9gorie\",\"R\u00e9sultats Cadets\",\"R\u00e9sultats DN\",\"R\u00e9sultats Ecole de cyclisme\",\"R\u00e9sultats Juniors\",\"R\u00e9sultats Minimes\",\"R\u00e9sultats Pass cyclisme\"],\"inLanguage\":\"fr-FR\",\"potentialAction\":[{\"@type\":\"CommentAction\",\"name\":\"Comment\",\"target\":[\"https:\\\/\\\/www.aclanester56.com\\\/velo\\\/remise-des-brassards-du-credit-agricole-56\\\/#respond\"]}]},{\"@type\":\"WebPage\",\"@id\":\"https:\\\/\\\/www.aclanester56.com\\\/velo\\\/remise-des-brassards-du-credit-agricole-56\\\/\",\"url\":\"https:\\\/\\\/www.aclanester56.com\\\/velo\\\/remise-des-brassards-du-credit-agricole-56\\\/\",\"name\":\"Remise des prix du brassard du Cr\u00e9dit Agricole 56 - Avenir Cycliste Lanester 56\",\"isPartOf\":{\"@id\":\"https:\\\/\\\/www.aclanester56.com\\\/velo\\\/#website\"},\"primaryImageOfPage\":{\"@id\":\"https:\\\/\\\/www.aclanester56.com\\\/velo\\\/remise-des-brassards-du-credit-agricole-56\\\/#primaryimage\"},\"image\":{\"@id\":\"https:\\\/\\\/www.aclanester56.com\\\/velo\\\/remise-des-brassards-du-credit-agricole-56\\\/#primaryimage\"},\"thumbnailUrl\":\"https:\\\/\\\/www.aclanester56.com\\\/velo\\\/wp-content\\\/uploads\\\/2010\\\/11\\\/nicolas-primas-et-vincent-teirlynck-\u00e0-Bul\u00e9on.jpg\",\"datePublished\":\"2010-11-22T11:58:38+00:00\",\"dateModified\":\"2010-11-23T14:22:51+00:00\",\"inLanguage\":\"fr-FR\",\"potentialAction\":[{\"@type\":\"ReadAction\",\"target\":[\"https:\\\/\\\/www.aclanester56.com\\\/velo\\\/remise-des-brassards-du-credit-agricole-56\\\/\"]}]},{\"@type\":\"ImageObject\",\"inLanguage\":\"fr-FR\",\"@id\":\"https:\\\/\\\/www.aclanester56.com\\\/velo\\\/remise-des-brassards-du-credit-agricole-56\\\/#primaryimage\",\"url\":\"https:\\\/\\\/www.aclanester56.com\\\/velo\\\/wp-content\\\/uploads\\\/2010\\\/11\\\/nicolas-primas-et-vincent-teirlynck-\u00e0-Bul\u00e9on.jpg\",\"contentUrl\":\"https:\\\/\\\/www.aclanester56.com\\\/velo\\\/wp-content\\\/uploads\\\/2010\\\/11\\\/nicolas-primas-et-vincent-teirlynck-\u00e0-Bul\u00e9on.jpg\",\"width\":720,\"height\":482,\"caption\":\"Nicolas PRIMAS (qui devance ici Vincent TEIRLYNCK) est premier ex-aequo au brassard du CA 56 dans la cat\u00e9gorie minimes (photo Gabrielle TEIRLYNCK)\"},{\"@type\":\"WebSite\",\"@id\":\"https:\\\/\\\/www.aclanester56.com\\\/velo\\\/#website\",\"url\":\"https:\\\/\\\/www.aclanester56.com\\\/velo\\\/\",\"name\":\"Avenir Cycliste Lanester 56\",\"description\":\"Club cycliste de l&#039;AC LANESTER 56\",\"publisher\":{\"@id\":\"https:\\\/\\\/www.aclanester56.com\\\/velo\\\/#organization\"},\"potentialAction\":[{\"@type\":\"SearchAction\",\"target\":{\"@type\":\"EntryPoint\",\"urlTemplate\":\"https:\\\/\\\/www.aclanester56.com\\\/velo\\\/?s={search_term_string}\"},\"query-input\":{\"@type\":\"PropertyValueSpecification\",\"valueRequired\":true,\"valueName\":\"search_term_string\"}}],\"inLanguage\":\"fr-FR\"},{\"@type\":\"Organization\",\"@id\":\"https:\\\/\\\/www.aclanester56.com\\\/velo\\\/#organization\",\"name\":\"Avenir Cycliste Lanester 56\",\"url\":\"https:\\\/\\\/www.aclanester56.com\\\/velo\\\/\",\"logo\":{\"@type\":\"ImageObject\",\"inLanguage\":\"fr-FR\",\"@id\":\"https:\\\/\\\/www.aclanester56.com\\\/velo\\\/#\\\/schema\\\/logo\\\/image\\\/\",\"url\":\"https:\\\/\\\/www.aclanester56.com\\\/velo\\\/wp-content\\\/uploads\\\/2013\\\/04\\\/logo-ACL.jpg\",\"contentUrl\":\"https:\\\/\\\/www.aclanester56.com\\\/velo\\\/wp-content\\\/uploads\\\/2013\\\/04\\\/logo-ACL.jpg\",\"width\":400,\"height\":334,\"caption\":\"Avenir Cycliste Lanester 56\"},\"image\":{\"@id\":\"https:\\\/\\\/www.aclanester56.com\\\/velo\\\/#\\\/schema\\\/logo\\\/image\\\/\"},\"sameAs\":[\"https:\\\/\\\/www.facebook.com\\\/pages\\\/AC-Lanester-56\\\/190286300991242?fref=ts\"]},{\"@type\":\"Person\",\"@id\":\"https:\\\/\\\/www.aclanester56.com\\\/velo\\\/#\\\/schema\\\/person\\\/ca2a44a5fd969e9dd846c72d3b33bc01\",\"name\":\"Jean-Christophe\",\"url\":\"https:\\\/\\\/www.aclanester56.com\\\/velo\\\/author\\\/jeanchristophe\\\/\"}]}<\/script>\n<!-- \/ Yoast SEO plugin. -->","yoast_head_json":{"title":"Remise des prix du brassard du Cr\u00e9dit Agricole 56 - Avenir Cycliste Lanester 56","robots":{"index":"index","follow":"follow","max-snippet":"max-snippet:-1","max-image-preview":"max-image-preview:large","max-video-preview":"max-video-preview:-1"},"canonical":"https:\/\/www.aclanester56.com\/velo\/remise-des-brassards-du-credit-agricole-56\/","og_locale":"fr_FR","og_type":"article","og_title":"Remise des prix du brassard du Cr\u00e9dit Agricole 56 - Avenir Cycliste Lanester 56","og_description":"La remise des r\u00e9compenses du Brassard Cr\u00e9dit Agricole 56 aura lieu le vendredi 3 d\u00e9cembre au si\u00e8ge du Cr\u00e9dit Agricole [&hellip;]","og_url":"https:\/\/www.aclanester56.com\/velo\/remise-des-brassards-du-credit-agricole-56\/","og_site_name":"Avenir Cycliste Lanester 56","article_publisher":"https:\/\/www.facebook.com\/pages\/AC-Lanester-56\/190286300991242?fref=ts","article_published_time":"2010-11-22T11:58:38+00:00","article_modified_time":"2010-11-23T14:22:51+00:00","og_image":[{"width":720,"height":482,"url":"https:\/\/www.aclanester56.com\/velo\/wp-content\/uploads\/2010\/11\/nicolas-primas-et-vincent-teirlynck-\u00e0-Bul\u00e9on.jpg","type":"image\/jpeg"}],"author":"Jean-Christophe","twitter_misc":{"\u00c9crit par":"Jean-Christophe","Dur\u00e9e de lecture estim\u00e9e":"3 minutes"},"schema":{"@context":"https:\/\/schema.org","@graph":[{"@type":"Article","@id":"https:\/\/www.aclanester56.com\/velo\/remise-des-brassards-du-credit-agricole-56\/#article","isPartOf":{"@id":"https:\/\/www.aclanester56.com\/velo\/remise-des-brassards-du-credit-agricole-56\/"},"author":{"name":"Jean-Christophe","@id":"https:\/\/www.aclanester56.com\/velo\/#\/schema\/person\/ca2a44a5fd969e9dd846c72d3b33bc01"},"headline":"Remise des prix du brassard du Cr\u00e9dit Agricole 56","datePublished":"2010-11-22T11:58:38+00:00","dateModified":"2010-11-23T14:22:51+00:00","mainEntityOfPage":{"@id":"https:\/\/www.aclanester56.com\/velo\/remise-des-brassards-du-credit-agricole-56\/"},"wordCount":664,"commentCount":0,"publisher":{"@id":"https:\/\/www.aclanester56.com\/velo\/#organization"},"image":{"@id":"https:\/\/www.aclanester56.com\/velo\/remise-des-brassards-du-credit-agricole-56\/#primaryimage"},"thumbnailUrl":"https:\/\/www.aclanester56.com\/velo\/wp-content\/uploads\/2010\/11\/nicolas-primas-et-vincent-teirlynck-\u00e0-Bul\u00e9on.jpg","articleSection":["AC LANESTER 56","R\u00e9sultats","R\u00e9sultats 2eme cat\u00e9gorie","R\u00e9sultats 3eme cat\u00e9gorie","R\u00e9sultats Cadets","R\u00e9sultats DN","R\u00e9sultats Ecole de cyclisme","R\u00e9sultats Juniors","R\u00e9sultats Minimes","R\u00e9sultats Pass cyclisme"],"inLanguage":"fr-FR","potentialAction":[{"@type":"CommentAction","name":"Comment","target":["https:\/\/www.aclanester56.com\/velo\/remise-des-brassards-du-credit-agricole-56\/#respond"]}]},{"@type":"WebPage","@id":"https:\/\/www.aclanester56.com\/velo\/remise-des-brassards-du-credit-agricole-56\/","url":"https:\/\/www.aclanester56.com\/velo\/remise-des-brassards-du-credit-agricole-56\/","name":"Remise des prix du brassard du Cr\u00e9dit Agricole 56 - Avenir Cycliste Lanester 56","isPartOf":{"@id":"https:\/\/www.aclanester56.com\/velo\/#website"},"primaryImageOfPage":{"@id":"https:\/\/www.aclanester56.com\/velo\/remise-des-brassards-du-credit-agricole-56\/#primaryimage"},"image":{"@id":"https:\/\/www.aclanester56.com\/velo\/remise-des-brassards-du-credit-agricole-56\/#primaryimage"},"thumbnailUrl":"https:\/\/www.aclanester56.com\/velo\/wp-content\/uploads\/2010\/11\/nicolas-primas-et-vincent-teirlynck-\u00e0-Bul\u00e9on.jpg","datePublished":"2010-11-22T11:58:38+00:00","dateModified":"2010-11-23T14:22:51+00:00","inLanguage":"fr-FR","potentialAction":[{"@type":"ReadAction","target":["https:\/\/www.aclanester56.com\/velo\/remise-des-brassards-du-credit-agricole-56\/"]}]},{"@type":"ImageObject","inLanguage":"fr-FR","@id":"https:\/\/www.aclanester56.com\/velo\/remise-des-brassards-du-credit-agricole-56\/#primaryimage","url":"https:\/\/www.aclanester56.com\/velo\/wp-content\/uploads\/2010\/11\/nicolas-primas-et-vincent-teirlynck-\u00e0-Bul\u00e9on.jpg","contentUrl":"https:\/\/www.aclanester56.com\/velo\/wp-content\/uploads\/2010\/11\/nicolas-primas-et-vincent-teirlynck-\u00e0-Bul\u00e9on.jpg","width":720,"height":482,"caption":"Nicolas PRIMAS (qui devance ici Vincent TEIRLYNCK) est premier ex-aequo au brassard du CA 56 dans la cat\u00e9gorie minimes (photo Gabrielle TEIRLYNCK)"},{"@type":"WebSite","@id":"https:\/\/www.aclanester56.com\/velo\/#website","url":"https:\/\/www.aclanester56.com\/velo\/","name":"Avenir Cycliste Lanester 56","description":"Club cycliste de l&#039;AC LANESTER 56","publisher":{"@id":"https:\/\/www.aclanester56.com\/velo\/#organization"},"potentialAction":[{"@type":"SearchAction","target":{"@type":"EntryPoint","urlTemplate":"https:\/\/www.aclanester56.com\/velo\/?s={search_term_string}"},"query-input":{"@type":"PropertyValueSpecification","valueRequired":true,"valueName":"search_term_string"}}],"inLanguage":"fr-FR"},{"@type":"Organization","@id":"https:\/\/www.aclanester56.com\/velo\/#organization","name":"Avenir Cycliste Lanester 56","url":"https:\/\/www.aclanester56.com\/velo\/","logo":{"@type":"ImageObject","inLanguage":"fr-FR","@id":"https:\/\/www.aclanester56.com\/velo\/#\/schema\/logo\/image\/","url":"https:\/\/www.aclanester56.com\/velo\/wp-content\/uploads\/2013\/04\/logo-ACL.jpg","contentUrl":"https:\/\/www.aclanester56.com\/velo\/wp-content\/uploads\/2013\/04\/logo-ACL.jpg","width":400,"height":334,"caption":"Avenir Cycliste Lanester 56"},"image":{"@id":"https:\/\/www.aclanester56.com\/velo\/#\/schema\/logo\/image\/"},"sameAs":["https:\/\/www.facebook.com\/pages\/AC-Lanester-56\/190286300991242?fref=ts"]},{"@type":"Person","@id":"https:\/\/www.aclanester56.com\/velo\/#\/schema\/person\/ca2a44a5fd969e9dd846c72d3b33bc01","name":"Jean-Christophe","url":"https:\/\/www.aclanester56.com\/velo\/author\/jeanchristophe\/"}]}},"_links":{"self":[{"href":"https:\/\/www.aclanester56.com\/velo\/wp-json\/wp\/v2\/posts\/5348","targetHints":{"allow":["GET"]}}],"collection":[{"href":"https:\/\/www.aclanester56.com\/velo\/wp-json\/wp\/v2\/posts"}],"about":[{"href":"https:\/\/www.aclanester56.com\/velo\/wp-json\/wp\/v2\/types\/post"}],"author":[{"embeddable":true,"href":"https:\/\/www.aclanester56.com\/velo\/wp-json\/wp\/v2\/users\/14"}],"replies":[{"embeddable":true,"href":"https:\/\/www.aclanester56.com\/velo\/wp-json\/wp\/v2\/comments?post=5348"}],"version-history":[{"count":0,"href":"https:\/\/www.aclanester56.com\/velo\/wp-json\/wp\/v2\/posts\/5348\/revisions"}],"wp:featuredmedia":[{"embeddable":true,"href":"https:\/\/www.aclanester56.com\/velo\/wp-json\/wp\/v2\/media\/5349"}],"wp:attachment":[{"href":"https:\/\/www.aclanester56.com\/velo\/wp-json\/wp\/v2\/media?parent=5348"}],"wp:term":[{"taxonomy":"category","embeddable":true,"href":"https:\/\/www.aclanester56.com\/velo\/wp-json\/wp\/v2\/categories?post=5348"},{"taxonomy":"post_tag","embeddable":true,"href":"https:\/\/www.aclanester56.com\/velo\/wp-json\/wp\/v2\/tags?post=5348"}],"curies":[{"name":"wp","href":"https:\/\/api.w.org\/{rel}","templated":true}]}}