{"id":5389,"date":"2010-11-27T18:01:31","date_gmt":"2010-11-27T17:01:31","guid":{"rendered":"http:\/\/www.aclanester56.com\/velo\/?p=5389"},"modified":"2010-11-28T18:40:36","modified_gmt":"2010-11-28T17:40:36","slug":"florian-le-corre-40eme-sur-la-coupe-du-monde-de-cyclo-cross","status":"publish","type":"post","link":"https:\/\/www.aclanester56.com\/velo\/florian-le-corre-40eme-sur-la-coupe-du-monde-de-cyclo-cross\/","title":{"rendered":"Florian LE CORRE 40\u00e8me sur la Coupe du Monde de cyclo-cross"},"content":{"rendered":"<div id=\"attachment_5390\" style=\"width: 249px\" class=\"wp-caption alignleft\"><a href=\"http:\/\/www.aclanester56.com\/velo\/wp-content\/uploads\/2010\/11\/Florian-LE-CORRE-4.jpg\"><img loading=\"lazy\" decoding=\"async\" aria-describedby=\"caption-attachment-5390\" class=\"size-full wp-image-5390\" title=\"Florian LE CORRE (AC LANESTER 56) termine 40\u00e8me de la manche de la Coupe du Monde de cyclo-cross disput\u00e9e \u00e0 Koksjide (photo d'archives de Julien BERRE)\" src=\"http:\/\/www.aclanester56.com\/velo\/wp-content\/uploads\/2010\/11\/Florian-LE-CORRE-4.jpg\" alt=\"\" width=\"239\" height=\"360\" srcset=\"https:\/\/www.aclanester56.com\/velo\/wp-content\/uploads\/2010\/11\/Florian-LE-CORRE-4.jpg 478w, https:\/\/www.aclanester56.com\/velo\/wp-content\/uploads\/2010\/11\/Florian-LE-CORRE-4-199x300.jpg 199w, https:\/\/www.aclanester56.com\/velo\/wp-content\/uploads\/2010\/11\/Florian-LE-CORRE-4-398x600.jpg 398w\" sizes=\"auto, (max-width: 239px) 100vw, 239px\" \/><\/a><p id=\"caption-attachment-5390\" class=\"wp-caption-text\">Florian LE CORRE (AC LANESTER 56) termine 40\u00e8me de la manche de la Coupe du Monde de cyclo-cross disput\u00e9e \u00e0 Koksjide (photo d&#39;archives de Julien BERRE)<\/p><\/div>\n<p style=\"text-align: justify;\">Le Lanest\u00e9rien Florian LE CORRE \u00e9tait s\u00e9lectionn\u00e9 en \u00e9quipe de France pour participer ce samedi apr\u00e8s-midi \u00e0 la troisi\u00e8me manche de la Coupe du Monde de cyclo-cross qui se d\u00e9roulait \u00e0 Koksijde, en Belgique.<\/p>\n<p><br class=\"spacer_\" \/><\/p>\n<p><br class=\"spacer_\" \/><\/p>\n<p style=\"text-align: justify;\"><!--more--><\/p>\n<p><br class=\"spacer_\" \/><\/p>\n<p><br class=\"spacer_\" \/><\/p>\n<p><br class=\"spacer_\" \/><\/p>\n<p style=\"text-align: justify;\">Les meilleurs cyclo-crossmen de la plan\u00e8te \u00e9taient pr\u00e9sents et c&rsquo;est une redoutable partie de manivelles qui s&rsquo;est d\u00e9roul\u00e9e sur le circuit sablonneux belge. C&rsquo;est l&rsquo;ancien champion du monde Niels ALBERT (BKCP POWERPLUS) qui l&#8217;emporte devant le champion du monde Zdenek STYBAR (TELENET &#8211; FIDEA) et le champion de Belgique Sven NYS (LAMBOUWKREDIET), le premier fran\u00e7ais \u00e9tant Francis MOUREY (FDJ.com), sixi\u00e8me.<\/p>\n<p style=\"text-align: justify;\">Le soci\u00e9taire de l&rsquo;AC LANESTER 56 \u00a0Florian LE CORRE termine en 40\u00e8me position de cette manche de Coupe du Monde, apr\u00e8s \u00eatre parti en derni\u00e8re ligne. Au classement g\u00e9n\u00e9ral provisoire men\u00e9 par le Tch\u00e8que Zdenek STYBAR, Florian figure \u00e0 la 53\u00e8me place.<\/p>\n<p style=\"text-align: justify;\">Retrouvez la r\u00e9action de Florian recueillie par le site sportbreizh.com <a href=\"http:\/\/www.sportbreizh.com\/Actualites-330-7006-0-1.html\" target=\"_blank\">en cliquant ici<\/a> !<\/p>\n<p><br class=\"spacer_\" \/><\/p>\n<p style=\"text-align: justify;\"><strong><span style=\"text-decoration: underline;\">Classement : <\/span><\/strong><\/p>\n<p>1\u00a0ALBERT Niels\u00a0\u00a0\u00a0 BKCP &#8211; POWERPLUS\u00a0\u00a0\u00a0 01:06:05\u00a0\u00a0\u00a0 \u00a0\u00a0\u00a0<br \/>\n 2\u00a0STYBAR Zdenek\u00a0\u00a0\u00a0 TELENET &#8211; FIDEA\u00a0\u00a0\u00a0 +00:27\u00a0\u00a0\u00a0 \u00a0\u00a0\u00a0<br \/>\n 3\u00a0NYS Sven\u00a0\u00a0\u00a0 LANDBOUWKREDIET\u00a0\u00a0\u00a0 +00:31\u00a0\u00a0\u00a0 \u00a0\u00a0\u00a0<br \/>\n 4\u00a0AERNOUTS Bart\u00a0\u00a0\u00a0 RABOBANK-GIANT OFFROAD TEAM\u00a0\u00a0\u00a0 +00:32\u00a0\u00a0\u00a0 \u00a0\u00a0\u00a0<br \/>\n 5 WELLENS Bart\u00a0\u00a0\u00a0 TELENET &#8211; FIDEA\u00a0\u00a0\u00a0 +00:42\u00a0\u00a0\u00a0 \u00a0\u00a0\u00a0<br \/>\n 6 MOUREY Francis\u00a0\u00a0\u00a0 FDJ\u00a0\u00a0\u00a0 +00:56\u00a0\u00a0\u00a0 \u00a0\u00a0\u00a0<br \/>\n 7\u00a0DE KNEGT Gerben\u00a0\u00a0\u00a0 RABOBANK-GIANT OFFROAD TEAM\u00a0\u00a0\u00a0 +00:58\u00a0\u00a0\u00a0 \u00a0\u00a0\u00a0<br \/>\n 8\u00a0PAUWELS Kevin\u00a0\u00a0\u00a0 TELENET &#8211; FIDEA\u00a0\u00a0\u00a0 +01:01\u00a0\u00a0\u00a0 \u00a0\u00a0\u00a0<br \/>\n 9\u00a0MEEUSEN Tom\u00a0\u00a0\u00a0 TELENET &#8211; FIDEA\u00a0\u00a0\u00a0 +01:03\u00a0\u00a0\u00a0 \u00a0\u00a0\u00a0<br \/>\n 10\u00a0PEETERS Rob\u00a0\u00a0\u00a0 TELENET &#8211; FIDEA\u00a0\u00a0\u00a0 +02:43\u00a0\u00a0\u00a0 \u00a0\u00a0\u00a0<br \/>\n 15\u00a0BAZIN Nicolas \u00a0BIG MAT AUBER 93 \u00a0 \u00a0 \u00a0 \u00a0 \u00a0 \u00a0\u00a0<br \/>\n 22 GADRET John\u00a0\u00a0\u00a0 AG2R LA MONDIALE \u00a0 \u00a0 \u00a0 \u00a0 \u00a0\u00a0<br \/>\n 26 CHAINEL Steve\u00a0\u00a0\u00a0 BBOX BOUYGUES TELECOM \u00a0 \u00a0 \u00a0 \u00a0 \u00a0<br \/>\n 30 COLOMBATTO Laurent \u00a0 \u00a0AC BISONTINE \u00a0 \u00a0 \u00a0 \u00a0 \u00a0 \u00a0<br \/>\n 39 VILLA Romain \u00a0 \u00a0 SCO DIJON<br \/>\n <span style=\"background-color: #ff6600;\"> 40 LE CORRE Florian \u00a0 AC LANESTER 56<br \/>\n <\/span> 47 CHEVALLIER J\u00e9r\u00f4me AC BISONTINE<\/p>\n<p><br class=\"spacer_\" \/><\/p>\n<p><strong><span style=\"text-decoration: underline;\">Classement g\u00e9n\u00e9ral :<\/span><\/strong><\/p>\n<p>1\u00a0STYBAR Zdenek\u00a0\u00a0\u00a0 TELENET &#8211; FIDEA\u00a0\u00a0\u00a0 230\u00a0pts<br \/>\n 2\u00a0ALBERT Niels\u00a0\u00a0\u00a0 BKCP &#8211; POWERPLUS\u00a0\u00a0\u00a0 215 pts\u00a0\u00a0 \u00a0 \u00a0<br \/>\n 3\u00a0PAUWELS Kevin\u00a0\u00a0\u00a0 TELENET &#8211; FIDEA\u00a0\u00a0\u00a0 181 \u00a0pts\u00a0\u00a0 \u00a0\u00a0<br \/>\n 4 NYS Sven\u00a0\u00a0\u00a0 LANDBOUWKREDIET\u00a0\u00a0\u00a0 164 pts\u00a0\u00a0 \u00a0 \u00a0<br \/>\n 5\u00a0MOUREY Francis\u00a0\u00a0\u00a0 FDJ\u00a0\u00a0\u00a0 160 pts\u00a0\u00a0 \u00a0 \u00a0<br \/>\n 6\u00a0VANTORNOUT Klaas\u00a0\u00a0\u00a0 SUNWEB &#8211; REVOR\u00a0\u00a0\u00a0 147 pts\u00a0\u00a0 \u00a0 \u00a0\u00a0<br \/>\n 7 AERNOUTS Bart\u00a0\u00a0\u00a0 RABOBANK-GIANT OFFROAD TEAM\u00a0\u00a0\u00a0 145 \u00a0pts\u00a0\u00a0 \u00a0\u00a0<br \/>\n 8 DE KNEGT Gerben\u00a0\u00a0\u00a0 RABOBANK-GIANT OFFROAD TEAM\u00a0\u00a0\u00a0 128 \u00a0pts\u00a0\u00a0 \u00a0\u00a0<br \/>\n 9 WALSLEBEN Philipp\u00a0\u00a0\u00a0 BKCP &#8211; POWERPLUS\u00a0\u00a0\u00a0 123 pts\u00a0\u00a0 \u00a0 \u00a0<br \/>\n 10 WELLENS Bart\u00a0\u00a0\u00a0 TELENET &#8211; FIDEA\u00a0\u00a0\u00a0 121 \u00a0 pts\u00a0\u00a0 \u00a0<br \/>\n 18\u00a0BAZIN Nicolas \u00a0 \u00a0BIG MAT AUBER 93 \u00a0 \u00a086 \u00a0pts\u00a0\u00a0 \u00a0\u00a0<br \/>\n 22\u00a0CHAINEL Steve\u00a0\u00a0\u00a0 BBOX BOUYGUES TELECOM\u00a0\u00a0\u00a0 71 pts\u00a0\u00a0 \u00a0 \u00a0<br \/>\n 44 CHEVALLIER J\u00e9rome \u00a0 \u00a0AC BISONTINE \u00a0 \u00a031 pts\u00a0\u00a0 \u00a0 \u00a0<br \/>\n 46\u00a0GADRET John\u00a0\u00a0\u00a0 AG2R LA MONDIALE\u00a0\u00a0\u00a0 29 \u00a0 pts\u00a0\u00a0 \u00a0<br \/>\n 49 VILLA Romain \u00a0 \u00a0SCO DIJON\u00a0\u00a0 \u00a026 \u00a0pts\u00a0\u00a0 \u00a0\u00a0<br \/>\n 50 COLOMBATTO Laurent \u00a0 AC BISONTINE \u00a0 \u00a0 25 \u00a0 pts\u00a0\u00a0 \u00a0<br \/>\n <span style=\"background-color: #ff6600;\">53\u00a0LE CORRE Florian \u00a0 AC LANESTER 56 \u00a0 \u00a0 20 \u00a0 pts\u00a0\u00a0 \u00a0<br \/>\n <\/span>57 BOULO Matthieu\u00a0\u00a0\u00a0 ROUBAIX LILLE METROPOLE\u00a0\u00a0\u00a0 13 pts<\/p>\n<p><br class=\"spacer_\" \/><\/p>\n","protected":false},"excerpt":{"rendered":"<p>Le Lanest\u00e9rien Florian LE CORRE \u00e9tait s\u00e9lectionn\u00e9 en \u00e9quipe de France pour participer ce samedi apr\u00e8s-midi \u00e0 la troisi\u00e8me manche [&hellip;]<\/p>\n","protected":false},"author":14,"featured_media":5390,"comment_status":"open","ping_status":"closed","sticky":false,"template":"","format":"standard","meta":{"ngg_post_thumbnail":0,"footnotes":""},"categories":[5,14,28],"tags":[],"class_list":["post-5389","post","type-post","status-publish","format-standard","has-post-thumbnail","hentry","category-ac-lanester-56","category-actualites-dn","category-resultats-cyclo-cross"],"yoast_head":"<!-- This site is optimized with the Yoast SEO plugin v27.5 - https:\/\/yoast.com\/product\/yoast-seo-wordpress\/ -->\n<title>Florian LE CORRE 40\u00e8me sur la Coupe du Monde de cyclo-cross - Avenir Cycliste Lanester 56<\/title>\n<meta name=\"robots\" content=\"index, follow, max-snippet:-1, max-image-preview:large, max-video-preview:-1\" \/>\n<link rel=\"canonical\" href=\"https:\/\/www.aclanester56.com\/velo\/florian-le-corre-40eme-sur-la-coupe-du-monde-de-cyclo-cross\/\" \/>\n<meta property=\"og:locale\" content=\"fr_FR\" \/>\n<meta property=\"og:type\" content=\"article\" \/>\n<meta property=\"og:title\" content=\"Florian LE CORRE 40\u00e8me sur la Coupe du Monde de cyclo-cross - Avenir Cycliste Lanester 56\" \/>\n<meta property=\"og:description\" content=\"Le Lanest\u00e9rien Florian LE CORRE \u00e9tait s\u00e9lectionn\u00e9 en \u00e9quipe de France pour participer ce samedi apr\u00e8s-midi \u00e0 la troisi\u00e8me manche [&hellip;]\" \/>\n<meta property=\"og:url\" content=\"https:\/\/www.aclanester56.com\/velo\/florian-le-corre-40eme-sur-la-coupe-du-monde-de-cyclo-cross\/\" \/>\n<meta property=\"og:site_name\" content=\"Avenir Cycliste Lanester 56\" \/>\n<meta property=\"article:publisher\" content=\"https:\/\/www.facebook.com\/pages\/AC-Lanester-56\/190286300991242?fref=ts\" \/>\n<meta property=\"article:published_time\" content=\"2010-11-27T17:01:31+00:00\" \/>\n<meta property=\"article:modified_time\" content=\"2010-11-28T17:40:36+00:00\" \/>\n<meta property=\"og:image\" content=\"https:\/\/www.aclanester56.com\/velo\/wp-content\/uploads\/2010\/11\/Florian-LE-CORRE-4.jpg\" \/>\n\t<meta property=\"og:image:width\" content=\"478\" \/>\n\t<meta property=\"og:image:height\" content=\"720\" \/>\n\t<meta property=\"og:image:type\" content=\"image\/jpeg\" \/>\n<meta name=\"author\" content=\"Jean-Christophe\" \/>\n<meta name=\"twitter:label1\" content=\"\u00c9crit par\" \/>\n\t<meta name=\"twitter:data1\" content=\"Jean-Christophe\" \/>\n\t<meta name=\"twitter:label2\" content=\"Dur\u00e9e de lecture estim\u00e9e\" \/>\n\t<meta name=\"twitter:data2\" content=\"2 minutes\" \/>\n<script type=\"application\/ld+json\" class=\"yoast-schema-graph\">{\"@context\":\"https:\\\/\\\/schema.org\",\"@graph\":[{\"@type\":\"Article\",\"@id\":\"https:\\\/\\\/www.aclanester56.com\\\/velo\\\/florian-le-corre-40eme-sur-la-coupe-du-monde-de-cyclo-cross\\\/#article\",\"isPartOf\":{\"@id\":\"https:\\\/\\\/www.aclanester56.com\\\/velo\\\/florian-le-corre-40eme-sur-la-coupe-du-monde-de-cyclo-cross\\\/\"},\"author\":{\"name\":\"Jean-Christophe\",\"@id\":\"https:\\\/\\\/www.aclanester56.com\\\/velo\\\/#\\\/schema\\\/person\\\/ca2a44a5fd969e9dd846c72d3b33bc01\"},\"headline\":\"Florian LE CORRE 40\u00e8me sur la Coupe du Monde de cyclo-cross\",\"datePublished\":\"2010-11-27T17:01:31+00:00\",\"dateModified\":\"2010-11-28T17:40:36+00:00\",\"mainEntityOfPage\":{\"@id\":\"https:\\\/\\\/www.aclanester56.com\\\/velo\\\/florian-le-corre-40eme-sur-la-coupe-du-monde-de-cyclo-cross\\\/\"},\"wordCount\":401,\"commentCount\":0,\"publisher\":{\"@id\":\"https:\\\/\\\/www.aclanester56.com\\\/velo\\\/#organization\"},\"image\":{\"@id\":\"https:\\\/\\\/www.aclanester56.com\\\/velo\\\/florian-le-corre-40eme-sur-la-coupe-du-monde-de-cyclo-cross\\\/#primaryimage\"},\"thumbnailUrl\":\"https:\\\/\\\/www.aclanester56.com\\\/velo\\\/wp-content\\\/uploads\\\/2010\\\/11\\\/Florian-LE-CORRE-4.jpg\",\"articleSection\":[\"AC LANESTER 56\",\"Actualit\u00e9s DN\",\"R\u00e9sultats Cyclo-Cross\"],\"inLanguage\":\"fr-FR\",\"potentialAction\":[{\"@type\":\"CommentAction\",\"name\":\"Comment\",\"target\":[\"https:\\\/\\\/www.aclanester56.com\\\/velo\\\/florian-le-corre-40eme-sur-la-coupe-du-monde-de-cyclo-cross\\\/#respond\"]}]},{\"@type\":\"WebPage\",\"@id\":\"https:\\\/\\\/www.aclanester56.com\\\/velo\\\/florian-le-corre-40eme-sur-la-coupe-du-monde-de-cyclo-cross\\\/\",\"url\":\"https:\\\/\\\/www.aclanester56.com\\\/velo\\\/florian-le-corre-40eme-sur-la-coupe-du-monde-de-cyclo-cross\\\/\",\"name\":\"Florian LE CORRE 40\u00e8me sur la Coupe du Monde de cyclo-cross - Avenir Cycliste Lanester 56\",\"isPartOf\":{\"@id\":\"https:\\\/\\\/www.aclanester56.com\\\/velo\\\/#website\"},\"primaryImageOfPage\":{\"@id\":\"https:\\\/\\\/www.aclanester56.com\\\/velo\\\/florian-le-corre-40eme-sur-la-coupe-du-monde-de-cyclo-cross\\\/#primaryimage\"},\"image\":{\"@id\":\"https:\\\/\\\/www.aclanester56.com\\\/velo\\\/florian-le-corre-40eme-sur-la-coupe-du-monde-de-cyclo-cross\\\/#primaryimage\"},\"thumbnailUrl\":\"https:\\\/\\\/www.aclanester56.com\\\/velo\\\/wp-content\\\/uploads\\\/2010\\\/11\\\/Florian-LE-CORRE-4.jpg\",\"datePublished\":\"2010-11-27T17:01:31+00:00\",\"dateModified\":\"2010-11-28T17:40:36+00:00\",\"inLanguage\":\"fr-FR\",\"potentialAction\":[{\"@type\":\"ReadAction\",\"target\":[\"https:\\\/\\\/www.aclanester56.com\\\/velo\\\/florian-le-corre-40eme-sur-la-coupe-du-monde-de-cyclo-cross\\\/\"]}]},{\"@type\":\"ImageObject\",\"inLanguage\":\"fr-FR\",\"@id\":\"https:\\\/\\\/www.aclanester56.com\\\/velo\\\/florian-le-corre-40eme-sur-la-coupe-du-monde-de-cyclo-cross\\\/#primaryimage\",\"url\":\"https:\\\/\\\/www.aclanester56.com\\\/velo\\\/wp-content\\\/uploads\\\/2010\\\/11\\\/Florian-LE-CORRE-4.jpg\",\"contentUrl\":\"https:\\\/\\\/www.aclanester56.com\\\/velo\\\/wp-content\\\/uploads\\\/2010\\\/11\\\/Florian-LE-CORRE-4.jpg\",\"width\":478,\"height\":720,\"caption\":\"Florian LE CORRE (AC LANESTER 56) termine 40\u00e8me de la manche de la Coupe du Monde de cyclo-cross disput\u00e9e \u00e0 Koksjide (photo d'archives de Julien BERRE)\"},{\"@type\":\"WebSite\",\"@id\":\"https:\\\/\\\/www.aclanester56.com\\\/velo\\\/#website\",\"url\":\"https:\\\/\\\/www.aclanester56.com\\\/velo\\\/\",\"name\":\"Avenir Cycliste Lanester 56\",\"description\":\"Club cycliste de l&#039;AC LANESTER 56\",\"publisher\":{\"@id\":\"https:\\\/\\\/www.aclanester56.com\\\/velo\\\/#organization\"},\"potentialAction\":[{\"@type\":\"SearchAction\",\"target\":{\"@type\":\"EntryPoint\",\"urlTemplate\":\"https:\\\/\\\/www.aclanester56.com\\\/velo\\\/?s={search_term_string}\"},\"query-input\":{\"@type\":\"PropertyValueSpecification\",\"valueRequired\":true,\"valueName\":\"search_term_string\"}}],\"inLanguage\":\"fr-FR\"},{\"@type\":\"Organization\",\"@id\":\"https:\\\/\\\/www.aclanester56.com\\\/velo\\\/#organization\",\"name\":\"Avenir Cycliste Lanester 56\",\"url\":\"https:\\\/\\\/www.aclanester56.com\\\/velo\\\/\",\"logo\":{\"@type\":\"ImageObject\",\"inLanguage\":\"fr-FR\",\"@id\":\"https:\\\/\\\/www.aclanester56.com\\\/velo\\\/#\\\/schema\\\/logo\\\/image\\\/\",\"url\":\"https:\\\/\\\/www.aclanester56.com\\\/velo\\\/wp-content\\\/uploads\\\/2013\\\/04\\\/logo-ACL.jpg\",\"contentUrl\":\"https:\\\/\\\/www.aclanester56.com\\\/velo\\\/wp-content\\\/uploads\\\/2013\\\/04\\\/logo-ACL.jpg\",\"width\":400,\"height\":334,\"caption\":\"Avenir Cycliste Lanester 56\"},\"image\":{\"@id\":\"https:\\\/\\\/www.aclanester56.com\\\/velo\\\/#\\\/schema\\\/logo\\\/image\\\/\"},\"sameAs\":[\"https:\\\/\\\/www.facebook.com\\\/pages\\\/AC-Lanester-56\\\/190286300991242?fref=ts\"]},{\"@type\":\"Person\",\"@id\":\"https:\\\/\\\/www.aclanester56.com\\\/velo\\\/#\\\/schema\\\/person\\\/ca2a44a5fd969e9dd846c72d3b33bc01\",\"name\":\"Jean-Christophe\",\"url\":\"https:\\\/\\\/www.aclanester56.com\\\/velo\\\/author\\\/jeanchristophe\\\/\"}]}<\/script>\n<!-- \/ Yoast SEO plugin. -->","yoast_head_json":{"title":"Florian LE CORRE 40\u00e8me sur la Coupe du Monde de cyclo-cross - Avenir Cycliste Lanester 56","robots":{"index":"index","follow":"follow","max-snippet":"max-snippet:-1","max-image-preview":"max-image-preview:large","max-video-preview":"max-video-preview:-1"},"canonical":"https:\/\/www.aclanester56.com\/velo\/florian-le-corre-40eme-sur-la-coupe-du-monde-de-cyclo-cross\/","og_locale":"fr_FR","og_type":"article","og_title":"Florian LE CORRE 40\u00e8me sur la Coupe du Monde de cyclo-cross - Avenir Cycliste Lanester 56","og_description":"Le Lanest\u00e9rien Florian LE CORRE \u00e9tait s\u00e9lectionn\u00e9 en \u00e9quipe de France pour participer ce samedi apr\u00e8s-midi \u00e0 la troisi\u00e8me manche [&hellip;]","og_url":"https:\/\/www.aclanester56.com\/velo\/florian-le-corre-40eme-sur-la-coupe-du-monde-de-cyclo-cross\/","og_site_name":"Avenir Cycliste Lanester 56","article_publisher":"https:\/\/www.facebook.com\/pages\/AC-Lanester-56\/190286300991242?fref=ts","article_published_time":"2010-11-27T17:01:31+00:00","article_modified_time":"2010-11-28T17:40:36+00:00","og_image":[{"width":478,"height":720,"url":"https:\/\/www.aclanester56.com\/velo\/wp-content\/uploads\/2010\/11\/Florian-LE-CORRE-4.jpg","type":"image\/jpeg"}],"author":"Jean-Christophe","twitter_misc":{"\u00c9crit par":"Jean-Christophe","Dur\u00e9e de lecture estim\u00e9e":"2 minutes"},"schema":{"@context":"https:\/\/schema.org","@graph":[{"@type":"Article","@id":"https:\/\/www.aclanester56.com\/velo\/florian-le-corre-40eme-sur-la-coupe-du-monde-de-cyclo-cross\/#article","isPartOf":{"@id":"https:\/\/www.aclanester56.com\/velo\/florian-le-corre-40eme-sur-la-coupe-du-monde-de-cyclo-cross\/"},"author":{"name":"Jean-Christophe","@id":"https:\/\/www.aclanester56.com\/velo\/#\/schema\/person\/ca2a44a5fd969e9dd846c72d3b33bc01"},"headline":"Florian LE CORRE 40\u00e8me sur la Coupe du Monde de cyclo-cross","datePublished":"2010-11-27T17:01:31+00:00","dateModified":"2010-11-28T17:40:36+00:00","mainEntityOfPage":{"@id":"https:\/\/www.aclanester56.com\/velo\/florian-le-corre-40eme-sur-la-coupe-du-monde-de-cyclo-cross\/"},"wordCount":401,"commentCount":0,"publisher":{"@id":"https:\/\/www.aclanester56.com\/velo\/#organization"},"image":{"@id":"https:\/\/www.aclanester56.com\/velo\/florian-le-corre-40eme-sur-la-coupe-du-monde-de-cyclo-cross\/#primaryimage"},"thumbnailUrl":"https:\/\/www.aclanester56.com\/velo\/wp-content\/uploads\/2010\/11\/Florian-LE-CORRE-4.jpg","articleSection":["AC LANESTER 56","Actualit\u00e9s DN","R\u00e9sultats Cyclo-Cross"],"inLanguage":"fr-FR","potentialAction":[{"@type":"CommentAction","name":"Comment","target":["https:\/\/www.aclanester56.com\/velo\/florian-le-corre-40eme-sur-la-coupe-du-monde-de-cyclo-cross\/#respond"]}]},{"@type":"WebPage","@id":"https:\/\/www.aclanester56.com\/velo\/florian-le-corre-40eme-sur-la-coupe-du-monde-de-cyclo-cross\/","url":"https:\/\/www.aclanester56.com\/velo\/florian-le-corre-40eme-sur-la-coupe-du-monde-de-cyclo-cross\/","name":"Florian LE CORRE 40\u00e8me sur la Coupe du Monde de cyclo-cross - Avenir Cycliste Lanester 56","isPartOf":{"@id":"https:\/\/www.aclanester56.com\/velo\/#website"},"primaryImageOfPage":{"@id":"https:\/\/www.aclanester56.com\/velo\/florian-le-corre-40eme-sur-la-coupe-du-monde-de-cyclo-cross\/#primaryimage"},"image":{"@id":"https:\/\/www.aclanester56.com\/velo\/florian-le-corre-40eme-sur-la-coupe-du-monde-de-cyclo-cross\/#primaryimage"},"thumbnailUrl":"https:\/\/www.aclanester56.com\/velo\/wp-content\/uploads\/2010\/11\/Florian-LE-CORRE-4.jpg","datePublished":"2010-11-27T17:01:31+00:00","dateModified":"2010-11-28T17:40:36+00:00","inLanguage":"fr-FR","potentialAction":[{"@type":"ReadAction","target":["https:\/\/www.aclanester56.com\/velo\/florian-le-corre-40eme-sur-la-coupe-du-monde-de-cyclo-cross\/"]}]},{"@type":"ImageObject","inLanguage":"fr-FR","@id":"https:\/\/www.aclanester56.com\/velo\/florian-le-corre-40eme-sur-la-coupe-du-monde-de-cyclo-cross\/#primaryimage","url":"https:\/\/www.aclanester56.com\/velo\/wp-content\/uploads\/2010\/11\/Florian-LE-CORRE-4.jpg","contentUrl":"https:\/\/www.aclanester56.com\/velo\/wp-content\/uploads\/2010\/11\/Florian-LE-CORRE-4.jpg","width":478,"height":720,"caption":"Florian LE CORRE (AC LANESTER 56) termine 40\u00e8me de la manche de la Coupe du Monde de cyclo-cross disput\u00e9e \u00e0 Koksjide (photo d'archives de Julien BERRE)"},{"@type":"WebSite","@id":"https:\/\/www.aclanester56.com\/velo\/#website","url":"https:\/\/www.aclanester56.com\/velo\/","name":"Avenir Cycliste Lanester 56","description":"Club cycliste de l&#039;AC LANESTER 56","publisher":{"@id":"https:\/\/www.aclanester56.com\/velo\/#organization"},"potentialAction":[{"@type":"SearchAction","target":{"@type":"EntryPoint","urlTemplate":"https:\/\/www.aclanester56.com\/velo\/?s={search_term_string}"},"query-input":{"@type":"PropertyValueSpecification","valueRequired":true,"valueName":"search_term_string"}}],"inLanguage":"fr-FR"},{"@type":"Organization","@id":"https:\/\/www.aclanester56.com\/velo\/#organization","name":"Avenir Cycliste Lanester 56","url":"https:\/\/www.aclanester56.com\/velo\/","logo":{"@type":"ImageObject","inLanguage":"fr-FR","@id":"https:\/\/www.aclanester56.com\/velo\/#\/schema\/logo\/image\/","url":"https:\/\/www.aclanester56.com\/velo\/wp-content\/uploads\/2013\/04\/logo-ACL.jpg","contentUrl":"https:\/\/www.aclanester56.com\/velo\/wp-content\/uploads\/2013\/04\/logo-ACL.jpg","width":400,"height":334,"caption":"Avenir Cycliste Lanester 56"},"image":{"@id":"https:\/\/www.aclanester56.com\/velo\/#\/schema\/logo\/image\/"},"sameAs":["https:\/\/www.facebook.com\/pages\/AC-Lanester-56\/190286300991242?fref=ts"]},{"@type":"Person","@id":"https:\/\/www.aclanester56.com\/velo\/#\/schema\/person\/ca2a44a5fd969e9dd846c72d3b33bc01","name":"Jean-Christophe","url":"https:\/\/www.aclanester56.com\/velo\/author\/jeanchristophe\/"}]}},"_links":{"self":[{"href":"https:\/\/www.aclanester56.com\/velo\/wp-json\/wp\/v2\/posts\/5389","targetHints":{"allow":["GET"]}}],"collection":[{"href":"https:\/\/www.aclanester56.com\/velo\/wp-json\/wp\/v2\/posts"}],"about":[{"href":"https:\/\/www.aclanester56.com\/velo\/wp-json\/wp\/v2\/types\/post"}],"author":[{"embeddable":true,"href":"https:\/\/www.aclanester56.com\/velo\/wp-json\/wp\/v2\/users\/14"}],"replies":[{"embeddable":true,"href":"https:\/\/www.aclanester56.com\/velo\/wp-json\/wp\/v2\/comments?post=5389"}],"version-history":[{"count":0,"href":"https:\/\/www.aclanester56.com\/velo\/wp-json\/wp\/v2\/posts\/5389\/revisions"}],"wp:featuredmedia":[{"embeddable":true,"href":"https:\/\/www.aclanester56.com\/velo\/wp-json\/wp\/v2\/media\/5390"}],"wp:attachment":[{"href":"https:\/\/www.aclanester56.com\/velo\/wp-json\/wp\/v2\/media?parent=5389"}],"wp:term":[{"taxonomy":"category","embeddable":true,"href":"https:\/\/www.aclanester56.com\/velo\/wp-json\/wp\/v2\/categories?post=5389"},{"taxonomy":"post_tag","embeddable":true,"href":"https:\/\/www.aclanester56.com\/velo\/wp-json\/wp\/v2\/tags?post=5389"}],"curies":[{"name":"wp","href":"https:\/\/api.w.org\/{rel}","templated":true}]}}