{"id":5471,"date":"2010-12-01T18:00:48","date_gmt":"2010-12-01T17:00:48","guid":{"rendered":"http:\/\/www.aclanester56.com\/velo\/?p=5471"},"modified":"2010-12-01T18:03:23","modified_gmt":"2010-12-01T17:03:23","slug":"chpt-bretagne-cyclo-cross-flavian-le-guellec-au-moins-faire-un-podium","status":"publish","type":"post","link":"https:\/\/www.aclanester56.com\/velo\/chpt-bretagne-cyclo-cross-flavian-le-guellec-au-moins-faire-un-podium\/","title":{"rendered":"Chpt Bretagne cyclo-cross \u2013 Flavian LE GUELLEC : \u00ab\u00a0Au moins faire un podium\u00a0\u00bb"},"content":{"rendered":"<div id=\"attachment_5472\" style=\"width: 410px\" class=\"wp-caption alignleft\"><a href=\"http:\/\/www.aclanester56.com\/velo\/wp-content\/uploads\/2010\/12\/DSC_0065.jpg\" ><img loading=\"lazy\" decoding=\"async\" aria-describedby=\"caption-attachment-5472\" src=\"http:\/\/www.aclanester56.com\/velo\/wp-content\/uploads\/2010\/12\/DSC_0065.jpg\" alt=\"\" title=\"Flavian LE GUELLEC va prendre le championnat de Bretagne comme une course normale (photo archives Sylvie TRETOUT)\" width=\"400\" height=\"265\" class=\"size-full wp-image-5472\" srcset=\"https:\/\/www.aclanester56.com\/velo\/wp-content\/uploads\/2010\/12\/DSC_0065.jpg 800w, https:\/\/www.aclanester56.com\/velo\/wp-content\/uploads\/2010\/12\/DSC_0065-300x199.jpg 300w\" sizes=\"auto, (max-width: 400px) 100vw, 400px\" \/><\/a><p id=\"caption-attachment-5472\" class=\"wp-caption-text\">Flavian LE GUELLEC va prendre le championnat de Bretagne comme une course normale (photo archives Sylvie TRETOUT)<\/p><\/div>\n<p style=\"text-align: justify;\">Comme ses comp\u00e8res cyclo-crossmen de l&rsquo;AC LANESTER 56, Flavian LE GUELLEC se livre lui aussi au jeu des questions-r\u00e9ponses ! Flavian sera l&rsquo;un des favoris du championnat de Bretagne dans la cat\u00e9gorie des juniors.<\/p>\n<p><br class=\"spacer_\" \/><\/p>\n<p style=\"text-align: justify;\"><!--more--><\/p>\n<p><br class=\"spacer_\" \/><\/p>\n<p><br class=\"spacer_\" \/><\/p>\n<p><br class=\"spacer_\" \/><\/p>\n<p><br class=\"spacer_\" \/><\/p>\n<p><br class=\"spacer_\" \/><\/p>\n<p><br class=\"spacer_\" \/><\/p>\n<p><br class=\"spacer_\" \/><\/p>\n<p style=\"text-align: justify;\"><strong><span style=\"color: #ff6600;\">&#8211; Tu fais figure de grand favori pour le championnat de Bretagne dans la cat\u00e9gorie juniors \u00e0 Plouay dimanche prochain. Comment appr\u00e9hendes-tu cette \u00e9ch\u00e9ance ? Qui seront tes principaux adversaires ? Quel est ton objectif ?<\/span><\/strong><\/p>\n<p style=\"text-align: justify;\"><strong>Flavian <\/strong>: Je ne me prends pas la t\u00eate du tout pour la course, je la vois comme une course normale ! J&rsquo;esp\u00e8re juste au moins faire un podium ou m\u00eame gagner la course&#8230; Mais tant que la ligne n&rsquo;est pas pass\u00e9e, tout peut arriver !<\/p>\n<p style=\"text-align: justify;\">Concernant les favoris, je pense \u00e0 mon co\u00e9quipier Antoine COZ, Ama\u00ebl JEGU, Ivan GICQUIAU ou encore Maxime BREDIN.<\/p>\n<div id=\"attachment_5476\" style=\"width: 370px\" class=\"wp-caption alignright\"><a href=\"http:\/\/www.aclanester56.com\/velo\/wp-content\/uploads\/2010\/12\/Flavian-LE-GUELLEC.jpg\" ><img loading=\"lazy\" decoding=\"async\" aria-describedby=\"caption-attachment-5476\" src=\"http:\/\/www.aclanester56.com\/velo\/wp-content\/uploads\/2010\/12\/Flavian-LE-GUELLEC.jpg\" alt=\"\" title=\"Flavian esp\u00e8re r\u00e9ussir le championnat de Bretagne, avant de pr\u00e9parer son principal objectif, le championnat de France de Lanarvily (photo archives Julien BERRE)\" width=\"360\" height=\"239\" class=\"size-full wp-image-5476\" srcset=\"https:\/\/www.aclanester56.com\/velo\/wp-content\/uploads\/2010\/12\/Flavian-LE-GUELLEC.jpg 720w, https:\/\/www.aclanester56.com\/velo\/wp-content\/uploads\/2010\/12\/Flavian-LE-GUELLEC-300x199.jpg 300w\" sizes=\"auto, (max-width: 360px) 100vw, 360px\" \/><\/a><p id=\"caption-attachment-5476\" class=\"wp-caption-text\">Flavian esp\u00e8re r\u00e9ussir le championnat de Bretagne, avant de pr\u00e9parer son principal objectif, le championnat de France de Lanarvily (photo archives Julien BERRE)<\/p><\/div>\n<p style=\"text-align: justify;\"><strong><span style=\"color: #ff6600;\">&#8211; As-tu observ\u00e9 une pr\u00e9paration particuli\u00e8re pour le championnat de Bretagne ? De quel type d&rsquo;entrainements se compose ta derni\u00e8re semaine jusqu&rsquo;au championnat ?<\/span><\/strong><\/p>\n<p style=\"text-align: justify;\"><strong>Flavian <\/strong>: Pour ce qui est de ma pr\u00e9paration, c&rsquo;est s\u00fbr que ce n&rsquo;est pas la m\u00eame que pour pr\u00e9parer une course d&rsquo;un dimanche habituel ! Mais il y a trois courses importantes qui vont se suivre pour moi, donc j&rsquo;ai fait en sorte d&rsquo;arriver en forme pour les trois prochains week-ends !<\/p>\n<p style=\"text-align: justify;\"><strong><span style=\"color: #ff6600;\">&#8211; Quels seront tes prochains objectifs apr\u00e8s le championnat de Bretagne ?<\/span><\/strong><\/p>\n<p style=\"text-align: justify;\"><strong>Flavian <\/strong>: Mon premier objectif apr\u00e8s le \u00ab\u00a0Bretagne\u00a0\u00bb sera d\u00e8s le dimanche apr\u00e8s, la finale du challenge national de cyclo-cross \u00e0 St Jean-de-Monts. Ensuite ce sera le championnat de France \u00e0 Lanarvily, mon \u00ab\u00a0gros gros\u00a0\u00bb objectif !<\/p>\n<p><br class=\"spacer_\" \/><\/p>\n<p style=\"text-align: justify;\"><strong><em>Nous remercions sinc\u00e8rement Flavian pour sa gentillesse et sa disponibilit\u00e9 pour r\u00e9pondre \u00e0 nos questions, et nous esp\u00e9rons votre pr\u00e9sence pour venir l\u2019encourager dimanche prochain !<\/em><\/strong><\/p>\n<p><br class=\"spacer_\" \/><\/p>\n","protected":false},"excerpt":{"rendered":"<p>Comme ses comp\u00e8res cyclo-crossmen de l&rsquo;AC LANESTER 56, Flavian LE GUELLEC se livre lui aussi au jeu des questions-r\u00e9ponses ! [&hellip;]<\/p>\n","protected":false},"author":14,"featured_media":5472,"comment_status":"open","ping_status":"closed","sticky":false,"template":"","format":"standard","meta":{"ngg_post_thumbnail":0,"footnotes":""},"categories":[5,28],"tags":[],"class_list":["post-5471","post","type-post","status-publish","format-standard","has-post-thumbnail","hentry","category-ac-lanester-56","category-resultats-cyclo-cross"],"yoast_head":"<!-- This site is optimized with the Yoast SEO plugin v27.5 - https:\/\/yoast.com\/product\/yoast-seo-wordpress\/ -->\n<title>Chpt Bretagne cyclo-cross \u2013 Flavian LE GUELLEC : \u00ab\u00a0Au moins faire un podium\u00a0\u00bb - Avenir Cycliste Lanester 56<\/title>\n<meta name=\"robots\" content=\"index, follow, max-snippet:-1, max-image-preview:large, max-video-preview:-1\" \/>\n<link rel=\"canonical\" href=\"https:\/\/www.aclanester56.com\/velo\/chpt-bretagne-cyclo-cross-flavian-le-guellec-au-moins-faire-un-podium\/\" \/>\n<meta property=\"og:locale\" content=\"fr_FR\" \/>\n<meta property=\"og:type\" content=\"article\" \/>\n<meta property=\"og:title\" content=\"Chpt Bretagne cyclo-cross \u2013 Flavian LE GUELLEC : \u00ab\u00a0Au moins faire un podium\u00a0\u00bb - Avenir Cycliste Lanester 56\" \/>\n<meta property=\"og:description\" content=\"Comme ses comp\u00e8res cyclo-crossmen de l&rsquo;AC LANESTER 56, Flavian LE GUELLEC se livre lui aussi au jeu des questions-r\u00e9ponses ! [&hellip;]\" \/>\n<meta property=\"og:url\" content=\"https:\/\/www.aclanester56.com\/velo\/chpt-bretagne-cyclo-cross-flavian-le-guellec-au-moins-faire-un-podium\/\" \/>\n<meta property=\"og:site_name\" content=\"Avenir Cycliste Lanester 56\" \/>\n<meta property=\"article:publisher\" content=\"https:\/\/www.facebook.com\/pages\/AC-Lanester-56\/190286300991242?fref=ts\" \/>\n<meta property=\"article:published_time\" content=\"2010-12-01T17:00:48+00:00\" \/>\n<meta property=\"article:modified_time\" content=\"2010-12-01T17:03:23+00:00\" \/>\n<meta property=\"og:image\" content=\"https:\/\/www.aclanester56.com\/velo\/wp-content\/uploads\/2010\/12\/DSC_0065.jpg\" \/>\n\t<meta property=\"og:image:width\" content=\"800\" \/>\n\t<meta property=\"og:image:height\" content=\"531\" \/>\n\t<meta property=\"og:image:type\" content=\"image\/jpeg\" \/>\n<meta name=\"author\" content=\"Jean-Christophe\" \/>\n<meta name=\"twitter:label1\" content=\"\u00c9crit par\" \/>\n\t<meta name=\"twitter:data1\" content=\"Jean-Christophe\" \/>\n\t<meta name=\"twitter:label2\" content=\"Dur\u00e9e de lecture estim\u00e9e\" \/>\n\t<meta name=\"twitter:data2\" content=\"2 minutes\" \/>\n<script type=\"application\/ld+json\" class=\"yoast-schema-graph\">{\"@context\":\"https:\\\/\\\/schema.org\",\"@graph\":[{\"@type\":\"Article\",\"@id\":\"https:\\\/\\\/www.aclanester56.com\\\/velo\\\/chpt-bretagne-cyclo-cross-flavian-le-guellec-au-moins-faire-un-podium\\\/#article\",\"isPartOf\":{\"@id\":\"https:\\\/\\\/www.aclanester56.com\\\/velo\\\/chpt-bretagne-cyclo-cross-flavian-le-guellec-au-moins-faire-un-podium\\\/\"},\"author\":{\"name\":\"Jean-Christophe\",\"@id\":\"https:\\\/\\\/www.aclanester56.com\\\/velo\\\/#\\\/schema\\\/person\\\/ca2a44a5fd969e9dd846c72d3b33bc01\"},\"headline\":\"Chpt Bretagne cyclo-cross \u2013 Flavian LE GUELLEC : \u00ab\u00a0Au moins faire un podium\u00a0\u00bb\",\"datePublished\":\"2010-12-01T17:00:48+00:00\",\"dateModified\":\"2010-12-01T17:03:23+00:00\",\"mainEntityOfPage\":{\"@id\":\"https:\\\/\\\/www.aclanester56.com\\\/velo\\\/chpt-bretagne-cyclo-cross-flavian-le-guellec-au-moins-faire-un-podium\\\/\"},\"wordCount\":362,\"commentCount\":0,\"publisher\":{\"@id\":\"https:\\\/\\\/www.aclanester56.com\\\/velo\\\/#organization\"},\"image\":{\"@id\":\"https:\\\/\\\/www.aclanester56.com\\\/velo\\\/chpt-bretagne-cyclo-cross-flavian-le-guellec-au-moins-faire-un-podium\\\/#primaryimage\"},\"thumbnailUrl\":\"https:\\\/\\\/www.aclanester56.com\\\/velo\\\/wp-content\\\/uploads\\\/2010\\\/12\\\/DSC_0065.jpg\",\"articleSection\":[\"AC LANESTER 56\",\"R\u00e9sultats Cyclo-Cross\"],\"inLanguage\":\"fr-FR\",\"potentialAction\":[{\"@type\":\"CommentAction\",\"name\":\"Comment\",\"target\":[\"https:\\\/\\\/www.aclanester56.com\\\/velo\\\/chpt-bretagne-cyclo-cross-flavian-le-guellec-au-moins-faire-un-podium\\\/#respond\"]}]},{\"@type\":\"WebPage\",\"@id\":\"https:\\\/\\\/www.aclanester56.com\\\/velo\\\/chpt-bretagne-cyclo-cross-flavian-le-guellec-au-moins-faire-un-podium\\\/\",\"url\":\"https:\\\/\\\/www.aclanester56.com\\\/velo\\\/chpt-bretagne-cyclo-cross-flavian-le-guellec-au-moins-faire-un-podium\\\/\",\"name\":\"Chpt Bretagne cyclo-cross \u2013 Flavian LE GUELLEC : \u00ab\u00a0Au moins faire un podium\u00a0\u00bb - Avenir Cycliste Lanester 56\",\"isPartOf\":{\"@id\":\"https:\\\/\\\/www.aclanester56.com\\\/velo\\\/#website\"},\"primaryImageOfPage\":{\"@id\":\"https:\\\/\\\/www.aclanester56.com\\\/velo\\\/chpt-bretagne-cyclo-cross-flavian-le-guellec-au-moins-faire-un-podium\\\/#primaryimage\"},\"image\":{\"@id\":\"https:\\\/\\\/www.aclanester56.com\\\/velo\\\/chpt-bretagne-cyclo-cross-flavian-le-guellec-au-moins-faire-un-podium\\\/#primaryimage\"},\"thumbnailUrl\":\"https:\\\/\\\/www.aclanester56.com\\\/velo\\\/wp-content\\\/uploads\\\/2010\\\/12\\\/DSC_0065.jpg\",\"datePublished\":\"2010-12-01T17:00:48+00:00\",\"dateModified\":\"2010-12-01T17:03:23+00:00\",\"inLanguage\":\"fr-FR\",\"potentialAction\":[{\"@type\":\"ReadAction\",\"target\":[\"https:\\\/\\\/www.aclanester56.com\\\/velo\\\/chpt-bretagne-cyclo-cross-flavian-le-guellec-au-moins-faire-un-podium\\\/\"]}]},{\"@type\":\"ImageObject\",\"inLanguage\":\"fr-FR\",\"@id\":\"https:\\\/\\\/www.aclanester56.com\\\/velo\\\/chpt-bretagne-cyclo-cross-flavian-le-guellec-au-moins-faire-un-podium\\\/#primaryimage\",\"url\":\"https:\\\/\\\/www.aclanester56.com\\\/velo\\\/wp-content\\\/uploads\\\/2010\\\/12\\\/DSC_0065.jpg\",\"contentUrl\":\"https:\\\/\\\/www.aclanester56.com\\\/velo\\\/wp-content\\\/uploads\\\/2010\\\/12\\\/DSC_0065.jpg\",\"width\":800,\"height\":531,\"caption\":\"Flavian LE GUELLEC va prendre le championnat de Bretagne comme une course normale (photo archives Sylvie TRETOUT)\"},{\"@type\":\"WebSite\",\"@id\":\"https:\\\/\\\/www.aclanester56.com\\\/velo\\\/#website\",\"url\":\"https:\\\/\\\/www.aclanester56.com\\\/velo\\\/\",\"name\":\"Avenir Cycliste Lanester 56\",\"description\":\"Club cycliste de l&#039;AC LANESTER 56\",\"publisher\":{\"@id\":\"https:\\\/\\\/www.aclanester56.com\\\/velo\\\/#organization\"},\"potentialAction\":[{\"@type\":\"SearchAction\",\"target\":{\"@type\":\"EntryPoint\",\"urlTemplate\":\"https:\\\/\\\/www.aclanester56.com\\\/velo\\\/?s={search_term_string}\"},\"query-input\":{\"@type\":\"PropertyValueSpecification\",\"valueRequired\":true,\"valueName\":\"search_term_string\"}}],\"inLanguage\":\"fr-FR\"},{\"@type\":\"Organization\",\"@id\":\"https:\\\/\\\/www.aclanester56.com\\\/velo\\\/#organization\",\"name\":\"Avenir Cycliste Lanester 56\",\"url\":\"https:\\\/\\\/www.aclanester56.com\\\/velo\\\/\",\"logo\":{\"@type\":\"ImageObject\",\"inLanguage\":\"fr-FR\",\"@id\":\"https:\\\/\\\/www.aclanester56.com\\\/velo\\\/#\\\/schema\\\/logo\\\/image\\\/\",\"url\":\"https:\\\/\\\/www.aclanester56.com\\\/velo\\\/wp-content\\\/uploads\\\/2013\\\/04\\\/logo-ACL.jpg\",\"contentUrl\":\"https:\\\/\\\/www.aclanester56.com\\\/velo\\\/wp-content\\\/uploads\\\/2013\\\/04\\\/logo-ACL.jpg\",\"width\":400,\"height\":334,\"caption\":\"Avenir Cycliste Lanester 56\"},\"image\":{\"@id\":\"https:\\\/\\\/www.aclanester56.com\\\/velo\\\/#\\\/schema\\\/logo\\\/image\\\/\"},\"sameAs\":[\"https:\\\/\\\/www.facebook.com\\\/pages\\\/AC-Lanester-56\\\/190286300991242?fref=ts\"]},{\"@type\":\"Person\",\"@id\":\"https:\\\/\\\/www.aclanester56.com\\\/velo\\\/#\\\/schema\\\/person\\\/ca2a44a5fd969e9dd846c72d3b33bc01\",\"name\":\"Jean-Christophe\",\"url\":\"https:\\\/\\\/www.aclanester56.com\\\/velo\\\/author\\\/jeanchristophe\\\/\"}]}<\/script>\n<!-- \/ Yoast SEO plugin. -->","yoast_head_json":{"title":"Chpt Bretagne cyclo-cross \u2013 Flavian LE GUELLEC : \u00ab\u00a0Au moins faire un podium\u00a0\u00bb - Avenir Cycliste Lanester 56","robots":{"index":"index","follow":"follow","max-snippet":"max-snippet:-1","max-image-preview":"max-image-preview:large","max-video-preview":"max-video-preview:-1"},"canonical":"https:\/\/www.aclanester56.com\/velo\/chpt-bretagne-cyclo-cross-flavian-le-guellec-au-moins-faire-un-podium\/","og_locale":"fr_FR","og_type":"article","og_title":"Chpt Bretagne cyclo-cross \u2013 Flavian LE GUELLEC : \u00ab\u00a0Au moins faire un podium\u00a0\u00bb - Avenir Cycliste Lanester 56","og_description":"Comme ses comp\u00e8res cyclo-crossmen de l&rsquo;AC LANESTER 56, Flavian LE GUELLEC se livre lui aussi au jeu des questions-r\u00e9ponses ! [&hellip;]","og_url":"https:\/\/www.aclanester56.com\/velo\/chpt-bretagne-cyclo-cross-flavian-le-guellec-au-moins-faire-un-podium\/","og_site_name":"Avenir Cycliste Lanester 56","article_publisher":"https:\/\/www.facebook.com\/pages\/AC-Lanester-56\/190286300991242?fref=ts","article_published_time":"2010-12-01T17:00:48+00:00","article_modified_time":"2010-12-01T17:03:23+00:00","og_image":[{"width":800,"height":531,"url":"https:\/\/www.aclanester56.com\/velo\/wp-content\/uploads\/2010\/12\/DSC_0065.jpg","type":"image\/jpeg"}],"author":"Jean-Christophe","twitter_misc":{"\u00c9crit par":"Jean-Christophe","Dur\u00e9e de lecture estim\u00e9e":"2 minutes"},"schema":{"@context":"https:\/\/schema.org","@graph":[{"@type":"Article","@id":"https:\/\/www.aclanester56.com\/velo\/chpt-bretagne-cyclo-cross-flavian-le-guellec-au-moins-faire-un-podium\/#article","isPartOf":{"@id":"https:\/\/www.aclanester56.com\/velo\/chpt-bretagne-cyclo-cross-flavian-le-guellec-au-moins-faire-un-podium\/"},"author":{"name":"Jean-Christophe","@id":"https:\/\/www.aclanester56.com\/velo\/#\/schema\/person\/ca2a44a5fd969e9dd846c72d3b33bc01"},"headline":"Chpt Bretagne cyclo-cross \u2013 Flavian LE GUELLEC : \u00ab\u00a0Au moins faire un podium\u00a0\u00bb","datePublished":"2010-12-01T17:00:48+00:00","dateModified":"2010-12-01T17:03:23+00:00","mainEntityOfPage":{"@id":"https:\/\/www.aclanester56.com\/velo\/chpt-bretagne-cyclo-cross-flavian-le-guellec-au-moins-faire-un-podium\/"},"wordCount":362,"commentCount":0,"publisher":{"@id":"https:\/\/www.aclanester56.com\/velo\/#organization"},"image":{"@id":"https:\/\/www.aclanester56.com\/velo\/chpt-bretagne-cyclo-cross-flavian-le-guellec-au-moins-faire-un-podium\/#primaryimage"},"thumbnailUrl":"https:\/\/www.aclanester56.com\/velo\/wp-content\/uploads\/2010\/12\/DSC_0065.jpg","articleSection":["AC LANESTER 56","R\u00e9sultats Cyclo-Cross"],"inLanguage":"fr-FR","potentialAction":[{"@type":"CommentAction","name":"Comment","target":["https:\/\/www.aclanester56.com\/velo\/chpt-bretagne-cyclo-cross-flavian-le-guellec-au-moins-faire-un-podium\/#respond"]}]},{"@type":"WebPage","@id":"https:\/\/www.aclanester56.com\/velo\/chpt-bretagne-cyclo-cross-flavian-le-guellec-au-moins-faire-un-podium\/","url":"https:\/\/www.aclanester56.com\/velo\/chpt-bretagne-cyclo-cross-flavian-le-guellec-au-moins-faire-un-podium\/","name":"Chpt Bretagne cyclo-cross \u2013 Flavian LE GUELLEC : \u00ab\u00a0Au moins faire un podium\u00a0\u00bb - Avenir Cycliste Lanester 56","isPartOf":{"@id":"https:\/\/www.aclanester56.com\/velo\/#website"},"primaryImageOfPage":{"@id":"https:\/\/www.aclanester56.com\/velo\/chpt-bretagne-cyclo-cross-flavian-le-guellec-au-moins-faire-un-podium\/#primaryimage"},"image":{"@id":"https:\/\/www.aclanester56.com\/velo\/chpt-bretagne-cyclo-cross-flavian-le-guellec-au-moins-faire-un-podium\/#primaryimage"},"thumbnailUrl":"https:\/\/www.aclanester56.com\/velo\/wp-content\/uploads\/2010\/12\/DSC_0065.jpg","datePublished":"2010-12-01T17:00:48+00:00","dateModified":"2010-12-01T17:03:23+00:00","inLanguage":"fr-FR","potentialAction":[{"@type":"ReadAction","target":["https:\/\/www.aclanester56.com\/velo\/chpt-bretagne-cyclo-cross-flavian-le-guellec-au-moins-faire-un-podium\/"]}]},{"@type":"ImageObject","inLanguage":"fr-FR","@id":"https:\/\/www.aclanester56.com\/velo\/chpt-bretagne-cyclo-cross-flavian-le-guellec-au-moins-faire-un-podium\/#primaryimage","url":"https:\/\/www.aclanester56.com\/velo\/wp-content\/uploads\/2010\/12\/DSC_0065.jpg","contentUrl":"https:\/\/www.aclanester56.com\/velo\/wp-content\/uploads\/2010\/12\/DSC_0065.jpg","width":800,"height":531,"caption":"Flavian LE GUELLEC va prendre le championnat de Bretagne comme une course normale (photo archives Sylvie TRETOUT)"},{"@type":"WebSite","@id":"https:\/\/www.aclanester56.com\/velo\/#website","url":"https:\/\/www.aclanester56.com\/velo\/","name":"Avenir Cycliste Lanester 56","description":"Club cycliste de l&#039;AC LANESTER 56","publisher":{"@id":"https:\/\/www.aclanester56.com\/velo\/#organization"},"potentialAction":[{"@type":"SearchAction","target":{"@type":"EntryPoint","urlTemplate":"https:\/\/www.aclanester56.com\/velo\/?s={search_term_string}"},"query-input":{"@type":"PropertyValueSpecification","valueRequired":true,"valueName":"search_term_string"}}],"inLanguage":"fr-FR"},{"@type":"Organization","@id":"https:\/\/www.aclanester56.com\/velo\/#organization","name":"Avenir Cycliste Lanester 56","url":"https:\/\/www.aclanester56.com\/velo\/","logo":{"@type":"ImageObject","inLanguage":"fr-FR","@id":"https:\/\/www.aclanester56.com\/velo\/#\/schema\/logo\/image\/","url":"https:\/\/www.aclanester56.com\/velo\/wp-content\/uploads\/2013\/04\/logo-ACL.jpg","contentUrl":"https:\/\/www.aclanester56.com\/velo\/wp-content\/uploads\/2013\/04\/logo-ACL.jpg","width":400,"height":334,"caption":"Avenir Cycliste Lanester 56"},"image":{"@id":"https:\/\/www.aclanester56.com\/velo\/#\/schema\/logo\/image\/"},"sameAs":["https:\/\/www.facebook.com\/pages\/AC-Lanester-56\/190286300991242?fref=ts"]},{"@type":"Person","@id":"https:\/\/www.aclanester56.com\/velo\/#\/schema\/person\/ca2a44a5fd969e9dd846c72d3b33bc01","name":"Jean-Christophe","url":"https:\/\/www.aclanester56.com\/velo\/author\/jeanchristophe\/"}]}},"_links":{"self":[{"href":"https:\/\/www.aclanester56.com\/velo\/wp-json\/wp\/v2\/posts\/5471","targetHints":{"allow":["GET"]}}],"collection":[{"href":"https:\/\/www.aclanester56.com\/velo\/wp-json\/wp\/v2\/posts"}],"about":[{"href":"https:\/\/www.aclanester56.com\/velo\/wp-json\/wp\/v2\/types\/post"}],"author":[{"embeddable":true,"href":"https:\/\/www.aclanester56.com\/velo\/wp-json\/wp\/v2\/users\/14"}],"replies":[{"embeddable":true,"href":"https:\/\/www.aclanester56.com\/velo\/wp-json\/wp\/v2\/comments?post=5471"}],"version-history":[{"count":0,"href":"https:\/\/www.aclanester56.com\/velo\/wp-json\/wp\/v2\/posts\/5471\/revisions"}],"wp:featuredmedia":[{"embeddable":true,"href":"https:\/\/www.aclanester56.com\/velo\/wp-json\/wp\/v2\/media\/5472"}],"wp:attachment":[{"href":"https:\/\/www.aclanester56.com\/velo\/wp-json\/wp\/v2\/media?parent=5471"}],"wp:term":[{"taxonomy":"category","embeddable":true,"href":"https:\/\/www.aclanester56.com\/velo\/wp-json\/wp\/v2\/categories?post=5471"},{"taxonomy":"post_tag","embeddable":true,"href":"https:\/\/www.aclanester56.com\/velo\/wp-json\/wp\/v2\/tags?post=5471"}],"curies":[{"name":"wp","href":"https:\/\/api.w.org\/{rel}","templated":true}]}}