{"id":5548,"date":"2010-12-05T21:13:47","date_gmt":"2010-12-05T20:13:47","guid":{"rendered":"http:\/\/www.aclanester56.com\/velo\/?p=5548"},"modified":"2010-12-05T21:16:56","modified_gmt":"2010-12-05T20:16:56","slug":"championnat-de-bretagne-de-cyclo-cross-le-corre-sincline-devant-boulo","status":"publish","type":"post","link":"https:\/\/www.aclanester56.com\/velo\/championnat-de-bretagne-de-cyclo-cross-le-corre-sincline-devant-boulo\/","title":{"rendered":"Championnat de Bretagne de cyclo-cross \u00e9lites : LE CORRE s\u2019incline devant BOULO"},"content":{"rendered":"<div id=\"attachment_5549\" style=\"width: 410px\" class=\"wp-caption alignleft\"><a href=\"http:\/\/www.aclanester56.com\/velo\/wp-content\/uploads\/2010\/12\/podium-\u00e9lites.jpg\"><img loading=\"lazy\" decoding=\"async\" aria-describedby=\"caption-attachment-5549\" class=\"size-full wp-image-5549\" title=\"Le podium du championnat de Bretagne \u00e9lites de cyclo-cross avec Matthieu BOULO et Florian LE CORRE sur les deux premi\u00e8res marches (photo Michel LE DOUAIRON)\" src=\"http:\/\/www.aclanester56.com\/velo\/wp-content\/uploads\/2010\/12\/podium-\u00e9lites.jpg\" alt=\"\" width=\"400\" height=\"267\" srcset=\"https:\/\/www.aclanester56.com\/velo\/wp-content\/uploads\/2010\/12\/podium-\u00e9lites.jpg 800w, https:\/\/www.aclanester56.com\/velo\/wp-content\/uploads\/2010\/12\/podium-\u00e9lites-300x200.jpg 300w\" sizes=\"auto, (max-width: 400px) 100vw, 400px\" \/><\/a><p id=\"caption-attachment-5549\" class=\"wp-caption-text\">Le podium du championnat de Bretagne \u00e9lites de cyclo-cross avec Matthieu BOULO et Florian LE CORRE sur les deux premi\u00e8res marches (photo Michel LE DOUAIRON)<\/p><\/div>\n<p style=\"text-align: justify;\">Le championnat de Bretagne de cyclo-cross dans la cat\u00e9gorie \u00e9lites suscitait beaucoup d&rsquo;interrogations. Au d\u00e9part, les pronostics allaient bon train : qui de Florian LE CORRE ou de Matthieu BOULO allait l&#8217;emporter ?<\/p>\n<p><br class=\"spacer_\" \/><\/p>\n<p><!--more--><\/p>\n<p><br class=\"spacer_\" \/><\/p>\n<p><br class=\"spacer_\" \/><\/p>\n<p style=\"text-align: justify;\"><strong><span style=\"color: #ff6600;\">BOULO attaque d&rsquo;entr\u00e9e de jeu !<\/span><\/strong><\/p>\n<p style=\"text-align: justify;\">Le d\u00e9part est extr\u00eamement rapide. C&rsquo;est le professionnel Matthieu HALLEGUEN qui sort en t\u00eate de la partie asphalt\u00e9e pour basculer dans la prairie. Un autre professionnel va prendre aussit\u00f4t la t\u00eate. Il s&rsquo;agit du champion de France espoirs en titre, Matthieu BOULO.<\/p>\n<p style=\"text-align: justify;\"><strong><span style=\"color: #ff6600;\">Mauvais d\u00e9part pour LE CORRE<\/span><\/strong><\/p>\n<p style=\"text-align: justify;\">Son grand rival du jour, le Lanest\u00e9rien Florian LE CORRE, se trouve emp\u00eatr\u00e9 dans la masse des concurrents suite \u00e0 un d\u00e9part moyen et est d\u00e9j\u00e0 rel\u00e9gu\u00e9 assez loin au bout d&rsquo;un demi-tour. Il remonte cependant rapidement \u00e0 la deuxi\u00e8me place et se lance \u00e0 la poursuite de l&rsquo;homme de t\u00eate, l\u00e2chant le Plouaysien Yoann CORBIHAN qui s&rsquo;\u00e9tait accroch\u00e9 pendant un temps.<\/p>\n<div id=\"attachment_5554\" style=\"width: 410px\" class=\"wp-caption alignright\"><a href=\"http:\/\/www.aclanester56.com\/velo\/wp-content\/uploads\/2010\/12\/Florian-LE-CORRE.jpg\"><img loading=\"lazy\" decoding=\"async\" aria-describedby=\"caption-attachment-5554\" class=\"size-full wp-image-5554\" title=\"Le Lanest\u00e9rien Florian LE CORRE lanc\u00e9 \u00e0 la poursuite de Matthieu BOULO (photo Michel LE DOUAIRON)\" src=\"http:\/\/www.aclanester56.com\/velo\/wp-content\/uploads\/2010\/12\/Florian-LE-CORRE.jpg\" alt=\"\" width=\"400\" height=\"267\" srcset=\"https:\/\/www.aclanester56.com\/velo\/wp-content\/uploads\/2010\/12\/Florian-LE-CORRE.jpg 800w, https:\/\/www.aclanester56.com\/velo\/wp-content\/uploads\/2010\/12\/Florian-LE-CORRE-300x199.jpg 300w\" sizes=\"auto, (max-width: 400px) 100vw, 400px\" \/><\/a><p id=\"caption-attachment-5554\" class=\"wp-caption-text\">Le Lanest\u00e9rien Florian LE CORRE lanc\u00e9 \u00e0 la poursuite de Matthieu BOULO (photo Michel LE DOUAIRON)<\/p><\/div>\n<p style=\"text-align: justify;\"><strong><span style=\"color: #ff6600;\">Cavalier seul de BOULO<\/span><\/strong><\/p>\n<p style=\"text-align: justify;\">Matthieu BOULO, licenci\u00e9 \u00e0 l&rsquo;AC LANESTER 56 mais professionnel dans l&rsquo;\u00e9quipe ROUBAIX-LILLE METROPOLE, fait grosse impression durant son cavalier seul, pour le plus grand plaisir des spectateurs ravis de voir l&rsquo;un des meilleurs espoirs mondiaux en action. Mais Florian LE CORRE s&rsquo;accroche et l&rsquo;\u00e9cart est maintenu \u00e0 une petite trentaine de secondes.<\/p>\n<p style=\"text-align: justify;\"><strong><span style=\"color: #ff6600;\">LE CORRE deuxi\u00e8me &#8230; pour la premi\u00e8re fois !<\/span><\/strong><\/p>\n<p style=\"text-align: justify;\">Cependant, Matthieu BOULO ne faiblit pas et s&rsquo;en va remporter son premier titre de champion de Bretagne \u00e9lites, mettant fin \u00e0 un r\u00e8gne de cinq titres cons\u00e9cutifs de Florian LE CORRE, invaincu\u00a0jusqu\u2019ici\u00a0dans un championnat de Bretagne \u00e9lites. Ce dernier, qui n&rsquo;a pas d\u00e9m\u00e9rit\u00e9, termine deuxi\u00e8me \u00e0 une vingtaine de secondes. Loin, tr\u00e8s loin derri\u00e8re les deux leaders du cyclo-cross breton, le local Yoann CORBIHAN venait cueillir une belle 3\u00e8me place.<\/p>\n<div id=\"attachment_5556\" style=\"width: 410px\" class=\"wp-caption alignleft\"><a href=\"http:\/\/www.aclanester56.com\/velo\/wp-content\/uploads\/2010\/12\/Florian-LE-CORRE-presse.jpg\"><img loading=\"lazy\" decoding=\"async\" aria-describedby=\"caption-attachment-5556\" class=\"size-full wp-image-5556\" title=\"La d\u00e9ception de Florian LE CORRE se lit sur son visage, tandis qu'il est interrog\u00e9 par les journalistes de t\u00e9l\u00e9vision (photo Michel LE DOUAIRON)\" src=\"http:\/\/www.aclanester56.com\/velo\/wp-content\/uploads\/2010\/12\/Florian-LE-CORRE-presse.jpg\" alt=\"\" width=\"400\" height=\"267\" srcset=\"https:\/\/www.aclanester56.com\/velo\/wp-content\/uploads\/2010\/12\/Florian-LE-CORRE-presse.jpg 800w, https:\/\/www.aclanester56.com\/velo\/wp-content\/uploads\/2010\/12\/Florian-LE-CORRE-presse-300x200.jpg 300w\" sizes=\"auto, (max-width: 400px) 100vw, 400px\" \/><\/a><p id=\"caption-attachment-5556\" class=\"wp-caption-text\">La d\u00e9ception de Florian LE CORRE se lit sur son visage, tandis qu&#39;il est interrog\u00e9 par les journalistes de t\u00e9l\u00e9vision (photo Michel LE DOUAIRON)<\/p><\/div>\n<p><span style=\"text-decoration: underline;\"><strong>Classement :<\/strong><\/span><\/p>\n<p><span style=\"background-color: #ff6600;\">1- Matthieu Boulo (\u00a0Roubaix-Lille-M\u00e9tropole &#8211; AC Lanester 56 )\u00a0<br \/>\n <\/span><span style=\"background-color: #ff6600;\"> 2- Florian Le Corre (AC Lanester 56)<br \/>\n <\/span> 3- Yoann Corbihan (UCP Plouay)\u00a0<br \/>\n 4- Christophe Le Bou\u00e9dec (EC Qu\u00e9ven)\u00a0<br \/>\n 5- S\u00e9bastien Le Naour (VS Quimper)\u00a0<br \/>\n 6- S\u00e9bastien Hinault (Ag2r)\u00a0<br \/>\n 7- Ronan Gicquel (VC Dinan)\u00a0<br \/>\n 8- Nicolas Corvez (UC Briochine)\u00a0<br \/>\n 9- Micka\u00ebl Bleuzen (EC Pluvigner)\u00a0<br \/>\n 10- St\u00e9phane Loizeau (ASPTT Rennes)<\/p>\n<p><br class=\"spacer_\" \/><\/p>\n","protected":false},"excerpt":{"rendered":"<p>Le championnat de Bretagne de cyclo-cross dans la cat\u00e9gorie \u00e9lites suscitait beaucoup d&rsquo;interrogations. Au d\u00e9part, les pronostics allaient bon train [&hellip;]<\/p>\n","protected":false},"author":14,"featured_media":5549,"comment_status":"open","ping_status":"closed","sticky":false,"template":"","format":"standard","meta":{"ngg_post_thumbnail":0,"footnotes":""},"categories":[5,14,16,28],"tags":[],"class_list":["post-5548","post","type-post","status-publish","format-standard","has-post-thumbnail","hentry","category-ac-lanester-56","category-actualites-dn","category-resultats","category-resultats-cyclo-cross"],"yoast_head":"<!-- This site is optimized with the Yoast SEO plugin v27.5 - https:\/\/yoast.com\/product\/yoast-seo-wordpress\/ -->\n<title>Championnat de Bretagne de cyclo-cross \u00e9lites : LE CORRE s\u2019incline devant BOULO - Avenir Cycliste Lanester 56<\/title>\n<meta name=\"robots\" content=\"index, follow, max-snippet:-1, max-image-preview:large, max-video-preview:-1\" \/>\n<link rel=\"canonical\" href=\"https:\/\/www.aclanester56.com\/velo\/championnat-de-bretagne-de-cyclo-cross-le-corre-sincline-devant-boulo\/\" \/>\n<meta property=\"og:locale\" content=\"fr_FR\" \/>\n<meta property=\"og:type\" content=\"article\" \/>\n<meta property=\"og:title\" content=\"Championnat de Bretagne de cyclo-cross \u00e9lites : LE CORRE s\u2019incline devant BOULO - Avenir Cycliste Lanester 56\" \/>\n<meta property=\"og:description\" content=\"Le championnat de Bretagne de cyclo-cross dans la cat\u00e9gorie \u00e9lites suscitait beaucoup d&rsquo;interrogations. Au d\u00e9part, les pronostics allaient bon train [&hellip;]\" \/>\n<meta property=\"og:url\" content=\"https:\/\/www.aclanester56.com\/velo\/championnat-de-bretagne-de-cyclo-cross-le-corre-sincline-devant-boulo\/\" \/>\n<meta property=\"og:site_name\" content=\"Avenir Cycliste Lanester 56\" \/>\n<meta property=\"article:publisher\" content=\"https:\/\/www.facebook.com\/pages\/AC-Lanester-56\/190286300991242?fref=ts\" \/>\n<meta property=\"article:published_time\" content=\"2010-12-05T20:13:47+00:00\" \/>\n<meta property=\"article:modified_time\" content=\"2010-12-05T20:16:56+00:00\" \/>\n<meta property=\"og:image\" content=\"https:\/\/www.aclanester56.com\/velo\/wp-content\/uploads\/2010\/12\/podium-\u00e9lites.jpg\" \/>\n\t<meta property=\"og:image:width\" content=\"800\" \/>\n\t<meta property=\"og:image:height\" content=\"534\" \/>\n\t<meta property=\"og:image:type\" content=\"image\/jpeg\" \/>\n<meta name=\"author\" content=\"Jean-Christophe\" \/>\n<meta name=\"twitter:label1\" content=\"\u00c9crit par\" \/>\n\t<meta name=\"twitter:data1\" content=\"Jean-Christophe\" \/>\n\t<meta name=\"twitter:label2\" content=\"Dur\u00e9e de lecture estim\u00e9e\" \/>\n\t<meta name=\"twitter:data2\" content=\"2 minutes\" \/>\n<script type=\"application\/ld+json\" class=\"yoast-schema-graph\">{\"@context\":\"https:\\\/\\\/schema.org\",\"@graph\":[{\"@type\":\"Article\",\"@id\":\"https:\\\/\\\/www.aclanester56.com\\\/velo\\\/championnat-de-bretagne-de-cyclo-cross-le-corre-sincline-devant-boulo\\\/#article\",\"isPartOf\":{\"@id\":\"https:\\\/\\\/www.aclanester56.com\\\/velo\\\/championnat-de-bretagne-de-cyclo-cross-le-corre-sincline-devant-boulo\\\/\"},\"author\":{\"name\":\"Jean-Christophe\",\"@id\":\"https:\\\/\\\/www.aclanester56.com\\\/velo\\\/#\\\/schema\\\/person\\\/ca2a44a5fd969e9dd846c72d3b33bc01\"},\"headline\":\"Championnat de Bretagne de cyclo-cross \u00e9lites : LE CORRE s\u2019incline devant BOULO\",\"datePublished\":\"2010-12-05T20:13:47+00:00\",\"dateModified\":\"2010-12-05T20:16:56+00:00\",\"mainEntityOfPage\":{\"@id\":\"https:\\\/\\\/www.aclanester56.com\\\/velo\\\/championnat-de-bretagne-de-cyclo-cross-le-corre-sincline-devant-boulo\\\/\"},\"wordCount\":472,\"commentCount\":0,\"publisher\":{\"@id\":\"https:\\\/\\\/www.aclanester56.com\\\/velo\\\/#organization\"},\"image\":{\"@id\":\"https:\\\/\\\/www.aclanester56.com\\\/velo\\\/championnat-de-bretagne-de-cyclo-cross-le-corre-sincline-devant-boulo\\\/#primaryimage\"},\"thumbnailUrl\":\"https:\\\/\\\/www.aclanester56.com\\\/velo\\\/wp-content\\\/uploads\\\/2010\\\/12\\\/podium-\u00e9lites.jpg\",\"articleSection\":[\"AC LANESTER 56\",\"Actualit\u00e9s DN\",\"R\u00e9sultats\",\"R\u00e9sultats Cyclo-Cross\"],\"inLanguage\":\"fr-FR\",\"potentialAction\":[{\"@type\":\"CommentAction\",\"name\":\"Comment\",\"target\":[\"https:\\\/\\\/www.aclanester56.com\\\/velo\\\/championnat-de-bretagne-de-cyclo-cross-le-corre-sincline-devant-boulo\\\/#respond\"]}]},{\"@type\":\"WebPage\",\"@id\":\"https:\\\/\\\/www.aclanester56.com\\\/velo\\\/championnat-de-bretagne-de-cyclo-cross-le-corre-sincline-devant-boulo\\\/\",\"url\":\"https:\\\/\\\/www.aclanester56.com\\\/velo\\\/championnat-de-bretagne-de-cyclo-cross-le-corre-sincline-devant-boulo\\\/\",\"name\":\"Championnat de Bretagne de cyclo-cross \u00e9lites : LE CORRE s\u2019incline devant BOULO - Avenir Cycliste Lanester 56\",\"isPartOf\":{\"@id\":\"https:\\\/\\\/www.aclanester56.com\\\/velo\\\/#website\"},\"primaryImageOfPage\":{\"@id\":\"https:\\\/\\\/www.aclanester56.com\\\/velo\\\/championnat-de-bretagne-de-cyclo-cross-le-corre-sincline-devant-boulo\\\/#primaryimage\"},\"image\":{\"@id\":\"https:\\\/\\\/www.aclanester56.com\\\/velo\\\/championnat-de-bretagne-de-cyclo-cross-le-corre-sincline-devant-boulo\\\/#primaryimage\"},\"thumbnailUrl\":\"https:\\\/\\\/www.aclanester56.com\\\/velo\\\/wp-content\\\/uploads\\\/2010\\\/12\\\/podium-\u00e9lites.jpg\",\"datePublished\":\"2010-12-05T20:13:47+00:00\",\"dateModified\":\"2010-12-05T20:16:56+00:00\",\"inLanguage\":\"fr-FR\",\"potentialAction\":[{\"@type\":\"ReadAction\",\"target\":[\"https:\\\/\\\/www.aclanester56.com\\\/velo\\\/championnat-de-bretagne-de-cyclo-cross-le-corre-sincline-devant-boulo\\\/\"]}]},{\"@type\":\"ImageObject\",\"inLanguage\":\"fr-FR\",\"@id\":\"https:\\\/\\\/www.aclanester56.com\\\/velo\\\/championnat-de-bretagne-de-cyclo-cross-le-corre-sincline-devant-boulo\\\/#primaryimage\",\"url\":\"https:\\\/\\\/www.aclanester56.com\\\/velo\\\/wp-content\\\/uploads\\\/2010\\\/12\\\/podium-\u00e9lites.jpg\",\"contentUrl\":\"https:\\\/\\\/www.aclanester56.com\\\/velo\\\/wp-content\\\/uploads\\\/2010\\\/12\\\/podium-\u00e9lites.jpg\",\"width\":800,\"height\":534,\"caption\":\"Le podium du championnat de Bretagne \u00e9lites de cyclo-cross avec Matthieu BOULO et Florian LE CORRE sur les deux premi\u00e8res marches (photo Michel LE DOUAIRON)\"},{\"@type\":\"WebSite\",\"@id\":\"https:\\\/\\\/www.aclanester56.com\\\/velo\\\/#website\",\"url\":\"https:\\\/\\\/www.aclanester56.com\\\/velo\\\/\",\"name\":\"Avenir Cycliste Lanester 56\",\"description\":\"Club cycliste de l&#039;AC LANESTER 56\",\"publisher\":{\"@id\":\"https:\\\/\\\/www.aclanester56.com\\\/velo\\\/#organization\"},\"potentialAction\":[{\"@type\":\"SearchAction\",\"target\":{\"@type\":\"EntryPoint\",\"urlTemplate\":\"https:\\\/\\\/www.aclanester56.com\\\/velo\\\/?s={search_term_string}\"},\"query-input\":{\"@type\":\"PropertyValueSpecification\",\"valueRequired\":true,\"valueName\":\"search_term_string\"}}],\"inLanguage\":\"fr-FR\"},{\"@type\":\"Organization\",\"@id\":\"https:\\\/\\\/www.aclanester56.com\\\/velo\\\/#organization\",\"name\":\"Avenir Cycliste Lanester 56\",\"url\":\"https:\\\/\\\/www.aclanester56.com\\\/velo\\\/\",\"logo\":{\"@type\":\"ImageObject\",\"inLanguage\":\"fr-FR\",\"@id\":\"https:\\\/\\\/www.aclanester56.com\\\/velo\\\/#\\\/schema\\\/logo\\\/image\\\/\",\"url\":\"https:\\\/\\\/www.aclanester56.com\\\/velo\\\/wp-content\\\/uploads\\\/2013\\\/04\\\/logo-ACL.jpg\",\"contentUrl\":\"https:\\\/\\\/www.aclanester56.com\\\/velo\\\/wp-content\\\/uploads\\\/2013\\\/04\\\/logo-ACL.jpg\",\"width\":400,\"height\":334,\"caption\":\"Avenir Cycliste Lanester 56\"},\"image\":{\"@id\":\"https:\\\/\\\/www.aclanester56.com\\\/velo\\\/#\\\/schema\\\/logo\\\/image\\\/\"},\"sameAs\":[\"https:\\\/\\\/www.facebook.com\\\/pages\\\/AC-Lanester-56\\\/190286300991242?fref=ts\"]},{\"@type\":\"Person\",\"@id\":\"https:\\\/\\\/www.aclanester56.com\\\/velo\\\/#\\\/schema\\\/person\\\/ca2a44a5fd969e9dd846c72d3b33bc01\",\"name\":\"Jean-Christophe\",\"url\":\"https:\\\/\\\/www.aclanester56.com\\\/velo\\\/author\\\/jeanchristophe\\\/\"}]}<\/script>\n<!-- \/ Yoast SEO plugin. -->","yoast_head_json":{"title":"Championnat de Bretagne de cyclo-cross \u00e9lites : LE CORRE s\u2019incline devant BOULO - Avenir Cycliste Lanester 56","robots":{"index":"index","follow":"follow","max-snippet":"max-snippet:-1","max-image-preview":"max-image-preview:large","max-video-preview":"max-video-preview:-1"},"canonical":"https:\/\/www.aclanester56.com\/velo\/championnat-de-bretagne-de-cyclo-cross-le-corre-sincline-devant-boulo\/","og_locale":"fr_FR","og_type":"article","og_title":"Championnat de Bretagne de cyclo-cross \u00e9lites : LE CORRE s\u2019incline devant BOULO - Avenir Cycliste Lanester 56","og_description":"Le championnat de Bretagne de cyclo-cross dans la cat\u00e9gorie \u00e9lites suscitait beaucoup d&rsquo;interrogations. Au d\u00e9part, les pronostics allaient bon train [&hellip;]","og_url":"https:\/\/www.aclanester56.com\/velo\/championnat-de-bretagne-de-cyclo-cross-le-corre-sincline-devant-boulo\/","og_site_name":"Avenir Cycliste Lanester 56","article_publisher":"https:\/\/www.facebook.com\/pages\/AC-Lanester-56\/190286300991242?fref=ts","article_published_time":"2010-12-05T20:13:47+00:00","article_modified_time":"2010-12-05T20:16:56+00:00","og_image":[{"width":800,"height":534,"url":"https:\/\/www.aclanester56.com\/velo\/wp-content\/uploads\/2010\/12\/podium-\u00e9lites.jpg","type":"image\/jpeg"}],"author":"Jean-Christophe","twitter_misc":{"\u00c9crit par":"Jean-Christophe","Dur\u00e9e de lecture estim\u00e9e":"2 minutes"},"schema":{"@context":"https:\/\/schema.org","@graph":[{"@type":"Article","@id":"https:\/\/www.aclanester56.com\/velo\/championnat-de-bretagne-de-cyclo-cross-le-corre-sincline-devant-boulo\/#article","isPartOf":{"@id":"https:\/\/www.aclanester56.com\/velo\/championnat-de-bretagne-de-cyclo-cross-le-corre-sincline-devant-boulo\/"},"author":{"name":"Jean-Christophe","@id":"https:\/\/www.aclanester56.com\/velo\/#\/schema\/person\/ca2a44a5fd969e9dd846c72d3b33bc01"},"headline":"Championnat de Bretagne de cyclo-cross \u00e9lites : LE CORRE s\u2019incline devant BOULO","datePublished":"2010-12-05T20:13:47+00:00","dateModified":"2010-12-05T20:16:56+00:00","mainEntityOfPage":{"@id":"https:\/\/www.aclanester56.com\/velo\/championnat-de-bretagne-de-cyclo-cross-le-corre-sincline-devant-boulo\/"},"wordCount":472,"commentCount":0,"publisher":{"@id":"https:\/\/www.aclanester56.com\/velo\/#organization"},"image":{"@id":"https:\/\/www.aclanester56.com\/velo\/championnat-de-bretagne-de-cyclo-cross-le-corre-sincline-devant-boulo\/#primaryimage"},"thumbnailUrl":"https:\/\/www.aclanester56.com\/velo\/wp-content\/uploads\/2010\/12\/podium-\u00e9lites.jpg","articleSection":["AC LANESTER 56","Actualit\u00e9s DN","R\u00e9sultats","R\u00e9sultats Cyclo-Cross"],"inLanguage":"fr-FR","potentialAction":[{"@type":"CommentAction","name":"Comment","target":["https:\/\/www.aclanester56.com\/velo\/championnat-de-bretagne-de-cyclo-cross-le-corre-sincline-devant-boulo\/#respond"]}]},{"@type":"WebPage","@id":"https:\/\/www.aclanester56.com\/velo\/championnat-de-bretagne-de-cyclo-cross-le-corre-sincline-devant-boulo\/","url":"https:\/\/www.aclanester56.com\/velo\/championnat-de-bretagne-de-cyclo-cross-le-corre-sincline-devant-boulo\/","name":"Championnat de Bretagne de cyclo-cross \u00e9lites : LE CORRE s\u2019incline devant BOULO - Avenir Cycliste Lanester 56","isPartOf":{"@id":"https:\/\/www.aclanester56.com\/velo\/#website"},"primaryImageOfPage":{"@id":"https:\/\/www.aclanester56.com\/velo\/championnat-de-bretagne-de-cyclo-cross-le-corre-sincline-devant-boulo\/#primaryimage"},"image":{"@id":"https:\/\/www.aclanester56.com\/velo\/championnat-de-bretagne-de-cyclo-cross-le-corre-sincline-devant-boulo\/#primaryimage"},"thumbnailUrl":"https:\/\/www.aclanester56.com\/velo\/wp-content\/uploads\/2010\/12\/podium-\u00e9lites.jpg","datePublished":"2010-12-05T20:13:47+00:00","dateModified":"2010-12-05T20:16:56+00:00","inLanguage":"fr-FR","potentialAction":[{"@type":"ReadAction","target":["https:\/\/www.aclanester56.com\/velo\/championnat-de-bretagne-de-cyclo-cross-le-corre-sincline-devant-boulo\/"]}]},{"@type":"ImageObject","inLanguage":"fr-FR","@id":"https:\/\/www.aclanester56.com\/velo\/championnat-de-bretagne-de-cyclo-cross-le-corre-sincline-devant-boulo\/#primaryimage","url":"https:\/\/www.aclanester56.com\/velo\/wp-content\/uploads\/2010\/12\/podium-\u00e9lites.jpg","contentUrl":"https:\/\/www.aclanester56.com\/velo\/wp-content\/uploads\/2010\/12\/podium-\u00e9lites.jpg","width":800,"height":534,"caption":"Le podium du championnat de Bretagne \u00e9lites de cyclo-cross avec Matthieu BOULO et Florian LE CORRE sur les deux premi\u00e8res marches (photo Michel LE DOUAIRON)"},{"@type":"WebSite","@id":"https:\/\/www.aclanester56.com\/velo\/#website","url":"https:\/\/www.aclanester56.com\/velo\/","name":"Avenir Cycliste Lanester 56","description":"Club cycliste de l&#039;AC LANESTER 56","publisher":{"@id":"https:\/\/www.aclanester56.com\/velo\/#organization"},"potentialAction":[{"@type":"SearchAction","target":{"@type":"EntryPoint","urlTemplate":"https:\/\/www.aclanester56.com\/velo\/?s={search_term_string}"},"query-input":{"@type":"PropertyValueSpecification","valueRequired":true,"valueName":"search_term_string"}}],"inLanguage":"fr-FR"},{"@type":"Organization","@id":"https:\/\/www.aclanester56.com\/velo\/#organization","name":"Avenir Cycliste Lanester 56","url":"https:\/\/www.aclanester56.com\/velo\/","logo":{"@type":"ImageObject","inLanguage":"fr-FR","@id":"https:\/\/www.aclanester56.com\/velo\/#\/schema\/logo\/image\/","url":"https:\/\/www.aclanester56.com\/velo\/wp-content\/uploads\/2013\/04\/logo-ACL.jpg","contentUrl":"https:\/\/www.aclanester56.com\/velo\/wp-content\/uploads\/2013\/04\/logo-ACL.jpg","width":400,"height":334,"caption":"Avenir Cycliste Lanester 56"},"image":{"@id":"https:\/\/www.aclanester56.com\/velo\/#\/schema\/logo\/image\/"},"sameAs":["https:\/\/www.facebook.com\/pages\/AC-Lanester-56\/190286300991242?fref=ts"]},{"@type":"Person","@id":"https:\/\/www.aclanester56.com\/velo\/#\/schema\/person\/ca2a44a5fd969e9dd846c72d3b33bc01","name":"Jean-Christophe","url":"https:\/\/www.aclanester56.com\/velo\/author\/jeanchristophe\/"}]}},"_links":{"self":[{"href":"https:\/\/www.aclanester56.com\/velo\/wp-json\/wp\/v2\/posts\/5548","targetHints":{"allow":["GET"]}}],"collection":[{"href":"https:\/\/www.aclanester56.com\/velo\/wp-json\/wp\/v2\/posts"}],"about":[{"href":"https:\/\/www.aclanester56.com\/velo\/wp-json\/wp\/v2\/types\/post"}],"author":[{"embeddable":true,"href":"https:\/\/www.aclanester56.com\/velo\/wp-json\/wp\/v2\/users\/14"}],"replies":[{"embeddable":true,"href":"https:\/\/www.aclanester56.com\/velo\/wp-json\/wp\/v2\/comments?post=5548"}],"version-history":[{"count":0,"href":"https:\/\/www.aclanester56.com\/velo\/wp-json\/wp\/v2\/posts\/5548\/revisions"}],"wp:featuredmedia":[{"embeddable":true,"href":"https:\/\/www.aclanester56.com\/velo\/wp-json\/wp\/v2\/media\/5549"}],"wp:attachment":[{"href":"https:\/\/www.aclanester56.com\/velo\/wp-json\/wp\/v2\/media?parent=5548"}],"wp:term":[{"taxonomy":"category","embeddable":true,"href":"https:\/\/www.aclanester56.com\/velo\/wp-json\/wp\/v2\/categories?post=5548"},{"taxonomy":"post_tag","embeddable":true,"href":"https:\/\/www.aclanester56.com\/velo\/wp-json\/wp\/v2\/tags?post=5548"}],"curies":[{"name":"wp","href":"https:\/\/api.w.org\/{rel}","templated":true}]}}