{"id":5572,"date":"2010-12-07T14:50:19","date_gmt":"2010-12-07T13:50:19","guid":{"rendered":"http:\/\/www.aclanester56.com\/velo\/?p=5572"},"modified":"2010-12-07T14:50:19","modified_gmt":"2010-12-07T13:50:19","slug":"les-cadets-et-juniors-de-lac-lanester-56-en-stage","status":"publish","type":"post","link":"https:\/\/www.aclanester56.com\/velo\/les-cadets-et-juniors-de-lac-lanester-56-en-stage\/","title":{"rendered":"Les cadets et juniors de l&rsquo;AC LANESTER 56 en stage"},"content":{"rendered":"<div id=\"attachment_5573\" style=\"width: 410px\" class=\"wp-caption alignleft\"><a href=\"http:\/\/www.aclanester56.com\/velo\/wp-content\/uploads\/2010\/12\/les-cadets-et-juniorset-seniors-au-d\u00e9part-Rodolphe-\u00e0-droite.jpg\" ><img loading=\"lazy\" decoding=\"async\" aria-describedby=\"caption-attachment-5573\" src=\"http:\/\/www.aclanester56.com\/velo\/wp-content\/uploads\/2010\/12\/les-cadets-et-juniorset-seniors-au-d\u00e9part-Rodolphe-\u00e0-droite.jpg\" alt=\"\" title=\"Les cadets et juniors de l&#039;AC LANESTER 56 au d\u00e9part de la sortie sur route (photo J-M MORVAN)\" width=\"400\" height=\"300\" class=\"size-full wp-image-5573\" srcset=\"https:\/\/www.aclanester56.com\/velo\/wp-content\/uploads\/2010\/12\/les-cadets-et-juniorset-seniors-au-d\u00e9part-Rodolphe-\u00e0-droite.jpg 800w, https:\/\/www.aclanester56.com\/velo\/wp-content\/uploads\/2010\/12\/les-cadets-et-juniorset-seniors-au-d\u00e9part-Rodolphe-\u00e0-droite-300x225.jpg 300w\" sizes=\"auto, (max-width: 400px) 100vw, 400px\" \/><\/a><p id=\"caption-attachment-5573\" class=\"wp-caption-text\">Les cadets et juniors de l'AC LANESTER 56 au d\u00e9part de la sortie sur route (photo J-M MORVAN)<\/p><\/div>\n<p style=\"text-align: justify;\">Les coureurs cadets (15-16 ans) et juniors (17-18 ans) de l&rsquo;AC LANESTER 56 se sont rassembl\u00e9s pendant deux jours, le week-end dernier \u00e0 l&rsquo;occasion d&rsquo;un stage organis\u00e9 \u00e0 Pen-Man\u00e9 sous la houlette de Jean-Marc MORVAN et ses complices.<\/p>\n<p><br class=\"spacer_\" \/><\/p>\n<p><!--more--><\/p>\n<p><br class=\"spacer_\" \/><\/p>\n<p><br class=\"spacer_\" \/><\/p>\n<p><strong><span style=\"color: #ff6600;\">D\u00e9but des festivit\u00e9s par une petite sortie sur route<\/span><\/strong><\/p>\n<p style=\"text-align: justify;\">Le rendez-vous \u00e9tait fix\u00e9 \u00e0 13H30 au centre de Pen-Man\u00e9 \u00e0 Lanester. Les cadets se sont \u00e9lanc\u00e9s pour une sortie de 40 km, tandis que les juniors avaient un circuit de 70 km au programme. Quelques coureurs \u00ab\u00a0s\u00e9niors\u00a0\u00bb, parmi lesquels Warren BARGUIL, ont \u00e9galement particip\u00e9 \u00e0 cet entra\u00eenement routier.<\/p>\n<div id=\"attachment_5578\" style=\"width: 410px\" class=\"wp-caption alignright\"><a href=\"http:\/\/www.aclanester56.com\/velo\/wp-content\/uploads\/2010\/12\/les-cadets-au-retour-du-footing.jpg\" ><img loading=\"lazy\" decoding=\"async\" aria-describedby=\"caption-attachment-5578\" src=\"http:\/\/www.aclanester56.com\/velo\/wp-content\/uploads\/2010\/12\/les-cadets-au-retour-du-footing.jpg\" alt=\"\" title=\"Les cadets, tout sourire, accompagn\u00e9s par Davy LE KER au retour de la s\u00e9ance de footing (photo J-M MORVAN)\" width=\"400\" height=\"300\" class=\"size-full wp-image-5578\" srcset=\"https:\/\/www.aclanester56.com\/velo\/wp-content\/uploads\/2010\/12\/les-cadets-au-retour-du-footing.jpg 800w, https:\/\/www.aclanester56.com\/velo\/wp-content\/uploads\/2010\/12\/les-cadets-au-retour-du-footing-300x225.jpg 300w\" sizes=\"auto, (max-width: 400px) 100vw, 400px\" \/><\/a><p id=\"caption-attachment-5578\" class=\"wp-caption-text\">Les cadets, tout sourire, accompagn\u00e9s par Davy LE KER au retour de la s\u00e9ance de footing (photo J-M MORVAN)<\/p><\/div>\n<p style=\"text-align: justify;\"><strong><span style=\"color: #ff6600;\">Intervention du DTS de l&rsquo;ACL 56<\/span><\/strong><\/p>\n<p style=\"text-align: justify;\">A 17H30, tous se sont rassembl\u00e9s autour d&rsquo;un go\u00fbter commun en toute convivialit\u00e9. Le Directeur Technique et Sportif de l&rsquo;AC LANESTER 56 Rodolphe HENRY est ensuite intervenu en pr\u00e9sentant aux jeunes coureurs des m\u00e9thodes modernes d&rsquo;entra\u00eenement et de planification d&rsquo;une saison. Au cours de cette pr\u00e9sentation, des notions de di\u00e9t\u00e9tique et d&rsquo;entretien du mat\u00e9riel ont \u00e9galement \u00e9t\u00e9 abord\u00e9es.<\/p>\n<p style=\"text-align: justify;\"><strong><span style=\"color: #ff6600;\">Formation th\u00e9orique pour les jeunes coureurs<\/span><\/strong><\/p>\n<p style=\"text-align: justify;\">Apr\u00e8s le diner, Jean-Marc MORVAN et Davy LE KER ont pr\u00e9sent\u00e9 le programme pr\u00e9visionnel des courses de la saison 2011. Ils ont \u00e9galement jou\u00e9 les professeurs en utilisant le tableau \u00e0 disposition pour aborder de fa\u00e7on th\u00e9orique la technique du contre-la-montre par \u00e9quipes et des diff\u00e9rents \u00e9ventails.<\/p>\n<div id=\"attachment_5581\" style=\"width: 330px\" class=\"wp-caption alignleft\"><a href=\"http:\/\/www.aclanester56.com\/velo\/wp-content\/uploads\/2010\/12\/les-juniors-avec-Benoit-au-retour-du-footing.jpg\" ><img loading=\"lazy\" decoding=\"async\" aria-describedby=\"caption-attachment-5581\" src=\"http:\/\/www.aclanester56.com\/velo\/wp-content\/uploads\/2010\/12\/les-juniors-avec-Benoit-au-retour-du-footing.jpg\" alt=\"\" title=\"D\u00e9j\u00e0 une belle coh\u00e9sion chez les juniors, ici encadr\u00e9s par Benoit TANGUY, au retour du footing ! (photo J-M MORVAN)\" width=\"320\" height=\"240\" class=\"size-full wp-image-5581\" srcset=\"https:\/\/www.aclanester56.com\/velo\/wp-content\/uploads\/2010\/12\/les-juniors-avec-Benoit-au-retour-du-footing.jpg 800w, https:\/\/www.aclanester56.com\/velo\/wp-content\/uploads\/2010\/12\/les-juniors-avec-Benoit-au-retour-du-footing-300x225.jpg 300w\" sizes=\"auto, (max-width: 320px) 100vw, 320px\" \/><\/a><p id=\"caption-attachment-5581\" class=\"wp-caption-text\">D\u00e9j\u00e0 une belle coh\u00e9sion chez les juniors, ici encadr\u00e9s par Benoit TANGUY, au retour du footing ! (photo J-M MORVAN)<\/p><\/div>\n<p style=\"text-align: justify;\"><strong><span style=\"color: #ff6600;\">Ils ont couru pour la bonne cause !<\/span><\/strong><\/p>\n<p style=\"text-align: justify;\">Apr\u00e8s une bonne nuit, les cadets et juniors sont respectivement partis le dimanche matin \u00e0 9H30 pour une s\u00e9ance de footing de 45 mn et de 1H30 avec l&rsquo;association Courir \u00e0 Lanester \u00e0 l&rsquo;occasion du T\u00e9l\u00e9thon.<\/p>\n<p style=\"text-align: justify;\"><strong><span style=\"color: #ff6600;\">Un gros soutien pour les cyclo-crossmen<\/span><\/strong><\/p>\n<p style=\"text-align: justify;\">Le dimanche apr\u00e8s-midi, beaucoup de ces jeunes coureurs se sont rendus \u00e0 Plouay pour encourager les cyclo-crossmen lanest\u00e9riens engag\u00e9s au championnat de Bretagne, qui ont par ailleurs brill\u00e9.<\/p>\n<p style=\"text-align: justify;\"><strong><span style=\"color: #ff6600;\">Bilan du stage<\/span><\/strong><\/p>\n<p style=\"text-align: justify;\">Les dirigeants \u00e9taient tr\u00e8s satisfaits du d\u00e9roulement du stage, qui s&rsquo;est d\u00e9roul\u00e9 dans une ambiance\u00a0studieuse et conviviale. Nul doute, les jeunes Lanest\u00e9riens devraient encore briller sur les routes cette saison !<\/p>\n<p><br class=\"spacer_\" \/><\/p>\n","protected":false},"excerpt":{"rendered":"<p>Les coureurs cadets (15-16 ans) et juniors (17-18 ans) de l&rsquo;AC LANESTER 56 se sont rassembl\u00e9s pendant deux jours, le [&hellip;]<\/p>\n","protected":false},"author":14,"featured_media":5573,"comment_status":"open","ping_status":"closed","sticky":false,"template":"","format":"standard","meta":{"ngg_post_thumbnail":0,"footnotes":""},"categories":[5,22,21],"tags":[],"class_list":["post-5572","post","type-post","status-publish","format-standard","has-post-thumbnail","hentry","category-ac-lanester-56","category-resultats-cadets","category-resultats-juniors"],"yoast_head":"<!-- This site is optimized with the Yoast SEO plugin v27.4 - https:\/\/yoast.com\/product\/yoast-seo-wordpress\/ -->\n<title>Les cadets et juniors de l&#039;AC LANESTER 56 en stage - Avenir Cycliste Lanester 56<\/title>\n<meta name=\"robots\" content=\"index, follow, max-snippet:-1, max-image-preview:large, max-video-preview:-1\" \/>\n<link rel=\"canonical\" href=\"https:\/\/www.aclanester56.com\/velo\/les-cadets-et-juniors-de-lac-lanester-56-en-stage\/\" \/>\n<meta property=\"og:locale\" content=\"fr_FR\" \/>\n<meta property=\"og:type\" content=\"article\" \/>\n<meta property=\"og:title\" content=\"Les cadets et juniors de l&#039;AC LANESTER 56 en stage - Avenir Cycliste Lanester 56\" \/>\n<meta property=\"og:description\" content=\"Les coureurs cadets (15-16 ans) et juniors (17-18 ans) de l&rsquo;AC LANESTER 56 se sont rassembl\u00e9s pendant deux jours, le [&hellip;]\" \/>\n<meta property=\"og:url\" content=\"https:\/\/www.aclanester56.com\/velo\/les-cadets-et-juniors-de-lac-lanester-56-en-stage\/\" \/>\n<meta property=\"og:site_name\" content=\"Avenir Cycliste Lanester 56\" \/>\n<meta property=\"article:publisher\" content=\"https:\/\/www.facebook.com\/pages\/AC-Lanester-56\/190286300991242?fref=ts\" \/>\n<meta property=\"article:published_time\" content=\"2010-12-07T13:50:19+00:00\" \/>\n<meta property=\"og:image\" content=\"https:\/\/www.aclanester56.com\/velo\/wp-content\/uploads\/2010\/12\/les-cadets-et-juniorset-seniors-au-d\u00e9part-Rodolphe-\u00e0-droite.jpg\" \/>\n\t<meta property=\"og:image:width\" content=\"800\" \/>\n\t<meta property=\"og:image:height\" content=\"600\" \/>\n\t<meta property=\"og:image:type\" content=\"image\/jpeg\" \/>\n<meta name=\"author\" content=\"Jean-Christophe\" \/>\n<meta name=\"twitter:label1\" content=\"\u00c9crit par\" \/>\n\t<meta name=\"twitter:data1\" content=\"Jean-Christophe\" \/>\n\t<meta name=\"twitter:label2\" content=\"Dur\u00e9e de lecture estim\u00e9e\" \/>\n\t<meta name=\"twitter:data2\" content=\"2 minutes\" \/>\n<script type=\"application\/ld+json\" class=\"yoast-schema-graph\">{\"@context\":\"https:\\\/\\\/schema.org\",\"@graph\":[{\"@type\":\"Article\",\"@id\":\"https:\\\/\\\/www.aclanester56.com\\\/velo\\\/les-cadets-et-juniors-de-lac-lanester-56-en-stage\\\/#article\",\"isPartOf\":{\"@id\":\"https:\\\/\\\/www.aclanester56.com\\\/velo\\\/les-cadets-et-juniors-de-lac-lanester-56-en-stage\\\/\"},\"author\":{\"name\":\"Jean-Christophe\",\"@id\":\"https:\\\/\\\/www.aclanester56.com\\\/velo\\\/#\\\/schema\\\/person\\\/ca2a44a5fd969e9dd846c72d3b33bc01\"},\"headline\":\"Les cadets et juniors de l&rsquo;AC LANESTER 56 en stage\",\"datePublished\":\"2010-12-07T13:50:19+00:00\",\"mainEntityOfPage\":{\"@id\":\"https:\\\/\\\/www.aclanester56.com\\\/velo\\\/les-cadets-et-juniors-de-lac-lanester-56-en-stage\\\/\"},\"wordCount\":436,\"commentCount\":0,\"publisher\":{\"@id\":\"https:\\\/\\\/www.aclanester56.com\\\/velo\\\/#organization\"},\"image\":{\"@id\":\"https:\\\/\\\/www.aclanester56.com\\\/velo\\\/les-cadets-et-juniors-de-lac-lanester-56-en-stage\\\/#primaryimage\"},\"thumbnailUrl\":\"https:\\\/\\\/www.aclanester56.com\\\/velo\\\/wp-content\\\/uploads\\\/2010\\\/12\\\/les-cadets-et-juniorset-seniors-au-d\u00e9part-Rodolphe-\u00e0-droite.jpg\",\"articleSection\":[\"AC LANESTER 56\",\"R\u00e9sultats Cadets\",\"R\u00e9sultats Juniors\"],\"inLanguage\":\"fr-FR\",\"potentialAction\":[{\"@type\":\"CommentAction\",\"name\":\"Comment\",\"target\":[\"https:\\\/\\\/www.aclanester56.com\\\/velo\\\/les-cadets-et-juniors-de-lac-lanester-56-en-stage\\\/#respond\"]}]},{\"@type\":\"WebPage\",\"@id\":\"https:\\\/\\\/www.aclanester56.com\\\/velo\\\/les-cadets-et-juniors-de-lac-lanester-56-en-stage\\\/\",\"url\":\"https:\\\/\\\/www.aclanester56.com\\\/velo\\\/les-cadets-et-juniors-de-lac-lanester-56-en-stage\\\/\",\"name\":\"Les cadets et juniors de l'AC LANESTER 56 en stage - Avenir Cycliste Lanester 56\",\"isPartOf\":{\"@id\":\"https:\\\/\\\/www.aclanester56.com\\\/velo\\\/#website\"},\"primaryImageOfPage\":{\"@id\":\"https:\\\/\\\/www.aclanester56.com\\\/velo\\\/les-cadets-et-juniors-de-lac-lanester-56-en-stage\\\/#primaryimage\"},\"image\":{\"@id\":\"https:\\\/\\\/www.aclanester56.com\\\/velo\\\/les-cadets-et-juniors-de-lac-lanester-56-en-stage\\\/#primaryimage\"},\"thumbnailUrl\":\"https:\\\/\\\/www.aclanester56.com\\\/velo\\\/wp-content\\\/uploads\\\/2010\\\/12\\\/les-cadets-et-juniorset-seniors-au-d\u00e9part-Rodolphe-\u00e0-droite.jpg\",\"datePublished\":\"2010-12-07T13:50:19+00:00\",\"inLanguage\":\"fr-FR\",\"potentialAction\":[{\"@type\":\"ReadAction\",\"target\":[\"https:\\\/\\\/www.aclanester56.com\\\/velo\\\/les-cadets-et-juniors-de-lac-lanester-56-en-stage\\\/\"]}]},{\"@type\":\"ImageObject\",\"inLanguage\":\"fr-FR\",\"@id\":\"https:\\\/\\\/www.aclanester56.com\\\/velo\\\/les-cadets-et-juniors-de-lac-lanester-56-en-stage\\\/#primaryimage\",\"url\":\"https:\\\/\\\/www.aclanester56.com\\\/velo\\\/wp-content\\\/uploads\\\/2010\\\/12\\\/les-cadets-et-juniorset-seniors-au-d\u00e9part-Rodolphe-\u00e0-droite.jpg\",\"contentUrl\":\"https:\\\/\\\/www.aclanester56.com\\\/velo\\\/wp-content\\\/uploads\\\/2010\\\/12\\\/les-cadets-et-juniorset-seniors-au-d\u00e9part-Rodolphe-\u00e0-droite.jpg\",\"width\":800,\"height\":600,\"caption\":\"Les cadets et juniors de l'AC LANESTER 56 au d\u00e9part de la sortie sur route (photo J-M MORVAN)\"},{\"@type\":\"WebSite\",\"@id\":\"https:\\\/\\\/www.aclanester56.com\\\/velo\\\/#website\",\"url\":\"https:\\\/\\\/www.aclanester56.com\\\/velo\\\/\",\"name\":\"Avenir Cycliste Lanester 56\",\"description\":\"Club cycliste de l&#039;AC LANESTER 56\",\"publisher\":{\"@id\":\"https:\\\/\\\/www.aclanester56.com\\\/velo\\\/#organization\"},\"potentialAction\":[{\"@type\":\"SearchAction\",\"target\":{\"@type\":\"EntryPoint\",\"urlTemplate\":\"https:\\\/\\\/www.aclanester56.com\\\/velo\\\/?s={search_term_string}\"},\"query-input\":{\"@type\":\"PropertyValueSpecification\",\"valueRequired\":true,\"valueName\":\"search_term_string\"}}],\"inLanguage\":\"fr-FR\"},{\"@type\":\"Organization\",\"@id\":\"https:\\\/\\\/www.aclanester56.com\\\/velo\\\/#organization\",\"name\":\"Avenir Cycliste Lanester 56\",\"url\":\"https:\\\/\\\/www.aclanester56.com\\\/velo\\\/\",\"logo\":{\"@type\":\"ImageObject\",\"inLanguage\":\"fr-FR\",\"@id\":\"https:\\\/\\\/www.aclanester56.com\\\/velo\\\/#\\\/schema\\\/logo\\\/image\\\/\",\"url\":\"https:\\\/\\\/www.aclanester56.com\\\/velo\\\/wp-content\\\/uploads\\\/2013\\\/04\\\/logo-ACL.jpg\",\"contentUrl\":\"https:\\\/\\\/www.aclanester56.com\\\/velo\\\/wp-content\\\/uploads\\\/2013\\\/04\\\/logo-ACL.jpg\",\"width\":400,\"height\":334,\"caption\":\"Avenir Cycliste Lanester 56\"},\"image\":{\"@id\":\"https:\\\/\\\/www.aclanester56.com\\\/velo\\\/#\\\/schema\\\/logo\\\/image\\\/\"},\"sameAs\":[\"https:\\\/\\\/www.facebook.com\\\/pages\\\/AC-Lanester-56\\\/190286300991242?fref=ts\"]},{\"@type\":\"Person\",\"@id\":\"https:\\\/\\\/www.aclanester56.com\\\/velo\\\/#\\\/schema\\\/person\\\/ca2a44a5fd969e9dd846c72d3b33bc01\",\"name\":\"Jean-Christophe\",\"url\":\"https:\\\/\\\/www.aclanester56.com\\\/velo\\\/author\\\/jeanchristophe\\\/\"}]}<\/script>\n<!-- \/ Yoast SEO plugin. -->","yoast_head_json":{"title":"Les cadets et juniors de l'AC LANESTER 56 en stage - Avenir Cycliste Lanester 56","robots":{"index":"index","follow":"follow","max-snippet":"max-snippet:-1","max-image-preview":"max-image-preview:large","max-video-preview":"max-video-preview:-1"},"canonical":"https:\/\/www.aclanester56.com\/velo\/les-cadets-et-juniors-de-lac-lanester-56-en-stage\/","og_locale":"fr_FR","og_type":"article","og_title":"Les cadets et juniors de l'AC LANESTER 56 en stage - Avenir Cycliste Lanester 56","og_description":"Les coureurs cadets (15-16 ans) et juniors (17-18 ans) de l&rsquo;AC LANESTER 56 se sont rassembl\u00e9s pendant deux jours, le [&hellip;]","og_url":"https:\/\/www.aclanester56.com\/velo\/les-cadets-et-juniors-de-lac-lanester-56-en-stage\/","og_site_name":"Avenir Cycliste Lanester 56","article_publisher":"https:\/\/www.facebook.com\/pages\/AC-Lanester-56\/190286300991242?fref=ts","article_published_time":"2010-12-07T13:50:19+00:00","og_image":[{"width":800,"height":600,"url":"https:\/\/www.aclanester56.com\/velo\/wp-content\/uploads\/2010\/12\/les-cadets-et-juniorset-seniors-au-d\u00e9part-Rodolphe-\u00e0-droite.jpg","type":"image\/jpeg"}],"author":"Jean-Christophe","twitter_misc":{"\u00c9crit par":"Jean-Christophe","Dur\u00e9e de lecture estim\u00e9e":"2 minutes"},"schema":{"@context":"https:\/\/schema.org","@graph":[{"@type":"Article","@id":"https:\/\/www.aclanester56.com\/velo\/les-cadets-et-juniors-de-lac-lanester-56-en-stage\/#article","isPartOf":{"@id":"https:\/\/www.aclanester56.com\/velo\/les-cadets-et-juniors-de-lac-lanester-56-en-stage\/"},"author":{"name":"Jean-Christophe","@id":"https:\/\/www.aclanester56.com\/velo\/#\/schema\/person\/ca2a44a5fd969e9dd846c72d3b33bc01"},"headline":"Les cadets et juniors de l&rsquo;AC LANESTER 56 en stage","datePublished":"2010-12-07T13:50:19+00:00","mainEntityOfPage":{"@id":"https:\/\/www.aclanester56.com\/velo\/les-cadets-et-juniors-de-lac-lanester-56-en-stage\/"},"wordCount":436,"commentCount":0,"publisher":{"@id":"https:\/\/www.aclanester56.com\/velo\/#organization"},"image":{"@id":"https:\/\/www.aclanester56.com\/velo\/les-cadets-et-juniors-de-lac-lanester-56-en-stage\/#primaryimage"},"thumbnailUrl":"https:\/\/www.aclanester56.com\/velo\/wp-content\/uploads\/2010\/12\/les-cadets-et-juniorset-seniors-au-d\u00e9part-Rodolphe-\u00e0-droite.jpg","articleSection":["AC LANESTER 56","R\u00e9sultats Cadets","R\u00e9sultats Juniors"],"inLanguage":"fr-FR","potentialAction":[{"@type":"CommentAction","name":"Comment","target":["https:\/\/www.aclanester56.com\/velo\/les-cadets-et-juniors-de-lac-lanester-56-en-stage\/#respond"]}]},{"@type":"WebPage","@id":"https:\/\/www.aclanester56.com\/velo\/les-cadets-et-juniors-de-lac-lanester-56-en-stage\/","url":"https:\/\/www.aclanester56.com\/velo\/les-cadets-et-juniors-de-lac-lanester-56-en-stage\/","name":"Les cadets et juniors de l'AC LANESTER 56 en stage - Avenir Cycliste Lanester 56","isPartOf":{"@id":"https:\/\/www.aclanester56.com\/velo\/#website"},"primaryImageOfPage":{"@id":"https:\/\/www.aclanester56.com\/velo\/les-cadets-et-juniors-de-lac-lanester-56-en-stage\/#primaryimage"},"image":{"@id":"https:\/\/www.aclanester56.com\/velo\/les-cadets-et-juniors-de-lac-lanester-56-en-stage\/#primaryimage"},"thumbnailUrl":"https:\/\/www.aclanester56.com\/velo\/wp-content\/uploads\/2010\/12\/les-cadets-et-juniorset-seniors-au-d\u00e9part-Rodolphe-\u00e0-droite.jpg","datePublished":"2010-12-07T13:50:19+00:00","inLanguage":"fr-FR","potentialAction":[{"@type":"ReadAction","target":["https:\/\/www.aclanester56.com\/velo\/les-cadets-et-juniors-de-lac-lanester-56-en-stage\/"]}]},{"@type":"ImageObject","inLanguage":"fr-FR","@id":"https:\/\/www.aclanester56.com\/velo\/les-cadets-et-juniors-de-lac-lanester-56-en-stage\/#primaryimage","url":"https:\/\/www.aclanester56.com\/velo\/wp-content\/uploads\/2010\/12\/les-cadets-et-juniorset-seniors-au-d\u00e9part-Rodolphe-\u00e0-droite.jpg","contentUrl":"https:\/\/www.aclanester56.com\/velo\/wp-content\/uploads\/2010\/12\/les-cadets-et-juniorset-seniors-au-d\u00e9part-Rodolphe-\u00e0-droite.jpg","width":800,"height":600,"caption":"Les cadets et juniors de l'AC LANESTER 56 au d\u00e9part de la sortie sur route (photo J-M MORVAN)"},{"@type":"WebSite","@id":"https:\/\/www.aclanester56.com\/velo\/#website","url":"https:\/\/www.aclanester56.com\/velo\/","name":"Avenir Cycliste Lanester 56","description":"Club cycliste de l&#039;AC LANESTER 56","publisher":{"@id":"https:\/\/www.aclanester56.com\/velo\/#organization"},"potentialAction":[{"@type":"SearchAction","target":{"@type":"EntryPoint","urlTemplate":"https:\/\/www.aclanester56.com\/velo\/?s={search_term_string}"},"query-input":{"@type":"PropertyValueSpecification","valueRequired":true,"valueName":"search_term_string"}}],"inLanguage":"fr-FR"},{"@type":"Organization","@id":"https:\/\/www.aclanester56.com\/velo\/#organization","name":"Avenir Cycliste Lanester 56","url":"https:\/\/www.aclanester56.com\/velo\/","logo":{"@type":"ImageObject","inLanguage":"fr-FR","@id":"https:\/\/www.aclanester56.com\/velo\/#\/schema\/logo\/image\/","url":"https:\/\/www.aclanester56.com\/velo\/wp-content\/uploads\/2013\/04\/logo-ACL.jpg","contentUrl":"https:\/\/www.aclanester56.com\/velo\/wp-content\/uploads\/2013\/04\/logo-ACL.jpg","width":400,"height":334,"caption":"Avenir Cycliste Lanester 56"},"image":{"@id":"https:\/\/www.aclanester56.com\/velo\/#\/schema\/logo\/image\/"},"sameAs":["https:\/\/www.facebook.com\/pages\/AC-Lanester-56\/190286300991242?fref=ts"]},{"@type":"Person","@id":"https:\/\/www.aclanester56.com\/velo\/#\/schema\/person\/ca2a44a5fd969e9dd846c72d3b33bc01","name":"Jean-Christophe","url":"https:\/\/www.aclanester56.com\/velo\/author\/jeanchristophe\/"}]}},"_links":{"self":[{"href":"https:\/\/www.aclanester56.com\/velo\/wp-json\/wp\/v2\/posts\/5572","targetHints":{"allow":["GET"]}}],"collection":[{"href":"https:\/\/www.aclanester56.com\/velo\/wp-json\/wp\/v2\/posts"}],"about":[{"href":"https:\/\/www.aclanester56.com\/velo\/wp-json\/wp\/v2\/types\/post"}],"author":[{"embeddable":true,"href":"https:\/\/www.aclanester56.com\/velo\/wp-json\/wp\/v2\/users\/14"}],"replies":[{"embeddable":true,"href":"https:\/\/www.aclanester56.com\/velo\/wp-json\/wp\/v2\/comments?post=5572"}],"version-history":[{"count":0,"href":"https:\/\/www.aclanester56.com\/velo\/wp-json\/wp\/v2\/posts\/5572\/revisions"}],"wp:featuredmedia":[{"embeddable":true,"href":"https:\/\/www.aclanester56.com\/velo\/wp-json\/wp\/v2\/media\/5573"}],"wp:attachment":[{"href":"https:\/\/www.aclanester56.com\/velo\/wp-json\/wp\/v2\/media?parent=5572"}],"wp:term":[{"taxonomy":"category","embeddable":true,"href":"https:\/\/www.aclanester56.com\/velo\/wp-json\/wp\/v2\/categories?post=5572"},{"taxonomy":"post_tag","embeddable":true,"href":"https:\/\/www.aclanester56.com\/velo\/wp-json\/wp\/v2\/tags?post=5572"}],"curies":[{"name":"wp","href":"https:\/\/api.w.org\/{rel}","templated":true}]}}