{"id":5736,"date":"2010-12-19T18:57:29","date_gmt":"2010-12-19T17:57:29","guid":{"rendered":"http:\/\/www.aclanester56.com\/velo\/?p=5736"},"modified":"2010-12-20T10:34:17","modified_gmt":"2010-12-20T09:34:17","slug":"2eme-manche-trophee-regional-a-plessala-double-lanesterien-en-juniors-balannec-2eme-en-espoirs","status":"publish","type":"post","link":"https:\/\/www.aclanester56.com\/velo\/2eme-manche-trophee-regional-a-plessala-double-lanesterien-en-juniors-balannec-2eme-en-espoirs\/","title":{"rendered":"2\u00e8me manche Troph\u00e9e R\u00e9gional \u00e0 Plessala : Doubl\u00e9 lanest\u00e9rien en juniors, BALANNEC 2\u00e8me en espoirs"},"content":{"rendered":"<div id=\"attachment_5737\" style=\"width: 310px\" class=\"wp-caption alignleft\"><a  href=\"http:\/\/www.aclanester56.com\/velo\/wp-content\/uploads\/2010\/12\/flavian-le-guellec.jpg\"><img loading=\"lazy\" decoding=\"async\" aria-describedby=\"caption-attachment-5737\" class=\"size-full wp-image-5737\" title=\"Le Lanest\u00e9rien Flavian LE GUELLEC, irr\u00e9sistible en ce moment, remporte une belle victoire devant son co\u00e9quipier Antoine COZ dans l'\u00e9preuve juniors de Plessala (photo www.bretagne-cyclisme.com)\" src=\"http:\/\/www.aclanester56.com\/velo\/wp-content\/uploads\/2010\/12\/flavian-le-guellec.jpg\" alt=\"\" width=\"300\" height=\"224\" srcset=\"https:\/\/www.aclanester56.com\/velo\/wp-content\/uploads\/2010\/12\/flavian-le-guellec.jpg 600w, https:\/\/www.aclanester56.com\/velo\/wp-content\/uploads\/2010\/12\/flavian-le-guellec-300x223.jpg 300w\" sizes=\"auto, (max-width: 300px) 100vw, 300px\" \/><\/a><p id=\"caption-attachment-5737\" class=\"wp-caption-text\">Le Lanest\u00e9rien Flavian LE GUELLEC, irr\u00e9sistible en ce moment, remporte une belle victoire devant son co\u00e9quipier Antoine COZ dans l&#39;\u00e9preuve juniors de Plessala (photo www.bretagne-cyclisme.com)<\/p><\/div>\n<p style=\"text-align: justify;\">Apr\u00e8s la premi\u00e8re manche du Troph\u00e9e R\u00e9gional de cyclo-cross qui s&rsquo;\u00e9tait d\u00e9roul\u00e9e \u00e0 Kerlouan au mois d&rsquo;octobre, les Lanest\u00e9riens avaient \u00e0 coeur de conserver leur position de leader dans les diff\u00e9rents classements aujourd&rsquo;hui sur la deuxi\u00e8me manche qui \u00e9tait disput\u00e9e \u00e0 Plessala, dans les C\u00f4tes d&rsquo;Armor (22).<\/p>\n<p><br class=\"spacer_\" \/><\/p>\n<p><!--more--><\/p>\n<p><br class=\"spacer_\" \/><\/p>\n<p style=\"text-align: justify;\"><strong><span style=\"color: #ff6600;\">BALANNEC conforte sa place de leader<\/span><\/strong><\/p>\n<p style=\"text-align: justify;\">Les coureurs de cat\u00e9gorie juniors et espoirs concouraient ensemble dans la m\u00eame \u00e9preuve. Si le champion de Bretagne espoir Miguel FILLAUT (ASPTT RENNES) a domin\u00e9 la course de la t\u00eate et des \u00e9paules, le soci\u00e9taire de l&rsquo;AC LANESTER 56 Christophe BALANNEC termine \u00e0 une belle deuxi\u00e8me place, confortant ainsi sa place de leader au classement g\u00e9n\u00e9ral du Troph\u00e9e R\u00e9gional espoir.<\/p>\n<div id=\"attachment_5740\" style=\"width: 307px\" class=\"wp-caption alignright\"><a href=\"http:\/\/www.aclanester56.com\/velo\/wp-content\/uploads\/2010\/12\/Christophe-Balannec.jpg\" ><img loading=\"lazy\" decoding=\"async\" aria-describedby=\"caption-attachment-5740\" src=\"http:\/\/www.aclanester56.com\/velo\/wp-content\/uploads\/2010\/12\/Christophe-Balannec.jpg\" alt=\"\" title=\"Christophe BALANNEC (AC LANESTER 56), qui n&#039;a rien pu faire face au Rennais FILLAUT, conforte tout de m\u00eame sa place de leader au classement g\u00e9n\u00e9ral du Troph\u00e9e R\u00e9gional (photo www.bretagne-cyclisme.com)\" width=\"297\" height=\"300\" class=\"size-full wp-image-5740\" srcset=\"https:\/\/www.aclanester56.com\/velo\/wp-content\/uploads\/2010\/12\/Christophe-Balannec.jpg 594w, https:\/\/www.aclanester56.com\/velo\/wp-content\/uploads\/2010\/12\/Christophe-Balannec-297x300.jpg 297w\" sizes=\"auto, (max-width: 297px) 100vw, 297px\" \/><\/a><p id=\"caption-attachment-5740\" class=\"wp-caption-text\">Christophe BALANNEC (AC LANESTER 56), qui n'a rien pu faire face au Rennais FILLAUT, conforte tout de m\u00eame sa place de leader au classement g\u00e9n\u00e9ral du Troph\u00e9e R\u00e9gional (photo www.bretagne-cyclisme.com)<\/p><\/div>\n<p><br class=\"spacer_\" \/><\/p>\n<p style=\"text-align: justify;\"><strong><span style=\"color: #ff6600;\">Encore un doubl\u00e9 des juniors de l&rsquo;AC LANESTER 56 !<\/span><\/strong><\/p>\n<p style=\"text-align: justify;\">D\u00e9j\u00e0 auteurs d&rsquo;un joli doubl\u00e9 \u00e0 Kerlouan, les juniors lanest\u00e9riens du TEAM CYCLO-CROSS AVENIR ont r\u00e9cidiv\u00e9 aujourd&rsquo;hui \u00e0 Plessala. Le champion de Bretagne Flavian LE GUELLEC confirme son excellente condition actuelle en remportant l&rsquo;\u00e9preuve juniors, mais surtout il termine en 5\u00e8me position avec les espoirs ! Le Lanest\u00e9rien Antoine COZ compl\u00e8te le doubl\u00e9 en juniors et prend la dixi\u00e8me place avec les espoirs.<\/p>\n<p style=\"text-align: justify;\"><strong><span style=\"color: #ff6600;\">Pendant ce temps-l\u00e0 \u00e0 Kalmthout &#8230;<\/span><\/strong><\/p>\n<p style=\"text-align: justify;\">Florian LE CORRE (AC LANESTER 56) ne participait pas \u00e0 l&rsquo;\u00e9preuve \u00e9lites de Plessala puisqu&rsquo;au m\u00eame moment, il \u00e9tait au d\u00e9part de la cinqui\u00e8me manche de la Coupe du Monde de cyclo-cross \u00e0 Kalmthout avec l&rsquo;\u00e9quipe de France. Il termine en 56\u00e8me position \u00e0 6 minutes du belge Tom MEEUSEN (TELENET-FIDEA). Matthieu BOULO, le professionnel licenci\u00e9 \u00e0 l&rsquo;AC LANESTER 56, termine 5\u00e8me de l&rsquo;\u00e9preuve espoirs et figure 6\u00e8me au classement g\u00e9n\u00e9ral de la Coupe du Monde.<\/p>\n<p><br class=\"spacer_\" \/><\/p>\n<p style=\"text-align: justify;\"><strong><span style=\"text-decoration: underline;\">Classement juniors :<br \/>\n <\/span><\/strong><span style=\"background-color: #ff6600;\"> 1- Flavian Le Guellec (AC Lanester 56) <br \/>\n 2- Antoine Coz (AC Lanester 56) <br \/>\n<\/span> 3- M\u00e9d\u00e9ric Mancel (UC Landellaise) <br \/>\n 4- Antoine Jan (UCP Plouay) <br \/>\n 5- Yoann Le Moigne (AC Tr\u00e9gunc)<\/p>\n<p style=\"text-align: justify;\"><strong><span style=\"text-decoration: underline;\">Classement espoirs:<\/span><\/strong><br \/>\n 1- Miguel Fillaut (ASPTT Rennes)<br \/>\n<span style=\"background-color: #ff6600;\"> 2- Christophe Balannec (AC Lanester 56)<br \/>\n<\/span> 3- Erwan Goasguen (EC Landerneau)<br \/>\n 4- Adrien Duault (UCK Vannes)<br \/>\n 5- Thomas Capitaine (EC Landerneau)<br \/>\n 6- Glenn Le Qu\u00e9au (Leuc\u00e9mie Espoir)<br \/>\n 7- J\u00e9r\u00e9mie Piriou (CC Concarneau)<br \/>\n 8- Maxime Le Montagner (V\u00e9randa Rideau)<br \/>\n 9 &#8211; Alban Roudot (Aulne OC)<\/p>\n<p><br class=\"spacer_\" \/><\/p>\n","protected":false},"excerpt":{"rendered":"<p>Apr\u00e8s la premi\u00e8re manche du Troph\u00e9e R\u00e9gional de cyclo-cross qui s&rsquo;\u00e9tait d\u00e9roul\u00e9e \u00e0 Kerlouan au mois d&rsquo;octobre, les Lanest\u00e9riens avaient [&hellip;]<\/p>\n","protected":false},"author":14,"featured_media":5476,"comment_status":"open","ping_status":"closed","sticky":false,"template":"","format":"standard","meta":{"ngg_post_thumbnail":0,"footnotes":""},"categories":[5,28,21],"tags":[],"class_list":["post-5736","post","type-post","status-publish","format-standard","has-post-thumbnail","hentry","category-ac-lanester-56","category-resultats-cyclo-cross","category-resultats-juniors"],"yoast_head":"<!-- This site is optimized with the Yoast SEO plugin v27.5 - https:\/\/yoast.com\/product\/yoast-seo-wordpress\/ -->\n<title>2\u00e8me manche Troph\u00e9e R\u00e9gional \u00e0 Plessala : Doubl\u00e9 lanest\u00e9rien en juniors, BALANNEC 2\u00e8me en espoirs - Avenir Cycliste Lanester 56<\/title>\n<meta name=\"robots\" content=\"index, follow, max-snippet:-1, max-image-preview:large, max-video-preview:-1\" \/>\n<link rel=\"canonical\" href=\"https:\/\/www.aclanester56.com\/velo\/2eme-manche-trophee-regional-a-plessala-double-lanesterien-en-juniors-balannec-2eme-en-espoirs\/\" \/>\n<meta property=\"og:locale\" content=\"fr_FR\" \/>\n<meta property=\"og:type\" content=\"article\" \/>\n<meta property=\"og:title\" content=\"2\u00e8me manche Troph\u00e9e R\u00e9gional \u00e0 Plessala : Doubl\u00e9 lanest\u00e9rien en juniors, BALANNEC 2\u00e8me en espoirs - Avenir Cycliste Lanester 56\" \/>\n<meta property=\"og:description\" content=\"Apr\u00e8s la premi\u00e8re manche du Troph\u00e9e R\u00e9gional de cyclo-cross qui s&rsquo;\u00e9tait d\u00e9roul\u00e9e \u00e0 Kerlouan au mois d&rsquo;octobre, les Lanest\u00e9riens avaient [&hellip;]\" \/>\n<meta property=\"og:url\" content=\"https:\/\/www.aclanester56.com\/velo\/2eme-manche-trophee-regional-a-plessala-double-lanesterien-en-juniors-balannec-2eme-en-espoirs\/\" \/>\n<meta property=\"og:site_name\" content=\"Avenir Cycliste Lanester 56\" \/>\n<meta property=\"article:publisher\" content=\"https:\/\/www.facebook.com\/pages\/AC-Lanester-56\/190286300991242?fref=ts\" \/>\n<meta property=\"article:published_time\" content=\"2010-12-19T17:57:29+00:00\" \/>\n<meta property=\"article:modified_time\" content=\"2010-12-20T09:34:17+00:00\" \/>\n<meta property=\"og:image\" content=\"https:\/\/www.aclanester56.com\/velo\/wp-content\/uploads\/2010\/12\/Flavian-LE-GUELLEC.jpg\" \/>\n\t<meta property=\"og:image:width\" content=\"720\" \/>\n\t<meta property=\"og:image:height\" content=\"478\" \/>\n\t<meta property=\"og:image:type\" content=\"image\/jpeg\" \/>\n<meta name=\"author\" content=\"Jean-Christophe\" \/>\n<meta name=\"twitter:label1\" content=\"\u00c9crit par\" \/>\n\t<meta name=\"twitter:data1\" content=\"Jean-Christophe\" \/>\n\t<meta name=\"twitter:label2\" content=\"Dur\u00e9e de lecture estim\u00e9e\" \/>\n\t<meta name=\"twitter:data2\" content=\"2 minutes\" \/>\n<script type=\"application\/ld+json\" class=\"yoast-schema-graph\">{\"@context\":\"https:\\\/\\\/schema.org\",\"@graph\":[{\"@type\":\"Article\",\"@id\":\"https:\\\/\\\/www.aclanester56.com\\\/velo\\\/2eme-manche-trophee-regional-a-plessala-double-lanesterien-en-juniors-balannec-2eme-en-espoirs\\\/#article\",\"isPartOf\":{\"@id\":\"https:\\\/\\\/www.aclanester56.com\\\/velo\\\/2eme-manche-trophee-regional-a-plessala-double-lanesterien-en-juniors-balannec-2eme-en-espoirs\\\/\"},\"author\":{\"name\":\"Jean-Christophe\",\"@id\":\"https:\\\/\\\/www.aclanester56.com\\\/velo\\\/#\\\/schema\\\/person\\\/ca2a44a5fd969e9dd846c72d3b33bc01\"},\"headline\":\"2\u00e8me manche Troph\u00e9e R\u00e9gional \u00e0 Plessala : Doubl\u00e9 lanest\u00e9rien en juniors, BALANNEC 2\u00e8me en espoirs\",\"datePublished\":\"2010-12-19T17:57:29+00:00\",\"dateModified\":\"2010-12-20T09:34:17+00:00\",\"mainEntityOfPage\":{\"@id\":\"https:\\\/\\\/www.aclanester56.com\\\/velo\\\/2eme-manche-trophee-regional-a-plessala-double-lanesterien-en-juniors-balannec-2eme-en-espoirs\\\/\"},\"wordCount\":470,\"commentCount\":0,\"publisher\":{\"@id\":\"https:\\\/\\\/www.aclanester56.com\\\/velo\\\/#organization\"},\"image\":{\"@id\":\"https:\\\/\\\/www.aclanester56.com\\\/velo\\\/2eme-manche-trophee-regional-a-plessala-double-lanesterien-en-juniors-balannec-2eme-en-espoirs\\\/#primaryimage\"},\"thumbnailUrl\":\"https:\\\/\\\/www.aclanester56.com\\\/velo\\\/wp-content\\\/uploads\\\/2010\\\/12\\\/Flavian-LE-GUELLEC.jpg\",\"articleSection\":[\"AC LANESTER 56\",\"R\u00e9sultats Cyclo-Cross\",\"R\u00e9sultats Juniors\"],\"inLanguage\":\"fr-FR\",\"potentialAction\":[{\"@type\":\"CommentAction\",\"name\":\"Comment\",\"target\":[\"https:\\\/\\\/www.aclanester56.com\\\/velo\\\/2eme-manche-trophee-regional-a-plessala-double-lanesterien-en-juniors-balannec-2eme-en-espoirs\\\/#respond\"]}]},{\"@type\":\"WebPage\",\"@id\":\"https:\\\/\\\/www.aclanester56.com\\\/velo\\\/2eme-manche-trophee-regional-a-plessala-double-lanesterien-en-juniors-balannec-2eme-en-espoirs\\\/\",\"url\":\"https:\\\/\\\/www.aclanester56.com\\\/velo\\\/2eme-manche-trophee-regional-a-plessala-double-lanesterien-en-juniors-balannec-2eme-en-espoirs\\\/\",\"name\":\"2\u00e8me manche Troph\u00e9e R\u00e9gional \u00e0 Plessala : Doubl\u00e9 lanest\u00e9rien en juniors, BALANNEC 2\u00e8me en espoirs - Avenir Cycliste Lanester 56\",\"isPartOf\":{\"@id\":\"https:\\\/\\\/www.aclanester56.com\\\/velo\\\/#website\"},\"primaryImageOfPage\":{\"@id\":\"https:\\\/\\\/www.aclanester56.com\\\/velo\\\/2eme-manche-trophee-regional-a-plessala-double-lanesterien-en-juniors-balannec-2eme-en-espoirs\\\/#primaryimage\"},\"image\":{\"@id\":\"https:\\\/\\\/www.aclanester56.com\\\/velo\\\/2eme-manche-trophee-regional-a-plessala-double-lanesterien-en-juniors-balannec-2eme-en-espoirs\\\/#primaryimage\"},\"thumbnailUrl\":\"https:\\\/\\\/www.aclanester56.com\\\/velo\\\/wp-content\\\/uploads\\\/2010\\\/12\\\/Flavian-LE-GUELLEC.jpg\",\"datePublished\":\"2010-12-19T17:57:29+00:00\",\"dateModified\":\"2010-12-20T09:34:17+00:00\",\"inLanguage\":\"fr-FR\",\"potentialAction\":[{\"@type\":\"ReadAction\",\"target\":[\"https:\\\/\\\/www.aclanester56.com\\\/velo\\\/2eme-manche-trophee-regional-a-plessala-double-lanesterien-en-juniors-balannec-2eme-en-espoirs\\\/\"]}]},{\"@type\":\"ImageObject\",\"inLanguage\":\"fr-FR\",\"@id\":\"https:\\\/\\\/www.aclanester56.com\\\/velo\\\/2eme-manche-trophee-regional-a-plessala-double-lanesterien-en-juniors-balannec-2eme-en-espoirs\\\/#primaryimage\",\"url\":\"https:\\\/\\\/www.aclanester56.com\\\/velo\\\/wp-content\\\/uploads\\\/2010\\\/12\\\/Flavian-LE-GUELLEC.jpg\",\"contentUrl\":\"https:\\\/\\\/www.aclanester56.com\\\/velo\\\/wp-content\\\/uploads\\\/2010\\\/12\\\/Flavian-LE-GUELLEC.jpg\",\"width\":720,\"height\":478,\"caption\":\"Flavian esp\u00e8re r\u00e9ussir le championnat de Bretagne, avant de pr\u00e9parer son principal objectif, le championnat de France de Lanarvily (photo archives Julien BERRE)\"},{\"@type\":\"WebSite\",\"@id\":\"https:\\\/\\\/www.aclanester56.com\\\/velo\\\/#website\",\"url\":\"https:\\\/\\\/www.aclanester56.com\\\/velo\\\/\",\"name\":\"Avenir Cycliste Lanester 56\",\"description\":\"Club cycliste de l&#039;AC LANESTER 56\",\"publisher\":{\"@id\":\"https:\\\/\\\/www.aclanester56.com\\\/velo\\\/#organization\"},\"potentialAction\":[{\"@type\":\"SearchAction\",\"target\":{\"@type\":\"EntryPoint\",\"urlTemplate\":\"https:\\\/\\\/www.aclanester56.com\\\/velo\\\/?s={search_term_string}\"},\"query-input\":{\"@type\":\"PropertyValueSpecification\",\"valueRequired\":true,\"valueName\":\"search_term_string\"}}],\"inLanguage\":\"fr-FR\"},{\"@type\":\"Organization\",\"@id\":\"https:\\\/\\\/www.aclanester56.com\\\/velo\\\/#organization\",\"name\":\"Avenir Cycliste Lanester 56\",\"url\":\"https:\\\/\\\/www.aclanester56.com\\\/velo\\\/\",\"logo\":{\"@type\":\"ImageObject\",\"inLanguage\":\"fr-FR\",\"@id\":\"https:\\\/\\\/www.aclanester56.com\\\/velo\\\/#\\\/schema\\\/logo\\\/image\\\/\",\"url\":\"https:\\\/\\\/www.aclanester56.com\\\/velo\\\/wp-content\\\/uploads\\\/2013\\\/04\\\/logo-ACL.jpg\",\"contentUrl\":\"https:\\\/\\\/www.aclanester56.com\\\/velo\\\/wp-content\\\/uploads\\\/2013\\\/04\\\/logo-ACL.jpg\",\"width\":400,\"height\":334,\"caption\":\"Avenir Cycliste Lanester 56\"},\"image\":{\"@id\":\"https:\\\/\\\/www.aclanester56.com\\\/velo\\\/#\\\/schema\\\/logo\\\/image\\\/\"},\"sameAs\":[\"https:\\\/\\\/www.facebook.com\\\/pages\\\/AC-Lanester-56\\\/190286300991242?fref=ts\"]},{\"@type\":\"Person\",\"@id\":\"https:\\\/\\\/www.aclanester56.com\\\/velo\\\/#\\\/schema\\\/person\\\/ca2a44a5fd969e9dd846c72d3b33bc01\",\"name\":\"Jean-Christophe\",\"url\":\"https:\\\/\\\/www.aclanester56.com\\\/velo\\\/author\\\/jeanchristophe\\\/\"}]}<\/script>\n<!-- \/ Yoast SEO plugin. -->","yoast_head_json":{"title":"2\u00e8me manche Troph\u00e9e R\u00e9gional \u00e0 Plessala : Doubl\u00e9 lanest\u00e9rien en juniors, BALANNEC 2\u00e8me en espoirs - Avenir Cycliste Lanester 56","robots":{"index":"index","follow":"follow","max-snippet":"max-snippet:-1","max-image-preview":"max-image-preview:large","max-video-preview":"max-video-preview:-1"},"canonical":"https:\/\/www.aclanester56.com\/velo\/2eme-manche-trophee-regional-a-plessala-double-lanesterien-en-juniors-balannec-2eme-en-espoirs\/","og_locale":"fr_FR","og_type":"article","og_title":"2\u00e8me manche Troph\u00e9e R\u00e9gional \u00e0 Plessala : Doubl\u00e9 lanest\u00e9rien en juniors, BALANNEC 2\u00e8me en espoirs - Avenir Cycliste Lanester 56","og_description":"Apr\u00e8s la premi\u00e8re manche du Troph\u00e9e R\u00e9gional de cyclo-cross qui s&rsquo;\u00e9tait d\u00e9roul\u00e9e \u00e0 Kerlouan au mois d&rsquo;octobre, les Lanest\u00e9riens avaient [&hellip;]","og_url":"https:\/\/www.aclanester56.com\/velo\/2eme-manche-trophee-regional-a-plessala-double-lanesterien-en-juniors-balannec-2eme-en-espoirs\/","og_site_name":"Avenir Cycliste Lanester 56","article_publisher":"https:\/\/www.facebook.com\/pages\/AC-Lanester-56\/190286300991242?fref=ts","article_published_time":"2010-12-19T17:57:29+00:00","article_modified_time":"2010-12-20T09:34:17+00:00","og_image":[{"width":720,"height":478,"url":"https:\/\/www.aclanester56.com\/velo\/wp-content\/uploads\/2010\/12\/Flavian-LE-GUELLEC.jpg","type":"image\/jpeg"}],"author":"Jean-Christophe","twitter_misc":{"\u00c9crit par":"Jean-Christophe","Dur\u00e9e de lecture estim\u00e9e":"2 minutes"},"schema":{"@context":"https:\/\/schema.org","@graph":[{"@type":"Article","@id":"https:\/\/www.aclanester56.com\/velo\/2eme-manche-trophee-regional-a-plessala-double-lanesterien-en-juniors-balannec-2eme-en-espoirs\/#article","isPartOf":{"@id":"https:\/\/www.aclanester56.com\/velo\/2eme-manche-trophee-regional-a-plessala-double-lanesterien-en-juniors-balannec-2eme-en-espoirs\/"},"author":{"name":"Jean-Christophe","@id":"https:\/\/www.aclanester56.com\/velo\/#\/schema\/person\/ca2a44a5fd969e9dd846c72d3b33bc01"},"headline":"2\u00e8me manche Troph\u00e9e R\u00e9gional \u00e0 Plessala : Doubl\u00e9 lanest\u00e9rien en juniors, BALANNEC 2\u00e8me en espoirs","datePublished":"2010-12-19T17:57:29+00:00","dateModified":"2010-12-20T09:34:17+00:00","mainEntityOfPage":{"@id":"https:\/\/www.aclanester56.com\/velo\/2eme-manche-trophee-regional-a-plessala-double-lanesterien-en-juniors-balannec-2eme-en-espoirs\/"},"wordCount":470,"commentCount":0,"publisher":{"@id":"https:\/\/www.aclanester56.com\/velo\/#organization"},"image":{"@id":"https:\/\/www.aclanester56.com\/velo\/2eme-manche-trophee-regional-a-plessala-double-lanesterien-en-juniors-balannec-2eme-en-espoirs\/#primaryimage"},"thumbnailUrl":"https:\/\/www.aclanester56.com\/velo\/wp-content\/uploads\/2010\/12\/Flavian-LE-GUELLEC.jpg","articleSection":["AC LANESTER 56","R\u00e9sultats Cyclo-Cross","R\u00e9sultats Juniors"],"inLanguage":"fr-FR","potentialAction":[{"@type":"CommentAction","name":"Comment","target":["https:\/\/www.aclanester56.com\/velo\/2eme-manche-trophee-regional-a-plessala-double-lanesterien-en-juniors-balannec-2eme-en-espoirs\/#respond"]}]},{"@type":"WebPage","@id":"https:\/\/www.aclanester56.com\/velo\/2eme-manche-trophee-regional-a-plessala-double-lanesterien-en-juniors-balannec-2eme-en-espoirs\/","url":"https:\/\/www.aclanester56.com\/velo\/2eme-manche-trophee-regional-a-plessala-double-lanesterien-en-juniors-balannec-2eme-en-espoirs\/","name":"2\u00e8me manche Troph\u00e9e R\u00e9gional \u00e0 Plessala : Doubl\u00e9 lanest\u00e9rien en juniors, BALANNEC 2\u00e8me en espoirs - Avenir Cycliste Lanester 56","isPartOf":{"@id":"https:\/\/www.aclanester56.com\/velo\/#website"},"primaryImageOfPage":{"@id":"https:\/\/www.aclanester56.com\/velo\/2eme-manche-trophee-regional-a-plessala-double-lanesterien-en-juniors-balannec-2eme-en-espoirs\/#primaryimage"},"image":{"@id":"https:\/\/www.aclanester56.com\/velo\/2eme-manche-trophee-regional-a-plessala-double-lanesterien-en-juniors-balannec-2eme-en-espoirs\/#primaryimage"},"thumbnailUrl":"https:\/\/www.aclanester56.com\/velo\/wp-content\/uploads\/2010\/12\/Flavian-LE-GUELLEC.jpg","datePublished":"2010-12-19T17:57:29+00:00","dateModified":"2010-12-20T09:34:17+00:00","inLanguage":"fr-FR","potentialAction":[{"@type":"ReadAction","target":["https:\/\/www.aclanester56.com\/velo\/2eme-manche-trophee-regional-a-plessala-double-lanesterien-en-juniors-balannec-2eme-en-espoirs\/"]}]},{"@type":"ImageObject","inLanguage":"fr-FR","@id":"https:\/\/www.aclanester56.com\/velo\/2eme-manche-trophee-regional-a-plessala-double-lanesterien-en-juniors-balannec-2eme-en-espoirs\/#primaryimage","url":"https:\/\/www.aclanester56.com\/velo\/wp-content\/uploads\/2010\/12\/Flavian-LE-GUELLEC.jpg","contentUrl":"https:\/\/www.aclanester56.com\/velo\/wp-content\/uploads\/2010\/12\/Flavian-LE-GUELLEC.jpg","width":720,"height":478,"caption":"Flavian esp\u00e8re r\u00e9ussir le championnat de Bretagne, avant de pr\u00e9parer son principal objectif, le championnat de France de Lanarvily (photo archives Julien BERRE)"},{"@type":"WebSite","@id":"https:\/\/www.aclanester56.com\/velo\/#website","url":"https:\/\/www.aclanester56.com\/velo\/","name":"Avenir Cycliste Lanester 56","description":"Club cycliste de l&#039;AC LANESTER 56","publisher":{"@id":"https:\/\/www.aclanester56.com\/velo\/#organization"},"potentialAction":[{"@type":"SearchAction","target":{"@type":"EntryPoint","urlTemplate":"https:\/\/www.aclanester56.com\/velo\/?s={search_term_string}"},"query-input":{"@type":"PropertyValueSpecification","valueRequired":true,"valueName":"search_term_string"}}],"inLanguage":"fr-FR"},{"@type":"Organization","@id":"https:\/\/www.aclanester56.com\/velo\/#organization","name":"Avenir Cycliste Lanester 56","url":"https:\/\/www.aclanester56.com\/velo\/","logo":{"@type":"ImageObject","inLanguage":"fr-FR","@id":"https:\/\/www.aclanester56.com\/velo\/#\/schema\/logo\/image\/","url":"https:\/\/www.aclanester56.com\/velo\/wp-content\/uploads\/2013\/04\/logo-ACL.jpg","contentUrl":"https:\/\/www.aclanester56.com\/velo\/wp-content\/uploads\/2013\/04\/logo-ACL.jpg","width":400,"height":334,"caption":"Avenir Cycliste Lanester 56"},"image":{"@id":"https:\/\/www.aclanester56.com\/velo\/#\/schema\/logo\/image\/"},"sameAs":["https:\/\/www.facebook.com\/pages\/AC-Lanester-56\/190286300991242?fref=ts"]},{"@type":"Person","@id":"https:\/\/www.aclanester56.com\/velo\/#\/schema\/person\/ca2a44a5fd969e9dd846c72d3b33bc01","name":"Jean-Christophe","url":"https:\/\/www.aclanester56.com\/velo\/author\/jeanchristophe\/"}]}},"_links":{"self":[{"href":"https:\/\/www.aclanester56.com\/velo\/wp-json\/wp\/v2\/posts\/5736","targetHints":{"allow":["GET"]}}],"collection":[{"href":"https:\/\/www.aclanester56.com\/velo\/wp-json\/wp\/v2\/posts"}],"about":[{"href":"https:\/\/www.aclanester56.com\/velo\/wp-json\/wp\/v2\/types\/post"}],"author":[{"embeddable":true,"href":"https:\/\/www.aclanester56.com\/velo\/wp-json\/wp\/v2\/users\/14"}],"replies":[{"embeddable":true,"href":"https:\/\/www.aclanester56.com\/velo\/wp-json\/wp\/v2\/comments?post=5736"}],"version-history":[{"count":0,"href":"https:\/\/www.aclanester56.com\/velo\/wp-json\/wp\/v2\/posts\/5736\/revisions"}],"wp:featuredmedia":[{"embeddable":true,"href":"https:\/\/www.aclanester56.com\/velo\/wp-json\/wp\/v2\/media\/5476"}],"wp:attachment":[{"href":"https:\/\/www.aclanester56.com\/velo\/wp-json\/wp\/v2\/media?parent=5736"}],"wp:term":[{"taxonomy":"category","embeddable":true,"href":"https:\/\/www.aclanester56.com\/velo\/wp-json\/wp\/v2\/categories?post=5736"},{"taxonomy":"post_tag","embeddable":true,"href":"https:\/\/www.aclanester56.com\/velo\/wp-json\/wp\/v2\/tags?post=5736"}],"curies":[{"name":"wp","href":"https:\/\/api.w.org\/{rel}","templated":true}]}}