{"id":5776,"date":"2010-12-23T22:08:17","date_gmt":"2010-12-23T21:08:17","guid":{"rendered":"http:\/\/www.aclanester56.com\/velo\/?p=5776"},"modified":"2010-12-23T22:09:44","modified_gmt":"2010-12-23T21:09:44","slug":"aurelien-daniel-en-haut-de-laffiche","status":"publish","type":"post","link":"https:\/\/www.aclanester56.com\/velo\/aurelien-daniel-en-haut-de-laffiche\/","title":{"rendered":"Aur\u00e9lien DANIEL en haut de l&rsquo;affiche !"},"content":{"rendered":"<div id=\"attachment_5777\" style=\"width: 221px\" class=\"wp-caption alignleft\"><a href=\"http:\/\/www.aclanester56.com\/velo\/wp-content\/uploads\/2010\/12\/affiche-422x600.png\"><img loading=\"lazy\" decoding=\"async\" aria-describedby=\"caption-attachment-5777\" class=\"size-large wp-image-5777\" title=\"Affiche de la finale du Troph\u00e9e R\u00e9gional de cyclo-cross \u00e0 La M\u00e9zi\u00e8re\" src=\"http:\/\/www.aclanester56.com\/velo\/wp-content\/uploads\/2010\/12\/affiche-422x600.png\" alt=\"\" width=\"211\" height=\"300\" srcset=\"https:\/\/www.aclanester56.com\/velo\/wp-content\/uploads\/2010\/12\/affiche-422x600.png 422w, https:\/\/www.aclanester56.com\/velo\/wp-content\/uploads\/2010\/12\/affiche-211x300.png 211w, https:\/\/www.aclanester56.com\/velo\/wp-content\/uploads\/2010\/12\/affiche.png 451w\" sizes=\"auto, (max-width: 211px) 100vw, 211px\" \/><\/a><p id=\"caption-attachment-5777\" class=\"wp-caption-text\">Affiche de la finale du Troph\u00e9e R\u00e9gional de cyclo-cross \u00e0 La M\u00e9zi\u00e8re<\/p><\/div>\n<p style=\"text-align: justify;\">Le cyclo-crossman lanest\u00e9rien Aur\u00e9lien DANIEL figure sur la superbe affiche annon\u00e7ant la troisi\u00e8me et derni\u00e8re manche du Troph\u00e9e R\u00e9gional Cr\u00e9dit Agricole qui aura lieu \u00e0 La M\u00e9zi\u00e8re (35).<\/p>\n<p><br class=\"spacer_\" \/><\/p>\n<p><!--more--><\/p>\n<p><br class=\"spacer_\" \/><\/p>\n<p style=\"text-align: justify;\">Organis\u00e9 par Nicolas LEBRETON et son \u00e9quipe d\u00e9j\u00e0 bien\u00a0rod\u00e9e\u00a0avec le Val d&rsquo;Ille U Classic, ce cyclo-cross se d\u00e9roulera le 23 janvier prochain \u00e0 quelques kilom\u00e8tres de Rennes et apportera son soutien \u00e0 la lutte contre la spondylarthrite ankylosante. Le soci\u00e9taire de l&rsquo;AC LANESTER 56 Aur\u00e9lien DANIEL appara\u00eet en premier plan sur cette tr\u00e8s belle affiche, et on peut \u00e9galement y apercevoir notre professionnel Matthieu BOULO !<\/p>\n<p><br class=\"spacer_\" \/><\/p>\n","protected":false},"excerpt":{"rendered":"<p>Le cyclo-crossman lanest\u00e9rien Aur\u00e9lien DANIEL figure sur la superbe affiche annon\u00e7ant la troisi\u00e8me et derni\u00e8re manche du Troph\u00e9e R\u00e9gional Cr\u00e9dit [&hellip;]<\/p>\n","protected":false},"author":14,"featured_media":5777,"comment_status":"open","ping_status":"closed","sticky":false,"template":"","format":"standard","meta":{"ngg_post_thumbnail":0,"footnotes":""},"categories":[5,28],"tags":[],"class_list":["post-5776","post","type-post","status-publish","format-standard","has-post-thumbnail","hentry","category-ac-lanester-56","category-resultats-cyclo-cross"],"yoast_head":"<!-- This site is optimized with the Yoast SEO plugin v27.5 - https:\/\/yoast.com\/product\/yoast-seo-wordpress\/ -->\n<title>Aur\u00e9lien DANIEL en haut de l&#039;affiche ! - Avenir Cycliste Lanester 56<\/title>\n<meta name=\"robots\" content=\"index, follow, max-snippet:-1, max-image-preview:large, max-video-preview:-1\" \/>\n<link rel=\"canonical\" href=\"https:\/\/www.aclanester56.com\/velo\/aurelien-daniel-en-haut-de-laffiche\/\" \/>\n<meta property=\"og:locale\" content=\"fr_FR\" \/>\n<meta property=\"og:type\" content=\"article\" \/>\n<meta property=\"og:title\" content=\"Aur\u00e9lien DANIEL en haut de l&#039;affiche ! - Avenir Cycliste Lanester 56\" \/>\n<meta property=\"og:description\" content=\"Le cyclo-crossman lanest\u00e9rien Aur\u00e9lien DANIEL figure sur la superbe affiche annon\u00e7ant la troisi\u00e8me et derni\u00e8re manche du Troph\u00e9e R\u00e9gional Cr\u00e9dit [&hellip;]\" \/>\n<meta property=\"og:url\" content=\"https:\/\/www.aclanester56.com\/velo\/aurelien-daniel-en-haut-de-laffiche\/\" \/>\n<meta property=\"og:site_name\" content=\"Avenir Cycliste Lanester 56\" \/>\n<meta property=\"article:publisher\" content=\"https:\/\/www.facebook.com\/pages\/AC-Lanester-56\/190286300991242?fref=ts\" \/>\n<meta property=\"article:published_time\" content=\"2010-12-23T21:08:17+00:00\" \/>\n<meta property=\"article:modified_time\" content=\"2010-12-23T21:09:44+00:00\" \/>\n<meta property=\"og:image\" content=\"https:\/\/www.aclanester56.com\/velo\/wp-content\/uploads\/2010\/12\/affiche.png\" \/>\n\t<meta property=\"og:image:width\" content=\"451\" \/>\n\t<meta property=\"og:image:height\" content=\"640\" \/>\n\t<meta property=\"og:image:type\" content=\"image\/png\" \/>\n<meta name=\"author\" content=\"Jean-Christophe\" \/>\n<meta name=\"twitter:label1\" content=\"\u00c9crit par\" \/>\n\t<meta name=\"twitter:data1\" content=\"Jean-Christophe\" \/>\n\t<meta name=\"twitter:label2\" content=\"Dur\u00e9e de lecture estim\u00e9e\" \/>\n\t<meta name=\"twitter:data2\" content=\"1 minute\" \/>\n<script type=\"application\/ld+json\" class=\"yoast-schema-graph\">{\"@context\":\"https:\\\/\\\/schema.org\",\"@graph\":[{\"@type\":\"Article\",\"@id\":\"https:\\\/\\\/www.aclanester56.com\\\/velo\\\/aurelien-daniel-en-haut-de-laffiche\\\/#article\",\"isPartOf\":{\"@id\":\"https:\\\/\\\/www.aclanester56.com\\\/velo\\\/aurelien-daniel-en-haut-de-laffiche\\\/\"},\"author\":{\"name\":\"Jean-Christophe\",\"@id\":\"https:\\\/\\\/www.aclanester56.com\\\/velo\\\/#\\\/schema\\\/person\\\/ca2a44a5fd969e9dd846c72d3b33bc01\"},\"headline\":\"Aur\u00e9lien DANIEL en haut de l&rsquo;affiche !\",\"datePublished\":\"2010-12-23T21:08:17+00:00\",\"dateModified\":\"2010-12-23T21:09:44+00:00\",\"mainEntityOfPage\":{\"@id\":\"https:\\\/\\\/www.aclanester56.com\\\/velo\\\/aurelien-daniel-en-haut-de-laffiche\\\/\"},\"wordCount\":137,\"commentCount\":0,\"publisher\":{\"@id\":\"https:\\\/\\\/www.aclanester56.com\\\/velo\\\/#organization\"},\"image\":{\"@id\":\"https:\\\/\\\/www.aclanester56.com\\\/velo\\\/aurelien-daniel-en-haut-de-laffiche\\\/#primaryimage\"},\"thumbnailUrl\":\"https:\\\/\\\/www.aclanester56.com\\\/velo\\\/wp-content\\\/uploads\\\/2010\\\/12\\\/affiche.png\",\"articleSection\":[\"AC LANESTER 56\",\"R\u00e9sultats Cyclo-Cross\"],\"inLanguage\":\"fr-FR\",\"potentialAction\":[{\"@type\":\"CommentAction\",\"name\":\"Comment\",\"target\":[\"https:\\\/\\\/www.aclanester56.com\\\/velo\\\/aurelien-daniel-en-haut-de-laffiche\\\/#respond\"]}]},{\"@type\":\"WebPage\",\"@id\":\"https:\\\/\\\/www.aclanester56.com\\\/velo\\\/aurelien-daniel-en-haut-de-laffiche\\\/\",\"url\":\"https:\\\/\\\/www.aclanester56.com\\\/velo\\\/aurelien-daniel-en-haut-de-laffiche\\\/\",\"name\":\"Aur\u00e9lien DANIEL en haut de l'affiche ! - Avenir Cycliste Lanester 56\",\"isPartOf\":{\"@id\":\"https:\\\/\\\/www.aclanester56.com\\\/velo\\\/#website\"},\"primaryImageOfPage\":{\"@id\":\"https:\\\/\\\/www.aclanester56.com\\\/velo\\\/aurelien-daniel-en-haut-de-laffiche\\\/#primaryimage\"},\"image\":{\"@id\":\"https:\\\/\\\/www.aclanester56.com\\\/velo\\\/aurelien-daniel-en-haut-de-laffiche\\\/#primaryimage\"},\"thumbnailUrl\":\"https:\\\/\\\/www.aclanester56.com\\\/velo\\\/wp-content\\\/uploads\\\/2010\\\/12\\\/affiche.png\",\"datePublished\":\"2010-12-23T21:08:17+00:00\",\"dateModified\":\"2010-12-23T21:09:44+00:00\",\"inLanguage\":\"fr-FR\",\"potentialAction\":[{\"@type\":\"ReadAction\",\"target\":[\"https:\\\/\\\/www.aclanester56.com\\\/velo\\\/aurelien-daniel-en-haut-de-laffiche\\\/\"]}]},{\"@type\":\"ImageObject\",\"inLanguage\":\"fr-FR\",\"@id\":\"https:\\\/\\\/www.aclanester56.com\\\/velo\\\/aurelien-daniel-en-haut-de-laffiche\\\/#primaryimage\",\"url\":\"https:\\\/\\\/www.aclanester56.com\\\/velo\\\/wp-content\\\/uploads\\\/2010\\\/12\\\/affiche.png\",\"contentUrl\":\"https:\\\/\\\/www.aclanester56.com\\\/velo\\\/wp-content\\\/uploads\\\/2010\\\/12\\\/affiche.png\",\"width\":451,\"height\":640,\"caption\":\"Affiche de la finale du Troph\u00e9e R\u00e9gional de cyclo-cross \u00e0 La M\u00e9zi\u00e8re\"},{\"@type\":\"WebSite\",\"@id\":\"https:\\\/\\\/www.aclanester56.com\\\/velo\\\/#website\",\"url\":\"https:\\\/\\\/www.aclanester56.com\\\/velo\\\/\",\"name\":\"Avenir Cycliste Lanester 56\",\"description\":\"Club cycliste de l&#039;AC LANESTER 56\",\"publisher\":{\"@id\":\"https:\\\/\\\/www.aclanester56.com\\\/velo\\\/#organization\"},\"potentialAction\":[{\"@type\":\"SearchAction\",\"target\":{\"@type\":\"EntryPoint\",\"urlTemplate\":\"https:\\\/\\\/www.aclanester56.com\\\/velo\\\/?s={search_term_string}\"},\"query-input\":{\"@type\":\"PropertyValueSpecification\",\"valueRequired\":true,\"valueName\":\"search_term_string\"}}],\"inLanguage\":\"fr-FR\"},{\"@type\":\"Organization\",\"@id\":\"https:\\\/\\\/www.aclanester56.com\\\/velo\\\/#organization\",\"name\":\"Avenir Cycliste Lanester 56\",\"url\":\"https:\\\/\\\/www.aclanester56.com\\\/velo\\\/\",\"logo\":{\"@type\":\"ImageObject\",\"inLanguage\":\"fr-FR\",\"@id\":\"https:\\\/\\\/www.aclanester56.com\\\/velo\\\/#\\\/schema\\\/logo\\\/image\\\/\",\"url\":\"https:\\\/\\\/www.aclanester56.com\\\/velo\\\/wp-content\\\/uploads\\\/2013\\\/04\\\/logo-ACL.jpg\",\"contentUrl\":\"https:\\\/\\\/www.aclanester56.com\\\/velo\\\/wp-content\\\/uploads\\\/2013\\\/04\\\/logo-ACL.jpg\",\"width\":400,\"height\":334,\"caption\":\"Avenir Cycliste Lanester 56\"},\"image\":{\"@id\":\"https:\\\/\\\/www.aclanester56.com\\\/velo\\\/#\\\/schema\\\/logo\\\/image\\\/\"},\"sameAs\":[\"https:\\\/\\\/www.facebook.com\\\/pages\\\/AC-Lanester-56\\\/190286300991242?fref=ts\"]},{\"@type\":\"Person\",\"@id\":\"https:\\\/\\\/www.aclanester56.com\\\/velo\\\/#\\\/schema\\\/person\\\/ca2a44a5fd969e9dd846c72d3b33bc01\",\"name\":\"Jean-Christophe\",\"url\":\"https:\\\/\\\/www.aclanester56.com\\\/velo\\\/author\\\/jeanchristophe\\\/\"}]}<\/script>\n<!-- \/ Yoast SEO plugin. -->","yoast_head_json":{"title":"Aur\u00e9lien DANIEL en haut de l'affiche ! - Avenir Cycliste Lanester 56","robots":{"index":"index","follow":"follow","max-snippet":"max-snippet:-1","max-image-preview":"max-image-preview:large","max-video-preview":"max-video-preview:-1"},"canonical":"https:\/\/www.aclanester56.com\/velo\/aurelien-daniel-en-haut-de-laffiche\/","og_locale":"fr_FR","og_type":"article","og_title":"Aur\u00e9lien DANIEL en haut de l'affiche ! - Avenir Cycliste Lanester 56","og_description":"Le cyclo-crossman lanest\u00e9rien Aur\u00e9lien DANIEL figure sur la superbe affiche annon\u00e7ant la troisi\u00e8me et derni\u00e8re manche du Troph\u00e9e R\u00e9gional Cr\u00e9dit [&hellip;]","og_url":"https:\/\/www.aclanester56.com\/velo\/aurelien-daniel-en-haut-de-laffiche\/","og_site_name":"Avenir Cycliste Lanester 56","article_publisher":"https:\/\/www.facebook.com\/pages\/AC-Lanester-56\/190286300991242?fref=ts","article_published_time":"2010-12-23T21:08:17+00:00","article_modified_time":"2010-12-23T21:09:44+00:00","og_image":[{"width":451,"height":640,"url":"https:\/\/www.aclanester56.com\/velo\/wp-content\/uploads\/2010\/12\/affiche.png","type":"image\/png"}],"author":"Jean-Christophe","twitter_misc":{"\u00c9crit par":"Jean-Christophe","Dur\u00e9e de lecture estim\u00e9e":"1 minute"},"schema":{"@context":"https:\/\/schema.org","@graph":[{"@type":"Article","@id":"https:\/\/www.aclanester56.com\/velo\/aurelien-daniel-en-haut-de-laffiche\/#article","isPartOf":{"@id":"https:\/\/www.aclanester56.com\/velo\/aurelien-daniel-en-haut-de-laffiche\/"},"author":{"name":"Jean-Christophe","@id":"https:\/\/www.aclanester56.com\/velo\/#\/schema\/person\/ca2a44a5fd969e9dd846c72d3b33bc01"},"headline":"Aur\u00e9lien DANIEL en haut de l&rsquo;affiche !","datePublished":"2010-12-23T21:08:17+00:00","dateModified":"2010-12-23T21:09:44+00:00","mainEntityOfPage":{"@id":"https:\/\/www.aclanester56.com\/velo\/aurelien-daniel-en-haut-de-laffiche\/"},"wordCount":137,"commentCount":0,"publisher":{"@id":"https:\/\/www.aclanester56.com\/velo\/#organization"},"image":{"@id":"https:\/\/www.aclanester56.com\/velo\/aurelien-daniel-en-haut-de-laffiche\/#primaryimage"},"thumbnailUrl":"https:\/\/www.aclanester56.com\/velo\/wp-content\/uploads\/2010\/12\/affiche.png","articleSection":["AC LANESTER 56","R\u00e9sultats Cyclo-Cross"],"inLanguage":"fr-FR","potentialAction":[{"@type":"CommentAction","name":"Comment","target":["https:\/\/www.aclanester56.com\/velo\/aurelien-daniel-en-haut-de-laffiche\/#respond"]}]},{"@type":"WebPage","@id":"https:\/\/www.aclanester56.com\/velo\/aurelien-daniel-en-haut-de-laffiche\/","url":"https:\/\/www.aclanester56.com\/velo\/aurelien-daniel-en-haut-de-laffiche\/","name":"Aur\u00e9lien DANIEL en haut de l'affiche ! - Avenir Cycliste Lanester 56","isPartOf":{"@id":"https:\/\/www.aclanester56.com\/velo\/#website"},"primaryImageOfPage":{"@id":"https:\/\/www.aclanester56.com\/velo\/aurelien-daniel-en-haut-de-laffiche\/#primaryimage"},"image":{"@id":"https:\/\/www.aclanester56.com\/velo\/aurelien-daniel-en-haut-de-laffiche\/#primaryimage"},"thumbnailUrl":"https:\/\/www.aclanester56.com\/velo\/wp-content\/uploads\/2010\/12\/affiche.png","datePublished":"2010-12-23T21:08:17+00:00","dateModified":"2010-12-23T21:09:44+00:00","inLanguage":"fr-FR","potentialAction":[{"@type":"ReadAction","target":["https:\/\/www.aclanester56.com\/velo\/aurelien-daniel-en-haut-de-laffiche\/"]}]},{"@type":"ImageObject","inLanguage":"fr-FR","@id":"https:\/\/www.aclanester56.com\/velo\/aurelien-daniel-en-haut-de-laffiche\/#primaryimage","url":"https:\/\/www.aclanester56.com\/velo\/wp-content\/uploads\/2010\/12\/affiche.png","contentUrl":"https:\/\/www.aclanester56.com\/velo\/wp-content\/uploads\/2010\/12\/affiche.png","width":451,"height":640,"caption":"Affiche de la finale du Troph\u00e9e R\u00e9gional de cyclo-cross \u00e0 La M\u00e9zi\u00e8re"},{"@type":"WebSite","@id":"https:\/\/www.aclanester56.com\/velo\/#website","url":"https:\/\/www.aclanester56.com\/velo\/","name":"Avenir Cycliste Lanester 56","description":"Club cycliste de l&#039;AC LANESTER 56","publisher":{"@id":"https:\/\/www.aclanester56.com\/velo\/#organization"},"potentialAction":[{"@type":"SearchAction","target":{"@type":"EntryPoint","urlTemplate":"https:\/\/www.aclanester56.com\/velo\/?s={search_term_string}"},"query-input":{"@type":"PropertyValueSpecification","valueRequired":true,"valueName":"search_term_string"}}],"inLanguage":"fr-FR"},{"@type":"Organization","@id":"https:\/\/www.aclanester56.com\/velo\/#organization","name":"Avenir Cycliste Lanester 56","url":"https:\/\/www.aclanester56.com\/velo\/","logo":{"@type":"ImageObject","inLanguage":"fr-FR","@id":"https:\/\/www.aclanester56.com\/velo\/#\/schema\/logo\/image\/","url":"https:\/\/www.aclanester56.com\/velo\/wp-content\/uploads\/2013\/04\/logo-ACL.jpg","contentUrl":"https:\/\/www.aclanester56.com\/velo\/wp-content\/uploads\/2013\/04\/logo-ACL.jpg","width":400,"height":334,"caption":"Avenir Cycliste Lanester 56"},"image":{"@id":"https:\/\/www.aclanester56.com\/velo\/#\/schema\/logo\/image\/"},"sameAs":["https:\/\/www.facebook.com\/pages\/AC-Lanester-56\/190286300991242?fref=ts"]},{"@type":"Person","@id":"https:\/\/www.aclanester56.com\/velo\/#\/schema\/person\/ca2a44a5fd969e9dd846c72d3b33bc01","name":"Jean-Christophe","url":"https:\/\/www.aclanester56.com\/velo\/author\/jeanchristophe\/"}]}},"_links":{"self":[{"href":"https:\/\/www.aclanester56.com\/velo\/wp-json\/wp\/v2\/posts\/5776","targetHints":{"allow":["GET"]}}],"collection":[{"href":"https:\/\/www.aclanester56.com\/velo\/wp-json\/wp\/v2\/posts"}],"about":[{"href":"https:\/\/www.aclanester56.com\/velo\/wp-json\/wp\/v2\/types\/post"}],"author":[{"embeddable":true,"href":"https:\/\/www.aclanester56.com\/velo\/wp-json\/wp\/v2\/users\/14"}],"replies":[{"embeddable":true,"href":"https:\/\/www.aclanester56.com\/velo\/wp-json\/wp\/v2\/comments?post=5776"}],"version-history":[{"count":0,"href":"https:\/\/www.aclanester56.com\/velo\/wp-json\/wp\/v2\/posts\/5776\/revisions"}],"wp:featuredmedia":[{"embeddable":true,"href":"https:\/\/www.aclanester56.com\/velo\/wp-json\/wp\/v2\/media\/5777"}],"wp:attachment":[{"href":"https:\/\/www.aclanester56.com\/velo\/wp-json\/wp\/v2\/media?parent=5776"}],"wp:term":[{"taxonomy":"category","embeddable":true,"href":"https:\/\/www.aclanester56.com\/velo\/wp-json\/wp\/v2\/categories?post=5776"},{"taxonomy":"post_tag","embeddable":true,"href":"https:\/\/www.aclanester56.com\/velo\/wp-json\/wp\/v2\/tags?post=5776"}],"curies":[{"name":"wp","href":"https:\/\/api.w.org\/{rel}","templated":true}]}}