{"id":5791,"date":"2010-12-26T23:23:01","date_gmt":"2010-12-26T22:23:01","guid":{"rendered":"http:\/\/www.aclanester56.com\/velo\/?p=5791"},"modified":"2010-12-27T11:08:43","modified_gmt":"2010-12-27T10:08:43","slug":"cyclo-cross-national-de-camors-florian-le-corre-et-les-lanesteriens-brillent","status":"publish","type":"post","link":"https:\/\/www.aclanester56.com\/velo\/cyclo-cross-national-de-camors-florian-le-corre-et-les-lanesteriens-brillent\/","title":{"rendered":"Cyclo-cross national de Camors : Florian LE CORRE et les Lanest\u00e9riens brillent"},"content":{"rendered":"<div id=\"attachment_5802\" style=\"width: 221px\" class=\"wp-caption alignleft\"><a href=\"http:\/\/www.aclanester56.com\/velo\/wp-content\/uploads\/2010\/12\/victoire-LE-CORRE-Camors.jpg\"><img loading=\"lazy\" decoding=\"async\" aria-describedby=\"caption-attachment-5802\" class=\"size-full wp-image-5802\" title=\"Superbe succ\u00e8s sur le circuit du Petit Bois \u00e0 Camors pour le Lanest\u00e9rien Florian LE CORRE (photo www.bretagne-cyclisme.com)\" src=\"http:\/\/www.aclanester56.com\/velo\/wp-content\/uploads\/2010\/12\/victoire-LE-CORRE-Camors.jpg\" alt=\"\" width=\"211\" height=\"300\" srcset=\"https:\/\/www.aclanester56.com\/velo\/wp-content\/uploads\/2010\/12\/victoire-LE-CORRE-Camors.jpg 423w, https:\/\/www.aclanester56.com\/velo\/wp-content\/uploads\/2010\/12\/victoire-LE-CORRE-Camors-211x300.jpg 211w\" sizes=\"auto, (max-width: 211px) 100vw, 211px\" \/><\/a><p id=\"caption-attachment-5802\" class=\"wp-caption-text\">Superbe succ\u00e8s sur le circuit du Petit Bois \u00e0 Camors pour le Lanest\u00e9rien Florian LE CORRE (photo www.bretagne-cyclisme.com)<\/p><\/div>\n<p style=\"text-align: justify;\">Le soci\u00e9taire de l&rsquo;AC LANESTER 56 Florian LE CORRE a remport\u00e9 aujourd&rsquo;hui le cyclo-cross national de Camors (56). Christophe BALANNEC et Aur\u00e9lien DANIEL prennent les deux premi\u00e8res places du classement des espoirs, tandis que le champion de Bretagne Flavian LE GUELLEC monte sur la troisi\u00e8me marche du podium chez les juniors.<\/p>\n<p><br class=\"spacer_\" \/><\/p>\n<p><br class=\"spacer_\" \/><\/p>\n<p><br class=\"spacer_\" \/><\/p>\n<p><br class=\"spacer_\" \/><\/p>\n<p><!--more--><\/p>\n<div id=\"attachment_5816\" style=\"width: 187px\" class=\"wp-caption alignright\"><a href=\"http:\/\/www.aclanester56.com\/velo\/wp-content\/uploads\/2010\/12\/Flavian-LE-GUELLEC-21-355x600.jpg\" ><img loading=\"lazy\" decoding=\"async\" aria-describedby=\"caption-attachment-5816\" src=\"http:\/\/www.aclanester56.com\/velo\/wp-content\/uploads\/2010\/12\/Flavian-LE-GUELLEC-21-355x600.jpg\" alt=\"\" title=\"Le champion de Bretagne Flavian LE GUELLEC doit s&#039;incliner face aux Lig\u00e9riens \u00e0 Camors (photo Camille NICOL)\" width=\"177\" height=\"300\" class=\"size-large wp-image-5816\" srcset=\"https:\/\/www.aclanester56.com\/velo\/wp-content\/uploads\/2010\/12\/Flavian-LE-GUELLEC-21-355x600.jpg 355w, https:\/\/www.aclanester56.com\/velo\/wp-content\/uploads\/2010\/12\/Flavian-LE-GUELLEC-21-177x300.jpg 177w\" sizes=\"auto, (max-width: 177px) 100vw, 177px\" \/><\/a><p id=\"caption-attachment-5816\" class=\"wp-caption-text\">Le champion de Bretagne Flavian LE GUELLEC doit s'incliner face aux Lig\u00e9riens \u00e0 Camors dans l'\u00e9preuve des juniors (photo Camille NICOL)<\/p><\/div>\n<p><br class=\"spacer_\" \/><\/p>\n<p><br class=\"spacer_\" \/><\/p>\n<p><br class=\"spacer_\" \/><\/p>\n<p><br class=\"spacer_\" \/><\/p>\n<p><br class=\"spacer_\" \/><\/p>\n<p><strong><span style=\"color: #ff6600;\">Juniors : un sacr\u00e9 podium !<\/span><\/strong><\/p>\n<p><br class=\"spacer_\" \/><\/p>\n<p style=\"text-align: justify;\">A l&rsquo;issue d&rsquo;une superbe \u00e9preuve disput\u00e9e dans un froid glacial, l&rsquo;Evronnais Justin MOTTIER devance au sprint le Nantais Kevin LEDANOIS et le Lanest\u00e9rien Flavian LE GUELLEC, qui portait pour la premi\u00e8re fois aujourd&rsquo;hui son beau maillot de champion de Bretagne. Ces trois coureurs \u00e9taient rentr\u00e9s dans le top 10 de la finale du challenge national \u00e0 St Jean de Monts disput\u00e9e il y a quelques semaines &#8230; Cela permet de deviner la qualit\u00e9 du spectacle offert ! Le Lanest\u00e9rien Antoine COZ r\u00e9alise une bonne performance \u00e9galement en terminant au pied du podium.<\/p>\n<p><br class=\"spacer_\" \/><\/p>\n<div id=\"attachment_5817\" style=\"width: 238px\" class=\"wp-caption alignleft\"><a href=\"http:\/\/www.aclanester56.com\/velo\/wp-content\/uploads\/2010\/12\/Christophe-BALANNEC-21-457x600.jpg\" ><img loading=\"lazy\" decoding=\"async\" aria-describedby=\"caption-attachment-5817\" src=\"http:\/\/www.aclanester56.com\/velo\/wp-content\/uploads\/2010\/12\/Christophe-BALANNEC-21-457x600.jpg\" alt=\"\" title=\"Les Lanest\u00e9riens Christophe BALANNEC et Aur\u00e9lien DANIEL, lanc\u00e9s dans une folle poursuite vers l&#039;avant ! (photo Camille NICOL)\" width=\"228\" height=\"300\" class=\"size-large wp-image-5817\" srcset=\"https:\/\/www.aclanester56.com\/velo\/wp-content\/uploads\/2010\/12\/Christophe-BALANNEC-21-457x600.jpg 457w, https:\/\/www.aclanester56.com\/velo\/wp-content\/uploads\/2010\/12\/Christophe-BALANNEC-21-228x300.jpg 228w, https:\/\/www.aclanester56.com\/velo\/wp-content\/uploads\/2010\/12\/Christophe-BALANNEC-21.jpg 549w\" sizes=\"auto, (max-width: 228px) 100vw, 228px\" \/><\/a><p id=\"caption-attachment-5817\" class=\"wp-caption-text\">Les Lanest\u00e9riens Christophe BALANNEC et Aur\u00e9lien DANIEL, lanc\u00e9s dans une folle poursuite vers l'avant ! (photo Camille NICOL)<\/p><\/div>\n<p style=\"text-align: justify;\"><strong><span style=\"color: #ff6600;\">Elites &amp; espoirs : DANIEL et BALANNEC reviennent de loin <\/span><\/strong><\/p>\n<p><br class=\"spacer_\" \/><\/p>\n<p style=\"text-align: justify;\">Les coureurs de cat\u00e9gorie espoir participaient \u00e0 l&rsquo;\u00e9preuve \u00e9lites pour une heure de course. Les nombreux coureurs professionnels pr\u00e9sents ont \u00e9t\u00e9 plac\u00e9s dans les premi\u00e8res lignes au d\u00e9part. En sachant que tr\u00e8s peu d&rsquo;entre eux \u00e9taient amen\u00e9s \u00e0 peser sur la course, cela a oblig\u00e9 d&rsquo;autres coureurs ayant un r\u00f4le \u00e0 jouer \u00e0 accomplir un gros effort pour revenir dans le sillage des hommes de t\u00eate &#8230; Quand on connait l&rsquo;importance du d\u00e9part en cyclo-cross, ce n&rsquo;est pas peu dire que le Lanest\u00e9rien Christophe BALANNEC a montr\u00e9 de remarquables dispositions. 25\u00e8me apr\u00e8s le premier virage, il r\u00e9ussit \u00e0 remonter, au prix d&rsquo;un \u00e9norme effort, en 6\u00e8me position, avec son co\u00e9quipier Aur\u00e9lien DANIEL dans la roue. Parti en premi\u00e8re ligne, leur principal rival pour la victoire dans le classement des espoirs, le champion de Bretagne Miguel FILLAUT,\u00a0figure alors en 3\u00e8me position.<\/p>\n<div id=\"attachment_5818\" style=\"width: 221px\" class=\"wp-caption alignright\"><a href=\"http:\/\/www.aclanester56.com\/velo\/wp-content\/uploads\/2010\/12\/Florian-LE-CORRE2-423x600.jpg\" ><img loading=\"lazy\" decoding=\"async\" aria-describedby=\"caption-attachment-5818\" src=\"http:\/\/www.aclanester56.com\/velo\/wp-content\/uploads\/2010\/12\/Florian-LE-CORRE2-423x600.jpg\" alt=\"\" title=\"Florian LE CORRE s&#039;est rapidement isol\u00e9 en t\u00eate avec LE QUEAU, dont il va disposer dans le final (photo Camille NICOL)\" width=\"211\" height=\"300\" class=\"size-large wp-image-5818\" srcset=\"https:\/\/www.aclanester56.com\/velo\/wp-content\/uploads\/2010\/12\/Florian-LE-CORRE2-423x600.jpg 423w, https:\/\/www.aclanester56.com\/velo\/wp-content\/uploads\/2010\/12\/Florian-LE-CORRE2-211x300.jpg 211w, https:\/\/www.aclanester56.com\/velo\/wp-content\/uploads\/2010\/12\/Florian-LE-CORRE2.jpg 508w\" sizes=\"auto, (max-width: 211px) 100vw, 211px\" \/><\/a><p id=\"caption-attachment-5818\" class=\"wp-caption-text\">Florian LE CORRE s'est rapidement isol\u00e9 en t\u00eate avec LE QUEAU, dont il va disposer dans le final (photo Camille NICOL)<\/p><\/div>\n<p><br class=\"spacer_\" \/><\/p>\n<p style=\"text-align: justify;\"><span style=\"color: #ff6600;\"><strong>LE CORRE \u00ab\u00a0d\u00e9roule\u00a0\u00bb, les espoirs lanest\u00e9riens s\u00e9duisent<\/strong><\/span><\/p>\n<p><br class=\"spacer_\" \/><\/p>\n<p style=\"text-align: justify;\">D\u00e8s le deuxi\u00e8me tour, Florian LE CORRE (AC LANESTER 56), grand favori de l&rsquo;\u00e9preuve, et Yann LE QUEAU (LEUCEMIE ESPOIRS QUIMPER) se d\u00e9tachent. Derri\u00e8re, cinq coureurs sont en lice pour la troisi\u00e8me place : Boris CHEVEAU (MONTRICHARD CYCLISME), Yoann CORBIHAN (UCP PLOUAY), Miguel FILLAUT (ASPTT RENNES), Aur\u00e9lien DANIEL et Christophe BALANNEC (AC LANESTER 56). \u00a0A la mi-course, CORBIHAN parvient \u00e0 prendre quelques longueurs \u00e0 ses compagnons et semble se diriger tout droit vers une place sur le podium. Mais Aur\u00e9lien DANIEL ne l&rsquo;entend pas de cette oreille et lance la chasse avec son co\u00e9quipier Christophe BALANNEC. Les deux Lanest\u00e9riens parviennent \u00e0 distancer le champion de Bretagne espoirs FILLAUT et \u00e0 revenir sur CORBIHAN \u00e0 deux tours de la fin. Ce dernier va replacer une nouvelle acc\u00e9l\u00e9ration qui sera fatale \u00e0 DANIEL, BALANNEC continuant \u00e0 s&rsquo;accrocher.<\/p>\n<p><br class=\"spacer_\" \/><\/p>\n<div id=\"attachment_5819\" style=\"width: 370px\" class=\"wp-caption alignleft\"><a href=\"http:\/\/www.aclanester56.com\/velo\/wp-content\/uploads\/2010\/12\/Podium-elites-espoirs.jpg\" ><img loading=\"lazy\" decoding=\"async\" aria-describedby=\"caption-attachment-5819\" src=\"http:\/\/www.aclanester56.com\/velo\/wp-content\/uploads\/2010\/12\/Podium-elites-espoirs.jpg\" alt=\"\" title=\"Podium \u00e9lites &amp; espoirs : victoire lanest\u00e9rienne en \u00e9lites, doubl\u00e9 lanest\u00e9rien en espoirs ! (photo Camille NICOL)\" width=\"360\" height=\"216\" class=\"size-full wp-image-5819\" srcset=\"https:\/\/www.aclanester56.com\/velo\/wp-content\/uploads\/2010\/12\/Podium-elites-espoirs.jpg 720w, https:\/\/www.aclanester56.com\/velo\/wp-content\/uploads\/2010\/12\/Podium-elites-espoirs-300x180.jpg 300w\" sizes=\"auto, (max-width: 360px) 100vw, 360px\" \/><\/a><p id=\"caption-attachment-5819\" class=\"wp-caption-text\">Podium \u00e9lites & espoirs : victoire lanest\u00e9rienne en \u00e9lites, doubl\u00e9 lanest\u00e9rien en espoirs ! (photo Camille NICOL)<\/p><\/div>\n<p><br class=\"spacer_\" \/><\/p>\n<p><br class=\"spacer_\" \/><\/p>\n<p><span style=\"color: #ff6600;\"><strong>Trois coureurs lanest\u00e9riens dans le top 5 !<\/strong><\/span><\/p>\n<p><br class=\"spacer_\" \/><\/p>\n<p style=\"text-align: justify;\">Devant, le\u00a0Lanest\u00e9rien Florian LE CORRE distance un tr\u00e8s bon LE QUEAU et s&rsquo;envole vers un nouveau succ\u00e8s de prestige sur le circuit du Petit Bois \u00e0 Camors. Yoann CORBIHAN prend la troisi\u00e8me place. Christophe BALANNEC termine quatri\u00e8me mais surtout premier espoir du jour ! Il devance de 13&Prime; son co\u00e9quipier Aur\u00e9lien DANIEL, 5\u00e8me du jour, qui assure un doubl\u00e9 lanest\u00e9rien dans le classement espoir !<\/p>\n<p><br class=\"spacer_\" \/><\/p>\n<div id=\"attachment_5820\" style=\"width: 209px\" class=\"wp-caption alignright\"><a href=\"http:\/\/www.aclanester56.com\/velo\/wp-content\/uploads\/2010\/12\/Antoine-COZ-2-398x600.jpg\" ><img loading=\"lazy\" decoding=\"async\" aria-describedby=\"caption-attachment-5820\" src=\"http:\/\/www.aclanester56.com\/velo\/wp-content\/uploads\/2010\/12\/Antoine-COZ-2-398x600.jpg\" alt=\"\" title=\"Antoine COZ et ses co\u00e9quipiers peaufinent leur condition en vue du championnat de France qui se d\u00e9roulera d\u00e9but janvier (photo Camille NICOL)\" width=\"199\" height=\"300\" class=\"size-large wp-image-5820\" srcset=\"https:\/\/www.aclanester56.com\/velo\/wp-content\/uploads\/2010\/12\/Antoine-COZ-2-398x600.jpg 398w, https:\/\/www.aclanester56.com\/velo\/wp-content\/uploads\/2010\/12\/Antoine-COZ-2-199x300.jpg 199w, https:\/\/www.aclanester56.com\/velo\/wp-content\/uploads\/2010\/12\/Antoine-COZ-2.jpg 478w\" sizes=\"auto, (max-width: 199px) 100vw, 199px\" \/><\/a><p id=\"caption-attachment-5820\" class=\"wp-caption-text\">Antoine COZ et ses co\u00e9quipiers peaufinent leur condition en vue du championnat de France qui se d\u00e9roulera d\u00e9but janvier (photo Camille NICOL)<\/p><\/div>\n<p><strong><span style=\"color: #ff6600;\">Lanarvily dans le viseur !<\/span><\/strong><\/p>\n<p><br class=\"spacer_\" \/><\/p>\n<p style=\"text-align: justify;\">La prestation du jour des coureurs du TEAM CYCLO-CROSS AVENIR est int\u00e9ressante en vue des championnats de France de cyclo-cross qui se d\u00e9rouleront les 8 et 9 janvier prochains \u00e0 Lanarvily, dans le Finist\u00e8re. On se rappelle qu&rsquo;ils nous avaient tous confi\u00e9 quelques jours avant le championnat de Bretagne que leur principal objectif \u00e9tait justement ce championnat de France de <a href=\"http:\/\/maps.google.fr\/maps?f=q&amp;source=s_q&amp;hl=fr&amp;geocode=&amp;q=Lanarvily&amp;sll=51.024121,5.31189&amp;sspn=0.602058,1.234589&amp;ie=UTF8&amp;hq=&amp;hnear=Lanarvily,+Finist%C3%A8re,+Bretagne&amp;ll=48.551387,-4.388008&amp;spn=0.158401,0.308647&amp;z=12\" target=\"_blank\">Lanarvily<\/a>. Leur bon comportement montre \u00e9galement qu&rsquo;ils ont su ne pas se livrer \u00e0 trop d&rsquo;exc\u00e8s pendant le r\u00e9veillon de No\u00ebl, une p\u00e9riode qui n&rsquo;est pas \u00e9vidente \u00e0 g\u00e9rer pour les cyclo-crossmen qui \u00ab\u00a0font le m\u00e9tier\u00a0\u00bb et qui ne peuvent abuser all\u00e8grement, comme n&rsquo;importe quel quidam,\u00a0de dinde bien sauc\u00e9e, de fois gras ou autres plats succulents certes, mais qui ne sont pas forc\u00e9ment indiqu\u00e9s en pleine saison !<\/p>\n<p><br class=\"spacer_\" \/><\/p>\n<p><strong><span style=\"color: #ff6600;\">En outre &#8230;<\/span><\/strong><\/p>\n<p><br class=\"spacer_\" \/><\/p>\n<p style=\"text-align: justify;\">\u00ab\u00a0Notre\u00a0\u00bb professionnel Matthieu BOULO participait aujourd&rsquo;hui \u00e9galement \u00e0 la 3\u00e8me manche de la Coupe du Monde espoirs de cyclo-cross \u00e0 <a href=\"http:\/\/maps.google.fr\/maps?f=q&amp;source=s_q&amp;hl=fr&amp;geocode=&amp;q=zolder+belgique&amp;sll=46.75984,1.738281&amp;sspn=10.492949,19.753418&amp;ie=UTF8&amp;hq=&amp;hnear=Zolder,+Limbourg,+Flemish+Region,+Belgique&amp;ll=51.024121,5.31189&amp;spn=0.602058,1.234589&amp;z=10\" target=\"_blank\">Zolder, en Belgique<\/a>, sous les couleurs de l&rsquo;\u00e9quipe de France. Il r\u00e9alise une superbe performance en montant sur la troisi\u00e8me marche du podium, conc\u00e9dant seulement neuf secondes au Belge BOSMAN \u00a0et au Hollandais EISING !<\/p>\n<p><br class=\"spacer_\" \/><\/p>\n<div id=\"attachment_5821\" style=\"width: 370px\" class=\"wp-caption alignleft\"><a href=\"http:\/\/www.aclanester56.com\/velo\/wp-content\/uploads\/2010\/12\/Podium-juniors.jpg\" ><img loading=\"lazy\" decoding=\"async\" aria-describedby=\"caption-attachment-5821\" src=\"http:\/\/www.aclanester56.com\/velo\/wp-content\/uploads\/2010\/12\/Podium-juniors.jpg\" alt=\"\" title=\"Podium des juniors (photo Camille NICOL)\" width=\"360\" height=\"239\" class=\"size-full wp-image-5821\" srcset=\"https:\/\/www.aclanester56.com\/velo\/wp-content\/uploads\/2010\/12\/Podium-juniors.jpg 720w, https:\/\/www.aclanester56.com\/velo\/wp-content\/uploads\/2010\/12\/Podium-juniors-300x199.jpg 300w\" sizes=\"auto, (max-width: 360px) 100vw, 360px\" \/><\/a><p id=\"caption-attachment-5821\" class=\"wp-caption-text\">Podium des juniors (photo Camille NICOL)<\/p><\/div>\n<p><strong><span style=\"text-decoration: underline;\">Classement juniors :<\/span><\/strong><br \/>\n 1 MOTTIER Justin\u00a0(CA EVRON)<br \/>\n 2 LEDANOIS K\u00e9vin\u00a0(UC NANTES ATLANTIQUE)<br \/>\n <span style=\"background-color: #ff6600;\">3 LE GUELLEC Flavian\u00a0(AC LANESTER 56)<br \/>\n 4 COZ Antoine\u00a0(AC LANESTER 56)<br \/>\n <\/span>5 JAN Antoine\u00a0(UCP PLOUAY)<br \/>\n 6 PIRIOU Vincent\u00a0(CC CONCARNEAU)<br \/>\n 7 DURAND Dimitri\u00a0(UC NANTES ATLANTIQUE)<br \/>\n 8 GENDRON Mathieu\u00a0(UC QUIMPERLOISE)<br \/>\n 9 CORBIHAN Christophe\u00a0(UCP PLOUAY)<br \/>\n 10 TERROM Marc\u00a0(UC GUIPAVASIENE)<\/p>\n<p><br class=\"spacer_\" \/><\/p>\n<p><br class=\"spacer_\" \/><\/p>\n<p><br class=\"spacer_\" \/><\/p>\n<p><br class=\"spacer_\" \/><\/p>\n<div id=\"attachment_5822\" style=\"width: 370px\" class=\"wp-caption alignright\"><a href=\"http:\/\/www.aclanester56.com\/velo\/wp-content\/uploads\/2010\/12\/Podium-elites.jpg\" ><img loading=\"lazy\" decoding=\"async\" aria-describedby=\"caption-attachment-5822\" src=\"http:\/\/www.aclanester56.com\/velo\/wp-content\/uploads\/2010\/12\/Podium-elites.jpg\" alt=\"\" title=\"Podium des \u00e9lites (photo Camille NICOL)\" width=\"360\" height=\"239\" class=\"size-full wp-image-5822\" srcset=\"https:\/\/www.aclanester56.com\/velo\/wp-content\/uploads\/2010\/12\/Podium-elites.jpg 720w, https:\/\/www.aclanester56.com\/velo\/wp-content\/uploads\/2010\/12\/Podium-elites-300x199.jpg 300w\" sizes=\"auto, (max-width: 360px) 100vw, 360px\" \/><\/a><p id=\"caption-attachment-5822\" class=\"wp-caption-text\">Podium des \u00e9lites (photo Camille NICOL)<\/p><\/div>\n<p><span style=\"text-decoration: underline;\"><strong>Classement \u00e9lites &amp; espoirs :<\/strong><\/span><br \/>\n <span style=\"background-color: #ff6600;\">1 LE CORRE Florian (AC LANESTER 56) en 54&rsquo;57<br \/>\n <\/span>2\u00a0LE QUEAU Yann (LEUCEMIE ESPOIRS QUIMPER) \u00e0 42\u00a0\u00bb<br \/>\n 3\u00a0\u00a0CORBIHAN Yoann (UCP PLOUAY) \u00e0 53\u00a0\u00bb<br \/>\n <span style=\"background-color: #ff6600;\">4\u00a0\u00a0BALANNEC Christophe (AC LANESTER 56) 1er espoir \u00e0 1&rsquo;06<br \/>\n 5\u00a0\u00a0DANIEL Aur\u00e9lien (AC LANESTER 56) 2\u00e8me espoir \u00e0 1&rsquo;19<br \/>\n <\/span>6\u00a0\u00a0CHAUVEAU Boris (MONTRICHARD CYCLISME) \u00e0 1&rsquo;44<br \/>\n 7\u00a0\u00a0LE BOUEDEC Christophe (EC QUEVEN) mt<br \/>\n 8\u00a0\u00a0LE NAOUR S\u00e9bastien (VS QUIMPER) mt<br \/>\n 9\u00a0\u00a0FILLAUT Miguel (ASPTT RENNES) 3\u00e8me espoir \u00e0 2&rsquo;01<br \/>\n 10\u00a0\u00a0\u00a0LE QUEAU Glenn (LEUCEMIE ESPOIRS QUIMPER) 4\u00e8me espoir \u00e0 2&rsquo;18<\/p>\n<p><br class=\"spacer_\" \/><\/p>\n","protected":false},"excerpt":{"rendered":"<p>Le soci\u00e9taire de l&rsquo;AC LANESTER 56 Florian LE CORRE a remport\u00e9 aujourd&rsquo;hui le cyclo-cross national de Camors (56). Christophe BALANNEC [&hellip;]<\/p>\n","protected":false},"author":14,"featured_media":5802,"comment_status":"open","ping_status":"closed","sticky":false,"template":"","format":"standard","meta":{"ngg_post_thumbnail":0,"footnotes":""},"categories":[5,28],"tags":[],"class_list":["post-5791","post","type-post","status-publish","format-standard","has-post-thumbnail","hentry","category-ac-lanester-56","category-resultats-cyclo-cross"],"yoast_head":"<!-- This site is optimized with the Yoast SEO plugin v27.5 - https:\/\/yoast.com\/product\/yoast-seo-wordpress\/ -->\n<title>Cyclo-cross national de Camors : Florian LE CORRE et les Lanest\u00e9riens brillent - Avenir Cycliste Lanester 56<\/title>\n<meta name=\"robots\" content=\"index, follow, max-snippet:-1, max-image-preview:large, max-video-preview:-1\" \/>\n<link rel=\"canonical\" href=\"https:\/\/www.aclanester56.com\/velo\/cyclo-cross-national-de-camors-florian-le-corre-et-les-lanesteriens-brillent\/\" \/>\n<meta property=\"og:locale\" content=\"fr_FR\" \/>\n<meta property=\"og:type\" content=\"article\" \/>\n<meta property=\"og:title\" content=\"Cyclo-cross national de Camors : Florian LE CORRE et les Lanest\u00e9riens brillent - Avenir Cycliste Lanester 56\" \/>\n<meta property=\"og:description\" content=\"Le soci\u00e9taire de l&rsquo;AC LANESTER 56 Florian LE CORRE a remport\u00e9 aujourd&rsquo;hui le cyclo-cross national de Camors (56). Christophe BALANNEC [&hellip;]\" \/>\n<meta property=\"og:url\" content=\"https:\/\/www.aclanester56.com\/velo\/cyclo-cross-national-de-camors-florian-le-corre-et-les-lanesteriens-brillent\/\" \/>\n<meta property=\"og:site_name\" content=\"Avenir Cycliste Lanester 56\" \/>\n<meta property=\"article:publisher\" content=\"https:\/\/www.facebook.com\/pages\/AC-Lanester-56\/190286300991242?fref=ts\" \/>\n<meta property=\"article:published_time\" content=\"2010-12-26T22:23:01+00:00\" \/>\n<meta property=\"article:modified_time\" content=\"2010-12-27T10:08:43+00:00\" \/>\n<meta property=\"og:image\" content=\"https:\/\/www.aclanester56.com\/velo\/wp-content\/uploads\/2010\/12\/victoire-LE-CORRE-Camors.jpg\" \/>\n\t<meta property=\"og:image:width\" content=\"423\" \/>\n\t<meta property=\"og:image:height\" content=\"600\" \/>\n\t<meta property=\"og:image:type\" content=\"image\/jpeg\" \/>\n<meta name=\"author\" content=\"Jean-Christophe\" \/>\n<meta name=\"twitter:label1\" content=\"\u00c9crit par\" \/>\n\t<meta name=\"twitter:data1\" content=\"Jean-Christophe\" \/>\n\t<meta name=\"twitter:label2\" content=\"Dur\u00e9e de lecture estim\u00e9e\" \/>\n\t<meta name=\"twitter:data2\" content=\"5 minutes\" \/>\n<script type=\"application\/ld+json\" class=\"yoast-schema-graph\">{\"@context\":\"https:\\\/\\\/schema.org\",\"@graph\":[{\"@type\":\"Article\",\"@id\":\"https:\\\/\\\/www.aclanester56.com\\\/velo\\\/cyclo-cross-national-de-camors-florian-le-corre-et-les-lanesteriens-brillent\\\/#article\",\"isPartOf\":{\"@id\":\"https:\\\/\\\/www.aclanester56.com\\\/velo\\\/cyclo-cross-national-de-camors-florian-le-corre-et-les-lanesteriens-brillent\\\/\"},\"author\":{\"name\":\"Jean-Christophe\",\"@id\":\"https:\\\/\\\/www.aclanester56.com\\\/velo\\\/#\\\/schema\\\/person\\\/ca2a44a5fd969e9dd846c72d3b33bc01\"},\"headline\":\"Cyclo-cross national de Camors : Florian LE CORRE et les Lanest\u00e9riens brillent\",\"datePublished\":\"2010-12-26T22:23:01+00:00\",\"dateModified\":\"2010-12-27T10:08:43+00:00\",\"mainEntityOfPage\":{\"@id\":\"https:\\\/\\\/www.aclanester56.com\\\/velo\\\/cyclo-cross-national-de-camors-florian-le-corre-et-les-lanesteriens-brillent\\\/\"},\"wordCount\":1070,\"commentCount\":0,\"publisher\":{\"@id\":\"https:\\\/\\\/www.aclanester56.com\\\/velo\\\/#organization\"},\"image\":{\"@id\":\"https:\\\/\\\/www.aclanester56.com\\\/velo\\\/cyclo-cross-national-de-camors-florian-le-corre-et-les-lanesteriens-brillent\\\/#primaryimage\"},\"thumbnailUrl\":\"https:\\\/\\\/www.aclanester56.com\\\/velo\\\/wp-content\\\/uploads\\\/2010\\\/12\\\/victoire-LE-CORRE-Camors.jpg\",\"articleSection\":[\"AC LANESTER 56\",\"R\u00e9sultats Cyclo-Cross\"],\"inLanguage\":\"fr-FR\",\"potentialAction\":[{\"@type\":\"CommentAction\",\"name\":\"Comment\",\"target\":[\"https:\\\/\\\/www.aclanester56.com\\\/velo\\\/cyclo-cross-national-de-camors-florian-le-corre-et-les-lanesteriens-brillent\\\/#respond\"]}]},{\"@type\":\"WebPage\",\"@id\":\"https:\\\/\\\/www.aclanester56.com\\\/velo\\\/cyclo-cross-national-de-camors-florian-le-corre-et-les-lanesteriens-brillent\\\/\",\"url\":\"https:\\\/\\\/www.aclanester56.com\\\/velo\\\/cyclo-cross-national-de-camors-florian-le-corre-et-les-lanesteriens-brillent\\\/\",\"name\":\"Cyclo-cross national de Camors : Florian LE CORRE et les Lanest\u00e9riens brillent - Avenir Cycliste Lanester 56\",\"isPartOf\":{\"@id\":\"https:\\\/\\\/www.aclanester56.com\\\/velo\\\/#website\"},\"primaryImageOfPage\":{\"@id\":\"https:\\\/\\\/www.aclanester56.com\\\/velo\\\/cyclo-cross-national-de-camors-florian-le-corre-et-les-lanesteriens-brillent\\\/#primaryimage\"},\"image\":{\"@id\":\"https:\\\/\\\/www.aclanester56.com\\\/velo\\\/cyclo-cross-national-de-camors-florian-le-corre-et-les-lanesteriens-brillent\\\/#primaryimage\"},\"thumbnailUrl\":\"https:\\\/\\\/www.aclanester56.com\\\/velo\\\/wp-content\\\/uploads\\\/2010\\\/12\\\/victoire-LE-CORRE-Camors.jpg\",\"datePublished\":\"2010-12-26T22:23:01+00:00\",\"dateModified\":\"2010-12-27T10:08:43+00:00\",\"inLanguage\":\"fr-FR\",\"potentialAction\":[{\"@type\":\"ReadAction\",\"target\":[\"https:\\\/\\\/www.aclanester56.com\\\/velo\\\/cyclo-cross-national-de-camors-florian-le-corre-et-les-lanesteriens-brillent\\\/\"]}]},{\"@type\":\"ImageObject\",\"inLanguage\":\"fr-FR\",\"@id\":\"https:\\\/\\\/www.aclanester56.com\\\/velo\\\/cyclo-cross-national-de-camors-florian-le-corre-et-les-lanesteriens-brillent\\\/#primaryimage\",\"url\":\"https:\\\/\\\/www.aclanester56.com\\\/velo\\\/wp-content\\\/uploads\\\/2010\\\/12\\\/victoire-LE-CORRE-Camors.jpg\",\"contentUrl\":\"https:\\\/\\\/www.aclanester56.com\\\/velo\\\/wp-content\\\/uploads\\\/2010\\\/12\\\/victoire-LE-CORRE-Camors.jpg\",\"width\":423,\"height\":600,\"caption\":\"Superbe succ\u00e8s sur le circuit du Petit Bois \u00e0 Camors pour le Lanest\u00e9rien Florian LE CORRE (photo www.bretagne-cyclisme.com)\"},{\"@type\":\"WebSite\",\"@id\":\"https:\\\/\\\/www.aclanester56.com\\\/velo\\\/#website\",\"url\":\"https:\\\/\\\/www.aclanester56.com\\\/velo\\\/\",\"name\":\"Avenir Cycliste Lanester 56\",\"description\":\"Club cycliste de l&#039;AC LANESTER 56\",\"publisher\":{\"@id\":\"https:\\\/\\\/www.aclanester56.com\\\/velo\\\/#organization\"},\"potentialAction\":[{\"@type\":\"SearchAction\",\"target\":{\"@type\":\"EntryPoint\",\"urlTemplate\":\"https:\\\/\\\/www.aclanester56.com\\\/velo\\\/?s={search_term_string}\"},\"query-input\":{\"@type\":\"PropertyValueSpecification\",\"valueRequired\":true,\"valueName\":\"search_term_string\"}}],\"inLanguage\":\"fr-FR\"},{\"@type\":\"Organization\",\"@id\":\"https:\\\/\\\/www.aclanester56.com\\\/velo\\\/#organization\",\"name\":\"Avenir Cycliste Lanester 56\",\"url\":\"https:\\\/\\\/www.aclanester56.com\\\/velo\\\/\",\"logo\":{\"@type\":\"ImageObject\",\"inLanguage\":\"fr-FR\",\"@id\":\"https:\\\/\\\/www.aclanester56.com\\\/velo\\\/#\\\/schema\\\/logo\\\/image\\\/\",\"url\":\"https:\\\/\\\/www.aclanester56.com\\\/velo\\\/wp-content\\\/uploads\\\/2013\\\/04\\\/logo-ACL.jpg\",\"contentUrl\":\"https:\\\/\\\/www.aclanester56.com\\\/velo\\\/wp-content\\\/uploads\\\/2013\\\/04\\\/logo-ACL.jpg\",\"width\":400,\"height\":334,\"caption\":\"Avenir Cycliste Lanester 56\"},\"image\":{\"@id\":\"https:\\\/\\\/www.aclanester56.com\\\/velo\\\/#\\\/schema\\\/logo\\\/image\\\/\"},\"sameAs\":[\"https:\\\/\\\/www.facebook.com\\\/pages\\\/AC-Lanester-56\\\/190286300991242?fref=ts\"]},{\"@type\":\"Person\",\"@id\":\"https:\\\/\\\/www.aclanester56.com\\\/velo\\\/#\\\/schema\\\/person\\\/ca2a44a5fd969e9dd846c72d3b33bc01\",\"name\":\"Jean-Christophe\",\"url\":\"https:\\\/\\\/www.aclanester56.com\\\/velo\\\/author\\\/jeanchristophe\\\/\"}]}<\/script>\n<!-- \/ Yoast SEO plugin. -->","yoast_head_json":{"title":"Cyclo-cross national de Camors : Florian LE CORRE et les Lanest\u00e9riens brillent - Avenir Cycliste Lanester 56","robots":{"index":"index","follow":"follow","max-snippet":"max-snippet:-1","max-image-preview":"max-image-preview:large","max-video-preview":"max-video-preview:-1"},"canonical":"https:\/\/www.aclanester56.com\/velo\/cyclo-cross-national-de-camors-florian-le-corre-et-les-lanesteriens-brillent\/","og_locale":"fr_FR","og_type":"article","og_title":"Cyclo-cross national de Camors : Florian LE CORRE et les Lanest\u00e9riens brillent - Avenir Cycliste Lanester 56","og_description":"Le soci\u00e9taire de l&rsquo;AC LANESTER 56 Florian LE CORRE a remport\u00e9 aujourd&rsquo;hui le cyclo-cross national de Camors (56). Christophe BALANNEC [&hellip;]","og_url":"https:\/\/www.aclanester56.com\/velo\/cyclo-cross-national-de-camors-florian-le-corre-et-les-lanesteriens-brillent\/","og_site_name":"Avenir Cycliste Lanester 56","article_publisher":"https:\/\/www.facebook.com\/pages\/AC-Lanester-56\/190286300991242?fref=ts","article_published_time":"2010-12-26T22:23:01+00:00","article_modified_time":"2010-12-27T10:08:43+00:00","og_image":[{"width":423,"height":600,"url":"https:\/\/www.aclanester56.com\/velo\/wp-content\/uploads\/2010\/12\/victoire-LE-CORRE-Camors.jpg","type":"image\/jpeg"}],"author":"Jean-Christophe","twitter_misc":{"\u00c9crit par":"Jean-Christophe","Dur\u00e9e de lecture estim\u00e9e":"5 minutes"},"schema":{"@context":"https:\/\/schema.org","@graph":[{"@type":"Article","@id":"https:\/\/www.aclanester56.com\/velo\/cyclo-cross-national-de-camors-florian-le-corre-et-les-lanesteriens-brillent\/#article","isPartOf":{"@id":"https:\/\/www.aclanester56.com\/velo\/cyclo-cross-national-de-camors-florian-le-corre-et-les-lanesteriens-brillent\/"},"author":{"name":"Jean-Christophe","@id":"https:\/\/www.aclanester56.com\/velo\/#\/schema\/person\/ca2a44a5fd969e9dd846c72d3b33bc01"},"headline":"Cyclo-cross national de Camors : Florian LE CORRE et les Lanest\u00e9riens brillent","datePublished":"2010-12-26T22:23:01+00:00","dateModified":"2010-12-27T10:08:43+00:00","mainEntityOfPage":{"@id":"https:\/\/www.aclanester56.com\/velo\/cyclo-cross-national-de-camors-florian-le-corre-et-les-lanesteriens-brillent\/"},"wordCount":1070,"commentCount":0,"publisher":{"@id":"https:\/\/www.aclanester56.com\/velo\/#organization"},"image":{"@id":"https:\/\/www.aclanester56.com\/velo\/cyclo-cross-national-de-camors-florian-le-corre-et-les-lanesteriens-brillent\/#primaryimage"},"thumbnailUrl":"https:\/\/www.aclanester56.com\/velo\/wp-content\/uploads\/2010\/12\/victoire-LE-CORRE-Camors.jpg","articleSection":["AC LANESTER 56","R\u00e9sultats Cyclo-Cross"],"inLanguage":"fr-FR","potentialAction":[{"@type":"CommentAction","name":"Comment","target":["https:\/\/www.aclanester56.com\/velo\/cyclo-cross-national-de-camors-florian-le-corre-et-les-lanesteriens-brillent\/#respond"]}]},{"@type":"WebPage","@id":"https:\/\/www.aclanester56.com\/velo\/cyclo-cross-national-de-camors-florian-le-corre-et-les-lanesteriens-brillent\/","url":"https:\/\/www.aclanester56.com\/velo\/cyclo-cross-national-de-camors-florian-le-corre-et-les-lanesteriens-brillent\/","name":"Cyclo-cross national de Camors : Florian LE CORRE et les Lanest\u00e9riens brillent - Avenir Cycliste Lanester 56","isPartOf":{"@id":"https:\/\/www.aclanester56.com\/velo\/#website"},"primaryImageOfPage":{"@id":"https:\/\/www.aclanester56.com\/velo\/cyclo-cross-national-de-camors-florian-le-corre-et-les-lanesteriens-brillent\/#primaryimage"},"image":{"@id":"https:\/\/www.aclanester56.com\/velo\/cyclo-cross-national-de-camors-florian-le-corre-et-les-lanesteriens-brillent\/#primaryimage"},"thumbnailUrl":"https:\/\/www.aclanester56.com\/velo\/wp-content\/uploads\/2010\/12\/victoire-LE-CORRE-Camors.jpg","datePublished":"2010-12-26T22:23:01+00:00","dateModified":"2010-12-27T10:08:43+00:00","inLanguage":"fr-FR","potentialAction":[{"@type":"ReadAction","target":["https:\/\/www.aclanester56.com\/velo\/cyclo-cross-national-de-camors-florian-le-corre-et-les-lanesteriens-brillent\/"]}]},{"@type":"ImageObject","inLanguage":"fr-FR","@id":"https:\/\/www.aclanester56.com\/velo\/cyclo-cross-national-de-camors-florian-le-corre-et-les-lanesteriens-brillent\/#primaryimage","url":"https:\/\/www.aclanester56.com\/velo\/wp-content\/uploads\/2010\/12\/victoire-LE-CORRE-Camors.jpg","contentUrl":"https:\/\/www.aclanester56.com\/velo\/wp-content\/uploads\/2010\/12\/victoire-LE-CORRE-Camors.jpg","width":423,"height":600,"caption":"Superbe succ\u00e8s sur le circuit du Petit Bois \u00e0 Camors pour le Lanest\u00e9rien Florian LE CORRE (photo www.bretagne-cyclisme.com)"},{"@type":"WebSite","@id":"https:\/\/www.aclanester56.com\/velo\/#website","url":"https:\/\/www.aclanester56.com\/velo\/","name":"Avenir Cycliste Lanester 56","description":"Club cycliste de l&#039;AC LANESTER 56","publisher":{"@id":"https:\/\/www.aclanester56.com\/velo\/#organization"},"potentialAction":[{"@type":"SearchAction","target":{"@type":"EntryPoint","urlTemplate":"https:\/\/www.aclanester56.com\/velo\/?s={search_term_string}"},"query-input":{"@type":"PropertyValueSpecification","valueRequired":true,"valueName":"search_term_string"}}],"inLanguage":"fr-FR"},{"@type":"Organization","@id":"https:\/\/www.aclanester56.com\/velo\/#organization","name":"Avenir Cycliste Lanester 56","url":"https:\/\/www.aclanester56.com\/velo\/","logo":{"@type":"ImageObject","inLanguage":"fr-FR","@id":"https:\/\/www.aclanester56.com\/velo\/#\/schema\/logo\/image\/","url":"https:\/\/www.aclanester56.com\/velo\/wp-content\/uploads\/2013\/04\/logo-ACL.jpg","contentUrl":"https:\/\/www.aclanester56.com\/velo\/wp-content\/uploads\/2013\/04\/logo-ACL.jpg","width":400,"height":334,"caption":"Avenir Cycliste Lanester 56"},"image":{"@id":"https:\/\/www.aclanester56.com\/velo\/#\/schema\/logo\/image\/"},"sameAs":["https:\/\/www.facebook.com\/pages\/AC-Lanester-56\/190286300991242?fref=ts"]},{"@type":"Person","@id":"https:\/\/www.aclanester56.com\/velo\/#\/schema\/person\/ca2a44a5fd969e9dd846c72d3b33bc01","name":"Jean-Christophe","url":"https:\/\/www.aclanester56.com\/velo\/author\/jeanchristophe\/"}]}},"_links":{"self":[{"href":"https:\/\/www.aclanester56.com\/velo\/wp-json\/wp\/v2\/posts\/5791","targetHints":{"allow":["GET"]}}],"collection":[{"href":"https:\/\/www.aclanester56.com\/velo\/wp-json\/wp\/v2\/posts"}],"about":[{"href":"https:\/\/www.aclanester56.com\/velo\/wp-json\/wp\/v2\/types\/post"}],"author":[{"embeddable":true,"href":"https:\/\/www.aclanester56.com\/velo\/wp-json\/wp\/v2\/users\/14"}],"replies":[{"embeddable":true,"href":"https:\/\/www.aclanester56.com\/velo\/wp-json\/wp\/v2\/comments?post=5791"}],"version-history":[{"count":0,"href":"https:\/\/www.aclanester56.com\/velo\/wp-json\/wp\/v2\/posts\/5791\/revisions"}],"wp:featuredmedia":[{"embeddable":true,"href":"https:\/\/www.aclanester56.com\/velo\/wp-json\/wp\/v2\/media\/5802"}],"wp:attachment":[{"href":"https:\/\/www.aclanester56.com\/velo\/wp-json\/wp\/v2\/media?parent=5791"}],"wp:term":[{"taxonomy":"category","embeddable":true,"href":"https:\/\/www.aclanester56.com\/velo\/wp-json\/wp\/v2\/categories?post=5791"},{"taxonomy":"post_tag","embeddable":true,"href":"https:\/\/www.aclanester56.com\/velo\/wp-json\/wp\/v2\/tags?post=5791"}],"curies":[{"name":"wp","href":"https:\/\/api.w.org\/{rel}","templated":true}]}}